{"id":143014,"date":"2020-05-06T11:47:37","date_gmt":"2020-05-06T09:47:37","guid":{"rendered":"https:\/\/www.intoscana.it\/scoperto-per-la-prima-volta-a-pisa-covid-19-nel-liquido-addominale\/"},"modified":"2020-08-10T10:22:16","modified_gmt":"2020-08-10T08:22:16","slug":"coronavirus-pisa-liquido-addominale","status":"publish","type":"post","link":"https:\/\/www.intoscana.it\/it\/coronavirus-pisa-liquido-addominale\/","title":{"rendered":"Scoperto per la prima volta a Pisa Covid-19 nel liquido addominale"},"content":{"rendered":"<p>Scoperta <strong>la presenza del Covid-19 per la prima volta al mondo anche all&#8217;interno della cavit\u00e0 peritoneale,<\/strong> cio\u00e8 nell&#8217;addome, di un paziente infetto. \u00c8 successo <strong>durante un intervento di chirurgia addominale condotto all&#8217;ospedale di Pisa.<\/strong> La scoperta apre <strong>nuovi scenari sull&#8217;evoluzione sistemica della malattia e sui rischi di contagio ad essa collegati.<\/strong> Lo ha reso noto l&#8217;azienda ospedaliero universitaria pisana annunciando che il report del caso \u00e8 in pubblicazione sulla rivista <strong>Annals of Surgery.<\/strong><\/p>\n<p>&#8220;La nostra scoperta del virus nel liquido peritoneale del paziente &#8211; spiega <strong>il chirurgo Massimo Chiarugi<\/strong> &#8211; pone sostanzialmente tre interrogativi tutti meritevoli di ulteriori approfondimenti scientifici: <strong>comprendere come il virus abbia raggiunto la cavit\u00e0 peritoneale, qual \u00e8 il significato clinico di averlo trovato in quella sede e attrezzare gli operatori sanitari con la massima protezione anche per la chirurgia addominale<\/strong>&#8220;.<\/p>\n<p>Sono stati <strong>ricercatori e medici di chirurgia d&#8217;urgenza, virologia, microbiologia batteriologica, medicina d&#8217;urgenza<\/strong> e anche del pronto soccorso dell&#8217;Aoup a operare insieme e quindi a <strong>poter identificare il genoma del virus Sars-Cov-2 in un campione di liquido peritoneale<\/strong>, prelevato durante un intervento chirurgico per patologia addominale acuta non perforativa su un paziente affetto da sintomi respiratori per infezione da Coronavirus e ora dimesso e perfettamente guarito anche dall&#8217;infezione del Covid-19. <\/p>\n<p><strong>&#8220;Saranno necessari adesso<\/strong> &#8211; osserva Chiarugi &#8211; <strong>approfondimenti scientifici per individuare attraverso quale via il virus ha raggiunto la cavit\u00e0 peritoneale<\/strong> e da qui comprendere se sia necessario individuare diverse modalit\u00e0 di cura, ma il nostro caso \u00e8 rilevante soprattutto per informare la comunit\u00e0 scientifica dei rischi di infezione che potrebbero correre gli operatori sanitari non adeguatamente provvisti di dispositivi di protezione individuale&#8221;. Del resto, conclude il chirurgo, &#8220;gli interventi all&#8217;addome espongono gli operatori a rischi derivanti anche dall&#8217;uso di strumenti come<strong> bisturi o elettrobisturi che a contatto con i liquidi potrebbero determinare quell&#8217;effetto droplet indicato in letteratura medica come principale vettore di infezione<\/strong>&#8220;.<\/p>\n","protected":false},"excerpt":{"rendered":"<p>La scoperta apre nuovi scenari sull&#8217;evoluzione sistemica della malattia e sui rischi di contagio ad essa collegati<\/p>\n","protected":false},"author":525,"featured_media":143865,"comment_status":"open","ping_status":"open","sticky":false,"template":"","format":"standard","meta":{"_acf_changed":false,"footnotes":""},"categories":[18],"tags":[],"class_list":["post-143014","post","type-post","status-publish","format-standard","has-post-thumbnail","hentry","category-salute"],"acf":[],"yoast_head":"<!-- This site is optimized with the Yoast SEO Premium plugin v24.2 (Yoast SEO v25.6) - https:\/\/yoast.com\/wordpress\/plugins\/seo\/ -->\n<title>Scoperto per la prima volta a Pisa Covid-19 nel liquido addominale - intoscana<\/title>\n<meta name=\"description\" content=\"Scoperto per la 1a volta a Pisa Covid-19 nel liquido addominale. Questo apre nuovi scenari sull&#039;evoluzione sistemica della malattia e sui rischi di contagio\" \/>\n<meta name=\"robots\" content=\"index, follow, max-snippet:-1, max-image-preview:large, max-video-preview:-1\" \/>\n<link rel=\"canonical\" href=\"https:\/\/www.intoscana.it\/it\/coronavirus-pisa-liquido-addominale\/\" \/>\n<meta property=\"og:locale\" content=\"it_IT\" \/>\n<meta property=\"og:type\" content=\"article\" \/>\n<meta property=\"og:title\" content=\"Scoperto per la prima volta a Pisa Covid-19 nel liquido addominale\" \/>\n<meta property=\"og:description\" content=\"Scoperto per la 1a volta a Pisa Covid-19 nel liquido addominale. Questo apre nuovi scenari sull&#039;evoluzione sistemica della malattia e sui rischi di contagio\" \/>\n<meta property=\"og:url\" content=\"https:\/\/www.intoscana.it\/it\/coronavirus-pisa-liquido-addominale\/\" \/>\n<meta property=\"og:site_name\" content=\"intoscana\" \/>\n<meta property=\"article:publisher\" content=\"https:\/\/www.facebook.com\/intoscana.it\" \/>\n<meta property=\"article:published_time\" content=\"2020-05-06T09:47:37+00:00\" \/>\n<meta property=\"article:modified_time\" content=\"2020-08-10T08:22:16+00:00\" \/>\n<meta property=\"og:image\" content=\"https:\/\/www.intoscana.it\/wp-content\/uploads\/ricerca-20.jpg\" \/>\n\t<meta property=\"og:image:width\" content=\"2000\" \/>\n\t<meta property=\"og:image:height\" content=\"1333\" \/>\n\t<meta property=\"og:image:type\" content=\"image\/jpeg\" \/>\n<meta name=\"author\" content=\"Redazione\" \/>\n<meta name=\"twitter:card\" content=\"summary_large_image\" \/>\n<meta name=\"twitter:creator\" content=\"@intoscana\" \/>\n<meta name=\"twitter:site\" content=\"@intoscana\" \/>\n<meta name=\"twitter:label1\" content=\"Written by\" \/>\n\t<meta name=\"twitter:data1\" content=\"Redazione\" \/>\n\t<meta name=\"twitter:label2\" content=\"Est. reading time\" \/>\n\t<meta name=\"twitter:data2\" content=\"2 minuti\" \/>\n<script type=\"application\/ld+json\" class=\"yoast-schema-graph\">{\"@context\":\"https:\/\/schema.org\",\"@graph\":[{\"@type\":\"WebPage\",\"@id\":\"https:\/\/www.intoscana.it\/it\/coronavirus-pisa-liquido-addominale\/\",\"url\":\"https:\/\/www.intoscana.it\/it\/coronavirus-pisa-liquido-addominale\/\",\"name\":\"Scoperto per la prima volta a Pisa Covid-19 nel liquido addominale - intoscana\",\"isPartOf\":{\"@id\":\"https:\/\/www.intoscana.it\/it\/#website\"},\"primaryImageOfPage\":{\"@id\":\"https:\/\/www.intoscana.it\/it\/coronavirus-pisa-liquido-addominale\/#primaryimage\"},\"image\":{\"@id\":\"https:\/\/www.intoscana.it\/it\/coronavirus-pisa-liquido-addominale\/#primaryimage\"},\"thumbnailUrl\":\"https:\/\/www.intoscana.it\/wp-content\/uploads\/ricerca-20.jpg\",\"datePublished\":\"2020-05-06T09:47:37+00:00\",\"dateModified\":\"2020-08-10T08:22:16+00:00\",\"author\":{\"@id\":\"https:\/\/www.intoscana.it\/it\/#\/schema\/person\/9223810753230f20bd670fdd322661f8\"},\"description\":\"Scoperto per la 1a volta a Pisa Covid-19 nel liquido addominale. Questo apre nuovi scenari sull'evoluzione sistemica della malattia e sui rischi di contagio\",\"breadcrumb\":{\"@id\":\"https:\/\/www.intoscana.it\/it\/coronavirus-pisa-liquido-addominale\/#breadcrumb\"},\"inLanguage\":\"it-IT\",\"potentialAction\":[{\"@type\":\"ReadAction\",\"target\":[\"https:\/\/www.intoscana.it\/it\/coronavirus-pisa-liquido-addominale\/\"]}]},{\"@type\":\"ImageObject\",\"inLanguage\":\"it-IT\",\"@id\":\"https:\/\/www.intoscana.it\/it\/coronavirus-pisa-liquido-addominale\/#primaryimage\",\"url\":\"https:\/\/www.intoscana.it\/wp-content\/uploads\/ricerca-20.jpg\",\"contentUrl\":\"https:\/\/www.intoscana.it\/wp-content\/uploads\/ricerca-20.jpg\",\"width\":2000,\"height\":1333,\"caption\":\"Ricerca scientifica\"},{\"@type\":\"BreadcrumbList\",\"@id\":\"https:\/\/www.intoscana.it\/it\/coronavirus-pisa-liquido-addominale\/#breadcrumb\",\"itemListElement\":[{\"@type\":\"ListItem\",\"position\":1,\"name\":\"Home\",\"item\":\"https:\/\/www.intoscana.it\/it\/\"},{\"@type\":\"ListItem\",\"position\":2,\"name\":\"Scoperto per la prima volta a Pisa Covid-19 nel liquido addominale\"}]},{\"@type\":\"WebSite\",\"@id\":\"https:\/\/www.intoscana.it\/it\/#website\",\"url\":\"https:\/\/www.intoscana.it\/it\/\",\"name\":\"intoscana\",\"description\":\"\",\"potentialAction\":[{\"@type\":\"SearchAction\",\"target\":{\"@type\":\"EntryPoint\",\"urlTemplate\":\"https:\/\/www.intoscana.it\/it\/?s={search_term_string}\"},\"query-input\":{\"@type\":\"PropertyValueSpecification\",\"valueRequired\":true,\"valueName\":\"search_term_string\"}}],\"inLanguage\":\"it-IT\"},{\"@type\":\"Person\",\"@id\":\"https:\/\/www.intoscana.it\/it\/#\/schema\/person\/9223810753230f20bd670fdd322661f8\",\"name\":\"Redazione\",\"url\":\"https:\/\/www.intoscana.it\/it\/author\/redazione\/\"}]}<\/script>\n<!-- \/ Yoast SEO Premium plugin. -->","yoast_head_json":{"title":"Scoperto per la prima volta a Pisa Covid-19 nel liquido addominale - intoscana","description":"Scoperto per la 1a volta a Pisa Covid-19 nel liquido addominale. Questo apre nuovi scenari sull'evoluzione sistemica della malattia e sui rischi di contagio","robots":{"index":"index","follow":"follow","max-snippet":"max-snippet:-1","max-image-preview":"max-image-preview:large","max-video-preview":"max-video-preview:-1"},"canonical":"https:\/\/www.intoscana.it\/it\/coronavirus-pisa-liquido-addominale\/","og_locale":"it_IT","og_type":"article","og_title":"Scoperto per la prima volta a Pisa Covid-19 nel liquido addominale","og_description":"Scoperto per la 1a volta a Pisa Covid-19 nel liquido addominale. Questo apre nuovi scenari sull'evoluzione sistemica della malattia e sui rischi di contagio","og_url":"https:\/\/www.intoscana.it\/it\/coronavirus-pisa-liquido-addominale\/","og_site_name":"intoscana","article_publisher":"https:\/\/www.facebook.com\/intoscana.it","article_published_time":"2020-05-06T09:47:37+00:00","article_modified_time":"2020-08-10T08:22:16+00:00","og_image":[{"width":2000,"height":1333,"url":"https:\/\/www.intoscana.it\/wp-content\/uploads\/ricerca-20.jpg","type":"image\/jpeg"}],"author":"Redazione","twitter_card":"summary_large_image","twitter_creator":"@intoscana","twitter_site":"@intoscana","twitter_misc":{"Written by":"Redazione","Est. reading time":"2 minuti"},"schema":{"@context":"https:\/\/schema.org","@graph":[{"@type":"WebPage","@id":"https:\/\/www.intoscana.it\/it\/coronavirus-pisa-liquido-addominale\/","url":"https:\/\/www.intoscana.it\/it\/coronavirus-pisa-liquido-addominale\/","name":"Scoperto per la prima volta a Pisa Covid-19 nel liquido addominale - intoscana","isPartOf":{"@id":"https:\/\/www.intoscana.it\/it\/#website"},"primaryImageOfPage":{"@id":"https:\/\/www.intoscana.it\/it\/coronavirus-pisa-liquido-addominale\/#primaryimage"},"image":{"@id":"https:\/\/www.intoscana.it\/it\/coronavirus-pisa-liquido-addominale\/#primaryimage"},"thumbnailUrl":"https:\/\/www.intoscana.it\/wp-content\/uploads\/ricerca-20.jpg","datePublished":"2020-05-06T09:47:37+00:00","dateModified":"2020-08-10T08:22:16+00:00","author":{"@id":"https:\/\/www.intoscana.it\/it\/#\/schema\/person\/9223810753230f20bd670fdd322661f8"},"description":"Scoperto per la 1a volta a Pisa Covid-19 nel liquido addominale. Questo apre nuovi scenari sull'evoluzione sistemica della malattia e sui rischi di contagio","breadcrumb":{"@id":"https:\/\/www.intoscana.it\/it\/coronavirus-pisa-liquido-addominale\/#breadcrumb"},"inLanguage":"it-IT","potentialAction":[{"@type":"ReadAction","target":["https:\/\/www.intoscana.it\/it\/coronavirus-pisa-liquido-addominale\/"]}]},{"@type":"ImageObject","inLanguage":"it-IT","@id":"https:\/\/www.intoscana.it\/it\/coronavirus-pisa-liquido-addominale\/#primaryimage","url":"https:\/\/www.intoscana.it\/wp-content\/uploads\/ricerca-20.jpg","contentUrl":"https:\/\/www.intoscana.it\/wp-content\/uploads\/ricerca-20.jpg","width":2000,"height":1333,"caption":"Ricerca scientifica"},{"@type":"BreadcrumbList","@id":"https:\/\/www.intoscana.it\/it\/coronavirus-pisa-liquido-addominale\/#breadcrumb","itemListElement":[{"@type":"ListItem","position":1,"name":"Home","item":"https:\/\/www.intoscana.it\/it\/"},{"@type":"ListItem","position":2,"name":"Scoperto per la prima volta a Pisa Covid-19 nel liquido addominale"}]},{"@type":"WebSite","@id":"https:\/\/www.intoscana.it\/it\/#website","url":"https:\/\/www.intoscana.it\/it\/","name":"intoscana","description":"","potentialAction":[{"@type":"SearchAction","target":{"@type":"EntryPoint","urlTemplate":"https:\/\/www.intoscana.it\/it\/?s={search_term_string}"},"query-input":{"@type":"PropertyValueSpecification","valueRequired":true,"valueName":"search_term_string"}}],"inLanguage":"it-IT"},{"@type":"Person","@id":"https:\/\/www.intoscana.it\/it\/#\/schema\/person\/9223810753230f20bd670fdd322661f8","name":"Redazione","url":"https:\/\/www.intoscana.it\/it\/author\/redazione\/"}]}},"_links":{"self":[{"href":"https:\/\/www.intoscana.it\/it\/wp-json\/wp\/v2\/posts\/143014","targetHints":{"allow":["GET"]}}],"collection":[{"href":"https:\/\/www.intoscana.it\/it\/wp-json\/wp\/v2\/posts"}],"about":[{"href":"https:\/\/www.intoscana.it\/it\/wp-json\/wp\/v2\/types\/post"}],"author":[{"embeddable":true,"href":"https:\/\/www.intoscana.it\/it\/wp-json\/wp\/v2\/users\/525"}],"replies":[{"embeddable":true,"href":"https:\/\/www.intoscana.it\/it\/wp-json\/wp\/v2\/comments?post=143014"}],"version-history":[{"count":0,"href":"https:\/\/www.intoscana.it\/it\/wp-json\/wp\/v2\/posts\/143014\/revisions"}],"wp:featuredmedia":[{"embeddable":true,"href":"https:\/\/www.intoscana.it\/it\/wp-json\/wp\/v2\/media\/143865"}],"wp:attachment":[{"href":"https:\/\/www.intoscana.it\/it\/wp-json\/wp\/v2\/media?parent=143014"}],"wp:term":[{"taxonomy":"category","embeddable":true,"href":"https:\/\/www.intoscana.it\/it\/wp-json\/wp\/v2\/categories?post=143014"},{"taxonomy":"post_tag","embeddable":true,"href":"https:\/\/www.intoscana.it\/it\/wp-json\/wp\/v2\/tags?post=143014"}],"curies":[{"name":"wp","href":"https:\/\/api.w.org\/{rel}","templated":true}]}}