{"id":143024,"date":"2020-05-21T12:24:51","date_gmt":"2020-05-21T10:24:51","guid":{"rendered":"https:\/\/www.intoscana.it\/coronavirus-a-pistoia-un-percorso-ad-hoc-per-i-pazienti-guariti\/"},"modified":"2020-08-10T10:22:21","modified_gmt":"2020-08-10T08:22:21","slug":"pistoia-pazienti-covid","status":"publish","type":"post","link":"https:\/\/www.intoscana.it\/it\/pistoia-pazienti-covid\/","title":{"rendered":"Coronavirus: a Pistoia un percorso ad hoc per i pazienti guariti"},"content":{"rendered":"<p><strong>Un percorso speciale \u00e8 stato allestito all&#8217;ospedale San Jacopo di Pistoia per seguire i pazienti guariti dal Covid-19,<\/strong> ma ancora bisognosi di essere curati. L&#8217;accesso al Day Service potr\u00e0 riguardare, per il momento, 242 pazienti su 337 ricoverati totali a partire dal 24 febbraio, giorno del primo ricovero per Covid. <strong>Il 10% dei pazienti sono stati dimessi con ossigenoterapia domiciliare.<\/strong> <\/p>\n<p>Il controllo avviene a distanza di almeno quattro settimane dalla dimissione. Dall&#8217;inizio dell&#8217;attivit\u00e0 post Covid sono stati controllati oltre 30 pazienti. &#8221;La rivalutazione &#8211; spiega il dottor Franco Vannucci, direttore della Pneumologia pistoiese e coordinatore del percorso &#8211; riguarda soprattutto i pazienti che hanno presentato un quadro clinico e radiologico all&#8217;esordio della malattia o durante il ricovero, caratterizzato da un&#8217;importante impegno polmonare ai quali \u00e8 dedicata un&#8217;equipe multi-professionale che abbraccia diverse specialistiche:<strong> oltre al pneumologo, l&#8217;infettivologo, l&#8217;internista e altri colleghi dell&#8217;ospedale in relazione alle necessit\u00e0 cliniche e ai risultati degli esami di controllo&#8221;.<\/strong><\/p>\n<p>Nel Day Service sono previsti: valutazione pneumologica completa (visita, ecografia del torace, test respiratori, emogasanalisi), controlli radiologici (radiografia ed eventualmente TC del torace), test di laboratorio (compresi test sierologici per evidenziare lo stato di immunit\u00e0 acquisita con dosaggio degli anticorpi IgM e IgG anti Sars CoV2), valutazione fisiatrica e fisioterapica. <strong>All&#8217;interno del Day Service sono anche svolti i fondamentali test per valutare la forza muscolare residua e la capacit\u00e0 respiratoria.&nbsp;<\/strong><\/p>\n","protected":false},"excerpt":{"rendered":"<p>Il 10% \u00e8 stato dimesso dall&#8217;ospedale con ossigenoterapia domiciliare. Per tutti chi \u00e8 stato malato pi\u00f9 gravemente un controllo per valutare se servono ulteriori cure.<\/p>\n","protected":false},"author":525,"featured_media":143875,"comment_status":"open","ping_status":"open","sticky":false,"template":"","format":"standard","meta":{"_acf_changed":false,"footnotes":""},"categories":[18],"tags":[418],"class_list":["post-143024","post","type-post","status-publish","format-standard","has-post-thumbnail","hentry","category-salute","tag-covid-19"],"acf":[],"yoast_head":"<!-- This site is optimized with the Yoast SEO Premium plugin v24.2 (Yoast SEO v25.6) - https:\/\/yoast.com\/wordpress\/plugins\/seo\/ -->\n<title>Coronavirus: a Pistoia un percorso ad hoc per i pazienti guariti - intoscana<\/title>\n<meta name=\"robots\" content=\"index, follow, max-snippet:-1, max-image-preview:large, max-video-preview:-1\" \/>\n<link rel=\"canonical\" href=\"https:\/\/www.intoscana.it\/it\/pistoia-pazienti-covid\/\" \/>\n<meta property=\"og:locale\" content=\"it_IT\" \/>\n<meta property=\"og:type\" content=\"article\" \/>\n<meta property=\"og:title\" content=\"Coronavirus: a Pistoia un percorso ad hoc per i pazienti guariti\" \/>\n<meta property=\"og:description\" content=\"Il 10% \u00e8 stato dimesso dall&#039;ospedale con ossigenoterapia domiciliare. Per tutti chi \u00e8 stato malato pi\u00f9 gravemente un controllo per valutare se servono ulteriori cure.\" \/>\n<meta property=\"og:url\" content=\"https:\/\/www.intoscana.it\/it\/pistoia-pazienti-covid\/\" \/>\n<meta property=\"og:site_name\" content=\"intoscana\" \/>\n<meta property=\"article:publisher\" content=\"https:\/\/www.facebook.com\/intoscana.it\" \/>\n<meta property=\"article:published_time\" content=\"2020-05-21T10:24:51+00:00\" \/>\n<meta property=\"article:modified_time\" content=\"2020-08-10T08:22:21+00:00\" \/>\n<meta property=\"og:image\" content=\"https:\/\/www.intoscana.it\/wp-content\/uploads\/shutterstock_295184639-3.jpg\" \/>\n\t<meta property=\"og:image:width\" content=\"2000\" \/>\n\t<meta property=\"og:image:height\" content=\"1333\" \/>\n\t<meta property=\"og:image:type\" content=\"image\/jpeg\" \/>\n<meta name=\"author\" content=\"Redazione\" \/>\n<meta name=\"twitter:card\" content=\"summary_large_image\" \/>\n<meta name=\"twitter:creator\" content=\"@intoscana\" \/>\n<meta name=\"twitter:site\" content=\"@intoscana\" \/>\n<meta name=\"twitter:label1\" content=\"Written by\" \/>\n\t<meta name=\"twitter:data1\" content=\"Redazione\" \/>\n\t<meta name=\"twitter:label2\" content=\"Est. reading time\" \/>\n\t<meta name=\"twitter:data2\" content=\"1 minuto\" \/>\n<script type=\"application\/ld+json\" class=\"yoast-schema-graph\">{\"@context\":\"https:\/\/schema.org\",\"@graph\":[{\"@type\":\"WebPage\",\"@id\":\"https:\/\/www.intoscana.it\/it\/pistoia-pazienti-covid\/\",\"url\":\"https:\/\/www.intoscana.it\/it\/pistoia-pazienti-covid\/\",\"name\":\"Coronavirus: a Pistoia un percorso ad hoc per i pazienti guariti - intoscana\",\"isPartOf\":{\"@id\":\"https:\/\/www.intoscana.it\/it\/#website\"},\"primaryImageOfPage\":{\"@id\":\"https:\/\/www.intoscana.it\/it\/pistoia-pazienti-covid\/#primaryimage\"},\"image\":{\"@id\":\"https:\/\/www.intoscana.it\/it\/pistoia-pazienti-covid\/#primaryimage\"},\"thumbnailUrl\":\"https:\/\/www.intoscana.it\/wp-content\/uploads\/shutterstock_295184639-3.jpg\",\"datePublished\":\"2020-05-21T10:24:51+00:00\",\"dateModified\":\"2020-08-10T08:22:21+00:00\",\"author\":{\"@id\":\"https:\/\/www.intoscana.it\/it\/#\/schema\/person\/9223810753230f20bd670fdd322661f8\"},\"breadcrumb\":{\"@id\":\"https:\/\/www.intoscana.it\/it\/pistoia-pazienti-covid\/#breadcrumb\"},\"inLanguage\":\"it-IT\",\"potentialAction\":[{\"@type\":\"ReadAction\",\"target\":[\"https:\/\/www.intoscana.it\/it\/pistoia-pazienti-covid\/\"]}]},{\"@type\":\"ImageObject\",\"inLanguage\":\"it-IT\",\"@id\":\"https:\/\/www.intoscana.it\/it\/pistoia-pazienti-covid\/#primaryimage\",\"url\":\"https:\/\/www.intoscana.it\/wp-content\/uploads\/shutterstock_295184639-3.jpg\",\"contentUrl\":\"https:\/\/www.intoscana.it\/wp-content\/uploads\/shutterstock_295184639-3.jpg\",\"width\":2000,\"height\":1333},{\"@type\":\"BreadcrumbList\",\"@id\":\"https:\/\/www.intoscana.it\/it\/pistoia-pazienti-covid\/#breadcrumb\",\"itemListElement\":[{\"@type\":\"ListItem\",\"position\":1,\"name\":\"Home\",\"item\":\"https:\/\/www.intoscana.it\/it\/\"},{\"@type\":\"ListItem\",\"position\":2,\"name\":\"Coronavirus: a Pistoia un percorso ad hoc per i pazienti guariti\"}]},{\"@type\":\"WebSite\",\"@id\":\"https:\/\/www.intoscana.it\/it\/#website\",\"url\":\"https:\/\/www.intoscana.it\/it\/\",\"name\":\"intoscana\",\"description\":\"\",\"potentialAction\":[{\"@type\":\"SearchAction\",\"target\":{\"@type\":\"EntryPoint\",\"urlTemplate\":\"https:\/\/www.intoscana.it\/it\/?s={search_term_string}\"},\"query-input\":{\"@type\":\"PropertyValueSpecification\",\"valueRequired\":true,\"valueName\":\"search_term_string\"}}],\"inLanguage\":\"it-IT\"},{\"@type\":\"Person\",\"@id\":\"https:\/\/www.intoscana.it\/it\/#\/schema\/person\/9223810753230f20bd670fdd322661f8\",\"name\":\"Redazione\",\"url\":\"https:\/\/www.intoscana.it\/it\/author\/redazione\/\"}]}<\/script>\n<!-- \/ Yoast SEO Premium plugin. -->","yoast_head_json":{"title":"Coronavirus: a Pistoia un percorso ad hoc per i pazienti guariti - intoscana","robots":{"index":"index","follow":"follow","max-snippet":"max-snippet:-1","max-image-preview":"max-image-preview:large","max-video-preview":"max-video-preview:-1"},"canonical":"https:\/\/www.intoscana.it\/it\/pistoia-pazienti-covid\/","og_locale":"it_IT","og_type":"article","og_title":"Coronavirus: a Pistoia un percorso ad hoc per i pazienti guariti","og_description":"Il 10% \u00e8 stato dimesso dall'ospedale con ossigenoterapia domiciliare. Per tutti chi \u00e8 stato malato pi\u00f9 gravemente un controllo per valutare se servono ulteriori cure.","og_url":"https:\/\/www.intoscana.it\/it\/pistoia-pazienti-covid\/","og_site_name":"intoscana","article_publisher":"https:\/\/www.facebook.com\/intoscana.it","article_published_time":"2020-05-21T10:24:51+00:00","article_modified_time":"2020-08-10T08:22:21+00:00","og_image":[{"width":2000,"height":1333,"url":"https:\/\/www.intoscana.it\/wp-content\/uploads\/shutterstock_295184639-3.jpg","type":"image\/jpeg"}],"author":"Redazione","twitter_card":"summary_large_image","twitter_creator":"@intoscana","twitter_site":"@intoscana","twitter_misc":{"Written by":"Redazione","Est. reading time":"1 minuto"},"schema":{"@context":"https:\/\/schema.org","@graph":[{"@type":"WebPage","@id":"https:\/\/www.intoscana.it\/it\/pistoia-pazienti-covid\/","url":"https:\/\/www.intoscana.it\/it\/pistoia-pazienti-covid\/","name":"Coronavirus: a Pistoia un percorso ad hoc per i pazienti guariti - intoscana","isPartOf":{"@id":"https:\/\/www.intoscana.it\/it\/#website"},"primaryImageOfPage":{"@id":"https:\/\/www.intoscana.it\/it\/pistoia-pazienti-covid\/#primaryimage"},"image":{"@id":"https:\/\/www.intoscana.it\/it\/pistoia-pazienti-covid\/#primaryimage"},"thumbnailUrl":"https:\/\/www.intoscana.it\/wp-content\/uploads\/shutterstock_295184639-3.jpg","datePublished":"2020-05-21T10:24:51+00:00","dateModified":"2020-08-10T08:22:21+00:00","author":{"@id":"https:\/\/www.intoscana.it\/it\/#\/schema\/person\/9223810753230f20bd670fdd322661f8"},"breadcrumb":{"@id":"https:\/\/www.intoscana.it\/it\/pistoia-pazienti-covid\/#breadcrumb"},"inLanguage":"it-IT","potentialAction":[{"@type":"ReadAction","target":["https:\/\/www.intoscana.it\/it\/pistoia-pazienti-covid\/"]}]},{"@type":"ImageObject","inLanguage":"it-IT","@id":"https:\/\/www.intoscana.it\/it\/pistoia-pazienti-covid\/#primaryimage","url":"https:\/\/www.intoscana.it\/wp-content\/uploads\/shutterstock_295184639-3.jpg","contentUrl":"https:\/\/www.intoscana.it\/wp-content\/uploads\/shutterstock_295184639-3.jpg","width":2000,"height":1333},{"@type":"BreadcrumbList","@id":"https:\/\/www.intoscana.it\/it\/pistoia-pazienti-covid\/#breadcrumb","itemListElement":[{"@type":"ListItem","position":1,"name":"Home","item":"https:\/\/www.intoscana.it\/it\/"},{"@type":"ListItem","position":2,"name":"Coronavirus: a Pistoia un percorso ad hoc per i pazienti guariti"}]},{"@type":"WebSite","@id":"https:\/\/www.intoscana.it\/it\/#website","url":"https:\/\/www.intoscana.it\/it\/","name":"intoscana","description":"","potentialAction":[{"@type":"SearchAction","target":{"@type":"EntryPoint","urlTemplate":"https:\/\/www.intoscana.it\/it\/?s={search_term_string}"},"query-input":{"@type":"PropertyValueSpecification","valueRequired":true,"valueName":"search_term_string"}}],"inLanguage":"it-IT"},{"@type":"Person","@id":"https:\/\/www.intoscana.it\/it\/#\/schema\/person\/9223810753230f20bd670fdd322661f8","name":"Redazione","url":"https:\/\/www.intoscana.it\/it\/author\/redazione\/"}]}},"_links":{"self":[{"href":"https:\/\/www.intoscana.it\/it\/wp-json\/wp\/v2\/posts\/143024","targetHints":{"allow":["GET"]}}],"collection":[{"href":"https:\/\/www.intoscana.it\/it\/wp-json\/wp\/v2\/posts"}],"about":[{"href":"https:\/\/www.intoscana.it\/it\/wp-json\/wp\/v2\/types\/post"}],"author":[{"embeddable":true,"href":"https:\/\/www.intoscana.it\/it\/wp-json\/wp\/v2\/users\/525"}],"replies":[{"embeddable":true,"href":"https:\/\/www.intoscana.it\/it\/wp-json\/wp\/v2\/comments?post=143024"}],"version-history":[{"count":0,"href":"https:\/\/www.intoscana.it\/it\/wp-json\/wp\/v2\/posts\/143024\/revisions"}],"wp:featuredmedia":[{"embeddable":true,"href":"https:\/\/www.intoscana.it\/it\/wp-json\/wp\/v2\/media\/143875"}],"wp:attachment":[{"href":"https:\/\/www.intoscana.it\/it\/wp-json\/wp\/v2\/media?parent=143024"}],"wp:term":[{"taxonomy":"category","embeddable":true,"href":"https:\/\/www.intoscana.it\/it\/wp-json\/wp\/v2\/categories?post=143024"},{"taxonomy":"post_tag","embeddable":true,"href":"https:\/\/www.intoscana.it\/it\/wp-json\/wp\/v2\/tags?post=143024"}],"curies":[{"name":"wp","href":"https:\/\/api.w.org\/{rel}","templated":true}]}}