{"id":143027,"date":"2020-04-01T10:20:12","date_gmt":"2020-04-01T08:20:12","guid":{"rendered":"https:\/\/www.intoscana.it\/viminale-i-bambini-possono-uscire-accompagnati-da-un-genitore\/"},"modified":"2020-08-10T10:22:22","modified_gmt":"2020-08-10T08:22:22","slug":"coronavirus-bambini-genitore","status":"publish","type":"post","link":"https:\/\/www.intoscana.it\/it\/coronavirus-bambini-genitore\/","title":{"rendered":"Viminale: i bambini possono uscire accompagnati da un genitore"},"content":{"rendered":"<p><strong>Un solo genitore pu\u00f2 camminare con i figli minori &#8220;purch\u00e9 in prossimit\u00e0 della propria abitazione&#8221;.<\/strong> Lo precisa la <strong>circolare inviata dal Viminale ai prefetti<\/strong> per fornire &#8220;chiarimenti&#8221; sul divieto di assembramento e spostamenti.&nbsp;<\/p>\n<p><strong>Dall&#8217;11 marzo sono state controllate complessivamente 3.449.291 persone e 1.566.961 esercizi commerciali.<\/strong> In totale oltre <strong>142mila i denunciati<\/strong>. Negli ultimi 5 giorni 272 sono stati sanzionati per violazione della quarantena. <strong>Sono ancora tanti gli italiani che non rispettano le prescrizioni.<\/strong>&nbsp;La nuova circolare precisa che <strong>ad un &#8220;solo genitore&#8221; \u00e8 consentito &#8220;camminare con i propri figli minori<\/strong> in quanto tale attivit\u00e0 pu\u00f2 essere ricondotta alle attivit\u00e0 motorie all&#8217;aperto, purch\u00e9 <strong>in prossimit\u00e0 della propria abitazione<\/strong>. La stessa attivit\u00e0 pu\u00f2 essere svolta, inoltre, nell&#8217;ambito di spostamenti motivati da situazioni di necessit\u00e0 o per motivi di salute&#8221;.<\/p>\n<p><strong>Il documento del Viminale ricorda poi che restano off limits parchi e giardini<\/strong> e che <strong>&#8220;l&#8217;attivit\u00e0 motoria generalmente consentita&#8221; non va intesa soltanto &#8220;come equivalente all&#8217;attivit\u00e0 sportiva<\/strong> (jogging), tenuto anche conto che l&#8217;attuale disposizione di cui all&#8217;art. 1 del decreto del Presidente del Consiglio dei ministri del 9 marzo scorso tiene distinte le due ipotesi, potendosi far ricomprendere nella prima il camminare in prossimit\u00e0 della propria abitazione&#8221;. Ok anche agli spostamenti nei pressi della propria abitazione &#8220;giustificati da <strong>esigenze di accompagnamento di anziani o inabili da parte di persone che ne curano l&#8217;assistenza,<\/strong> in ragione della riconducibilit\u00e0 degli stessi spostamenti a motivazioni di necessit\u00e0 o di salute&#8221;.<\/p>\n<p>In ogni caso, ribadisce la circolare, &#8220;<strong>tutti gli spostamenti sono soggetti al divieto generale di assembramento e, quindi, all&#8217;obbligo di rispettare la distanza di sicurezza minima di un metro da ogni altra persona&#8221;<\/strong>. Il divieto di assembramento, infine, &#8220;non pu\u00f2 ritenersi violato dalla presenza in spazi all&#8217;aperto di persone ospitate nella medesima struttura di accoglienza (ad esempio case-famiglia). In queste strutture, comunque, &#8220;chiunque acceda dall&#8217;esterno sar\u00e0 comunque tenuto al rispetto del divieto di assembramento, della istanza interpersonale di un metro e dall&#8217;utilizzo degli occorrenti presidi sanitari (mascherine e guanti)&#8221;.&nbsp;<\/p>\n<p>&#8220;Ho letto la nuova circolare&#8221; del Viminale, <strong>ha dichiarato il sindaco di Firenze Dario Nardella<\/strong> &#8220;e credo sia stato giusto farla. Molti hanno capito che&#8221; questo documento &#8220;ha cambiato le regole, in realt\u00e0 ha precisato alcuni aspetti. Ho preso sul serio le preoccupazioni&#8221; delle famiglie con bambini a casa, &#8220;ho posto il problema al ministro Lamorgese e alla comunit\u00e0 scientifica e <strong>sono felice che&#8221; sia stato fatto chiarezza anche perch\u00e9 &#8220;sembra che quella dei bambini sia&#8221; solo &#8220;una questione politica&#8221; e invece la &#8220;salute&#8221; dei pi\u00f9 piccoli &#8220;non \u00e8 un aspetto di poco conto<\/strong>&#8220;.&nbsp;&#8220;Capisco &#8211; ha sottolineato Nardella &#8211; la preoccupazione di chi dice che ora dobbiamo controllare i bambini, ma noi dobbiamo controllare tutti, anche un anziano che va a fare la spesa tre volte il giorno andrebbe redarguito. <strong>Il principio resta quello di rimanere a casa ma ci sono eccezioni che vanno argomentate&#8221;.<\/strong><\/p>\n\n<p>&nbsp;<\/p>\n","protected":false},"excerpt":{"rendered":"<p>\u00c8 consentito camminare con i propri figli minori in prossimit\u00e0 della propria abitazione, consentita anche l&#8217;attivit\u00e0 fisica<\/p>\n","protected":false},"author":525,"featured_media":143878,"comment_status":"open","ping_status":"open","sticky":false,"template":"","format":"standard","meta":{"_acf_changed":false,"footnotes":""},"categories":[18],"tags":[350],"class_list":["post-143027","post","type-post","status-publish","format-standard","has-post-thumbnail","hentry","category-salute","tag-bambini"],"acf":[],"yoast_head":"<!-- This site is optimized with the Yoast SEO Premium plugin v24.2 (Yoast SEO v25.6) - https:\/\/yoast.com\/wordpress\/plugins\/seo\/ -->\n<title>Viminale: i bambini possono uscire accompagnati da un genitore - intoscana<\/title>\n<meta name=\"description\" content=\"Arriva la circolare del Viminale secondo la quale \u00e8 consentito camminare con i propri figli minori in prossimit\u00e0 della propria abitazione e l&#039;attivit\u00e0 fisica\" \/>\n<meta name=\"robots\" content=\"index, follow, max-snippet:-1, max-image-preview:large, max-video-preview:-1\" \/>\n<link rel=\"canonical\" href=\"https:\/\/www.intoscana.it\/it\/coronavirus-bambini-genitore\/\" \/>\n<meta property=\"og:locale\" content=\"it_IT\" \/>\n<meta property=\"og:type\" content=\"article\" \/>\n<meta property=\"og:title\" content=\"Viminale: i bambini possono uscire accompagnati da un genitore\" \/>\n<meta property=\"og:description\" content=\"Arriva la circolare del Viminale secondo la quale \u00e8 consentito camminare con i propri figli minori in prossimit\u00e0 della propria abitazione e l&#039;attivit\u00e0 fisica\" \/>\n<meta property=\"og:url\" content=\"https:\/\/www.intoscana.it\/it\/coronavirus-bambini-genitore\/\" \/>\n<meta property=\"og:site_name\" content=\"intoscana\" \/>\n<meta property=\"article:publisher\" content=\"https:\/\/www.facebook.com\/intoscana.it\" \/>\n<meta property=\"article:published_time\" content=\"2020-04-01T08:20:12+00:00\" \/>\n<meta property=\"article:modified_time\" content=\"2020-08-10T08:22:22+00:00\" \/>\n<meta property=\"og:image\" content=\"https:\/\/www.intoscana.it\/wp-content\/uploads\/famiglia_coronavirus.jpg\" \/>\n\t<meta property=\"og:image:width\" content=\"2000\" \/>\n\t<meta property=\"og:image:height\" content=\"1333\" \/>\n\t<meta property=\"og:image:type\" content=\"image\/jpeg\" \/>\n<meta name=\"author\" content=\"Redazione\" \/>\n<meta name=\"twitter:card\" content=\"summary_large_image\" \/>\n<meta name=\"twitter:creator\" content=\"@intoscana\" \/>\n<meta name=\"twitter:site\" content=\"@intoscana\" \/>\n<meta name=\"twitter:label1\" content=\"Written by\" \/>\n\t<meta name=\"twitter:data1\" content=\"Redazione\" \/>\n\t<meta name=\"twitter:label2\" content=\"Est. reading time\" \/>\n\t<meta name=\"twitter:data2\" content=\"2 minuti\" \/>\n<script type=\"application\/ld+json\" class=\"yoast-schema-graph\">{\"@context\":\"https:\/\/schema.org\",\"@graph\":[{\"@type\":\"WebPage\",\"@id\":\"https:\/\/www.intoscana.it\/it\/coronavirus-bambini-genitore\/\",\"url\":\"https:\/\/www.intoscana.it\/it\/coronavirus-bambini-genitore\/\",\"name\":\"Viminale: i bambini possono uscire accompagnati da un genitore - intoscana\",\"isPartOf\":{\"@id\":\"https:\/\/www.intoscana.it\/it\/#website\"},\"primaryImageOfPage\":{\"@id\":\"https:\/\/www.intoscana.it\/it\/coronavirus-bambini-genitore\/#primaryimage\"},\"image\":{\"@id\":\"https:\/\/www.intoscana.it\/it\/coronavirus-bambini-genitore\/#primaryimage\"},\"thumbnailUrl\":\"https:\/\/www.intoscana.it\/wp-content\/uploads\/famiglia_coronavirus.jpg\",\"datePublished\":\"2020-04-01T08:20:12+00:00\",\"dateModified\":\"2020-08-10T08:22:22+00:00\",\"author\":{\"@id\":\"https:\/\/www.intoscana.it\/it\/#\/schema\/person\/9223810753230f20bd670fdd322661f8\"},\"description\":\"Arriva la circolare del Viminale secondo la quale \u00e8 consentito camminare con i propri figli minori in prossimit\u00e0 della propria abitazione e l'attivit\u00e0 fisica\",\"breadcrumb\":{\"@id\":\"https:\/\/www.intoscana.it\/it\/coronavirus-bambini-genitore\/#breadcrumb\"},\"inLanguage\":\"it-IT\",\"potentialAction\":[{\"@type\":\"ReadAction\",\"target\":[\"https:\/\/www.intoscana.it\/it\/coronavirus-bambini-genitore\/\"]}]},{\"@type\":\"ImageObject\",\"inLanguage\":\"it-IT\",\"@id\":\"https:\/\/www.intoscana.it\/it\/coronavirus-bambini-genitore\/#primaryimage\",\"url\":\"https:\/\/www.intoscana.it\/wp-content\/uploads\/famiglia_coronavirus.jpg\",\"contentUrl\":\"https:\/\/www.intoscana.it\/wp-content\/uploads\/famiglia_coronavirus.jpg\",\"width\":2000,\"height\":1333},{\"@type\":\"BreadcrumbList\",\"@id\":\"https:\/\/www.intoscana.it\/it\/coronavirus-bambini-genitore\/#breadcrumb\",\"itemListElement\":[{\"@type\":\"ListItem\",\"position\":1,\"name\":\"Home\",\"item\":\"https:\/\/www.intoscana.it\/it\/\"},{\"@type\":\"ListItem\",\"position\":2,\"name\":\"Viminale: i bambini possono uscire accompagnati da un genitore\"}]},{\"@type\":\"WebSite\",\"@id\":\"https:\/\/www.intoscana.it\/it\/#website\",\"url\":\"https:\/\/www.intoscana.it\/it\/\",\"name\":\"intoscana\",\"description\":\"\",\"potentialAction\":[{\"@type\":\"SearchAction\",\"target\":{\"@type\":\"EntryPoint\",\"urlTemplate\":\"https:\/\/www.intoscana.it\/it\/?s={search_term_string}\"},\"query-input\":{\"@type\":\"PropertyValueSpecification\",\"valueRequired\":true,\"valueName\":\"search_term_string\"}}],\"inLanguage\":\"it-IT\"},{\"@type\":\"Person\",\"@id\":\"https:\/\/www.intoscana.it\/it\/#\/schema\/person\/9223810753230f20bd670fdd322661f8\",\"name\":\"Redazione\",\"url\":\"https:\/\/www.intoscana.it\/it\/author\/redazione\/\"}]}<\/script>\n<!-- \/ Yoast SEO Premium plugin. -->","yoast_head_json":{"title":"Viminale: i bambini possono uscire accompagnati da un genitore - intoscana","description":"Arriva la circolare del Viminale secondo la quale \u00e8 consentito camminare con i propri figli minori in prossimit\u00e0 della propria abitazione e l'attivit\u00e0 fisica","robots":{"index":"index","follow":"follow","max-snippet":"max-snippet:-1","max-image-preview":"max-image-preview:large","max-video-preview":"max-video-preview:-1"},"canonical":"https:\/\/www.intoscana.it\/it\/coronavirus-bambini-genitore\/","og_locale":"it_IT","og_type":"article","og_title":"Viminale: i bambini possono uscire accompagnati da un genitore","og_description":"Arriva la circolare del Viminale secondo la quale \u00e8 consentito camminare con i propri figli minori in prossimit\u00e0 della propria abitazione e l'attivit\u00e0 fisica","og_url":"https:\/\/www.intoscana.it\/it\/coronavirus-bambini-genitore\/","og_site_name":"intoscana","article_publisher":"https:\/\/www.facebook.com\/intoscana.it","article_published_time":"2020-04-01T08:20:12+00:00","article_modified_time":"2020-08-10T08:22:22+00:00","og_image":[{"width":2000,"height":1333,"url":"https:\/\/www.intoscana.it\/wp-content\/uploads\/famiglia_coronavirus.jpg","type":"image\/jpeg"}],"author":"Redazione","twitter_card":"summary_large_image","twitter_creator":"@intoscana","twitter_site":"@intoscana","twitter_misc":{"Written by":"Redazione","Est. reading time":"2 minuti"},"schema":{"@context":"https:\/\/schema.org","@graph":[{"@type":"WebPage","@id":"https:\/\/www.intoscana.it\/it\/coronavirus-bambini-genitore\/","url":"https:\/\/www.intoscana.it\/it\/coronavirus-bambini-genitore\/","name":"Viminale: i bambini possono uscire accompagnati da un genitore - intoscana","isPartOf":{"@id":"https:\/\/www.intoscana.it\/it\/#website"},"primaryImageOfPage":{"@id":"https:\/\/www.intoscana.it\/it\/coronavirus-bambini-genitore\/#primaryimage"},"image":{"@id":"https:\/\/www.intoscana.it\/it\/coronavirus-bambini-genitore\/#primaryimage"},"thumbnailUrl":"https:\/\/www.intoscana.it\/wp-content\/uploads\/famiglia_coronavirus.jpg","datePublished":"2020-04-01T08:20:12+00:00","dateModified":"2020-08-10T08:22:22+00:00","author":{"@id":"https:\/\/www.intoscana.it\/it\/#\/schema\/person\/9223810753230f20bd670fdd322661f8"},"description":"Arriva la circolare del Viminale secondo la quale \u00e8 consentito camminare con i propri figli minori in prossimit\u00e0 della propria abitazione e l'attivit\u00e0 fisica","breadcrumb":{"@id":"https:\/\/www.intoscana.it\/it\/coronavirus-bambini-genitore\/#breadcrumb"},"inLanguage":"it-IT","potentialAction":[{"@type":"ReadAction","target":["https:\/\/www.intoscana.it\/it\/coronavirus-bambini-genitore\/"]}]},{"@type":"ImageObject","inLanguage":"it-IT","@id":"https:\/\/www.intoscana.it\/it\/coronavirus-bambini-genitore\/#primaryimage","url":"https:\/\/www.intoscana.it\/wp-content\/uploads\/famiglia_coronavirus.jpg","contentUrl":"https:\/\/www.intoscana.it\/wp-content\/uploads\/famiglia_coronavirus.jpg","width":2000,"height":1333},{"@type":"BreadcrumbList","@id":"https:\/\/www.intoscana.it\/it\/coronavirus-bambini-genitore\/#breadcrumb","itemListElement":[{"@type":"ListItem","position":1,"name":"Home","item":"https:\/\/www.intoscana.it\/it\/"},{"@type":"ListItem","position":2,"name":"Viminale: i bambini possono uscire accompagnati da un genitore"}]},{"@type":"WebSite","@id":"https:\/\/www.intoscana.it\/it\/#website","url":"https:\/\/www.intoscana.it\/it\/","name":"intoscana","description":"","potentialAction":[{"@type":"SearchAction","target":{"@type":"EntryPoint","urlTemplate":"https:\/\/www.intoscana.it\/it\/?s={search_term_string}"},"query-input":{"@type":"PropertyValueSpecification","valueRequired":true,"valueName":"search_term_string"}}],"inLanguage":"it-IT"},{"@type":"Person","@id":"https:\/\/www.intoscana.it\/it\/#\/schema\/person\/9223810753230f20bd670fdd322661f8","name":"Redazione","url":"https:\/\/www.intoscana.it\/it\/author\/redazione\/"}]}},"_links":{"self":[{"href":"https:\/\/www.intoscana.it\/it\/wp-json\/wp\/v2\/posts\/143027","targetHints":{"allow":["GET"]}}],"collection":[{"href":"https:\/\/www.intoscana.it\/it\/wp-json\/wp\/v2\/posts"}],"about":[{"href":"https:\/\/www.intoscana.it\/it\/wp-json\/wp\/v2\/types\/post"}],"author":[{"embeddable":true,"href":"https:\/\/www.intoscana.it\/it\/wp-json\/wp\/v2\/users\/525"}],"replies":[{"embeddable":true,"href":"https:\/\/www.intoscana.it\/it\/wp-json\/wp\/v2\/comments?post=143027"}],"version-history":[{"count":0,"href":"https:\/\/www.intoscana.it\/it\/wp-json\/wp\/v2\/posts\/143027\/revisions"}],"wp:featuredmedia":[{"embeddable":true,"href":"https:\/\/www.intoscana.it\/it\/wp-json\/wp\/v2\/media\/143878"}],"wp:attachment":[{"href":"https:\/\/www.intoscana.it\/it\/wp-json\/wp\/v2\/media?parent=143027"}],"wp:term":[{"taxonomy":"category","embeddable":true,"href":"https:\/\/www.intoscana.it\/it\/wp-json\/wp\/v2\/categories?post=143027"},{"taxonomy":"post_tag","embeddable":true,"href":"https:\/\/www.intoscana.it\/it\/wp-json\/wp\/v2\/tags?post=143027"}],"curies":[{"name":"wp","href":"https:\/\/api.w.org\/{rel}","templated":true}]}}