{"id":143044,"date":"2020-05-04T09:36:44","date_gmt":"2020-05-04T07:36:44","guid":{"rendered":"https:\/\/www.intoscana.it\/la-toscana-riparte-200mila-tornano-a-lavoro-e-firenze-si-rianima\/"},"modified":"2020-08-10T10:22:32","modified_gmt":"2020-08-10T08:22:32","slug":"fase-due-toscana","status":"publish","type":"post","link":"https:\/\/www.intoscana.it\/it\/fase-due-toscana\/","title":{"rendered":"La Toscana riparte: 200mila tornano a lavoro e Firenze si rianima"},"content":{"rendered":"<p><strong>Torna a rianimarsi Firenze dopo il lockdown senza per\u00f2 situazioni caotiche o assembramenti.<\/strong>&nbsp;Questa mattina sulle strade cittadine si nota pi\u00f9 traffico rispetto ai giorni precedenti, anche se non certo ai livelli prima del blocco per il Coronavirus. I viali e le arterie principali si sono cos\u00ec ripopolate di auto ma soprattutto \u00e8 cresciuta la frequenza dei mezzi pubblici: <strong>per assicurare la distanza di sicurezza tra i passeggeri gli autobus non possono trasportare pi\u00f9 di 11 persone a sedere e 7 in piedi,<\/strong> tutti con la mascherina.<\/p>\n<p><strong>Grande attenzione alle fermate della tramvia<\/strong>, che sono presidiate dalla polizia municipale per evitare assembramenti.<strong> A bordo un massimo di 44 passeggeri per ogni tram<\/strong>, rispetto ai 270 che il mezzo pu\u00f2 solitamente trasportare. Sono previste oltre 900 corse giornalieri. <br \/><strong>Riprende vita anche la stazione di Santa Maria Novella dove si rivedono i pendolari<\/strong> e ci sono molte pi\u00f9 persone rispetto alle settimane appena trascorse, mentre i treni regionali sono stati incrementati. Decisamente aumentato il traffico sulle autostrade dell&#8217;area fiorentina, che \u00e8 comunque scorrevole e registra una crescita del passaggio dei mezzi pesanti.<\/p>\n<p><img decoding=\"async\" style=\"width: 600px;\" title=\"Peretola, l'aeroporto\" src=\"https:\/\/www.intoscana.it\/shared\/visittuscany\/immagini\/elementi\/937091f1ab3dfebeeb0293b310d973af.jpg\" alt=\"Peretola, l'aeroporto\" height=\"398\" \/><\/p>\n<p><strong>&#8220;Abbiamo gi\u00e0 monitorato le strade in citt\u00e0, per ora il traffico \u00e8 molto scarso.<\/strong> Siamo abbastanza contenti del fatto che il 4 maggio non si \u00e8 trasformato in una &#8216;tana libera tutti&#8217;, per\u00f2 ci sono anche segnali di grande speranza e ottimismo, di una citt\u00e0 che vuole ripartire, rinascere. Sono qui all&#8217;aeroporto per questo motivo&#8221; ha commentato&nbsp;il <strong>sindaco di Firenze Dario Nardella, che questa mattina si \u00e8 recato all&#8217;aeroporto di Peretola per salutare il personale, nel giorno di riapertura dello scalo.<\/strong> <br \/>Nardella si \u00e8 complimentato con la societ\u00e0 Toscana Aeroporti &#8220;perch\u00e9 il protocollo presentato per l&#8217;aeroporto di Firenze, cos\u00ec come quello di Pisa, \u00e8 stato il primo protocollo di sicurezza adottato dal Ministero per i Trasporti: anche in questo caso Firenze fa da modello e da battistrada per tutte le altre realt\u00e0 italiane.&#8221;&nbsp;<br \/>&#8220;Le citt\u00e0 &#8211; ha concluso &#8211; che sapranno dare pi\u00f9 garanzie sul tema della sicurezza sanitaria saranno quelle che potranno riprendere con pi\u00f9 facilit\u00e0 e velocit\u00e0.<strong> Questo \u00e8 il nostro&nbsp;<\/strong><strong>obiettivo anche verso il turismo domestico<\/strong> che mi auguro possa riprendere questa estate, grazie al bonus vacanze annunciato dal ministro Franceschini&#8221;.<\/p>\n<p><img decoding=\"async\" style=\"width: 599px;\" title=\"lavoro-sicurezza\" src=\"https:\/\/www.intoscana.it\/shared\/intoscana\/immagini\/lavoro-sicurezza.jpg\" alt=\"lavoro-sicurezza\" height=\"449\" \/><br \/><strong>E con l&#8217;inizio della Fase 2 oggi in Toscana tornano a lavoro 200mila persone,<\/strong> come ha precisato il presidente della Regione Enrico Rossi intervenendo a &#8216;Circo Massimo&#8217; su Radio Capital. &#8220;La situazione \u00e8 tranquilla &#8211; spiega Rossi &#8211; la paura fra i cittadini \u00e8 diffusa, <strong>la prudenza \u00e8 una misura che i cittadini prendono da soli, e anche gli imprenditori&#8221;.&nbsp;<\/strong><br \/>&#8220;Sono preoccupato &#8211; ha spiegato Rossi &#8211; perch\u00e9 rimettere in giro le persone significa dare la possibilit\u00e0 al contagio di<br \/>riaccendersi: ci vorr\u00e0 massima attenzione, e responsabilit\u00e0. <strong>Ho fatto <a href=\"https:\/\/www.intoscana.it\/it\/societa\/articolo\/fase-2-regole-toscana\/\" target=\"_blank\" rel=\"noopener noreferrer\">un&#8217;ordinanza<\/a> per certi aspetti restrittiva rispetto al&nbsp;<\/strong><strong>decreto ministeriale, \u00e8 una fase in cui dobbiamo sperare di non tornare indietro.<\/strong> I test ci servono perch\u00e9 fanno emergere quella parte di popolazione positiva asintomatica su cui si pu\u00f2 fare il tampone per procedere al trattamento&#8221;.<\/p>\n<p><iframe loading=\"lazy\" src=\"https:\/\/www.youtube.com\/embed\/iXDxmrUqcdU\" width=\"560\" height=\"315\" frameborder=\"0\" allowfullscreen=\"allowfullscreen\"><\/iframe><\/p>\n<p><strong>Tra le aziende che hanno ripreso le attivit\u00e0 oggi c&#8217;\u00e8 la Piaggio di Pontedera: circa 2500 tra operai e impiegati<\/strong>&nbsp;sono tornati al lavoro in fabbrica dopo gli interventi dell&#8217;azienda per <strong>assicurare distanziamento sociale e protezione individuale<\/strong> nell&#8217;ambito di un&#8217;intesa raggiunta nei giorni scorsi con i sindacati. \u00c8 stato definito un piano di igienizzazione quotidiana delle postazioni e degli strumenti di lavoro, spiega Piaggio in una nota, e sono state adottate soluzioni che garantiscano il distanziamento sociale di almeno un metro nel corso delle attivit\u00e0 lavorative. All&#8217;ingresso degli stabilimenti inoltre viene mantenuta la misurazione della temperatura corporea, affidata a ditte specializzate esterne, che verr\u00e0 progressivamente eseguita anche con l&#8217;utilizzo di termoscanner.<\/p>\n<p><strong>\u00c8 ripresa delle attivit\u00e0 stamani anche allo stabilimento Hitachi Rail Italy di Pistoia,<\/strong> dopo che una riapertura graduale e parziale degli stabilimenti del gruppo era avvenuta lo scorso 15 aprile.<br \/>La Fase 2 \u00e8 iniziata col<strong> rientro scaglionato al lavoro per circa un terzo dei dipendenti (343 unit\u00e0),<\/strong> un percorso che si completer\u00e0 entro il 13 maggio. Il lavoro \u00e8 stato organizzato in due macroturni, di otto ore ciascuno, divisi in tre sottoturni. Poi ci saranno altri rientri scaglionati fino al 13 maggio, quando sar\u00e0 raggiunto il totale dei rientri previsti, 901 unit\u00e0. Gran parte degli impiegati, invece, proseguir\u00e0 con lo smart working.&nbsp;<\/p>\n","protected":false},"excerpt":{"rendered":"<p>Nel capoluogo toscano questa mattina c&#8217;\u00e8 di nuovo traffico ma senza caos. Il presidente Rossi: &#8220;La situazione \u00e8 tranquilla, i cittadini sono prudenti&#8221;. Riaperto anche l&#8217;aerporto di Peretola.<\/p>\n","protected":false},"author":525,"featured_media":143895,"comment_status":"open","ping_status":"open","sticky":false,"template":"","format":"standard","meta":{"_acf_changed":false,"footnotes":""},"categories":[494,7],"tags":[202,260],"class_list":["post-143044","post","type-post","status-publish","format-standard","has-post-thumbnail","hentry","category-attualita","category-societa","tag-firenze","tag-lavoro"],"acf":[],"yoast_head":"<!-- This site is optimized with the Yoast SEO Premium plugin v24.2 (Yoast SEO v25.6) - https:\/\/yoast.com\/wordpress\/plugins\/seo\/ -->\n<title>La Toscana riparte: 200mila tornano a lavoro e Firenze si rianima - intoscana<\/title>\n<meta name=\"robots\" content=\"index, follow, max-snippet:-1, max-image-preview:large, max-video-preview:-1\" \/>\n<link rel=\"canonical\" href=\"https:\/\/www.intoscana.it\/it\/fase-due-toscana\/\" \/>\n<meta property=\"og:locale\" content=\"it_IT\" \/>\n<meta property=\"og:type\" content=\"article\" \/>\n<meta property=\"og:title\" content=\"La Toscana riparte: 200mila tornano a lavoro e Firenze si rianima\" \/>\n<meta property=\"og:description\" content=\"Nel capoluogo toscano questa mattina c&#039;\u00e8 di nuovo traffico ma senza caos. Il presidente Rossi: &quot;La situazione \u00e8 tranquilla, i cittadini sono prudenti&quot;. Riaperto anche l&#039;aerporto di Peretola.\" \/>\n<meta property=\"og:url\" content=\"https:\/\/www.intoscana.it\/it\/fase-due-toscana\/\" \/>\n<meta property=\"og:site_name\" content=\"intoscana\" \/>\n<meta property=\"article:publisher\" content=\"https:\/\/www.facebook.com\/intoscana.it\" \/>\n<meta property=\"article:published_time\" content=\"2020-05-04T07:36:44+00:00\" \/>\n<meta property=\"article:modified_time\" content=\"2020-08-10T08:22:32+00:00\" \/>\n<meta property=\"og:image\" content=\"https:\/\/www.intoscana.it\/wp-content\/uploads\/img_8630.jpg\" \/>\n\t<meta property=\"og:image:width\" content=\"2000\" \/>\n\t<meta property=\"og:image:height\" content=\"1500\" \/>\n\t<meta property=\"og:image:type\" content=\"image\/jpeg\" \/>\n<meta name=\"author\" content=\"Redazione\" \/>\n<meta name=\"twitter:card\" content=\"summary_large_image\" \/>\n<meta name=\"twitter:creator\" content=\"@intoscana\" \/>\n<meta name=\"twitter:site\" content=\"@intoscana\" \/>\n<meta name=\"twitter:label1\" content=\"Written by\" \/>\n\t<meta name=\"twitter:data1\" content=\"Redazione\" \/>\n\t<meta name=\"twitter:label2\" content=\"Est. reading time\" \/>\n\t<meta name=\"twitter:data2\" content=\"3 minuti\" \/>\n<script type=\"application\/ld+json\" class=\"yoast-schema-graph\">{\"@context\":\"https:\/\/schema.org\",\"@graph\":[{\"@type\":\"WebPage\",\"@id\":\"https:\/\/www.intoscana.it\/it\/fase-due-toscana\/\",\"url\":\"https:\/\/www.intoscana.it\/it\/fase-due-toscana\/\",\"name\":\"La Toscana riparte: 200mila tornano a lavoro e Firenze si rianima - intoscana\",\"isPartOf\":{\"@id\":\"https:\/\/www.intoscana.it\/it\/#website\"},\"primaryImageOfPage\":{\"@id\":\"https:\/\/www.intoscana.it\/it\/fase-due-toscana\/#primaryimage\"},\"image\":{\"@id\":\"https:\/\/www.intoscana.it\/it\/fase-due-toscana\/#primaryimage\"},\"thumbnailUrl\":\"https:\/\/www.intoscana.it\/wp-content\/uploads\/img_8630.jpg\",\"datePublished\":\"2020-05-04T07:36:44+00:00\",\"dateModified\":\"2020-08-10T08:22:32+00:00\",\"author\":{\"@id\":\"https:\/\/www.intoscana.it\/it\/#\/schema\/person\/9223810753230f20bd670fdd322661f8\"},\"breadcrumb\":{\"@id\":\"https:\/\/www.intoscana.it\/it\/fase-due-toscana\/#breadcrumb\"},\"inLanguage\":\"it-IT\",\"potentialAction\":[{\"@type\":\"ReadAction\",\"target\":[\"https:\/\/www.intoscana.it\/it\/fase-due-toscana\/\"]}]},{\"@type\":\"ImageObject\",\"inLanguage\":\"it-IT\",\"@id\":\"https:\/\/www.intoscana.it\/it\/fase-due-toscana\/#primaryimage\",\"url\":\"https:\/\/www.intoscana.it\/wp-content\/uploads\/img_8630.jpg\",\"contentUrl\":\"https:\/\/www.intoscana.it\/wp-content\/uploads\/img_8630.jpg\",\"width\":2000,\"height\":1500,\"caption\":\"Firenze ai tempi del Coronavirus\"},{\"@type\":\"BreadcrumbList\",\"@id\":\"https:\/\/www.intoscana.it\/it\/fase-due-toscana\/#breadcrumb\",\"itemListElement\":[{\"@type\":\"ListItem\",\"position\":1,\"name\":\"Home\",\"item\":\"https:\/\/www.intoscana.it\/it\/\"},{\"@type\":\"ListItem\",\"position\":2,\"name\":\"La Toscana riparte: 200mila tornano a lavoro e Firenze si rianima\"}]},{\"@type\":\"WebSite\",\"@id\":\"https:\/\/www.intoscana.it\/it\/#website\",\"url\":\"https:\/\/www.intoscana.it\/it\/\",\"name\":\"intoscana\",\"description\":\"\",\"potentialAction\":[{\"@type\":\"SearchAction\",\"target\":{\"@type\":\"EntryPoint\",\"urlTemplate\":\"https:\/\/www.intoscana.it\/it\/?s={search_term_string}\"},\"query-input\":{\"@type\":\"PropertyValueSpecification\",\"valueRequired\":true,\"valueName\":\"search_term_string\"}}],\"inLanguage\":\"it-IT\"},{\"@type\":\"Person\",\"@id\":\"https:\/\/www.intoscana.it\/it\/#\/schema\/person\/9223810753230f20bd670fdd322661f8\",\"name\":\"Redazione\",\"url\":\"https:\/\/www.intoscana.it\/it\/author\/redazione\/\"}]}<\/script>\n<!-- \/ Yoast SEO Premium plugin. -->","yoast_head_json":{"title":"La Toscana riparte: 200mila tornano a lavoro e Firenze si rianima - intoscana","robots":{"index":"index","follow":"follow","max-snippet":"max-snippet:-1","max-image-preview":"max-image-preview:large","max-video-preview":"max-video-preview:-1"},"canonical":"https:\/\/www.intoscana.it\/it\/fase-due-toscana\/","og_locale":"it_IT","og_type":"article","og_title":"La Toscana riparte: 200mila tornano a lavoro e Firenze si rianima","og_description":"Nel capoluogo toscano questa mattina c'\u00e8 di nuovo traffico ma senza caos. Il presidente Rossi: \"La situazione \u00e8 tranquilla, i cittadini sono prudenti\". Riaperto anche l'aerporto di Peretola.","og_url":"https:\/\/www.intoscana.it\/it\/fase-due-toscana\/","og_site_name":"intoscana","article_publisher":"https:\/\/www.facebook.com\/intoscana.it","article_published_time":"2020-05-04T07:36:44+00:00","article_modified_time":"2020-08-10T08:22:32+00:00","og_image":[{"width":2000,"height":1500,"url":"https:\/\/www.intoscana.it\/wp-content\/uploads\/img_8630.jpg","type":"image\/jpeg"}],"author":"Redazione","twitter_card":"summary_large_image","twitter_creator":"@intoscana","twitter_site":"@intoscana","twitter_misc":{"Written by":"Redazione","Est. reading time":"3 minuti"},"schema":{"@context":"https:\/\/schema.org","@graph":[{"@type":"WebPage","@id":"https:\/\/www.intoscana.it\/it\/fase-due-toscana\/","url":"https:\/\/www.intoscana.it\/it\/fase-due-toscana\/","name":"La Toscana riparte: 200mila tornano a lavoro e Firenze si rianima - intoscana","isPartOf":{"@id":"https:\/\/www.intoscana.it\/it\/#website"},"primaryImageOfPage":{"@id":"https:\/\/www.intoscana.it\/it\/fase-due-toscana\/#primaryimage"},"image":{"@id":"https:\/\/www.intoscana.it\/it\/fase-due-toscana\/#primaryimage"},"thumbnailUrl":"https:\/\/www.intoscana.it\/wp-content\/uploads\/img_8630.jpg","datePublished":"2020-05-04T07:36:44+00:00","dateModified":"2020-08-10T08:22:32+00:00","author":{"@id":"https:\/\/www.intoscana.it\/it\/#\/schema\/person\/9223810753230f20bd670fdd322661f8"},"breadcrumb":{"@id":"https:\/\/www.intoscana.it\/it\/fase-due-toscana\/#breadcrumb"},"inLanguage":"it-IT","potentialAction":[{"@type":"ReadAction","target":["https:\/\/www.intoscana.it\/it\/fase-due-toscana\/"]}]},{"@type":"ImageObject","inLanguage":"it-IT","@id":"https:\/\/www.intoscana.it\/it\/fase-due-toscana\/#primaryimage","url":"https:\/\/www.intoscana.it\/wp-content\/uploads\/img_8630.jpg","contentUrl":"https:\/\/www.intoscana.it\/wp-content\/uploads\/img_8630.jpg","width":2000,"height":1500,"caption":"Firenze ai tempi del Coronavirus"},{"@type":"BreadcrumbList","@id":"https:\/\/www.intoscana.it\/it\/fase-due-toscana\/#breadcrumb","itemListElement":[{"@type":"ListItem","position":1,"name":"Home","item":"https:\/\/www.intoscana.it\/it\/"},{"@type":"ListItem","position":2,"name":"La Toscana riparte: 200mila tornano a lavoro e Firenze si rianima"}]},{"@type":"WebSite","@id":"https:\/\/www.intoscana.it\/it\/#website","url":"https:\/\/www.intoscana.it\/it\/","name":"intoscana","description":"","potentialAction":[{"@type":"SearchAction","target":{"@type":"EntryPoint","urlTemplate":"https:\/\/www.intoscana.it\/it\/?s={search_term_string}"},"query-input":{"@type":"PropertyValueSpecification","valueRequired":true,"valueName":"search_term_string"}}],"inLanguage":"it-IT"},{"@type":"Person","@id":"https:\/\/www.intoscana.it\/it\/#\/schema\/person\/9223810753230f20bd670fdd322661f8","name":"Redazione","url":"https:\/\/www.intoscana.it\/it\/author\/redazione\/"}]}},"_links":{"self":[{"href":"https:\/\/www.intoscana.it\/it\/wp-json\/wp\/v2\/posts\/143044","targetHints":{"allow":["GET"]}}],"collection":[{"href":"https:\/\/www.intoscana.it\/it\/wp-json\/wp\/v2\/posts"}],"about":[{"href":"https:\/\/www.intoscana.it\/it\/wp-json\/wp\/v2\/types\/post"}],"author":[{"embeddable":true,"href":"https:\/\/www.intoscana.it\/it\/wp-json\/wp\/v2\/users\/525"}],"replies":[{"embeddable":true,"href":"https:\/\/www.intoscana.it\/it\/wp-json\/wp\/v2\/comments?post=143044"}],"version-history":[{"count":0,"href":"https:\/\/www.intoscana.it\/it\/wp-json\/wp\/v2\/posts\/143044\/revisions"}],"wp:featuredmedia":[{"embeddable":true,"href":"https:\/\/www.intoscana.it\/it\/wp-json\/wp\/v2\/media\/143895"}],"wp:attachment":[{"href":"https:\/\/www.intoscana.it\/it\/wp-json\/wp\/v2\/media?parent=143044"}],"wp:term":[{"taxonomy":"category","embeddable":true,"href":"https:\/\/www.intoscana.it\/it\/wp-json\/wp\/v2\/categories?post=143044"},{"taxonomy":"post_tag","embeddable":true,"href":"https:\/\/www.intoscana.it\/it\/wp-json\/wp\/v2\/tags?post=143044"}],"curies":[{"name":"wp","href":"https:\/\/api.w.org\/{rel}","templated":true}]}}