{"id":143068,"date":"2020-04-07T13:47:58","date_gmt":"2020-04-07T11:47:58","guid":{"rendered":"https:\/\/www.intoscana.it\/moto-rinviato-il-gp-del-mugello-la-decisione-e-ufficiale\/"},"modified":"2020-08-10T10:22:46","modified_gmt":"2020-08-10T08:22:46","slug":"rinviato-gp-mugello","status":"publish","type":"post","link":"https:\/\/www.intoscana.it\/it\/rinviato-gp-mugello\/","title":{"rendered":"Moto, rinviato il Gp del Mugello. La decisione \u00e8 ufficiale"},"content":{"rendered":"<p>La decisione, prevedibile, era nell&#8217;aria da tempo. Ma ora arriva l&#8217;ufficialit\u00e0: a causa dell&#8217;emergenza coronavirus slitta ancora la partenza del campionato di MotoGP.<strong> Gli organizzatori hanno comunicato ai team il rinvio a data da destinarsi di altri due Gran Premi: quello d&#8217;Italia in programma al Mugello il 31 maggio e quello di Catalunya, previsto il 7 giugno a Barcellona.<\/strong><\/p>\n<p>Lo slittamento di questi due appuntamenti arriva pochi giorni dopo il rinvio del GP di Le Mans, da rischedulare al pari di Jerez. Da calendario, la prima data utile per la partenza della stagione di MotoGP \u00e8 quella del 21 giugno, quando \u00e8 in programma il GP di Germania, al Sachenring.<\/p>\n<p>\u00abL&#8217;attuale situazione generata dal coronavirus &#8211; annunciano FIM, IRTA e Dorna Sports &#8211; costringe la riprogrammazione dei entrambi gli eventi. <strong>Al momento, le circostanze continuano ad essere in continua evoluzione, per cui le nuove date per i due appuntamenti saranno stabilite non appena possibile<\/strong>, cos\u00ec come si far\u00e0 con i Gran Premi di Francia e di Spagna. Fino a quando la situazione non sar\u00e0 maggiormente delineata, non sar\u00e0 possibile stabilire delle nuove date per gli eventi. Il calendario aggiornato sar\u00e0 pubblicato non appena disponibile\u00bb.<\/p>\n<p><strong>Sulla pagina Facebook del Mugello, il Ceo del circuito Paolo Poli commenta cos\u00ec:<\/strong> \u00abAbbiamo sperato fino ad oggi che la terribile situazione emergenziale in cui ci siamo trovati a partire dagli inizi di marzo potesse essere risolta velocemente. Purtroppo cos\u00ec non \u00e8 stato: in queste ultime settimane l\u2019emergenza sanitaria si \u00e8 intensificata a tal punto da costringerci \u2013 nostro malgrado &#8211; a posticipare a data da destinarsi il Gran Premio d\u2019Italia di motociclismo previsto al Mugello il prossimo 31 maggio. La nostra primaria attenzione \u00e8 rivolta adesso ai nostri spettatori, agli appassionati, ai team e allo staff di professionisti che, ad ogni livello, garantisce da sempre il pi\u00f9 alto standard organizzativo. Tutti in questo momento siamo sottoposti a una prova durissima. Con la consapevolezza che i mesi che verranno non saranno facili per nessuno, siamo altrettanto certi che torneremo tutti pi\u00f9 forti di prima. Da parte nostra ci impegneremo a fondo per far s\u00ec che la prossima, in qualunque data possa essere, sia un\u2019edizione di straordinaria forza, coesione e rinascita perch\u00e9 \u201calmugellononsidorme\u201d, mai\u00bb.<\/p>\n","protected":false},"excerpt":{"rendered":"<p>Dopo Le Mans sono stati rinviati anche i Gran Premi del Mugello (31 maggio) e Barcellona (7 giugno). Forse stagione al via il 21 giugno in Germania. Da decidere le date del recupero<\/p>\n","protected":false},"author":525,"featured_media":143919,"comment_status":"open","ping_status":"open","sticky":false,"template":"","format":"standard","meta":{"_acf_changed":false,"footnotes":""},"categories":[494,10],"tags":[418,375],"class_list":["post-143068","post","type-post","status-publish","format-standard","has-post-thumbnail","hentry","category-attualita","category-sport","tag-covid-19","tag-mugello"],"acf":[],"yoast_head":"<!-- This site is optimized with the Yoast SEO Premium plugin v24.2 (Yoast SEO v25.6) - https:\/\/yoast.com\/wordpress\/plugins\/seo\/ -->\n<title>Moto, rinviato il Gp del Mugello. La decisione \u00e8 ufficiale - intoscana<\/title>\n<meta name=\"description\" content=\"Dopo Le Mans sono stati rinviati anche i Gran Premi del Mugello e Barcellona. Forse stagione al via il 21 giugno in Germania. Da decidere le date del recupero\" \/>\n<meta name=\"robots\" content=\"index, follow, max-snippet:-1, max-image-preview:large, max-video-preview:-1\" \/>\n<link rel=\"canonical\" href=\"https:\/\/www.intoscana.it\/it\/rinviato-gp-mugello\/\" \/>\n<meta property=\"og:locale\" content=\"it_IT\" \/>\n<meta property=\"og:type\" content=\"article\" \/>\n<meta property=\"og:title\" content=\"Moto, rinviato il Gp del Mugello. La decisione \u00e8 ufficiale\" \/>\n<meta property=\"og:description\" content=\"Dopo Le Mans sono stati rinviati anche i Gran Premi del Mugello e Barcellona. Forse stagione al via il 21 giugno in Germania. Da decidere le date del recupero\" \/>\n<meta property=\"og:url\" content=\"https:\/\/www.intoscana.it\/it\/rinviato-gp-mugello\/\" \/>\n<meta property=\"og:site_name\" content=\"intoscana\" \/>\n<meta property=\"article:publisher\" content=\"https:\/\/www.facebook.com\/intoscana.it\" \/>\n<meta property=\"article:published_time\" content=\"2020-04-07T11:47:58+00:00\" \/>\n<meta property=\"article:modified_time\" content=\"2020-08-10T08:22:46+00:00\" \/>\n<meta property=\"og:image\" content=\"https:\/\/www.intoscana.it\/wp-content\/uploads\/circuito-mugello-covid.jpg\" \/>\n\t<meta property=\"og:image:width\" content=\"1024\" \/>\n\t<meta property=\"og:image:height\" content=\"768\" \/>\n\t<meta property=\"og:image:type\" content=\"image\/jpeg\" \/>\n<meta name=\"author\" content=\"Redazione\" \/>\n<meta name=\"twitter:card\" content=\"summary_large_image\" \/>\n<meta name=\"twitter:creator\" content=\"@intoscana\" \/>\n<meta name=\"twitter:site\" content=\"@intoscana\" \/>\n<meta name=\"twitter:label1\" content=\"Written by\" \/>\n\t<meta name=\"twitter:data1\" content=\"Redazione\" \/>\n\t<meta name=\"twitter:label2\" content=\"Est. reading time\" \/>\n\t<meta name=\"twitter:data2\" content=\"2 minuti\" \/>\n<script type=\"application\/ld+json\" class=\"yoast-schema-graph\">{\"@context\":\"https:\/\/schema.org\",\"@graph\":[{\"@type\":\"WebPage\",\"@id\":\"https:\/\/www.intoscana.it\/it\/rinviato-gp-mugello\/\",\"url\":\"https:\/\/www.intoscana.it\/it\/rinviato-gp-mugello\/\",\"name\":\"Moto, rinviato il Gp del Mugello. La decisione \u00e8 ufficiale - intoscana\",\"isPartOf\":{\"@id\":\"https:\/\/www.intoscana.it\/it\/#website\"},\"primaryImageOfPage\":{\"@id\":\"https:\/\/www.intoscana.it\/it\/rinviato-gp-mugello\/#primaryimage\"},\"image\":{\"@id\":\"https:\/\/www.intoscana.it\/it\/rinviato-gp-mugello\/#primaryimage\"},\"thumbnailUrl\":\"https:\/\/www.intoscana.it\/wp-content\/uploads\/circuito-mugello-covid.jpg\",\"datePublished\":\"2020-04-07T11:47:58+00:00\",\"dateModified\":\"2020-08-10T08:22:46+00:00\",\"author\":{\"@id\":\"https:\/\/www.intoscana.it\/it\/#\/schema\/person\/9223810753230f20bd670fdd322661f8\"},\"description\":\"Dopo Le Mans sono stati rinviati anche i Gran Premi del Mugello e Barcellona. Forse stagione al via il 21 giugno in Germania. Da decidere le date del recupero\",\"breadcrumb\":{\"@id\":\"https:\/\/www.intoscana.it\/it\/rinviato-gp-mugello\/#breadcrumb\"},\"inLanguage\":\"it-IT\",\"potentialAction\":[{\"@type\":\"ReadAction\",\"target\":[\"https:\/\/www.intoscana.it\/it\/rinviato-gp-mugello\/\"]}]},{\"@type\":\"ImageObject\",\"inLanguage\":\"it-IT\",\"@id\":\"https:\/\/www.intoscana.it\/it\/rinviato-gp-mugello\/#primaryimage\",\"url\":\"https:\/\/www.intoscana.it\/wp-content\/uploads\/circuito-mugello-covid.jpg\",\"contentUrl\":\"https:\/\/www.intoscana.it\/wp-content\/uploads\/circuito-mugello-covid.jpg\",\"width\":1024,\"height\":768,\"caption\":\"Il circuito del Mugello\"},{\"@type\":\"BreadcrumbList\",\"@id\":\"https:\/\/www.intoscana.it\/it\/rinviato-gp-mugello\/#breadcrumb\",\"itemListElement\":[{\"@type\":\"ListItem\",\"position\":1,\"name\":\"Home\",\"item\":\"https:\/\/www.intoscana.it\/it\/\"},{\"@type\":\"ListItem\",\"position\":2,\"name\":\"Moto, rinviato il Gp del Mugello. La decisione \u00e8 ufficiale\"}]},{\"@type\":\"WebSite\",\"@id\":\"https:\/\/www.intoscana.it\/it\/#website\",\"url\":\"https:\/\/www.intoscana.it\/it\/\",\"name\":\"intoscana\",\"description\":\"\",\"potentialAction\":[{\"@type\":\"SearchAction\",\"target\":{\"@type\":\"EntryPoint\",\"urlTemplate\":\"https:\/\/www.intoscana.it\/it\/?s={search_term_string}\"},\"query-input\":{\"@type\":\"PropertyValueSpecification\",\"valueRequired\":true,\"valueName\":\"search_term_string\"}}],\"inLanguage\":\"it-IT\"},{\"@type\":\"Person\",\"@id\":\"https:\/\/www.intoscana.it\/it\/#\/schema\/person\/9223810753230f20bd670fdd322661f8\",\"name\":\"Redazione\",\"url\":\"https:\/\/www.intoscana.it\/it\/author\/redazione\/\"}]}<\/script>\n<!-- \/ Yoast SEO Premium plugin. -->","yoast_head_json":{"title":"Moto, rinviato il Gp del Mugello. La decisione \u00e8 ufficiale - intoscana","description":"Dopo Le Mans sono stati rinviati anche i Gran Premi del Mugello e Barcellona. Forse stagione al via il 21 giugno in Germania. Da decidere le date del recupero","robots":{"index":"index","follow":"follow","max-snippet":"max-snippet:-1","max-image-preview":"max-image-preview:large","max-video-preview":"max-video-preview:-1"},"canonical":"https:\/\/www.intoscana.it\/it\/rinviato-gp-mugello\/","og_locale":"it_IT","og_type":"article","og_title":"Moto, rinviato il Gp del Mugello. La decisione \u00e8 ufficiale","og_description":"Dopo Le Mans sono stati rinviati anche i Gran Premi del Mugello e Barcellona. Forse stagione al via il 21 giugno in Germania. Da decidere le date del recupero","og_url":"https:\/\/www.intoscana.it\/it\/rinviato-gp-mugello\/","og_site_name":"intoscana","article_publisher":"https:\/\/www.facebook.com\/intoscana.it","article_published_time":"2020-04-07T11:47:58+00:00","article_modified_time":"2020-08-10T08:22:46+00:00","og_image":[{"width":1024,"height":768,"url":"https:\/\/www.intoscana.it\/wp-content\/uploads\/circuito-mugello-covid.jpg","type":"image\/jpeg"}],"author":"Redazione","twitter_card":"summary_large_image","twitter_creator":"@intoscana","twitter_site":"@intoscana","twitter_misc":{"Written by":"Redazione","Est. reading time":"2 minuti"},"schema":{"@context":"https:\/\/schema.org","@graph":[{"@type":"WebPage","@id":"https:\/\/www.intoscana.it\/it\/rinviato-gp-mugello\/","url":"https:\/\/www.intoscana.it\/it\/rinviato-gp-mugello\/","name":"Moto, rinviato il Gp del Mugello. La decisione \u00e8 ufficiale - intoscana","isPartOf":{"@id":"https:\/\/www.intoscana.it\/it\/#website"},"primaryImageOfPage":{"@id":"https:\/\/www.intoscana.it\/it\/rinviato-gp-mugello\/#primaryimage"},"image":{"@id":"https:\/\/www.intoscana.it\/it\/rinviato-gp-mugello\/#primaryimage"},"thumbnailUrl":"https:\/\/www.intoscana.it\/wp-content\/uploads\/circuito-mugello-covid.jpg","datePublished":"2020-04-07T11:47:58+00:00","dateModified":"2020-08-10T08:22:46+00:00","author":{"@id":"https:\/\/www.intoscana.it\/it\/#\/schema\/person\/9223810753230f20bd670fdd322661f8"},"description":"Dopo Le Mans sono stati rinviati anche i Gran Premi del Mugello e Barcellona. Forse stagione al via il 21 giugno in Germania. Da decidere le date del recupero","breadcrumb":{"@id":"https:\/\/www.intoscana.it\/it\/rinviato-gp-mugello\/#breadcrumb"},"inLanguage":"it-IT","potentialAction":[{"@type":"ReadAction","target":["https:\/\/www.intoscana.it\/it\/rinviato-gp-mugello\/"]}]},{"@type":"ImageObject","inLanguage":"it-IT","@id":"https:\/\/www.intoscana.it\/it\/rinviato-gp-mugello\/#primaryimage","url":"https:\/\/www.intoscana.it\/wp-content\/uploads\/circuito-mugello-covid.jpg","contentUrl":"https:\/\/www.intoscana.it\/wp-content\/uploads\/circuito-mugello-covid.jpg","width":1024,"height":768,"caption":"Il circuito del Mugello"},{"@type":"BreadcrumbList","@id":"https:\/\/www.intoscana.it\/it\/rinviato-gp-mugello\/#breadcrumb","itemListElement":[{"@type":"ListItem","position":1,"name":"Home","item":"https:\/\/www.intoscana.it\/it\/"},{"@type":"ListItem","position":2,"name":"Moto, rinviato il Gp del Mugello. La decisione \u00e8 ufficiale"}]},{"@type":"WebSite","@id":"https:\/\/www.intoscana.it\/it\/#website","url":"https:\/\/www.intoscana.it\/it\/","name":"intoscana","description":"","potentialAction":[{"@type":"SearchAction","target":{"@type":"EntryPoint","urlTemplate":"https:\/\/www.intoscana.it\/it\/?s={search_term_string}"},"query-input":{"@type":"PropertyValueSpecification","valueRequired":true,"valueName":"search_term_string"}}],"inLanguage":"it-IT"},{"@type":"Person","@id":"https:\/\/www.intoscana.it\/it\/#\/schema\/person\/9223810753230f20bd670fdd322661f8","name":"Redazione","url":"https:\/\/www.intoscana.it\/it\/author\/redazione\/"}]}},"_links":{"self":[{"href":"https:\/\/www.intoscana.it\/it\/wp-json\/wp\/v2\/posts\/143068","targetHints":{"allow":["GET"]}}],"collection":[{"href":"https:\/\/www.intoscana.it\/it\/wp-json\/wp\/v2\/posts"}],"about":[{"href":"https:\/\/www.intoscana.it\/it\/wp-json\/wp\/v2\/types\/post"}],"author":[{"embeddable":true,"href":"https:\/\/www.intoscana.it\/it\/wp-json\/wp\/v2\/users\/525"}],"replies":[{"embeddable":true,"href":"https:\/\/www.intoscana.it\/it\/wp-json\/wp\/v2\/comments?post=143068"}],"version-history":[{"count":0,"href":"https:\/\/www.intoscana.it\/it\/wp-json\/wp\/v2\/posts\/143068\/revisions"}],"wp:featuredmedia":[{"embeddable":true,"href":"https:\/\/www.intoscana.it\/it\/wp-json\/wp\/v2\/media\/143919"}],"wp:attachment":[{"href":"https:\/\/www.intoscana.it\/it\/wp-json\/wp\/v2\/media?parent=143068"}],"wp:term":[{"taxonomy":"category","embeddable":true,"href":"https:\/\/www.intoscana.it\/it\/wp-json\/wp\/v2\/categories?post=143068"},{"taxonomy":"post_tag","embeddable":true,"href":"https:\/\/www.intoscana.it\/it\/wp-json\/wp\/v2\/tags?post=143068"}],"curies":[{"name":"wp","href":"https:\/\/api.w.org\/{rel}","templated":true}]}}