{"id":143109,"date":"2020-05-16T11:36:28","date_gmt":"2020-05-16T09:36:28","guid":{"rendered":"https:\/\/www.intoscana.it\/riaprire-rossi-non-apprezza-le-strambate-ma-la-toscana-si-adegua\/"},"modified":"2020-08-10T10:23:09","modified_gmt":"2020-08-10T08:23:09","slug":"rossi-riapertura-fase2","status":"publish","type":"post","link":"https:\/\/www.intoscana.it\/it\/rossi-riapertura-fase2\/","title":{"rendered":"Riaprire? Rossi non apprezza le &#8216;strambate&#8217;. Ma la Toscana si adegua"},"content":{"rendered":"<p><strong>\u00abDiversamente dalle decisioni, comunicate dal presidente Conte ieri mattina, di una ripartenza graduale e di una distanza di due metri per molte attivit\u00e0, ieri sera il governo ha deciso la svolta. O meglio, un vero contrordine\u00bb<\/strong>. Inizia cos\u00ec il post facebook che il governatore della Regione Toscana, Enrico Rossi, ha scritto all&#8217;alba di questa mattina.<\/p>\n<p><strong>\u00abLa distanza si \u00e8 ridotta notevolmente, ad un solo metro, e l\u2019elenco delle attivit\u00e0 da riaprire si \u00e8 allungato, praticamente a tutte e subito\u00bb prosegue Rossi<\/strong>, che ha condiviso il suo pensiero dopo una notte intensa scandita prima dall&#8217;intesa tra il governo e le regioni, poi dal decreto ministeriale. Un quadro normativo che coinvolge tutta Italia e che sar\u00e0 uniforme un po&#8217; ovunque.<\/p>\n<p><strong>Non solo si prevede il distanziamento sociale di un metro, ma si regolano anche gli spostamenti tra i territori<\/strong>: all&#8217;interno della regione di residenza (senza certificazione) e dal 3 giugno anche fuori dai confini regionali. Da luned\u00ec, come ha ricordato Rossi, riaprono negozi, centri commerciali e musei.<\/p>\n<p>\u00abLa mia opinione era e resta diversa, ma non voglio che la Toscana sia penalizzata rispetto al quadro nazionale di cui comunque, tra poco tempo, quando a fine mese la circolazione tra regioni torner\u00e0 libera, <strong>finirebbe per risentire annullando gli effetti di eventuali interventi a favore di una maggiore sicurezza<\/strong>\u00bb prosegue il Presidente della Toscana. \u00abI nostri dati sono migliori rispetto a quelli di tante regioni, sia in termini di mortalit\u00e0 sia in termini di diffusione e controllo del contagio. Pertanto, oggi, appena saremo in possesso delle disposizioni nazionali, adotteremo, allineandoci, le ordinanze regionali in Toscana\u00bb.<\/p>\n<p><strong>Per Rossi restano a tutela generale della salute due elementi fondamentali<\/strong>, ovvero \u00abla nostra consapevolezza di cittadini nell\u2019assumere comportamenti appropriati che evitino quanto pi\u00f9 possibile la diffusione dei contagi\u00bb e \u00abla capacit\u00e0 del servizio sanitario regionale di individuare e isolare i casi positivi\u00bb.<\/p>\n<p><strong>Il governatore avrebbe preferito maggiore cautela, \u00abma sono sicuro &#8211; aggiunge &#8211; che anche in questa nuova fase la Toscana riuscir\u00e0 bene<\/strong>, e comunque meglio di tante altre regioni le quali, con alle spalle un quadro ben pi\u00f9 drammatico, hanno fortissimamente voluto che si riaprisse tutto e subito e con il metro corto. Pur nella consapevolezza delle oggettive difficolt\u00e0 della situazione, l\u2019impressione \u00e8 che si proceda a colpi di strambate, a cambiamenti repentini: prima le chiusure tardive e blande per certe realt\u00e0, poi blocchi totali a prescindere da ogni altra valutazione e infine aperture che preannunciano e spingono verso una normalit\u00e0 che purtroppo non esiste ancora\u00bb.<\/p>\n<p>\u00abIl mio timore &#8211; scrive Rossi in conclusione &#8211; \u00e8 che cos\u00ec finiamo per lasciare sul campo effetti pi\u00f9 pesanti di altri paesi, sia sul piano della salute che su quello economico. <strong>Mi auguro sinceramente che non si debba tornare indietro<\/strong>. E che la ripresa delle attivit\u00e0 sia realmente anche una ripresa economica. Ma questo \u00e8 un altro argomento\u00bb.<\/p>\n<p>&nbsp;<\/p>\n<p><iframe loading=\"lazy\" style=\"border: none; overflow: hidden;\" src=\"https:\/\/www.facebook.com\/plugins\/post.php?href=https%3A%2F%2Fwww.facebook.com%2Fenricorossipresidente%2Fposts%2F10156849463371854&amp;width=500\" width=\"500\" height=\"293\" frameborder=\"0\" scrolling=\"no\"><\/iframe><\/p>\n","protected":false},"excerpt":{"rendered":"<p>In un post scritto all&#8217;alba su facebook, il presidente Enrico Rossi ha espresso tutte le sue perplessit\u00e0 sul &#8216;contrordine&#8217; del governo. &#8216;Avrei preferito maggiore cautela&#8217;<\/p>\n","protected":false},"author":525,"featured_media":143960,"comment_status":"open","ping_status":"open","sticky":false,"template":"","format":"standard","meta":{"_acf_changed":false,"footnotes":""},"categories":[494,7],"tags":[418],"class_list":["post-143109","post","type-post","status-publish","format-standard","has-post-thumbnail","hentry","category-attualita","category-societa","tag-covid-19"],"acf":[],"yoast_head":"<!-- This site is optimized with the Yoast SEO Premium plugin v24.2 (Yoast SEO v25.6) - https:\/\/yoast.com\/wordpress\/plugins\/seo\/ -->\n<title>Riaprire? Rossi non apprezza le &#039;strambate&#039;. Ma la Toscana si adegua - intoscana<\/title>\n<meta name=\"description\" content=\"In un post scritto su facebook il presidente Enrico Rossi ha espresso tutte le perplessit\u00e0 sul &#039;contrordine&#039; del governo. &#039;Avrei preferito maggiore cautela&#039;\" \/>\n<meta name=\"robots\" content=\"index, follow, max-snippet:-1, max-image-preview:large, max-video-preview:-1\" \/>\n<link rel=\"canonical\" href=\"https:\/\/www.intoscana.it\/it\/rossi-riapertura-fase2\/\" \/>\n<meta property=\"og:locale\" content=\"it_IT\" \/>\n<meta property=\"og:type\" content=\"article\" \/>\n<meta property=\"og:title\" content=\"Riaprire? Rossi non apprezza le &#039;strambate&#039;. Ma la Toscana si adegua\" \/>\n<meta property=\"og:description\" content=\"In un post scritto su facebook il presidente Enrico Rossi ha espresso tutte le perplessit\u00e0 sul &#039;contrordine&#039; del governo. &#039;Avrei preferito maggiore cautela&#039;\" \/>\n<meta property=\"og:url\" content=\"https:\/\/www.intoscana.it\/it\/rossi-riapertura-fase2\/\" \/>\n<meta property=\"og:site_name\" content=\"intoscana\" \/>\n<meta property=\"article:publisher\" content=\"https:\/\/www.facebook.com\/intoscana.it\" \/>\n<meta property=\"article:published_time\" content=\"2020-05-16T09:36:28+00:00\" \/>\n<meta property=\"article:modified_time\" content=\"2020-08-10T08:23:09+00:00\" \/>\n<meta property=\"og:image\" content=\"https:\/\/www.intoscana.it\/wp-content\/uploads\/enrico-rossi-25.jpg\" \/>\n\t<meta property=\"og:image:width\" content=\"1280\" \/>\n\t<meta property=\"og:image:height\" content=\"720\" \/>\n\t<meta property=\"og:image:type\" content=\"image\/jpeg\" \/>\n<meta name=\"author\" content=\"Redazione\" \/>\n<meta name=\"twitter:card\" content=\"summary_large_image\" \/>\n<meta name=\"twitter:creator\" content=\"@intoscana\" \/>\n<meta name=\"twitter:site\" content=\"@intoscana\" \/>\n<meta name=\"twitter:label1\" content=\"Written by\" \/>\n\t<meta name=\"twitter:data1\" content=\"Redazione\" \/>\n\t<meta name=\"twitter:label2\" content=\"Est. reading time\" \/>\n\t<meta name=\"twitter:data2\" content=\"2 minuti\" \/>\n<script type=\"application\/ld+json\" class=\"yoast-schema-graph\">{\"@context\":\"https:\/\/schema.org\",\"@graph\":[{\"@type\":\"WebPage\",\"@id\":\"https:\/\/www.intoscana.it\/it\/rossi-riapertura-fase2\/\",\"url\":\"https:\/\/www.intoscana.it\/it\/rossi-riapertura-fase2\/\",\"name\":\"Riaprire? Rossi non apprezza le 'strambate'. Ma la Toscana si adegua - intoscana\",\"isPartOf\":{\"@id\":\"https:\/\/www.intoscana.it\/it\/#website\"},\"primaryImageOfPage\":{\"@id\":\"https:\/\/www.intoscana.it\/it\/rossi-riapertura-fase2\/#primaryimage\"},\"image\":{\"@id\":\"https:\/\/www.intoscana.it\/it\/rossi-riapertura-fase2\/#primaryimage\"},\"thumbnailUrl\":\"https:\/\/www.intoscana.it\/wp-content\/uploads\/enrico-rossi-25.jpg\",\"datePublished\":\"2020-05-16T09:36:28+00:00\",\"dateModified\":\"2020-08-10T08:23:09+00:00\",\"author\":{\"@id\":\"https:\/\/www.intoscana.it\/it\/#\/schema\/person\/9223810753230f20bd670fdd322661f8\"},\"description\":\"In un post scritto su facebook il presidente Enrico Rossi ha espresso tutte le perplessit\u00e0 sul 'contrordine' del governo. 'Avrei preferito maggiore cautela'\",\"breadcrumb\":{\"@id\":\"https:\/\/www.intoscana.it\/it\/rossi-riapertura-fase2\/#breadcrumb\"},\"inLanguage\":\"it-IT\",\"potentialAction\":[{\"@type\":\"ReadAction\",\"target\":[\"https:\/\/www.intoscana.it\/it\/rossi-riapertura-fase2\/\"]}]},{\"@type\":\"ImageObject\",\"inLanguage\":\"it-IT\",\"@id\":\"https:\/\/www.intoscana.it\/it\/rossi-riapertura-fase2\/#primaryimage\",\"url\":\"https:\/\/www.intoscana.it\/wp-content\/uploads\/enrico-rossi-25.jpg\",\"contentUrl\":\"https:\/\/www.intoscana.it\/wp-content\/uploads\/enrico-rossi-25.jpg\",\"width\":1280,\"height\":720},{\"@type\":\"BreadcrumbList\",\"@id\":\"https:\/\/www.intoscana.it\/it\/rossi-riapertura-fase2\/#breadcrumb\",\"itemListElement\":[{\"@type\":\"ListItem\",\"position\":1,\"name\":\"Home\",\"item\":\"https:\/\/www.intoscana.it\/it\/\"},{\"@type\":\"ListItem\",\"position\":2,\"name\":\"Riaprire? Rossi non apprezza le &#8216;strambate&#8217;. Ma la Toscana si adegua\"}]},{\"@type\":\"WebSite\",\"@id\":\"https:\/\/www.intoscana.it\/it\/#website\",\"url\":\"https:\/\/www.intoscana.it\/it\/\",\"name\":\"intoscana\",\"description\":\"\",\"potentialAction\":[{\"@type\":\"SearchAction\",\"target\":{\"@type\":\"EntryPoint\",\"urlTemplate\":\"https:\/\/www.intoscana.it\/it\/?s={search_term_string}\"},\"query-input\":{\"@type\":\"PropertyValueSpecification\",\"valueRequired\":true,\"valueName\":\"search_term_string\"}}],\"inLanguage\":\"it-IT\"},{\"@type\":\"Person\",\"@id\":\"https:\/\/www.intoscana.it\/it\/#\/schema\/person\/9223810753230f20bd670fdd322661f8\",\"name\":\"Redazione\",\"url\":\"https:\/\/www.intoscana.it\/it\/author\/redazione\/\"}]}<\/script>\n<!-- \/ Yoast SEO Premium plugin. -->","yoast_head_json":{"title":"Riaprire? Rossi non apprezza le 'strambate'. Ma la Toscana si adegua - intoscana","description":"In un post scritto su facebook il presidente Enrico Rossi ha espresso tutte le perplessit\u00e0 sul 'contrordine' del governo. 'Avrei preferito maggiore cautela'","robots":{"index":"index","follow":"follow","max-snippet":"max-snippet:-1","max-image-preview":"max-image-preview:large","max-video-preview":"max-video-preview:-1"},"canonical":"https:\/\/www.intoscana.it\/it\/rossi-riapertura-fase2\/","og_locale":"it_IT","og_type":"article","og_title":"Riaprire? Rossi non apprezza le 'strambate'. Ma la Toscana si adegua","og_description":"In un post scritto su facebook il presidente Enrico Rossi ha espresso tutte le perplessit\u00e0 sul 'contrordine' del governo. 'Avrei preferito maggiore cautela'","og_url":"https:\/\/www.intoscana.it\/it\/rossi-riapertura-fase2\/","og_site_name":"intoscana","article_publisher":"https:\/\/www.facebook.com\/intoscana.it","article_published_time":"2020-05-16T09:36:28+00:00","article_modified_time":"2020-08-10T08:23:09+00:00","og_image":[{"width":1280,"height":720,"url":"https:\/\/www.intoscana.it\/wp-content\/uploads\/enrico-rossi-25.jpg","type":"image\/jpeg"}],"author":"Redazione","twitter_card":"summary_large_image","twitter_creator":"@intoscana","twitter_site":"@intoscana","twitter_misc":{"Written by":"Redazione","Est. reading time":"2 minuti"},"schema":{"@context":"https:\/\/schema.org","@graph":[{"@type":"WebPage","@id":"https:\/\/www.intoscana.it\/it\/rossi-riapertura-fase2\/","url":"https:\/\/www.intoscana.it\/it\/rossi-riapertura-fase2\/","name":"Riaprire? Rossi non apprezza le 'strambate'. Ma la Toscana si adegua - intoscana","isPartOf":{"@id":"https:\/\/www.intoscana.it\/it\/#website"},"primaryImageOfPage":{"@id":"https:\/\/www.intoscana.it\/it\/rossi-riapertura-fase2\/#primaryimage"},"image":{"@id":"https:\/\/www.intoscana.it\/it\/rossi-riapertura-fase2\/#primaryimage"},"thumbnailUrl":"https:\/\/www.intoscana.it\/wp-content\/uploads\/enrico-rossi-25.jpg","datePublished":"2020-05-16T09:36:28+00:00","dateModified":"2020-08-10T08:23:09+00:00","author":{"@id":"https:\/\/www.intoscana.it\/it\/#\/schema\/person\/9223810753230f20bd670fdd322661f8"},"description":"In un post scritto su facebook il presidente Enrico Rossi ha espresso tutte le perplessit\u00e0 sul 'contrordine' del governo. 'Avrei preferito maggiore cautela'","breadcrumb":{"@id":"https:\/\/www.intoscana.it\/it\/rossi-riapertura-fase2\/#breadcrumb"},"inLanguage":"it-IT","potentialAction":[{"@type":"ReadAction","target":["https:\/\/www.intoscana.it\/it\/rossi-riapertura-fase2\/"]}]},{"@type":"ImageObject","inLanguage":"it-IT","@id":"https:\/\/www.intoscana.it\/it\/rossi-riapertura-fase2\/#primaryimage","url":"https:\/\/www.intoscana.it\/wp-content\/uploads\/enrico-rossi-25.jpg","contentUrl":"https:\/\/www.intoscana.it\/wp-content\/uploads\/enrico-rossi-25.jpg","width":1280,"height":720},{"@type":"BreadcrumbList","@id":"https:\/\/www.intoscana.it\/it\/rossi-riapertura-fase2\/#breadcrumb","itemListElement":[{"@type":"ListItem","position":1,"name":"Home","item":"https:\/\/www.intoscana.it\/it\/"},{"@type":"ListItem","position":2,"name":"Riaprire? Rossi non apprezza le &#8216;strambate&#8217;. Ma la Toscana si adegua"}]},{"@type":"WebSite","@id":"https:\/\/www.intoscana.it\/it\/#website","url":"https:\/\/www.intoscana.it\/it\/","name":"intoscana","description":"","potentialAction":[{"@type":"SearchAction","target":{"@type":"EntryPoint","urlTemplate":"https:\/\/www.intoscana.it\/it\/?s={search_term_string}"},"query-input":{"@type":"PropertyValueSpecification","valueRequired":true,"valueName":"search_term_string"}}],"inLanguage":"it-IT"},{"@type":"Person","@id":"https:\/\/www.intoscana.it\/it\/#\/schema\/person\/9223810753230f20bd670fdd322661f8","name":"Redazione","url":"https:\/\/www.intoscana.it\/it\/author\/redazione\/"}]}},"_links":{"self":[{"href":"https:\/\/www.intoscana.it\/it\/wp-json\/wp\/v2\/posts\/143109","targetHints":{"allow":["GET"]}}],"collection":[{"href":"https:\/\/www.intoscana.it\/it\/wp-json\/wp\/v2\/posts"}],"about":[{"href":"https:\/\/www.intoscana.it\/it\/wp-json\/wp\/v2\/types\/post"}],"author":[{"embeddable":true,"href":"https:\/\/www.intoscana.it\/it\/wp-json\/wp\/v2\/users\/525"}],"replies":[{"embeddable":true,"href":"https:\/\/www.intoscana.it\/it\/wp-json\/wp\/v2\/comments?post=143109"}],"version-history":[{"count":0,"href":"https:\/\/www.intoscana.it\/it\/wp-json\/wp\/v2\/posts\/143109\/revisions"}],"wp:featuredmedia":[{"embeddable":true,"href":"https:\/\/www.intoscana.it\/it\/wp-json\/wp\/v2\/media\/143960"}],"wp:attachment":[{"href":"https:\/\/www.intoscana.it\/it\/wp-json\/wp\/v2\/media?parent=143109"}],"wp:term":[{"taxonomy":"category","embeddable":true,"href":"https:\/\/www.intoscana.it\/it\/wp-json\/wp\/v2\/categories?post=143109"},{"taxonomy":"post_tag","embeddable":true,"href":"https:\/\/www.intoscana.it\/it\/wp-json\/wp\/v2\/tags?post=143109"}],"curies":[{"name":"wp","href":"https:\/\/api.w.org\/{rel}","templated":true}]}}