{"id":143132,"date":"2020-05-05T15:53:53","date_gmt":"2020-05-05T13:53:53","guid":{"rendered":"https:\/\/www.intoscana.it\/il-ventilatore-polmonare-italiano-low-cost-che-andra-in-tutto-il-mondo\/"},"modified":"2020-08-10T10:23:23","modified_gmt":"2020-08-10T08:23:23","slug":"milano-ventilatore-meccanico","status":"publish","type":"post","link":"https:\/\/www.intoscana.it\/it\/milano-ventilatore-meccanico\/","title":{"rendered":"Il ventilatore polmonare italiano low cost che andr\u00e0 in tutto il mondo"},"content":{"rendered":"<p><strong>Si racconta che in punto di morte a Lev Landau, uno dei pi\u00f9 geniali fisici russi di tutti i tempi, sia servito un ventilatore polmonare e che uno dei suoi colleghi abbia proposto di costruirlo seduta stante.<\/strong> Chiss\u00e0 se Cristian Galbiati o i suoi collaboratori del progetto Milano Ventilatore Meccanico (MVM) conoscono questa storia, o se abbiano avuto il tempo di pensarci durante le poche settimane che hanno impiegato per sviluppare un innovativo ventilatore polmonare per supportare i pazienti Covid-19 ricoverati nelle terapie intensive di tutto il mondo.<\/p>\n<p>Basato su una tecnologia di facile uso ma sicura ed efficiente, <strong>MVM ha un sistema di controllo avanzato che consente le diverse modalit\u00e0 di ventilazione con un costo complessivo dei componenti di poche centinaia di euro<\/strong>.<\/p>\n<p>Fondamentale \u00e8 la semplicit\u00e0 del design, che include solo componenti di facile reperibilit\u00e0 sul mercato per poter permettere una produzione rapida e su vasta scala nei diversi Paesi. <strong>E l\u2019obiettivo infatti \u00e8 quello di avviare rapidamente la produzione di 1000 unit\u00e0 in ognuno dei tre Paesi che hanno fatto nascere il progetto: Italia, Stati Uniti e Canada.<\/strong><\/p>\n<p>Nata da un\u2019idea di ricercatori impegnati in attivit\u00e0 di ricerca sulla materia oscura nei Laboratori Nazionali del Gran Sasso dell\u2019INFN e nei laboratori canadesi di SNOLAB e TRIUMF, che hanno messo a disposizione la loro esperienza sui sistemi di controllo gas, la collaborazione MVM opera in un ambiente di innovazione aperta (open hardware).<\/p>\n<p><strong>Questo approccio, basato sulla condivisione continua di informazioni, schemi tecnici e risultati ottenuti, ha consentito il rapido avanzamento del progetto, la costruzione di una serie di prototipi funzionanti e portato ad ottenere la certificazione<\/strong> di emergenza (EUA, Emergency Use Authorization) per l\u2019uso clinico del dispositivo da parte della Food and Drug Administration (FDA), l\u2019ente certificatore statunitense che rappresenta un riferimento a livello mondiale.<\/p>\n<p>Per raggiungere quest\u2019ultimo ma decisivo obiettivo, alcuni ricercatori del Dipartimento di Chimica e Chimica Industriale dell\u2019Universit\u00e0 di Pisa (Denise Biagini, Fabio Di Francesco eTommaso Lomonaco) e dell\u2019Istituto di Fisiologia Clinica del CNR (Pietro Salvo), supportati dal personale della Fondazione Toscana \u201cGabriele Monasterio\u201d ed in collaborazione con la ditta SRA Instruments (Andrea Carretta), hanno prestato l\u2019esperienza maturata in molti anni di ricerca nel campo dell\u2019analisi dei gas espirati per verificare l\u2019assenza di rilasci di composti volatili dannosi per i pazienti che dovranno utilizzare MVM.<\/p>\n<p><strong>La collaborazione MVM si propone ora di ottenere sia la certificazione definitiva da parte di FDA che le analoghe certificazioni nazionali ovunque il dispositivo debba essere usato, e di avviare quindi la produzione.<\/strong><\/p>\n<p>Il mondo scientifico italiano ed internazionale sta dando prova di reagire con prontezza alla sfida globale posta da Covid-19, dimostrando che le conoscenze scientifiche generate dalla ricerca di base anche in campi apparentemente lontani dalla vita di tutti i giorni possono essere molto utili per raggiungere con rapidit\u00e0 obiettivi drammaticamente concreti.<\/p>\n<p><strong>MVM \u00e8 infatti un progetto nato dal basso nella comunit\u00e0 scientifica che si \u00e8 propagato rapidamente fino ad includere ricercatori di sette nazioni<\/strong> (Italia, USA, Canada, Francia, Spagna, Regno Unito e Polonia), che hanno abbandonato all\u2019improvviso le proprie attivit\u00e0 di ricerca per prestare gratuitamente a tutti noi le proprie conoscenze e renderne disponibili i frutti senza fini di lucro. Una bella storia, un atto d\u2019amore verso l\u2019umanit\u00e0.<\/p>\n","protected":false},"excerpt":{"rendered":"<p>Al progetto internazionale del &#8216;Milano Ventilatore Meccanico&#8217;, nato per supportare i pazienti Covid-19, hanno collaborato anche i ricercatori dell\u2019Universit\u00e0 di Pisa e del Cnr<br \/>\n&nbsp;<\/p>\n","protected":false},"author":525,"featured_media":143983,"comment_status":"open","ping_status":"open","sticky":false,"template":"","format":"standard","meta":{"_acf_changed":false,"footnotes":""},"categories":[475,15],"tags":[418],"class_list":["post-143132","post","type-post","status-publish","format-standard","has-post-thumbnail","hentry","category-innovazione","category-tecnologia","tag-covid-19"],"acf":[],"yoast_head":"<!-- This site is optimized with the Yoast SEO Premium plugin v24.2 (Yoast SEO v25.6) - https:\/\/yoast.com\/wordpress\/plugins\/seo\/ -->\n<title>Il ventilatore polmonare italiano low cost che andr\u00e0 in tutto il mondo - intoscana<\/title>\n<meta name=\"description\" content=\"Al progetto internazionale del Milano Ventilatore Meccanico, nato per pazienti Covid-19, hanno collaborato anche i ricercatori dell\u2019Universit\u00e0 di Pisa e del Cnr\" \/>\n<meta name=\"robots\" content=\"index, follow, max-snippet:-1, max-image-preview:large, max-video-preview:-1\" \/>\n<link rel=\"canonical\" href=\"https:\/\/www.intoscana.it\/it\/milano-ventilatore-meccanico\/\" \/>\n<meta property=\"og:locale\" content=\"it_IT\" \/>\n<meta property=\"og:type\" content=\"article\" \/>\n<meta property=\"og:title\" content=\"Il ventilatore polmonare italiano low cost che andr\u00e0 in tutto il mondo\" \/>\n<meta property=\"og:description\" content=\"Al progetto internazionale del Milano Ventilatore Meccanico, nato per pazienti Covid-19, hanno collaborato anche i ricercatori dell\u2019Universit\u00e0 di Pisa e del Cnr\" \/>\n<meta property=\"og:url\" content=\"https:\/\/www.intoscana.it\/it\/milano-ventilatore-meccanico\/\" \/>\n<meta property=\"og:site_name\" content=\"intoscana\" \/>\n<meta property=\"article:publisher\" content=\"https:\/\/www.facebook.com\/intoscana.it\" \/>\n<meta property=\"article:published_time\" content=\"2020-05-05T13:53:53+00:00\" \/>\n<meta property=\"article:modified_time\" content=\"2020-08-10T08:23:23+00:00\" \/>\n<meta property=\"og:image\" content=\"https:\/\/www.intoscana.it\/wp-content\/uploads\/difrancesco.jpg\" \/>\n\t<meta property=\"og:image:width\" content=\"900\" \/>\n\t<meta property=\"og:image:height\" content=\"600\" \/>\n\t<meta property=\"og:image:type\" content=\"image\/jpeg\" \/>\n<meta name=\"author\" content=\"Redazione\" \/>\n<meta name=\"twitter:card\" content=\"summary_large_image\" \/>\n<meta name=\"twitter:creator\" content=\"@intoscana\" \/>\n<meta name=\"twitter:site\" content=\"@intoscana\" \/>\n<meta name=\"twitter:label1\" content=\"Written by\" \/>\n\t<meta name=\"twitter:data1\" content=\"Redazione\" \/>\n\t<meta name=\"twitter:label2\" content=\"Est. reading time\" \/>\n\t<meta name=\"twitter:data2\" content=\"3 minuti\" \/>\n<script type=\"application\/ld+json\" class=\"yoast-schema-graph\">{\"@context\":\"https:\/\/schema.org\",\"@graph\":[{\"@type\":\"WebPage\",\"@id\":\"https:\/\/www.intoscana.it\/it\/milano-ventilatore-meccanico\/\",\"url\":\"https:\/\/www.intoscana.it\/it\/milano-ventilatore-meccanico\/\",\"name\":\"Il ventilatore polmonare italiano low cost che andr\u00e0 in tutto il mondo - intoscana\",\"isPartOf\":{\"@id\":\"https:\/\/www.intoscana.it\/it\/#website\"},\"primaryImageOfPage\":{\"@id\":\"https:\/\/www.intoscana.it\/it\/milano-ventilatore-meccanico\/#primaryimage\"},\"image\":{\"@id\":\"https:\/\/www.intoscana.it\/it\/milano-ventilatore-meccanico\/#primaryimage\"},\"thumbnailUrl\":\"https:\/\/www.intoscana.it\/wp-content\/uploads\/difrancesco.jpg\",\"datePublished\":\"2020-05-05T13:53:53+00:00\",\"dateModified\":\"2020-08-10T08:23:23+00:00\",\"author\":{\"@id\":\"https:\/\/www.intoscana.it\/it\/#\/schema\/person\/9223810753230f20bd670fdd322661f8\"},\"description\":\"Al progetto internazionale del Milano Ventilatore Meccanico, nato per pazienti Covid-19, hanno collaborato anche i ricercatori dell\u2019Universit\u00e0 di Pisa e del Cnr\",\"breadcrumb\":{\"@id\":\"https:\/\/www.intoscana.it\/it\/milano-ventilatore-meccanico\/#breadcrumb\"},\"inLanguage\":\"it-IT\",\"potentialAction\":[{\"@type\":\"ReadAction\",\"target\":[\"https:\/\/www.intoscana.it\/it\/milano-ventilatore-meccanico\/\"]}]},{\"@type\":\"ImageObject\",\"inLanguage\":\"it-IT\",\"@id\":\"https:\/\/www.intoscana.it\/it\/milano-ventilatore-meccanico\/#primaryimage\",\"url\":\"https:\/\/www.intoscana.it\/wp-content\/uploads\/difrancesco.jpg\",\"contentUrl\":\"https:\/\/www.intoscana.it\/wp-content\/uploads\/difrancesco.jpg\",\"width\":900,\"height\":600,\"caption\":\"I ricercatori di Pisa che hanno contribuito alla progettazione del ventilatore\"},{\"@type\":\"BreadcrumbList\",\"@id\":\"https:\/\/www.intoscana.it\/it\/milano-ventilatore-meccanico\/#breadcrumb\",\"itemListElement\":[{\"@type\":\"ListItem\",\"position\":1,\"name\":\"Home\",\"item\":\"https:\/\/www.intoscana.it\/it\/\"},{\"@type\":\"ListItem\",\"position\":2,\"name\":\"Il ventilatore polmonare italiano low cost che andr\u00e0 in tutto il mondo\"}]},{\"@type\":\"WebSite\",\"@id\":\"https:\/\/www.intoscana.it\/it\/#website\",\"url\":\"https:\/\/www.intoscana.it\/it\/\",\"name\":\"intoscana\",\"description\":\"\",\"potentialAction\":[{\"@type\":\"SearchAction\",\"target\":{\"@type\":\"EntryPoint\",\"urlTemplate\":\"https:\/\/www.intoscana.it\/it\/?s={search_term_string}\"},\"query-input\":{\"@type\":\"PropertyValueSpecification\",\"valueRequired\":true,\"valueName\":\"search_term_string\"}}],\"inLanguage\":\"it-IT\"},{\"@type\":\"Person\",\"@id\":\"https:\/\/www.intoscana.it\/it\/#\/schema\/person\/9223810753230f20bd670fdd322661f8\",\"name\":\"Redazione\",\"url\":\"https:\/\/www.intoscana.it\/it\/author\/redazione\/\"}]}<\/script>\n<!-- \/ Yoast SEO Premium plugin. -->","yoast_head_json":{"title":"Il ventilatore polmonare italiano low cost che andr\u00e0 in tutto il mondo - intoscana","description":"Al progetto internazionale del Milano Ventilatore Meccanico, nato per pazienti Covid-19, hanno collaborato anche i ricercatori dell\u2019Universit\u00e0 di Pisa e del Cnr","robots":{"index":"index","follow":"follow","max-snippet":"max-snippet:-1","max-image-preview":"max-image-preview:large","max-video-preview":"max-video-preview:-1"},"canonical":"https:\/\/www.intoscana.it\/it\/milano-ventilatore-meccanico\/","og_locale":"it_IT","og_type":"article","og_title":"Il ventilatore polmonare italiano low cost che andr\u00e0 in tutto il mondo","og_description":"Al progetto internazionale del Milano Ventilatore Meccanico, nato per pazienti Covid-19, hanno collaborato anche i ricercatori dell\u2019Universit\u00e0 di Pisa e del Cnr","og_url":"https:\/\/www.intoscana.it\/it\/milano-ventilatore-meccanico\/","og_site_name":"intoscana","article_publisher":"https:\/\/www.facebook.com\/intoscana.it","article_published_time":"2020-05-05T13:53:53+00:00","article_modified_time":"2020-08-10T08:23:23+00:00","og_image":[{"width":900,"height":600,"url":"https:\/\/www.intoscana.it\/wp-content\/uploads\/difrancesco.jpg","type":"image\/jpeg"}],"author":"Redazione","twitter_card":"summary_large_image","twitter_creator":"@intoscana","twitter_site":"@intoscana","twitter_misc":{"Written by":"Redazione","Est. reading time":"3 minuti"},"schema":{"@context":"https:\/\/schema.org","@graph":[{"@type":"WebPage","@id":"https:\/\/www.intoscana.it\/it\/milano-ventilatore-meccanico\/","url":"https:\/\/www.intoscana.it\/it\/milano-ventilatore-meccanico\/","name":"Il ventilatore polmonare italiano low cost che andr\u00e0 in tutto il mondo - intoscana","isPartOf":{"@id":"https:\/\/www.intoscana.it\/it\/#website"},"primaryImageOfPage":{"@id":"https:\/\/www.intoscana.it\/it\/milano-ventilatore-meccanico\/#primaryimage"},"image":{"@id":"https:\/\/www.intoscana.it\/it\/milano-ventilatore-meccanico\/#primaryimage"},"thumbnailUrl":"https:\/\/www.intoscana.it\/wp-content\/uploads\/difrancesco.jpg","datePublished":"2020-05-05T13:53:53+00:00","dateModified":"2020-08-10T08:23:23+00:00","author":{"@id":"https:\/\/www.intoscana.it\/it\/#\/schema\/person\/9223810753230f20bd670fdd322661f8"},"description":"Al progetto internazionale del Milano Ventilatore Meccanico, nato per pazienti Covid-19, hanno collaborato anche i ricercatori dell\u2019Universit\u00e0 di Pisa e del Cnr","breadcrumb":{"@id":"https:\/\/www.intoscana.it\/it\/milano-ventilatore-meccanico\/#breadcrumb"},"inLanguage":"it-IT","potentialAction":[{"@type":"ReadAction","target":["https:\/\/www.intoscana.it\/it\/milano-ventilatore-meccanico\/"]}]},{"@type":"ImageObject","inLanguage":"it-IT","@id":"https:\/\/www.intoscana.it\/it\/milano-ventilatore-meccanico\/#primaryimage","url":"https:\/\/www.intoscana.it\/wp-content\/uploads\/difrancesco.jpg","contentUrl":"https:\/\/www.intoscana.it\/wp-content\/uploads\/difrancesco.jpg","width":900,"height":600,"caption":"I ricercatori di Pisa che hanno contribuito alla progettazione del ventilatore"},{"@type":"BreadcrumbList","@id":"https:\/\/www.intoscana.it\/it\/milano-ventilatore-meccanico\/#breadcrumb","itemListElement":[{"@type":"ListItem","position":1,"name":"Home","item":"https:\/\/www.intoscana.it\/it\/"},{"@type":"ListItem","position":2,"name":"Il ventilatore polmonare italiano low cost che andr\u00e0 in tutto il mondo"}]},{"@type":"WebSite","@id":"https:\/\/www.intoscana.it\/it\/#website","url":"https:\/\/www.intoscana.it\/it\/","name":"intoscana","description":"","potentialAction":[{"@type":"SearchAction","target":{"@type":"EntryPoint","urlTemplate":"https:\/\/www.intoscana.it\/it\/?s={search_term_string}"},"query-input":{"@type":"PropertyValueSpecification","valueRequired":true,"valueName":"search_term_string"}}],"inLanguage":"it-IT"},{"@type":"Person","@id":"https:\/\/www.intoscana.it\/it\/#\/schema\/person\/9223810753230f20bd670fdd322661f8","name":"Redazione","url":"https:\/\/www.intoscana.it\/it\/author\/redazione\/"}]}},"_links":{"self":[{"href":"https:\/\/www.intoscana.it\/it\/wp-json\/wp\/v2\/posts\/143132","targetHints":{"allow":["GET"]}}],"collection":[{"href":"https:\/\/www.intoscana.it\/it\/wp-json\/wp\/v2\/posts"}],"about":[{"href":"https:\/\/www.intoscana.it\/it\/wp-json\/wp\/v2\/types\/post"}],"author":[{"embeddable":true,"href":"https:\/\/www.intoscana.it\/it\/wp-json\/wp\/v2\/users\/525"}],"replies":[{"embeddable":true,"href":"https:\/\/www.intoscana.it\/it\/wp-json\/wp\/v2\/comments?post=143132"}],"version-history":[{"count":0,"href":"https:\/\/www.intoscana.it\/it\/wp-json\/wp\/v2\/posts\/143132\/revisions"}],"wp:featuredmedia":[{"embeddable":true,"href":"https:\/\/www.intoscana.it\/it\/wp-json\/wp\/v2\/media\/143983"}],"wp:attachment":[{"href":"https:\/\/www.intoscana.it\/it\/wp-json\/wp\/v2\/media?parent=143132"}],"wp:term":[{"taxonomy":"category","embeddable":true,"href":"https:\/\/www.intoscana.it\/it\/wp-json\/wp\/v2\/categories?post=143132"},{"taxonomy":"post_tag","embeddable":true,"href":"https:\/\/www.intoscana.it\/it\/wp-json\/wp\/v2\/tags?post=143132"}],"curies":[{"name":"wp","href":"https:\/\/api.w.org\/{rel}","templated":true}]}}