{"id":143133,"date":"2020-05-21T11:45:54","date_gmt":"2020-05-21T09:45:54","guid":{"rendered":"https:\/\/www.intoscana.it\/la-app-per-assistere-pazienti-cronici-progettata-da-uninfermiera\/"},"modified":"2020-08-10T10:23:23","modified_gmt":"2020-08-10T08:23:23","slug":"app-pazienti-cronici","status":"publish","type":"post","link":"https:\/\/www.intoscana.it\/it\/app-pazienti-cronici\/","title":{"rendered":"La app per assistere pazienti cronici progettata da un&#8217;infermiera"},"content":{"rendered":"<p><strong>Un\u2019applicazione per pazienti affetti da patologie croniche a supporto di servizi di assistenza sanitaria da remoto.<\/strong> Si chiama ASKMedCARE ed \u00e8 un\u2019innovazione su cui Federica Valguarnera, infermiera ventisettenne dell\u2019Ordine delle professioni infermieristiche interprovinciale Firenze Pistoia, ha concentrato il suo percorso di studi che l\u2019ha portata, il mese scorso, a conseguire la laurea magistrale in Scienze infermieristiche e ostetriche, con una tesi dedicata proprio all\u2019innovativa applicazione.<\/p>\n<p><strong>\u00abLa mia tesi parla di applicazione AskMedCARE sviluppata dal dipartimento di assistenza infermieristica e ostetrica dell\u2019Universit\u00e0 di Firenze<\/strong> in collaborazione con quello di Ingegneria dell\u2019informazione, sempre di Firenze, che si \u00e8 occupato dello sviluppo vero e proprio dell\u2019app\u00bb spiega Federica. \u00abQuest\u2019ultimo supportato dalla Fondazione Cr Firenze. Mi hanno seguita in questa tesi il professor Fabio Pronti, relatore, e la dottoressa Elisabetta Paoletti, correlatrice\u00bb.<\/p>\n<p><img decoding=\"async\" style=\"width: 600px;\" title=\"federica valguarnera foto 1(1)\" src=\"https:\/\/www.intoscana.it\/shared\/intoscana\/immagini\/federica-valguarnera-foto-11.jpg\" alt=\"federica valguarnera foto 1(1)\" \/><\/p>\n<p><strong>Ma quando \u00e8 nata l&#8217;idea?<\/strong> \u00ab\u00c8 partita dal volerci avvicinare alle novit\u00e0 scientifiche nel campo della sanit\u00e0, proponendo un metodo innovativo di fare assistenza domiciliare, facendo un\u2019applicazione capace di arrivare in territori urbani e anche in zone anche pi\u00f9 lontane\u00bb risponde Federica. \u00abIn queste, nello specifico, pensiamo possa essere utile a fare assistenza domiciliare proprio per le peculiarit\u00e0 di quei territori (come per esempio strade di campagna, abitazioni pi\u00f9 isolate e difficili da raggiungere\u2026). Dal punto di vista di innovazioni tecnologiche e sanitare c\u2019\u00e8 infatti bisogno di questo, di fare passi avanti. L\u2019obiettivo era fare e sviluppare sul nostro territorio, quello della Asl Centro, un sistema di telemedicina per monitorare i pazienti da remoto. Per il momento ci siamo concentrati su pazienti affetti da patologie croniche per il supporto di servizi di assistenza sanitaria da remoto. Un percorso basato sulla connective care, in cui tutti partecipano al percorso assistenziale del paziente. Per questo motivo l\u2019App \u00e8 usata dal paziente stesso per inserire i dati che misura anche da solo: una partecipazione generale di tutti quelli che sono implicati nel suo percorso di assistenza domiciliare. Il paziente viene coinvolto nella sua autocura e nell\u2019automonitoraggio. Nel caso in cui il paziente non fosse in grado di usare uno smartphone, a suo posto interagisce il caregiver. L\u2019applicazione in s\u00e9 poi \u00e8 modulabile. Questa \u00e8 solo la sperimentazione iniziale. \u00c8 importante per\u00f2 ricordare che l\u2019uso dell\u2019App non sostituisce l\u2019assistenza diretta: la gestione dei pazienti cronici in ambito domiciliare con l\u2019app mira a favorire l\u2019empowerment del paziente ma comunque si mantiene l\u2019assistenza diretta ogni qualvolta sia necessaria\u00bb.<\/p>\n<p><strong>Alcuni problemi, la neo dottoressa li ha riscontrati negli ultimi mesi.<\/strong> Gi\u00e0 un anno fa aveva iniziato a parlare di questa tesi, durante il suo ultimo tirocinio, mentre faceva la magistrale. \u00ab\u00c8 partita la prima fase di sperimentazione a ottobre\/novembre con gli infermieri del dipartimento infermieristico di Firenze\u00bb racconta. \u00abPer i pazienti ci serve l\u2019approvazione del comitato etico. Adesso avremmo dovuto iniziare a sperimentarla nelle zone rurali, che sono quelle che pi\u00f9 ci interessano in quanto difficoltose per\u00f2 l\u2019emergenza ci ha bloccato\u00bb.<\/p>\n","protected":false},"excerpt":{"rendered":"<p>Federica Valguarnera, 27 anni, si \u00e8 laureata a Firenze in scienze infermieristiche. Il progetto innovativo della app \u00e8 stato sviluppato nella tesi e si chiama ASKMedCARE<\/p>\n","protected":false},"author":525,"featured_media":143984,"comment_status":"open","ping_status":"open","sticky":false,"template":"","format":"standard","meta":{"_acf_changed":false,"footnotes":""},"categories":[475,15],"tags":[352,134,349,141],"class_list":["post-143133","post","type-post","status-publish","format-standard","has-post-thumbnail","hentry","category-innovazione","category-tecnologia","tag-app","tag-salute","tag-sanita","tag-tecnologia"],"acf":[],"yoast_head":"<!-- This site is optimized with the Yoast SEO Premium plugin v24.2 (Yoast SEO v25.6) - https:\/\/yoast.com\/wordpress\/plugins\/seo\/ -->\n<title>La app per assistere pazienti cronici progettata da un&#039;infermiera - intoscana<\/title>\n<meta name=\"description\" content=\"Federica Valguarnera, 27 anni, si \u00e8 laureata a Firenze in scienze infermieristiche. Il progetto innovativo della app \u00e8 stato sviluppato nella tesi: ASKMedCARE\" \/>\n<meta name=\"robots\" content=\"index, follow, max-snippet:-1, max-image-preview:large, max-video-preview:-1\" \/>\n<link rel=\"canonical\" href=\"https:\/\/www.intoscana.it\/it\/app-pazienti-cronici\/\" \/>\n<meta property=\"og:locale\" content=\"it_IT\" \/>\n<meta property=\"og:type\" content=\"article\" \/>\n<meta property=\"og:title\" content=\"La app per assistere pazienti cronici progettata da un&#039;infermiera\" \/>\n<meta property=\"og:description\" content=\"Federica Valguarnera, 27 anni, si \u00e8 laureata a Firenze in scienze infermieristiche. Il progetto innovativo della app \u00e8 stato sviluppato nella tesi: ASKMedCARE\" \/>\n<meta property=\"og:url\" content=\"https:\/\/www.intoscana.it\/it\/app-pazienti-cronici\/\" \/>\n<meta property=\"og:site_name\" content=\"intoscana\" \/>\n<meta property=\"article:publisher\" content=\"https:\/\/www.facebook.com\/intoscana.it\" \/>\n<meta property=\"article:published_time\" content=\"2020-05-21T09:45:54+00:00\" \/>\n<meta property=\"article:modified_time\" content=\"2020-08-10T08:23:23+00:00\" \/>\n<meta property=\"og:image\" content=\"https:\/\/www.intoscana.it\/wp-content\/uploads\/app-assistenza-pazienti-cronici.jpg\" \/>\n\t<meta property=\"og:image:width\" content=\"1000\" \/>\n\t<meta property=\"og:image:height\" content=\"768\" \/>\n\t<meta property=\"og:image:type\" content=\"image\/jpeg\" \/>\n<meta name=\"author\" content=\"Redazione\" \/>\n<meta name=\"twitter:card\" content=\"summary_large_image\" \/>\n<meta name=\"twitter:creator\" content=\"@intoscana\" \/>\n<meta name=\"twitter:site\" content=\"@intoscana\" \/>\n<meta name=\"twitter:label1\" content=\"Written by\" \/>\n\t<meta name=\"twitter:data1\" content=\"Redazione\" \/>\n\t<meta name=\"twitter:label2\" content=\"Est. reading time\" \/>\n\t<meta name=\"twitter:data2\" content=\"2 minuti\" \/>\n<script type=\"application\/ld+json\" class=\"yoast-schema-graph\">{\"@context\":\"https:\/\/schema.org\",\"@graph\":[{\"@type\":\"WebPage\",\"@id\":\"https:\/\/www.intoscana.it\/it\/app-pazienti-cronici\/\",\"url\":\"https:\/\/www.intoscana.it\/it\/app-pazienti-cronici\/\",\"name\":\"La app per assistere pazienti cronici progettata da un'infermiera - intoscana\",\"isPartOf\":{\"@id\":\"https:\/\/www.intoscana.it\/it\/#website\"},\"primaryImageOfPage\":{\"@id\":\"https:\/\/www.intoscana.it\/it\/app-pazienti-cronici\/#primaryimage\"},\"image\":{\"@id\":\"https:\/\/www.intoscana.it\/it\/app-pazienti-cronici\/#primaryimage\"},\"thumbnailUrl\":\"https:\/\/www.intoscana.it\/wp-content\/uploads\/app-assistenza-pazienti-cronici.jpg\",\"datePublished\":\"2020-05-21T09:45:54+00:00\",\"dateModified\":\"2020-08-10T08:23:23+00:00\",\"author\":{\"@id\":\"https:\/\/www.intoscana.it\/it\/#\/schema\/person\/9223810753230f20bd670fdd322661f8\"},\"description\":\"Federica Valguarnera, 27 anni, si \u00e8 laureata a Firenze in scienze infermieristiche. Il progetto innovativo della app \u00e8 stato sviluppato nella tesi: ASKMedCARE\",\"breadcrumb\":{\"@id\":\"https:\/\/www.intoscana.it\/it\/app-pazienti-cronici\/#breadcrumb\"},\"inLanguage\":\"it-IT\",\"potentialAction\":[{\"@type\":\"ReadAction\",\"target\":[\"https:\/\/www.intoscana.it\/it\/app-pazienti-cronici\/\"]}]},{\"@type\":\"ImageObject\",\"inLanguage\":\"it-IT\",\"@id\":\"https:\/\/www.intoscana.it\/it\/app-pazienti-cronici\/#primaryimage\",\"url\":\"https:\/\/www.intoscana.it\/wp-content\/uploads\/app-assistenza-pazienti-cronici.jpg\",\"contentUrl\":\"https:\/\/www.intoscana.it\/wp-content\/uploads\/app-assistenza-pazienti-cronici.jpg\",\"width\":1000,\"height\":768},{\"@type\":\"BreadcrumbList\",\"@id\":\"https:\/\/www.intoscana.it\/it\/app-pazienti-cronici\/#breadcrumb\",\"itemListElement\":[{\"@type\":\"ListItem\",\"position\":1,\"name\":\"Home\",\"item\":\"https:\/\/www.intoscana.it\/it\/\"},{\"@type\":\"ListItem\",\"position\":2,\"name\":\"La app per assistere pazienti cronici progettata da un&#8217;infermiera\"}]},{\"@type\":\"WebSite\",\"@id\":\"https:\/\/www.intoscana.it\/it\/#website\",\"url\":\"https:\/\/www.intoscana.it\/it\/\",\"name\":\"intoscana\",\"description\":\"\",\"potentialAction\":[{\"@type\":\"SearchAction\",\"target\":{\"@type\":\"EntryPoint\",\"urlTemplate\":\"https:\/\/www.intoscana.it\/it\/?s={search_term_string}\"},\"query-input\":{\"@type\":\"PropertyValueSpecification\",\"valueRequired\":true,\"valueName\":\"search_term_string\"}}],\"inLanguage\":\"it-IT\"},{\"@type\":\"Person\",\"@id\":\"https:\/\/www.intoscana.it\/it\/#\/schema\/person\/9223810753230f20bd670fdd322661f8\",\"name\":\"Redazione\",\"url\":\"https:\/\/www.intoscana.it\/it\/author\/redazione\/\"}]}<\/script>\n<!-- \/ Yoast SEO Premium plugin. -->","yoast_head_json":{"title":"La app per assistere pazienti cronici progettata da un'infermiera - intoscana","description":"Federica Valguarnera, 27 anni, si \u00e8 laureata a Firenze in scienze infermieristiche. Il progetto innovativo della app \u00e8 stato sviluppato nella tesi: ASKMedCARE","robots":{"index":"index","follow":"follow","max-snippet":"max-snippet:-1","max-image-preview":"max-image-preview:large","max-video-preview":"max-video-preview:-1"},"canonical":"https:\/\/www.intoscana.it\/it\/app-pazienti-cronici\/","og_locale":"it_IT","og_type":"article","og_title":"La app per assistere pazienti cronici progettata da un'infermiera","og_description":"Federica Valguarnera, 27 anni, si \u00e8 laureata a Firenze in scienze infermieristiche. Il progetto innovativo della app \u00e8 stato sviluppato nella tesi: ASKMedCARE","og_url":"https:\/\/www.intoscana.it\/it\/app-pazienti-cronici\/","og_site_name":"intoscana","article_publisher":"https:\/\/www.facebook.com\/intoscana.it","article_published_time":"2020-05-21T09:45:54+00:00","article_modified_time":"2020-08-10T08:23:23+00:00","og_image":[{"width":1000,"height":768,"url":"https:\/\/www.intoscana.it\/wp-content\/uploads\/app-assistenza-pazienti-cronici.jpg","type":"image\/jpeg"}],"author":"Redazione","twitter_card":"summary_large_image","twitter_creator":"@intoscana","twitter_site":"@intoscana","twitter_misc":{"Written by":"Redazione","Est. reading time":"2 minuti"},"schema":{"@context":"https:\/\/schema.org","@graph":[{"@type":"WebPage","@id":"https:\/\/www.intoscana.it\/it\/app-pazienti-cronici\/","url":"https:\/\/www.intoscana.it\/it\/app-pazienti-cronici\/","name":"La app per assistere pazienti cronici progettata da un'infermiera - intoscana","isPartOf":{"@id":"https:\/\/www.intoscana.it\/it\/#website"},"primaryImageOfPage":{"@id":"https:\/\/www.intoscana.it\/it\/app-pazienti-cronici\/#primaryimage"},"image":{"@id":"https:\/\/www.intoscana.it\/it\/app-pazienti-cronici\/#primaryimage"},"thumbnailUrl":"https:\/\/www.intoscana.it\/wp-content\/uploads\/app-assistenza-pazienti-cronici.jpg","datePublished":"2020-05-21T09:45:54+00:00","dateModified":"2020-08-10T08:23:23+00:00","author":{"@id":"https:\/\/www.intoscana.it\/it\/#\/schema\/person\/9223810753230f20bd670fdd322661f8"},"description":"Federica Valguarnera, 27 anni, si \u00e8 laureata a Firenze in scienze infermieristiche. Il progetto innovativo della app \u00e8 stato sviluppato nella tesi: ASKMedCARE","breadcrumb":{"@id":"https:\/\/www.intoscana.it\/it\/app-pazienti-cronici\/#breadcrumb"},"inLanguage":"it-IT","potentialAction":[{"@type":"ReadAction","target":["https:\/\/www.intoscana.it\/it\/app-pazienti-cronici\/"]}]},{"@type":"ImageObject","inLanguage":"it-IT","@id":"https:\/\/www.intoscana.it\/it\/app-pazienti-cronici\/#primaryimage","url":"https:\/\/www.intoscana.it\/wp-content\/uploads\/app-assistenza-pazienti-cronici.jpg","contentUrl":"https:\/\/www.intoscana.it\/wp-content\/uploads\/app-assistenza-pazienti-cronici.jpg","width":1000,"height":768},{"@type":"BreadcrumbList","@id":"https:\/\/www.intoscana.it\/it\/app-pazienti-cronici\/#breadcrumb","itemListElement":[{"@type":"ListItem","position":1,"name":"Home","item":"https:\/\/www.intoscana.it\/it\/"},{"@type":"ListItem","position":2,"name":"La app per assistere pazienti cronici progettata da un&#8217;infermiera"}]},{"@type":"WebSite","@id":"https:\/\/www.intoscana.it\/it\/#website","url":"https:\/\/www.intoscana.it\/it\/","name":"intoscana","description":"","potentialAction":[{"@type":"SearchAction","target":{"@type":"EntryPoint","urlTemplate":"https:\/\/www.intoscana.it\/it\/?s={search_term_string}"},"query-input":{"@type":"PropertyValueSpecification","valueRequired":true,"valueName":"search_term_string"}}],"inLanguage":"it-IT"},{"@type":"Person","@id":"https:\/\/www.intoscana.it\/it\/#\/schema\/person\/9223810753230f20bd670fdd322661f8","name":"Redazione","url":"https:\/\/www.intoscana.it\/it\/author\/redazione\/"}]}},"_links":{"self":[{"href":"https:\/\/www.intoscana.it\/it\/wp-json\/wp\/v2\/posts\/143133","targetHints":{"allow":["GET"]}}],"collection":[{"href":"https:\/\/www.intoscana.it\/it\/wp-json\/wp\/v2\/posts"}],"about":[{"href":"https:\/\/www.intoscana.it\/it\/wp-json\/wp\/v2\/types\/post"}],"author":[{"embeddable":true,"href":"https:\/\/www.intoscana.it\/it\/wp-json\/wp\/v2\/users\/525"}],"replies":[{"embeddable":true,"href":"https:\/\/www.intoscana.it\/it\/wp-json\/wp\/v2\/comments?post=143133"}],"version-history":[{"count":0,"href":"https:\/\/www.intoscana.it\/it\/wp-json\/wp\/v2\/posts\/143133\/revisions"}],"wp:featuredmedia":[{"embeddable":true,"href":"https:\/\/www.intoscana.it\/it\/wp-json\/wp\/v2\/media\/143984"}],"wp:attachment":[{"href":"https:\/\/www.intoscana.it\/it\/wp-json\/wp\/v2\/media?parent=143133"}],"wp:term":[{"taxonomy":"category","embeddable":true,"href":"https:\/\/www.intoscana.it\/it\/wp-json\/wp\/v2\/categories?post=143133"},{"taxonomy":"post_tag","embeddable":true,"href":"https:\/\/www.intoscana.it\/it\/wp-json\/wp\/v2\/tags?post=143133"}],"curies":[{"name":"wp","href":"https:\/\/api.w.org\/{rel}","templated":true}]}}