{"id":143137,"date":"2020-05-24T11:25:59","date_gmt":"2020-05-24T09:25:59","guid":{"rendered":"https:\/\/www.intoscana.it\/lorto-botanico-di-lucca-compie-200-anni-e-riapre-al-pubblico\/"},"modified":"2020-08-10T10:23:25","modified_gmt":"2020-08-10T08:23:25","slug":"orto-botanico-lucca-riapre","status":"publish","type":"post","link":"https:\/\/www.intoscana.it\/it\/orto-botanico-lucca-riapre\/","title":{"rendered":"L&#8217;Orto Botanico di Lucca compie 200 anni e riapre al pubblico"},"content":{"rendered":"<p><strong>Ha compiuto 200 anni ieri l&#8217;Orto botanico di Lucca che ha celebrato la giornata<\/strong> con l&#8217;inaugurazione della mostra didattica con 18 pannelli espositivi, con la messa in rete del nuovo sito e con la <strong>riapertura su prenotazione<\/strong> per rispettare le norme di sicurezza imposte dall&#8217;emergenza Covid-19.<br \/><strong> Il 23 maggio 1820 Maria Luisa di Borbone duchessa di Lucca<\/strong> firmava il rescritto con il quale disponeva la consegna della Piaggia Romana &#8211; l&#8217;antico prato acquitrinoso fra le mura e il convento di San Micheletto &#8211; alla scuola botanica del Liceo Reale, l&#8217;universit\u00e0 di Lucca rifondata nel 1819. Iniziava cos\u00ec la costruzione dell&#8217;Orto botanico di Lucca che sarebbe stata portata a compimento in circa tre anni.<\/p>\n<p><strong>Ieri mattina si \u00e8 tenuta la cerimonia in ricordo della storica ricorrenza,<\/strong> alla presenza del sindaco Alessandro Tambellini, di Raffaele Domenici della Fondazione Cassa di Risparmio di Lucca, del presidente del Consiglio comunale Francesco Battistini, dell&#8217;assessore alla Cultura Stefano Ragghianti e del dirigente del settore cultura e turismo Giovanni Marchi.<\/p>\n<p><img decoding=\"async\" alt=\"orto-botanico-lucca\" style=\"width: 600px;\" title=\"orto-botanico-lucca\" src=\"https:\/\/www.intoscana.it\/shared\/visittuscany\/immagini\/natura\/orto-botanico-lucca.jpg\" height=\"398\" \/><br \/><strong>Il calendario degli eventi inizialmente previsti per celebrare il secondo centenario dalla fondazione<\/strong> sar\u00e0 riprogrammato non appena la situazione normativa sar\u00e0 pi\u00f9 chiara. Con l&#8217;insediamento della nuova curatrice l&#8217;attivit\u00e0 scientifica dell&#8217;istituzione ha subito un notevole impulso nonostante il rallentamento dovuto al blocco di due mesi per l&#8217;epidemia: sono stati effettuati controlli approfonditi, valutazioni su 35 alberi dall&#8217;Universit\u00e0 di Pisa, gli interventi prescritti saranno realizzati entro l&#8217;estate.<\/p>\n<p><strong>Sono stati avviati nuovi rapporti di collaborazione con gli altri orti botanici italiani e con la Societ\u00e0 Botanica Italiana<\/strong>, in particolare con il Gruppo Orti botanici e Giardini storici che terr\u00e0 il suo convegno annuale a Lucca. Anche le attivit\u00e0 di studio sulla storia del giardino sono riprese ed \u00e8 in via di completamento il catalogo storico delle piante che d\u00e0 conto delle circa 5000 specie coltivate nelle collezioni fra il 1822 ed il 1905.&nbsp;<\/p>\n","protected":false},"excerpt":{"rendered":"<p>Ingressi su prenotazione nello spazio verde nel cuore della citt\u00e0 e una mostra dedicata alla ricorrenza: il giardino fu fondato nel 1820 da Maria Luisa di Borbone<\/p>\n","protected":false},"author":525,"featured_media":143988,"comment_status":"open","ping_status":"open","sticky":false,"template":"","format":"standard","meta":{"_acf_changed":false,"footnotes":""},"categories":[19],"tags":[372,175],"class_list":["post-143137","post","type-post","status-publish","format-standard","has-post-thumbnail","hentry","category-ambiente","tag-natura","tag-storia"],"acf":[],"yoast_head":"<!-- This site is optimized with the Yoast SEO Premium plugin v24.2 (Yoast SEO v25.6) - https:\/\/yoast.com\/wordpress\/plugins\/seo\/ -->\n<title>L&#039;Orto Botanico di Lucca compie 200 anni e riapre al pubblico - intoscana<\/title>\n<meta name=\"robots\" content=\"index, follow, max-snippet:-1, max-image-preview:large, max-video-preview:-1\" \/>\n<link rel=\"canonical\" href=\"https:\/\/www.intoscana.it\/it\/orto-botanico-lucca-riapre\/\" \/>\n<meta property=\"og:locale\" content=\"it_IT\" \/>\n<meta property=\"og:type\" content=\"article\" \/>\n<meta property=\"og:title\" content=\"L&#039;Orto Botanico di Lucca compie 200 anni e riapre al pubblico\" \/>\n<meta property=\"og:description\" content=\"Ingressi su prenotazione nello spazio verde nel cuore della citt\u00e0 e una mostra dedicata alla ricorrenza: il giardino fu fondato nel 1820 da Maria Luisa di Borbone\" \/>\n<meta property=\"og:url\" content=\"https:\/\/www.intoscana.it\/it\/orto-botanico-lucca-riapre\/\" \/>\n<meta property=\"og:site_name\" content=\"intoscana\" \/>\n<meta property=\"article:publisher\" content=\"https:\/\/www.facebook.com\/intoscana.it\" \/>\n<meta property=\"article:published_time\" content=\"2020-05-24T09:25:59+00:00\" \/>\n<meta property=\"article:modified_time\" content=\"2020-08-10T08:23:25+00:00\" \/>\n<meta property=\"og:image\" content=\"https:\/\/www.intoscana.it\/wp-content\/uploads\/shutterstock_277485668.jpg\" \/>\n\t<meta property=\"og:image:width\" content=\"2000\" \/>\n\t<meta property=\"og:image:height\" content=\"1331\" \/>\n\t<meta property=\"og:image:type\" content=\"image\/jpeg\" \/>\n<meta name=\"author\" content=\"Redazione\" \/>\n<meta name=\"twitter:card\" content=\"summary_large_image\" \/>\n<meta name=\"twitter:creator\" content=\"@intoscana\" \/>\n<meta name=\"twitter:site\" content=\"@intoscana\" \/>\n<meta name=\"twitter:label1\" content=\"Written by\" \/>\n\t<meta name=\"twitter:data1\" content=\"Redazione\" \/>\n\t<meta name=\"twitter:label2\" content=\"Est. reading time\" \/>\n\t<meta name=\"twitter:data2\" content=\"1 minuto\" \/>\n<script type=\"application\/ld+json\" class=\"yoast-schema-graph\">{\"@context\":\"https:\/\/schema.org\",\"@graph\":[{\"@type\":\"WebPage\",\"@id\":\"https:\/\/www.intoscana.it\/it\/orto-botanico-lucca-riapre\/\",\"url\":\"https:\/\/www.intoscana.it\/it\/orto-botanico-lucca-riapre\/\",\"name\":\"L'Orto Botanico di Lucca compie 200 anni e riapre al pubblico - intoscana\",\"isPartOf\":{\"@id\":\"https:\/\/www.intoscana.it\/it\/#website\"},\"primaryImageOfPage\":{\"@id\":\"https:\/\/www.intoscana.it\/it\/orto-botanico-lucca-riapre\/#primaryimage\"},\"image\":{\"@id\":\"https:\/\/www.intoscana.it\/it\/orto-botanico-lucca-riapre\/#primaryimage\"},\"thumbnailUrl\":\"https:\/\/www.intoscana.it\/wp-content\/uploads\/shutterstock_277485668.jpg\",\"datePublished\":\"2020-05-24T09:25:59+00:00\",\"dateModified\":\"2020-08-10T08:23:25+00:00\",\"author\":{\"@id\":\"https:\/\/www.intoscana.it\/it\/#\/schema\/person\/9223810753230f20bd670fdd322661f8\"},\"breadcrumb\":{\"@id\":\"https:\/\/www.intoscana.it\/it\/orto-botanico-lucca-riapre\/#breadcrumb\"},\"inLanguage\":\"it-IT\",\"potentialAction\":[{\"@type\":\"ReadAction\",\"target\":[\"https:\/\/www.intoscana.it\/it\/orto-botanico-lucca-riapre\/\"]}]},{\"@type\":\"ImageObject\",\"inLanguage\":\"it-IT\",\"@id\":\"https:\/\/www.intoscana.it\/it\/orto-botanico-lucca-riapre\/#primaryimage\",\"url\":\"https:\/\/www.intoscana.it\/wp-content\/uploads\/shutterstock_277485668.jpg\",\"contentUrl\":\"https:\/\/www.intoscana.it\/wp-content\/uploads\/shutterstock_277485668.jpg\",\"width\":2000,\"height\":1331},{\"@type\":\"BreadcrumbList\",\"@id\":\"https:\/\/www.intoscana.it\/it\/orto-botanico-lucca-riapre\/#breadcrumb\",\"itemListElement\":[{\"@type\":\"ListItem\",\"position\":1,\"name\":\"Home\",\"item\":\"https:\/\/www.intoscana.it\/it\/\"},{\"@type\":\"ListItem\",\"position\":2,\"name\":\"L&#8217;Orto Botanico di Lucca compie 200 anni e riapre al pubblico\"}]},{\"@type\":\"WebSite\",\"@id\":\"https:\/\/www.intoscana.it\/it\/#website\",\"url\":\"https:\/\/www.intoscana.it\/it\/\",\"name\":\"intoscana\",\"description\":\"\",\"potentialAction\":[{\"@type\":\"SearchAction\",\"target\":{\"@type\":\"EntryPoint\",\"urlTemplate\":\"https:\/\/www.intoscana.it\/it\/?s={search_term_string}\"},\"query-input\":{\"@type\":\"PropertyValueSpecification\",\"valueRequired\":true,\"valueName\":\"search_term_string\"}}],\"inLanguage\":\"it-IT\"},{\"@type\":\"Person\",\"@id\":\"https:\/\/www.intoscana.it\/it\/#\/schema\/person\/9223810753230f20bd670fdd322661f8\",\"name\":\"Redazione\",\"url\":\"https:\/\/www.intoscana.it\/it\/author\/redazione\/\"}]}<\/script>\n<!-- \/ Yoast SEO Premium plugin. -->","yoast_head_json":{"title":"L'Orto Botanico di Lucca compie 200 anni e riapre al pubblico - intoscana","robots":{"index":"index","follow":"follow","max-snippet":"max-snippet:-1","max-image-preview":"max-image-preview:large","max-video-preview":"max-video-preview:-1"},"canonical":"https:\/\/www.intoscana.it\/it\/orto-botanico-lucca-riapre\/","og_locale":"it_IT","og_type":"article","og_title":"L'Orto Botanico di Lucca compie 200 anni e riapre al pubblico","og_description":"Ingressi su prenotazione nello spazio verde nel cuore della citt\u00e0 e una mostra dedicata alla ricorrenza: il giardino fu fondato nel 1820 da Maria Luisa di Borbone","og_url":"https:\/\/www.intoscana.it\/it\/orto-botanico-lucca-riapre\/","og_site_name":"intoscana","article_publisher":"https:\/\/www.facebook.com\/intoscana.it","article_published_time":"2020-05-24T09:25:59+00:00","article_modified_time":"2020-08-10T08:23:25+00:00","og_image":[{"width":2000,"height":1331,"url":"https:\/\/www.intoscana.it\/wp-content\/uploads\/shutterstock_277485668.jpg","type":"image\/jpeg"}],"author":"Redazione","twitter_card":"summary_large_image","twitter_creator":"@intoscana","twitter_site":"@intoscana","twitter_misc":{"Written by":"Redazione","Est. reading time":"1 minuto"},"schema":{"@context":"https:\/\/schema.org","@graph":[{"@type":"WebPage","@id":"https:\/\/www.intoscana.it\/it\/orto-botanico-lucca-riapre\/","url":"https:\/\/www.intoscana.it\/it\/orto-botanico-lucca-riapre\/","name":"L'Orto Botanico di Lucca compie 200 anni e riapre al pubblico - intoscana","isPartOf":{"@id":"https:\/\/www.intoscana.it\/it\/#website"},"primaryImageOfPage":{"@id":"https:\/\/www.intoscana.it\/it\/orto-botanico-lucca-riapre\/#primaryimage"},"image":{"@id":"https:\/\/www.intoscana.it\/it\/orto-botanico-lucca-riapre\/#primaryimage"},"thumbnailUrl":"https:\/\/www.intoscana.it\/wp-content\/uploads\/shutterstock_277485668.jpg","datePublished":"2020-05-24T09:25:59+00:00","dateModified":"2020-08-10T08:23:25+00:00","author":{"@id":"https:\/\/www.intoscana.it\/it\/#\/schema\/person\/9223810753230f20bd670fdd322661f8"},"breadcrumb":{"@id":"https:\/\/www.intoscana.it\/it\/orto-botanico-lucca-riapre\/#breadcrumb"},"inLanguage":"it-IT","potentialAction":[{"@type":"ReadAction","target":["https:\/\/www.intoscana.it\/it\/orto-botanico-lucca-riapre\/"]}]},{"@type":"ImageObject","inLanguage":"it-IT","@id":"https:\/\/www.intoscana.it\/it\/orto-botanico-lucca-riapre\/#primaryimage","url":"https:\/\/www.intoscana.it\/wp-content\/uploads\/shutterstock_277485668.jpg","contentUrl":"https:\/\/www.intoscana.it\/wp-content\/uploads\/shutterstock_277485668.jpg","width":2000,"height":1331},{"@type":"BreadcrumbList","@id":"https:\/\/www.intoscana.it\/it\/orto-botanico-lucca-riapre\/#breadcrumb","itemListElement":[{"@type":"ListItem","position":1,"name":"Home","item":"https:\/\/www.intoscana.it\/it\/"},{"@type":"ListItem","position":2,"name":"L&#8217;Orto Botanico di Lucca compie 200 anni e riapre al pubblico"}]},{"@type":"WebSite","@id":"https:\/\/www.intoscana.it\/it\/#website","url":"https:\/\/www.intoscana.it\/it\/","name":"intoscana","description":"","potentialAction":[{"@type":"SearchAction","target":{"@type":"EntryPoint","urlTemplate":"https:\/\/www.intoscana.it\/it\/?s={search_term_string}"},"query-input":{"@type":"PropertyValueSpecification","valueRequired":true,"valueName":"search_term_string"}}],"inLanguage":"it-IT"},{"@type":"Person","@id":"https:\/\/www.intoscana.it\/it\/#\/schema\/person\/9223810753230f20bd670fdd322661f8","name":"Redazione","url":"https:\/\/www.intoscana.it\/it\/author\/redazione\/"}]}},"_links":{"self":[{"href":"https:\/\/www.intoscana.it\/it\/wp-json\/wp\/v2\/posts\/143137","targetHints":{"allow":["GET"]}}],"collection":[{"href":"https:\/\/www.intoscana.it\/it\/wp-json\/wp\/v2\/posts"}],"about":[{"href":"https:\/\/www.intoscana.it\/it\/wp-json\/wp\/v2\/types\/post"}],"author":[{"embeddable":true,"href":"https:\/\/www.intoscana.it\/it\/wp-json\/wp\/v2\/users\/525"}],"replies":[{"embeddable":true,"href":"https:\/\/www.intoscana.it\/it\/wp-json\/wp\/v2\/comments?post=143137"}],"version-history":[{"count":0,"href":"https:\/\/www.intoscana.it\/it\/wp-json\/wp\/v2\/posts\/143137\/revisions"}],"wp:featuredmedia":[{"embeddable":true,"href":"https:\/\/www.intoscana.it\/it\/wp-json\/wp\/v2\/media\/143988"}],"wp:attachment":[{"href":"https:\/\/www.intoscana.it\/it\/wp-json\/wp\/v2\/media?parent=143137"}],"wp:term":[{"taxonomy":"category","embeddable":true,"href":"https:\/\/www.intoscana.it\/it\/wp-json\/wp\/v2\/categories?post=143137"},{"taxonomy":"post_tag","embeddable":true,"href":"https:\/\/www.intoscana.it\/it\/wp-json\/wp\/v2\/tags?post=143137"}],"curies":[{"name":"wp","href":"https:\/\/api.w.org\/{rel}","templated":true}]}}