{"id":143151,"date":"2020-05-15T09:14:33","date_gmt":"2020-05-15T07:14:33","guid":{"rendered":"https:\/\/www.intoscana.it\/la-toscana-lucia-calvosa-a-capo-del-gruppo-petrolifero-eni\/"},"modified":"2020-07-02T16:43:52","modified_gmt":"2020-07-02T14:43:52","slug":"la-toscana-lucia-calvosa-a-capo-del-gruppo-petrolifero-eni","status":"publish","type":"post","link":"https:\/\/www.intoscana.it\/it\/la-toscana-lucia-calvosa-a-capo-del-gruppo-petrolifero-eni\/","title":{"rendered":"La toscana Lucia Calvosa a capo del gruppo petrolifero ENI"},"content":{"rendered":"<p><strong>La pisana Lucia Calvosa \u00e8 la nuova presidente di ENI<\/strong>. Lo ha deliberato l&#8217;assemblea ordinaria e straordinaria del Gruppo petrolifero assieme all&#8217;approvazione del bilancio 2019.<strong> Il nuovo Consiglio d&#8217;Amministrazione<\/strong>, presieduto dalla professoressa dell\u2019Universit\u00e0 di Pisa,<strong> rimarr\u00e0 in carica fino al 2022.<\/strong><\/p>\n<p><strong>Lucia Calvosa,<span style=\"text-decoration: line-through;\"> professoressa ordinario di diritto commerciale dell&#8217;Universit\u00e0 di Pisa<\/span><\/strong> sostituisce, dopo due mandati, <strong>Emma Marcegaglia.<\/strong> Al suo fianco: Claudio Descalzi, consigliere; Ada Lucia De Cesaris consigliere; Filippo Giansante consigliere; Pietro Angelo Mario Antonio Guindani, consigliere; Karina Audrey Litvack, consigliere; Emanuele Piccinno consigliere; Nathalie Tocci consigliere; Raphael Louis L. Vermeir consigliere.<\/p>\n<p>\u201cConosco personalmente Lucia Calvosa da molti anni &#8211; <strong>ha commentato il rettore Paolo Mancarella<\/strong> &#8211; e ne apprezzo da sempre la levatura e la dedizione alla nostra Universit\u00e0. Sono fiero che una donna dell\u2019Universit\u00e0 di Pisa rivesta un ruolo cos\u00ec strategico per il Paese. Faccio a Lucia i miei migliori auguri per questa nuova e importante avventura professionale\u201d.<\/p>\n<p><strong>Nata a Roma il 26 giugno 1961<\/strong>, Lucia Calvosa \u00e8 titolare dei corsi di Diritto commerciale e di Diritto fallimentare al Dipartimento di Economia e Management dell&#8217;Ateneo pisano, dove ha ricoperto per alcuni anni anche gli insegnamenti di Diritto Privato e di Diritto Bancario.<\/p>\n<p><strong>Sempre a Pisa \u00e8 stata Presidente del corso di laurea in Economia e Commercio per due mandati<\/strong> ed \u00e8 ancora oggi componente del Collegio dei docenti del Dottorato di ricerca in \u201cImpresa, Diritto Internazionale e Processo\u201d. Oltre ad essere Presidente del Comitato Didattico Scientifico dell\u2019Associazione Ordine Dottori Commercialisti dell\u2019Alto Tirreno e membro della Commissione per l&#8217;Abilitazione Scientifica Nazionale a professore universitario di prima e seconda fascia di Diritto Commerciale.<\/p>\n<p>Negli anni la <strong>Lucia Calvosa ha svolto studi e ricerche presso l\u2019Institut f\u00fcr au\u00acsl\u00e4ndisches undinternationales Privat-und Wirtschaftsrecht dell\u2019Universit\u00e0 di Heidelberg,<\/strong> oltre ad aver partecipato, con relazioni ed interventi, a numerosi Convegni di studio nazionali ed internazionali.\u00a0<strong>Nella sua lunga carriera manageriale,<\/strong> la professoressa Calvosa \u00e8 stata membro del Consiglio di Amministrazione della Fondazione Teatro di Pisa, del CdA della Fondazione Arpa e di quelli della Camera di Commercio di Pisa e della Fondazione Pisa.<\/p>\n<p><strong>Dal 2008 al 2011 \u00e8 stata Presidente della Cassa di Risparmio di San Miniato SpA.<\/strong> Mentre dall&#8217;agosto 2011 al maggio 2019 \u00e8 stata Consigliere di Amministrazione Indipendente di<strong> TIM SPA<\/strong> nonch\u00e9 (dall&#8217;Aprile 2014) Presidente del Comitato Controllo e Rischi. Oltre ad essere stata, dal 2015 al 2017, Consigliere di Amministrazione Indipendente della <strong>Banca Monte dei Paschi.<\/strong> Attualmente \u00e8 Consigliere di Amministrazione anche di Crescita Spa e della societ\u00e0 Editoriale Il Fatto Spa.<\/p>\n<p>Nell\u2019anno 2005 \u00e8 stata insignita, dall\u2019Universit\u00e0 di Pisa, dell<strong>\u2019Ordine del Cherubino<\/strong>, il pi\u00f9 alto riconoscimento accademico dell\u2019Ateneo pisano. Mentre nel 2010 \u00e8 stata insignita delle medaglia Unesco. Dal 2012, inoltre, \u00e8 Cavaliere dell&#8217;Ordine &#8220;al merito della Repubblica Italiana&#8221;. Tra i riconoscimenti pi\u00f9 recenti anche il premio &#8220;Ambrogio Lorenzetti\u201d, per la buona governance nelle imprese.<\/p>\n","protected":false},"excerpt":{"rendered":"<p>Calvosa \u00e8 professoressa ordinario di diritto commerciale all&#8217;Universit\u00e0 di Pisa, rester\u00e0 in carica fino al 2022, sostituisce Emma Marcegallia<\/p>\n","protected":false},"author":525,"featured_media":144002,"comment_status":"open","ping_status":"open","sticky":false,"template":"","format":"standard","meta":{"_acf_changed":false,"footnotes":""},"categories":[475,12],"tags":[],"class_list":["post-143151","post","type-post","status-publish","format-standard","has-post-thumbnail","hentry","category-innovazione","category-universita"],"acf":[],"yoast_head":"<!-- This site is optimized with the Yoast SEO Premium plugin v24.2 (Yoast SEO v25.6) - https:\/\/yoast.com\/wordpress\/plugins\/seo\/ -->\n<title>La toscana Lucia Calvosa a capo del gruppo petrolifero ENI - intoscana<\/title>\n<meta name=\"description\" content=\"La toscana Lucia Calvosa capo del gruppo petrolifero ENI, \u00e8 professoressa ordinario di diritto commerciale all&#039;Universit\u00e0 di Pisa, sostituisce Emma Marcegallia\" \/>\n<meta name=\"robots\" content=\"index, follow, max-snippet:-1, max-image-preview:large, max-video-preview:-1\" \/>\n<link rel=\"canonical\" href=\"https:\/\/www.intoscana.it\/it\/la-toscana-lucia-calvosa-a-capo-del-gruppo-petrolifero-eni\/\" \/>\n<meta property=\"og:locale\" content=\"it_IT\" \/>\n<meta property=\"og:type\" content=\"article\" \/>\n<meta property=\"og:title\" content=\"La toscana Lucia Calvosa a capo del gruppo petrolifero ENI\" \/>\n<meta property=\"og:description\" content=\"La toscana Lucia Calvosa capo del gruppo petrolifero ENI, \u00e8 professoressa ordinario di diritto commerciale all&#039;Universit\u00e0 di Pisa, sostituisce Emma Marcegallia\" \/>\n<meta property=\"og:url\" content=\"https:\/\/www.intoscana.it\/it\/la-toscana-lucia-calvosa-a-capo-del-gruppo-petrolifero-eni\/\" \/>\n<meta property=\"og:site_name\" content=\"intoscana\" \/>\n<meta property=\"article:publisher\" content=\"https:\/\/www.facebook.com\/intoscana.it\" \/>\n<meta property=\"article:published_time\" content=\"2020-05-15T07:14:33+00:00\" \/>\n<meta property=\"article:modified_time\" content=\"2020-07-02T14:43:52+00:00\" \/>\n<meta property=\"og:image\" content=\"https:\/\/www.intoscana.it\/wp-content\/uploads\/lucia-calvosa.jpg\" \/>\n\t<meta property=\"og:image:width\" content=\"2000\" \/>\n\t<meta property=\"og:image:height\" content=\"1333\" \/>\n\t<meta property=\"og:image:type\" content=\"image\/jpeg\" \/>\n<meta name=\"author\" content=\"Redazione\" \/>\n<meta name=\"twitter:card\" content=\"summary_large_image\" \/>\n<meta name=\"twitter:creator\" content=\"@intoscana\" \/>\n<meta name=\"twitter:site\" content=\"@intoscana\" \/>\n<meta name=\"twitter:label1\" content=\"Written by\" \/>\n\t<meta name=\"twitter:data1\" content=\"Redazione\" \/>\n\t<meta name=\"twitter:label2\" content=\"Est. reading time\" \/>\n\t<meta name=\"twitter:data2\" content=\"2 minuti\" \/>\n<script type=\"application\/ld+json\" class=\"yoast-schema-graph\">{\"@context\":\"https:\/\/schema.org\",\"@graph\":[{\"@type\":\"WebPage\",\"@id\":\"https:\/\/www.intoscana.it\/it\/la-toscana-lucia-calvosa-a-capo-del-gruppo-petrolifero-eni\/\",\"url\":\"https:\/\/www.intoscana.it\/it\/la-toscana-lucia-calvosa-a-capo-del-gruppo-petrolifero-eni\/\",\"name\":\"La toscana Lucia Calvosa a capo del gruppo petrolifero ENI - intoscana\",\"isPartOf\":{\"@id\":\"https:\/\/www.intoscana.it\/it\/#website\"},\"primaryImageOfPage\":{\"@id\":\"https:\/\/www.intoscana.it\/it\/la-toscana-lucia-calvosa-a-capo-del-gruppo-petrolifero-eni\/#primaryimage\"},\"image\":{\"@id\":\"https:\/\/www.intoscana.it\/it\/la-toscana-lucia-calvosa-a-capo-del-gruppo-petrolifero-eni\/#primaryimage\"},\"thumbnailUrl\":\"https:\/\/www.intoscana.it\/wp-content\/uploads\/lucia-calvosa.jpg\",\"datePublished\":\"2020-05-15T07:14:33+00:00\",\"dateModified\":\"2020-07-02T14:43:52+00:00\",\"author\":{\"@id\":\"https:\/\/www.intoscana.it\/it\/#\/schema\/person\/9223810753230f20bd670fdd322661f8\"},\"description\":\"La toscana Lucia Calvosa capo del gruppo petrolifero ENI, \u00e8 professoressa ordinario di diritto commerciale all'Universit\u00e0 di Pisa, sostituisce Emma Marcegallia\",\"breadcrumb\":{\"@id\":\"https:\/\/www.intoscana.it\/it\/la-toscana-lucia-calvosa-a-capo-del-gruppo-petrolifero-eni\/#breadcrumb\"},\"inLanguage\":\"it-IT\",\"potentialAction\":[{\"@type\":\"ReadAction\",\"target\":[\"https:\/\/www.intoscana.it\/it\/la-toscana-lucia-calvosa-a-capo-del-gruppo-petrolifero-eni\/\"]}]},{\"@type\":\"ImageObject\",\"inLanguage\":\"it-IT\",\"@id\":\"https:\/\/www.intoscana.it\/it\/la-toscana-lucia-calvosa-a-capo-del-gruppo-petrolifero-eni\/#primaryimage\",\"url\":\"https:\/\/www.intoscana.it\/wp-content\/uploads\/lucia-calvosa.jpg\",\"contentUrl\":\"https:\/\/www.intoscana.it\/wp-content\/uploads\/lucia-calvosa.jpg\",\"width\":2000,\"height\":1333,\"caption\":\"Lucia Calvosa\"},{\"@type\":\"BreadcrumbList\",\"@id\":\"https:\/\/www.intoscana.it\/it\/la-toscana-lucia-calvosa-a-capo-del-gruppo-petrolifero-eni\/#breadcrumb\",\"itemListElement\":[{\"@type\":\"ListItem\",\"position\":1,\"name\":\"Home\",\"item\":\"https:\/\/www.intoscana.it\/it\/\"},{\"@type\":\"ListItem\",\"position\":2,\"name\":\"La toscana Lucia Calvosa a capo del gruppo petrolifero ENI\"}]},{\"@type\":\"WebSite\",\"@id\":\"https:\/\/www.intoscana.it\/it\/#website\",\"url\":\"https:\/\/www.intoscana.it\/it\/\",\"name\":\"intoscana\",\"description\":\"\",\"potentialAction\":[{\"@type\":\"SearchAction\",\"target\":{\"@type\":\"EntryPoint\",\"urlTemplate\":\"https:\/\/www.intoscana.it\/it\/?s={search_term_string}\"},\"query-input\":{\"@type\":\"PropertyValueSpecification\",\"valueRequired\":true,\"valueName\":\"search_term_string\"}}],\"inLanguage\":\"it-IT\"},{\"@type\":\"Person\",\"@id\":\"https:\/\/www.intoscana.it\/it\/#\/schema\/person\/9223810753230f20bd670fdd322661f8\",\"name\":\"Redazione\",\"url\":\"https:\/\/www.intoscana.it\/it\/author\/redazione\/\"}]}<\/script>\n<!-- \/ Yoast SEO Premium plugin. -->","yoast_head_json":{"title":"La toscana Lucia Calvosa a capo del gruppo petrolifero ENI - intoscana","description":"La toscana Lucia Calvosa capo del gruppo petrolifero ENI, \u00e8 professoressa ordinario di diritto commerciale all'Universit\u00e0 di Pisa, sostituisce Emma Marcegallia","robots":{"index":"index","follow":"follow","max-snippet":"max-snippet:-1","max-image-preview":"max-image-preview:large","max-video-preview":"max-video-preview:-1"},"canonical":"https:\/\/www.intoscana.it\/it\/la-toscana-lucia-calvosa-a-capo-del-gruppo-petrolifero-eni\/","og_locale":"it_IT","og_type":"article","og_title":"La toscana Lucia Calvosa a capo del gruppo petrolifero ENI","og_description":"La toscana Lucia Calvosa capo del gruppo petrolifero ENI, \u00e8 professoressa ordinario di diritto commerciale all'Universit\u00e0 di Pisa, sostituisce Emma Marcegallia","og_url":"https:\/\/www.intoscana.it\/it\/la-toscana-lucia-calvosa-a-capo-del-gruppo-petrolifero-eni\/","og_site_name":"intoscana","article_publisher":"https:\/\/www.facebook.com\/intoscana.it","article_published_time":"2020-05-15T07:14:33+00:00","article_modified_time":"2020-07-02T14:43:52+00:00","og_image":[{"width":2000,"height":1333,"url":"https:\/\/www.intoscana.it\/wp-content\/uploads\/lucia-calvosa.jpg","type":"image\/jpeg"}],"author":"Redazione","twitter_card":"summary_large_image","twitter_creator":"@intoscana","twitter_site":"@intoscana","twitter_misc":{"Written by":"Redazione","Est. reading time":"2 minuti"},"schema":{"@context":"https:\/\/schema.org","@graph":[{"@type":"WebPage","@id":"https:\/\/www.intoscana.it\/it\/la-toscana-lucia-calvosa-a-capo-del-gruppo-petrolifero-eni\/","url":"https:\/\/www.intoscana.it\/it\/la-toscana-lucia-calvosa-a-capo-del-gruppo-petrolifero-eni\/","name":"La toscana Lucia Calvosa a capo del gruppo petrolifero ENI - intoscana","isPartOf":{"@id":"https:\/\/www.intoscana.it\/it\/#website"},"primaryImageOfPage":{"@id":"https:\/\/www.intoscana.it\/it\/la-toscana-lucia-calvosa-a-capo-del-gruppo-petrolifero-eni\/#primaryimage"},"image":{"@id":"https:\/\/www.intoscana.it\/it\/la-toscana-lucia-calvosa-a-capo-del-gruppo-petrolifero-eni\/#primaryimage"},"thumbnailUrl":"https:\/\/www.intoscana.it\/wp-content\/uploads\/lucia-calvosa.jpg","datePublished":"2020-05-15T07:14:33+00:00","dateModified":"2020-07-02T14:43:52+00:00","author":{"@id":"https:\/\/www.intoscana.it\/it\/#\/schema\/person\/9223810753230f20bd670fdd322661f8"},"description":"La toscana Lucia Calvosa capo del gruppo petrolifero ENI, \u00e8 professoressa ordinario di diritto commerciale all'Universit\u00e0 di Pisa, sostituisce Emma Marcegallia","breadcrumb":{"@id":"https:\/\/www.intoscana.it\/it\/la-toscana-lucia-calvosa-a-capo-del-gruppo-petrolifero-eni\/#breadcrumb"},"inLanguage":"it-IT","potentialAction":[{"@type":"ReadAction","target":["https:\/\/www.intoscana.it\/it\/la-toscana-lucia-calvosa-a-capo-del-gruppo-petrolifero-eni\/"]}]},{"@type":"ImageObject","inLanguage":"it-IT","@id":"https:\/\/www.intoscana.it\/it\/la-toscana-lucia-calvosa-a-capo-del-gruppo-petrolifero-eni\/#primaryimage","url":"https:\/\/www.intoscana.it\/wp-content\/uploads\/lucia-calvosa.jpg","contentUrl":"https:\/\/www.intoscana.it\/wp-content\/uploads\/lucia-calvosa.jpg","width":2000,"height":1333,"caption":"Lucia Calvosa"},{"@type":"BreadcrumbList","@id":"https:\/\/www.intoscana.it\/it\/la-toscana-lucia-calvosa-a-capo-del-gruppo-petrolifero-eni\/#breadcrumb","itemListElement":[{"@type":"ListItem","position":1,"name":"Home","item":"https:\/\/www.intoscana.it\/it\/"},{"@type":"ListItem","position":2,"name":"La toscana Lucia Calvosa a capo del gruppo petrolifero ENI"}]},{"@type":"WebSite","@id":"https:\/\/www.intoscana.it\/it\/#website","url":"https:\/\/www.intoscana.it\/it\/","name":"intoscana","description":"","potentialAction":[{"@type":"SearchAction","target":{"@type":"EntryPoint","urlTemplate":"https:\/\/www.intoscana.it\/it\/?s={search_term_string}"},"query-input":{"@type":"PropertyValueSpecification","valueRequired":true,"valueName":"search_term_string"}}],"inLanguage":"it-IT"},{"@type":"Person","@id":"https:\/\/www.intoscana.it\/it\/#\/schema\/person\/9223810753230f20bd670fdd322661f8","name":"Redazione","url":"https:\/\/www.intoscana.it\/it\/author\/redazione\/"}]}},"_links":{"self":[{"href":"https:\/\/www.intoscana.it\/it\/wp-json\/wp\/v2\/posts\/143151","targetHints":{"allow":["GET"]}}],"collection":[{"href":"https:\/\/www.intoscana.it\/it\/wp-json\/wp\/v2\/posts"}],"about":[{"href":"https:\/\/www.intoscana.it\/it\/wp-json\/wp\/v2\/types\/post"}],"author":[{"embeddable":true,"href":"https:\/\/www.intoscana.it\/it\/wp-json\/wp\/v2\/users\/525"}],"replies":[{"embeddable":true,"href":"https:\/\/www.intoscana.it\/it\/wp-json\/wp\/v2\/comments?post=143151"}],"version-history":[{"count":0,"href":"https:\/\/www.intoscana.it\/it\/wp-json\/wp\/v2\/posts\/143151\/revisions"}],"wp:featuredmedia":[{"embeddable":true,"href":"https:\/\/www.intoscana.it\/it\/wp-json\/wp\/v2\/media\/144002"}],"wp:attachment":[{"href":"https:\/\/www.intoscana.it\/it\/wp-json\/wp\/v2\/media?parent=143151"}],"wp:term":[{"taxonomy":"category","embeddable":true,"href":"https:\/\/www.intoscana.it\/it\/wp-json\/wp\/v2\/categories?post=143151"},{"taxonomy":"post_tag","embeddable":true,"href":"https:\/\/www.intoscana.it\/it\/wp-json\/wp\/v2\/tags?post=143151"}],"curies":[{"name":"wp","href":"https:\/\/api.w.org\/{rel}","templated":true}]}}