{"id":143159,"date":"2020-05-16T10:44:56","date_gmt":"2020-05-16T08:44:56","guid":{"rendered":"https:\/\/www.intoscana.it\/la-toscana-riapre-fase-2-bis-ecco-cosa-cambia-da-lunedi\/"},"modified":"2020-08-10T10:23:32","modified_gmt":"2020-08-10T08:23:32","slug":"fase2-18-maggio","status":"publish","type":"post","link":"https:\/\/www.intoscana.it\/it\/fase2-18-maggio\/","title":{"rendered":"La Toscana &#8216;riapre&#8217;. Fase 2-bis, ecco cosa cambia da luned\u00ec"},"content":{"rendered":"<p><strong>Una piccola grande rivoluzione. La fase 2 non solo entra nel vivo, ma introduce numerose novit\u00e0 che ci avvicinano a una progressiva e quasi totale riapertura (anche in Toscana).<\/strong><\/p>\n<p>Nella notte il Consiglio dei Ministri, su proposta del Presidente Giuseppe Conte e del ministro della salute Roberto Speranza, ha approvato un decreto-legge che introduce ulteriori misure urgenti per fronteggiare l\u2019emergenza epidemiologica da Covid-19. Il decreto delinea il quadro normativo nazionale all\u2019interno del quale, da luned\u00ec 18 maggio e fino al 31 luglio 2020, con appositi decreti o ordinanze statali, regionali o comunali, potranno essere disciplinati gli spostamenti delle persone fisiche e le modalit\u00e0 di svolgimento delle attivit\u00e0 economiche, produttive e sociali.<\/p>\n<p><strong>Prima che il Cdm ricominciasse, Governo, regioni e comuni hanno raggiunto in videoconferenza un&#8217;intesa di massima su un documento con le linee guida per la riapertura<\/strong>. In base all&#8217;evoluzione dello scenario epidemiologico, le misure indicate potranno essere rimodulate, anche in senso pi\u00f9 restrittivo.<\/p>\n<p><strong>Oltre alle regole gi\u00e0 stabilite come il distanziamento tra le persone (sar\u00e0 di un solo metro) e l&#8217;uso di mascherine nei luoghi chiusi, <\/strong>ecco cosa si potr\u00e0 e dovr\u00e0 fare a partire da luned\u00ec.<\/p>\n<p><span style=\"text-decoration: underline;\"><strong>Spostamenti, nessuna limitazione all&#8217;interno<\/strong><\/span><br \/><span style=\"text-decoration: underline;\"><strong>della Regione. Stop autocertificazione<\/strong><\/span><br \/>A partire dal 18 maggio 2020, gli spostamenti delle persone all\u2019interno del territorio della stessa regione non saranno soggetti ad alcuna limitazione. Lo Stato o le Regioni, in base a quanto previsto dal decreto-legge 25 marzo 2020, n. 19, potranno adottare o reiterare misure limitative della circolazione all\u2019interno del territorio regionale relativamente a specifiche aree interessate da un particolare aggravamento della situazione epidemiologica. <br \/>Non sar\u00e0 pi\u00f9 necessaria l&#8217;autocertificazione. Nessun limite, dunque, agli spostamenti nelle seconde case se situate nella regione di residenza.<\/p>\n<p><span style=\"text-decoration: underline;\"><strong>Autocertificazione, solo per spostamenti<\/strong><\/span><br \/><span style=\"text-decoration: underline;\"><strong>tra regioni (e solo fino al 2 giugno 2020)<\/strong><\/span><br \/>Fino al 2 giugno 2020 restano vietati gli spostamenti, con mezzi di trasporto pubblici e privati, in una regione diversa rispetto a quella in cui attualmente ci si trova, cos\u00ec come quelli da e per l\u2019estero, salvo che per comprovate esigenze lavorative, di assoluta urgenza o per motivi di salute; resta in ogni caso consentito il rientro presso il proprio domicilio, abitazione o residenza.&nbsp; A decorrere dal 3 giugno 2020, gli spostamenti tra regioni diverse potranno essere limitati solo con provvedimenti statali adottati ai sensi dell\u2019articolo 2 del decreto-legge 25 marzo 2020, n. 19, in relazione a specifiche aree del territorio nazionale, secondo principi di adeguatezza e proporzionalit\u00e0 al rischio epidemiologico effettivamente presente in dette aree.<\/p>\n<p><span style=\"text-decoration: underline;\"><strong>Dal 3 giugno l&#8217;Italia riapre le frontiere Ue,<\/strong><\/span><br \/><span style=\"text-decoration: underline;\"><strong>ma non ci sar\u00e0 l&#8217;obbligo della quarantena<\/strong> <\/span><br \/>Tali norme varranno anche per gli spostamenti da e per l\u2019estero, che potranno essere limitati solo con provvedimenti statali anche in relazione a specifici Stati e territori, secondo principi di adeguatezza e proporzionalit\u00e0 al rischio epidemiologico e nel rispetto dei vincoli derivanti dall\u2019ordinamento dell\u2019Unione europea e degli obblighi internazionali. Saranno comunque consentiti gli spostamenti tra la Citt\u00e0 del Vaticano o la Repubblica di San Marino e le regioni confinanti.<br \/>Per chi varcher\u00e0 i confini non sar\u00e0 pi\u00f9 prevista la quarantena obbligatoria con isolamento di 14 giorni. Una misura che mira a far riprendere il flusso turistico.<\/p>\n<p><span style=\"text-decoration: underline;\"><strong>Isolamento domiciliare in caso di quarantena<\/strong><\/span><br \/>\u00c8 confermato il divieto di mobilit\u00e0 dalla propria abitazione o dimora per le persone sottoposte alla misura della quarantena per provvedimento dell\u2019autorit\u00e0 sanitaria in quanto risultate positive al virus Covid-19, fino all\u2019accertamento della guarigione o al ricovero in una struttura sanitaria o altra struttura allo scopo destinata.<br \/>La quarantena precauzionale \u00e8 applicata con provvedimento dell\u2019autorit\u00e0 sanitaria ai soggetti che hanno avuto contatti stretti con casi confermati di soggetti positivi al virus COVID-19 e agli altri soggetti indicati con i provvedimenti adottati ai sensi dell&#8217;articolo 2 del decreto-legge n. 19 del 2020.<\/p>\n<p><span style=\"text-decoration: underline;\"><strong>Ancora vietati gli assembramenti<\/strong><\/span><br \/>Resta vietato, l\u2019assembramento di persone in luoghi pubblici o aperti al pubblico.<br \/>Le funzioni religiose con la partecipazione di persone si svolgono nel rispetto dei protocolli sottoscritti dal Governo e dalle rispettive confessioni, contenenti le misure idonee a prevenire il rischio di contagio.<\/p>\n<p><span style=\"text-decoration: underline;\"><strong>Riaprono le attivit\u00e0 economiche e produttive<\/strong><\/span><br \/><span style=\"text-decoration: underline;\"><strong>ma dovranno applicare rigidi protocolli di sicurezza<\/strong><\/span><br \/>A partire dal 18 maggio, le attivit\u00e0 economiche, produttive e sociali devono svolgersi nel rispetto dei contenuti di protocolli o linee guida, idonei a prevenire o ridurre il rischio di contagio nel settore di riferimento o in ambiti analoghi, adottati dalle regioni o dalla Conferenza delle regioni e delle province autonome, nel rispetto dei principi contenuti nei protocolli o nelle linee guida nazionali. In assenza di quelli regionali trovano applicazione i protocolli o le linee guida adottati a livello nazionale. Le misure limitative delle attivit\u00e0 economiche e produttive possono essere adottate, nel rispetto dei principi di adeguatezza e proporzionalit\u00e0, con provvedimenti statali emanati ai sensi dell\u2019articolo 2 del decreto legge n. 19 del 2020 o, nelle more di tali provvedimenti, dalle Regioni. Per garantire lo svolgimento in condizioni di sicurezza delle attivit\u00e0 economiche, produttive e sociali, le regioni monitorano con cadenza giornaliera l&#8217;andamento della situazione epidemiologica nei propri territori e, in relazione a tale andamento, le condizioni di adeguatezza del sistema sanitario regionale. I dati del monitoraggio sono comunicati giornalmente dalle regioni al Ministero della salute, all\u2019Istituto superiore di sanit\u00e0 e al Comitato tecnico-scientifico. In relazione all\u2019andamento della situazione epidemiologica sul territorio, la singola regione, informando contestualmente il Ministro della salute, pu\u00f2 introdurre misure derogatorie, ampliative o restrittive, rispetto a quelle disposte a livello statale.<\/p>\n<ul>\n<li><span style=\"text-decoration: underline;\"><strong>Ristoranti<\/strong><\/span>. Distanze tra i clienti ridotta a un metro, uso di mascherina quando ci si alza dal tavolo, stop ai buffet e lista delle prenotazioni conservata per 14 giorni. \u00c8 quanto prevede la proposta unitaria che le Regioni. La consumazione al banco \u00e8 consentita \u00absolo se pu\u00f2 essere assicurata la distanza interpersonale di almeno 1 metro tra i clienti, ad eccezione delle persone che in base alle disposizioni vigenti non siano soggette al distanziamento interpersonale; detto ultimo aspetto afferisce alla responsabilit\u00e0 individuale\u00bb.\n<\/li>\n<li><span style=\"text-decoration: underline;\"><strong>Spiaggia<\/strong><\/span>. Un metro distanza tra le persone sulle spiagge, anche quelle libere. Stop ai giochi di gruppo in spiaggia, per evitare assembramenti e contagi, via libera a racchettoni, surf, nuoto e windsurf. Mentre per gli sport di squadra (es. beach-volley, beach-soccer) sar\u00e0 necessario rispettare le disposizioni delle istituzioni competenti.\n<\/li>\n<li><span style=\"text-decoration: underline;\"><strong>Parrucchieri e centri estetici<\/strong><\/span>. Nel settore della cura della persona (servizi degli acconciatori, barbieri ed estetisti) sar\u00e0 consentito l\u2019accesso dei clienti solo tramite prenotazione; bisogner\u00e0 mantenere l\u2019elenco delle presenze per un periodo di 14 giorni e potr\u00e0 essere rilevata la temperatura corporea, impedendo l\u2019accesso in caso di temperatura maggiore di 37,5 gradi. Bisogna dunque prevedere la riorganizzazione degli spazi, per quanto possibile in ragione delle condizioni logistiche e strutturali, per assicurare il mantenimento di almeno un metro di separazione sia tra le singole postazioni di lavoro, sia tra i clienti. Verr\u00e0 eliminata la disponibilit\u00e0 di riviste e materiale informativo di uso promiscuo.\n<\/li>\n<li><span style=\"text-decoration: underline;\"><strong>Hotel<\/strong><\/span>. Nelle strutture ricettive alberghiere, complementari e alloggi in agriturismo potr\u00e0 essere rilevata la temperatura corporea e bisogner\u00e0 garantire il rispetto del distanziamento interpersonale di almeno un metro in tutte le aree comuni e favorire la differenziazione dei percorsi all\u2019interno delle strutture, con particolare attenzione alle zone di ingresso e uscita.\n<\/li>\n<li><span style=\"text-decoration: underline;\"><strong>Commercio al dettaglio<\/strong><\/span>. Potr\u00e0 essere rilevata la temperatura, impedendo l&#8217;accesso sopra i 37,5 gradi. Mantenere un metro di separazione tra i clienti. In caso di vendita di abbigliamento, i clienti dovranno avere guanti monouso. I clienti devono indossare la mascherina.\n<\/li>\n<li><span style=\"text-decoration: underline;\"><strong>Mercati.<\/strong><\/span> Accessi scaglionati. Mantenere il distanziamento interpersonale. Utilizzo delle mascherine obbligatorio.\n<\/li>\n<li><span style=\"text-decoration: underline;\"><strong>Uffici aperti al pubblico.<\/strong><\/span> Potr\u00e0 essere rilevata la temperatura, impedendo l&#8217;accesso sopra i 37,5 gradi. Favorire l&#8217;accesso con prenotazione. Mantenere almeno un metro di separazione.\n<\/li>\n<li><span style=\"text-decoration: underline;\"><strong>Piscine.<\/strong><\/span> Potr\u00e0 essere rilevata la temperatura, impedendo l&#8217;accesso sopra i 37,5 gradi. Divieto di accesso al pubblico. In vasca massimo una persona ogni 7 metri quadri. I propri abiti vanno riposti nella borsa. Fissati i limiti minimi del cloro in acqua. Prima dell&#8217;ingresso in piscina, obbligo di doccia saponata.\n<\/li>\n<li><span style=\"text-decoration: underline;\"><strong>Palestre.<\/strong><\/span> Potr\u00e0 essere rilevata la temperatura, impedendo l&#8217;accesso sopra i 37,5 gradi. Distanza di almeno 2 metri durante l&#8217;attivit\u00e0 fisica. Obbligo di assicurare la disinfezione delle macchine usate. I vestiti vanno riposti nella borsa personale. Pulizia delle griglie di ventilazione con alcool etilico.\n<\/li>\n<li><span style=\"text-decoration: underline;\"><strong>Musei e biblioteche.<\/strong><\/span> Potr\u00e0 essere rilevata la temperatura, impedendo l&#8217;accesso sopra i 37,5 gradi. I visitatori devono sempre indossare la mascherina. Limitare l&#8217;utilizzo di ascensori. Disinfettare eventuali audio-guide.<\/li>\n<\/ul>\n<p><span style=\"text-decoration: underline;\"><strong>Sanzioni<\/strong><\/span><br \/>Il mancato rispetto dei contenuti dei protocolli o delle linee guida regionali o, in assenza, nazionali, che non assicuri adeguati livelli di protezione, determina la sospensione dell\u2019attivit\u00e0 economica o produttiva fino al ripristino delle condizioni di sicurezza. Salvo che il fatto costituisca reato diverso da quello di cui all\u2019articolo 650 del codice penale (\u201cInosservanza dei provvedimenti dell&#8217;Autorit\u00e0\u201d), le violazioni delle disposizioni del decreto, o dei decreti e delle ordinanze emanati per darne attuazione, sono punite con la sanzione amministrativa di cui all\u2019articolo 4, comma 1, del decreto-legge 25 marzo 2020 n. 19, che prevede il pagamento di una somma da 400 a 3mila euro, aumentata fino a un terzo se la violazione avviene mediante l&#8217;utilizzo di un veicolo. Nei casi in cui la violazione sia commessa nell\u2019esercizio di un\u2019attivit\u00e0 di impresa, si applica altres\u00ec la sanzione amministrativa accessoria della chiusura dell\u2019esercizio o dell\u2019attivit\u00e0 da 5 a 30 giorni. Ove necessario per impedire la prosecuzione o la reiterazione della violazione, l\u2019autorit\u00e0 procedente pu\u00f2 disporre la chiusura provvisoria dell\u2019attivit\u00e0 o dell\u2019esercizio per una durata non superiore a 5 giorni, eventualmente da scomputare dalla sanzione accessoria definitivamente irrogata, in sede di sua esecuzione. In caso di reiterata violazione della medesima disposizione la sanzione amministrativa \u00e8 raddoppiata e quella accessoria \u00e8 applicata nella misura massima.<\/p>\n","protected":false},"excerpt":{"rendered":"<p>La distanza si riduce a un metro e riapriranno quasi tutte le attivit\u00e0, ma ci saranno rigidi protocolli da rispettare. Tutto ci\u00f2 che c&#8217;\u00e8 da sapere su autocertificazioni, spostamenti, spiagge, negozi, palestre, ristoranti e parrucchieri<\/p>\n","protected":false},"author":525,"featured_media":144010,"comment_status":"open","ping_status":"open","sticky":false,"template":"","format":"standard","meta":{"_acf_changed":false,"footnotes":""},"categories":[494,7],"tags":[418,153],"class_list":["post-143159","post","type-post","status-publish","format-standard","has-post-thumbnail","hentry","category-attualita","category-societa","tag-covid-19","tag-toscana"],"acf":[],"yoast_head":"<!-- This site is optimized with the Yoast SEO Premium plugin v24.2 (Yoast SEO v25.6) - https:\/\/yoast.com\/wordpress\/plugins\/seo\/ -->\n<title>La Toscana &#039;riapre&#039;. Fase 2-bis, ecco cosa cambia da luned\u00ec - intoscana<\/title>\n<meta name=\"description\" content=\"La distanza si riduce a un 1, riapriranno quasi tutte le attivit\u00e0; ci saranno rigidi protocolli. Tutto ci\u00f2 che c&#039;\u00e8 da sapere su autocertificazioni e spostamenti\" \/>\n<meta name=\"robots\" content=\"index, follow, max-snippet:-1, max-image-preview:large, max-video-preview:-1\" \/>\n<link rel=\"canonical\" href=\"https:\/\/www.intoscana.it\/it\/fase2-18-maggio\/\" \/>\n<meta property=\"og:locale\" content=\"it_IT\" \/>\n<meta property=\"og:type\" content=\"article\" \/>\n<meta property=\"og:title\" content=\"La Toscana &#039;riapre&#039;. Fase 2-bis, ecco cosa cambia da luned\u00ec\" \/>\n<meta property=\"og:description\" content=\"La distanza si riduce a un 1, riapriranno quasi tutte le attivit\u00e0; ci saranno rigidi protocolli. Tutto ci\u00f2 che c&#039;\u00e8 da sapere su autocertificazioni e spostamenti\" \/>\n<meta property=\"og:url\" content=\"https:\/\/www.intoscana.it\/it\/fase2-18-maggio\/\" \/>\n<meta property=\"og:site_name\" content=\"intoscana\" \/>\n<meta property=\"article:publisher\" content=\"https:\/\/www.facebook.com\/intoscana.it\" \/>\n<meta property=\"article:published_time\" content=\"2020-05-16T08:44:56+00:00\" \/>\n<meta property=\"article:modified_time\" content=\"2020-08-10T08:23:32+00:00\" \/>\n<meta property=\"og:image\" content=\"https:\/\/www.intoscana.it\/wp-content\/uploads\/m.-rohana-shutterstock.com_.jpg\" \/>\n\t<meta property=\"og:image:width\" content=\"1000\" \/>\n\t<meta property=\"og:image:height\" content=\"668\" \/>\n\t<meta property=\"og:image:type\" content=\"image\/jpeg\" \/>\n<meta name=\"author\" content=\"Redazione\" \/>\n<meta name=\"twitter:card\" content=\"summary_large_image\" \/>\n<meta name=\"twitter:creator\" content=\"@intoscana\" \/>\n<meta name=\"twitter:site\" content=\"@intoscana\" \/>\n<meta name=\"twitter:label1\" content=\"Written by\" \/>\n\t<meta name=\"twitter:data1\" content=\"Redazione\" \/>\n\t<meta name=\"twitter:label2\" content=\"Est. reading time\" \/>\n\t<meta name=\"twitter:data2\" content=\"8 minuti\" \/>\n<script type=\"application\/ld+json\" class=\"yoast-schema-graph\">{\"@context\":\"https:\/\/schema.org\",\"@graph\":[{\"@type\":\"WebPage\",\"@id\":\"https:\/\/www.intoscana.it\/it\/fase2-18-maggio\/\",\"url\":\"https:\/\/www.intoscana.it\/it\/fase2-18-maggio\/\",\"name\":\"La Toscana 'riapre'. Fase 2-bis, ecco cosa cambia da luned\u00ec - intoscana\",\"isPartOf\":{\"@id\":\"https:\/\/www.intoscana.it\/it\/#website\"},\"primaryImageOfPage\":{\"@id\":\"https:\/\/www.intoscana.it\/it\/fase2-18-maggio\/#primaryimage\"},\"image\":{\"@id\":\"https:\/\/www.intoscana.it\/it\/fase2-18-maggio\/#primaryimage\"},\"thumbnailUrl\":\"https:\/\/www.intoscana.it\/wp-content\/uploads\/m.-rohana-shutterstock.com_.jpg\",\"datePublished\":\"2020-05-16T08:44:56+00:00\",\"dateModified\":\"2020-08-10T08:23:32+00:00\",\"author\":{\"@id\":\"https:\/\/www.intoscana.it\/it\/#\/schema\/person\/9223810753230f20bd670fdd322661f8\"},\"description\":\"La distanza si riduce a un 1, riapriranno quasi tutte le attivit\u00e0; ci saranno rigidi protocolli. Tutto ci\u00f2 che c'\u00e8 da sapere su autocertificazioni e spostamenti\",\"breadcrumb\":{\"@id\":\"https:\/\/www.intoscana.it\/it\/fase2-18-maggio\/#breadcrumb\"},\"inLanguage\":\"it-IT\",\"potentialAction\":[{\"@type\":\"ReadAction\",\"target\":[\"https:\/\/www.intoscana.it\/it\/fase2-18-maggio\/\"]}]},{\"@type\":\"ImageObject\",\"inLanguage\":\"it-IT\",\"@id\":\"https:\/\/www.intoscana.it\/it\/fase2-18-maggio\/#primaryimage\",\"url\":\"https:\/\/www.intoscana.it\/wp-content\/uploads\/m.-rohana-shutterstock.com_.jpg\",\"contentUrl\":\"https:\/\/www.intoscana.it\/wp-content\/uploads\/m.-rohana-shutterstock.com_.jpg\",\"width\":1000,\"height\":668},{\"@type\":\"BreadcrumbList\",\"@id\":\"https:\/\/www.intoscana.it\/it\/fase2-18-maggio\/#breadcrumb\",\"itemListElement\":[{\"@type\":\"ListItem\",\"position\":1,\"name\":\"Home\",\"item\":\"https:\/\/www.intoscana.it\/it\/\"},{\"@type\":\"ListItem\",\"position\":2,\"name\":\"La Toscana &#8216;riapre&#8217;. Fase 2-bis, ecco cosa cambia da luned\u00ec\"}]},{\"@type\":\"WebSite\",\"@id\":\"https:\/\/www.intoscana.it\/it\/#website\",\"url\":\"https:\/\/www.intoscana.it\/it\/\",\"name\":\"intoscana\",\"description\":\"\",\"potentialAction\":[{\"@type\":\"SearchAction\",\"target\":{\"@type\":\"EntryPoint\",\"urlTemplate\":\"https:\/\/www.intoscana.it\/it\/?s={search_term_string}\"},\"query-input\":{\"@type\":\"PropertyValueSpecification\",\"valueRequired\":true,\"valueName\":\"search_term_string\"}}],\"inLanguage\":\"it-IT\"},{\"@type\":\"Person\",\"@id\":\"https:\/\/www.intoscana.it\/it\/#\/schema\/person\/9223810753230f20bd670fdd322661f8\",\"name\":\"Redazione\",\"url\":\"https:\/\/www.intoscana.it\/it\/author\/redazione\/\"}]}<\/script>\n<!-- \/ Yoast SEO Premium plugin. -->","yoast_head_json":{"title":"La Toscana 'riapre'. Fase 2-bis, ecco cosa cambia da luned\u00ec - intoscana","description":"La distanza si riduce a un 1, riapriranno quasi tutte le attivit\u00e0; ci saranno rigidi protocolli. Tutto ci\u00f2 che c'\u00e8 da sapere su autocertificazioni e spostamenti","robots":{"index":"index","follow":"follow","max-snippet":"max-snippet:-1","max-image-preview":"max-image-preview:large","max-video-preview":"max-video-preview:-1"},"canonical":"https:\/\/www.intoscana.it\/it\/fase2-18-maggio\/","og_locale":"it_IT","og_type":"article","og_title":"La Toscana 'riapre'. Fase 2-bis, ecco cosa cambia da luned\u00ec","og_description":"La distanza si riduce a un 1, riapriranno quasi tutte le attivit\u00e0; ci saranno rigidi protocolli. Tutto ci\u00f2 che c'\u00e8 da sapere su autocertificazioni e spostamenti","og_url":"https:\/\/www.intoscana.it\/it\/fase2-18-maggio\/","og_site_name":"intoscana","article_publisher":"https:\/\/www.facebook.com\/intoscana.it","article_published_time":"2020-05-16T08:44:56+00:00","article_modified_time":"2020-08-10T08:23:32+00:00","og_image":[{"width":1000,"height":668,"url":"https:\/\/www.intoscana.it\/wp-content\/uploads\/m.-rohana-shutterstock.com_.jpg","type":"image\/jpeg"}],"author":"Redazione","twitter_card":"summary_large_image","twitter_creator":"@intoscana","twitter_site":"@intoscana","twitter_misc":{"Written by":"Redazione","Est. reading time":"8 minuti"},"schema":{"@context":"https:\/\/schema.org","@graph":[{"@type":"WebPage","@id":"https:\/\/www.intoscana.it\/it\/fase2-18-maggio\/","url":"https:\/\/www.intoscana.it\/it\/fase2-18-maggio\/","name":"La Toscana 'riapre'. Fase 2-bis, ecco cosa cambia da luned\u00ec - intoscana","isPartOf":{"@id":"https:\/\/www.intoscana.it\/it\/#website"},"primaryImageOfPage":{"@id":"https:\/\/www.intoscana.it\/it\/fase2-18-maggio\/#primaryimage"},"image":{"@id":"https:\/\/www.intoscana.it\/it\/fase2-18-maggio\/#primaryimage"},"thumbnailUrl":"https:\/\/www.intoscana.it\/wp-content\/uploads\/m.-rohana-shutterstock.com_.jpg","datePublished":"2020-05-16T08:44:56+00:00","dateModified":"2020-08-10T08:23:32+00:00","author":{"@id":"https:\/\/www.intoscana.it\/it\/#\/schema\/person\/9223810753230f20bd670fdd322661f8"},"description":"La distanza si riduce a un 1, riapriranno quasi tutte le attivit\u00e0; ci saranno rigidi protocolli. Tutto ci\u00f2 che c'\u00e8 da sapere su autocertificazioni e spostamenti","breadcrumb":{"@id":"https:\/\/www.intoscana.it\/it\/fase2-18-maggio\/#breadcrumb"},"inLanguage":"it-IT","potentialAction":[{"@type":"ReadAction","target":["https:\/\/www.intoscana.it\/it\/fase2-18-maggio\/"]}]},{"@type":"ImageObject","inLanguage":"it-IT","@id":"https:\/\/www.intoscana.it\/it\/fase2-18-maggio\/#primaryimage","url":"https:\/\/www.intoscana.it\/wp-content\/uploads\/m.-rohana-shutterstock.com_.jpg","contentUrl":"https:\/\/www.intoscana.it\/wp-content\/uploads\/m.-rohana-shutterstock.com_.jpg","width":1000,"height":668},{"@type":"BreadcrumbList","@id":"https:\/\/www.intoscana.it\/it\/fase2-18-maggio\/#breadcrumb","itemListElement":[{"@type":"ListItem","position":1,"name":"Home","item":"https:\/\/www.intoscana.it\/it\/"},{"@type":"ListItem","position":2,"name":"La Toscana &#8216;riapre&#8217;. Fase 2-bis, ecco cosa cambia da luned\u00ec"}]},{"@type":"WebSite","@id":"https:\/\/www.intoscana.it\/it\/#website","url":"https:\/\/www.intoscana.it\/it\/","name":"intoscana","description":"","potentialAction":[{"@type":"SearchAction","target":{"@type":"EntryPoint","urlTemplate":"https:\/\/www.intoscana.it\/it\/?s={search_term_string}"},"query-input":{"@type":"PropertyValueSpecification","valueRequired":true,"valueName":"search_term_string"}}],"inLanguage":"it-IT"},{"@type":"Person","@id":"https:\/\/www.intoscana.it\/it\/#\/schema\/person\/9223810753230f20bd670fdd322661f8","name":"Redazione","url":"https:\/\/www.intoscana.it\/it\/author\/redazione\/"}]}},"_links":{"self":[{"href":"https:\/\/www.intoscana.it\/it\/wp-json\/wp\/v2\/posts\/143159","targetHints":{"allow":["GET"]}}],"collection":[{"href":"https:\/\/www.intoscana.it\/it\/wp-json\/wp\/v2\/posts"}],"about":[{"href":"https:\/\/www.intoscana.it\/it\/wp-json\/wp\/v2\/types\/post"}],"author":[{"embeddable":true,"href":"https:\/\/www.intoscana.it\/it\/wp-json\/wp\/v2\/users\/525"}],"replies":[{"embeddable":true,"href":"https:\/\/www.intoscana.it\/it\/wp-json\/wp\/v2\/comments?post=143159"}],"version-history":[{"count":0,"href":"https:\/\/www.intoscana.it\/it\/wp-json\/wp\/v2\/posts\/143159\/revisions"}],"wp:featuredmedia":[{"embeddable":true,"href":"https:\/\/www.intoscana.it\/it\/wp-json\/wp\/v2\/media\/144010"}],"wp:attachment":[{"href":"https:\/\/www.intoscana.it\/it\/wp-json\/wp\/v2\/media?parent=143159"}],"wp:term":[{"taxonomy":"category","embeddable":true,"href":"https:\/\/www.intoscana.it\/it\/wp-json\/wp\/v2\/categories?post=143159"},{"taxonomy":"post_tag","embeddable":true,"href":"https:\/\/www.intoscana.it\/it\/wp-json\/wp\/v2\/tags?post=143159"}],"curies":[{"name":"wp","href":"https:\/\/api.w.org\/{rel}","templated":true}]}}