{"id":143178,"date":"2020-04-10T16:48:11","date_gmt":"2020-04-10T14:48:11","guid":{"rendered":"https:\/\/www.intoscana.it\/ipotesi-app-per-il-tracciamento-che-valore-diamo-ai-nostri-dati-un-fiorino\/"},"modified":"2020-08-10T10:23:42","modified_gmt":"2020-08-10T08:23:42","slug":"ipotesi-app-tracciamento-ma-quanto-peso-diamo-ai-nostri-dati-un-fiorino","status":"publish","type":"post","link":"https:\/\/www.intoscana.it\/it\/ipotesi-app-tracciamento-ma-quanto-peso-diamo-ai-nostri-dati-un-fiorino\/","title":{"rendered":"Ipotesi app per il tracciamento. Che valore diamo ai nostri dati? &#8216;Un fiorino&#8217;"},"content":{"rendered":"<p>Ormai ci \u00e8 chiaro che dovremmo fare i conti con una vita diversa anche quando sar\u00e0 passata l\u2019emergenza. Siamo tutti in attesa della \u201c<em>fase 2<\/em>\u201d. L\u2019aspettiamo come <strong>si aspetta la seconda stagione di una serie su Netflix<\/strong> e auguriamoci che non si tratti di <em>Black Mirror<\/em>.<\/p>\n<p><strong>Potremmo uscire?<\/strong> <strong>Potremmo tornare ad andare ad un concerto? Per quanto ancora dovremo fare a meno della musica, dei parchi, dei pic-nic, degli abbracci?<\/strong><\/p>\n<p>In questa fase 2 stiamo riponendo tutte le nostre speranze, quelle coltivate in un mese di isolamento, nelle riflessioni tra la cucina, il salotto e la camera da letto. Abbiamo accumulato cos\u00ec tante speranze che mi aspetto di vedere <strong>Conte nei panni di Massimo Decimo Meridio in giacca e cravatta<\/strong>, forse con il volto pi\u00f9 provato di quello di un gladiatore, dire a tutti noi in diretta tv (o Facebook): <em>\u201cAl mio via scatenate l\u2019inferno\u201d.<\/em> Magari. Forse troppo teatrale. Improbabile. Anche inutile.<\/p>\n<p><strong>Pi\u00f9 plausibile un discorso alla Lorenzo il Magnifico:<\/strong> <em>\u201cDi doman non v&#8217;\u00e8 certezza\u201d.<\/em> Sicuramente pi\u00f9 appropriato. Pi\u00f9 composto. Pi\u00f9 responsabile. Pi\u00f9 calibrato sulla situazione attuale.<\/p>\n<p>In questa incertezza, c\u2019\u00e8 la certezza che dovremo prendere le misure con stili di vita diversi da quelli cui eravamo abituati. <strong>Un ruolo preponderante lo giocheranno i nostri dati.<\/strong> <strong>Il nostro DNA digitale.<\/strong> Si sente con molta pi\u00f9 frequenza parlare di <strong>app per il tracciamento per la fase 2.<\/strong><\/p>\n<p>Il<strong> ministero dell\u2019Innovazione ha messo in piedi una task force di 74 esperti<\/strong> il cui compito sar\u00e0 quello di far convogliare idee su come avvalersi della conoscenza intrinseca ai nostri dati per fronteggiare l\u2019emergenza Covid. Si guarda alla Corea. Ma non solo in Corea si sono avvalsi dei dati raccolti tramite gli smartphone per geolocalizzare gli spostamenti della cittadinanza e tenere sotto controllo i positivi, stessa scelta \u00e8 stata fatta da Cina e Singapore. Da tempo circolava l\u2019ipotesi che il <strong>contact tracing venisse applicato anche in Italia e l\u2019istituzione della task force sembra fugare ogni dubbio.<\/strong><\/p>\n<p><span style=\"text-decoration: underline;\"><strong>Come saranno raccolti i dati?<\/strong> <\/span>Dagli smartphone con ogni probabilit\u00e0, forse anche tramite social network, Facebook ha gi\u00e0 autorizzato l\u2019accesso ad un ristretto gruppo di ricercatori impegnanti nella lotta alla pandemia (il programma si chiama \u201cData for Good\u201d ed \u00e8 gi\u00e0 attivo da qualche anno).<\/p>\n<p><span style=\"text-decoration: underline;\"><strong>L\u2019utilizzo dei dati dei cittadini \u00e8 lecito?<\/strong><\/span> Le Autorit\u00e0 per la privacy <strong>non dicono NO<\/strong>. Doppiia negazione articolata ma voluta. Quello dei garanti non suona come un SI incondizionato. <strong>\u00c8 un SI con ma e se<\/strong>. <strong>\u00c8 un SI con condizione<\/strong>. \u201c<em>Si a patto che non siano identificate le persone<\/em>\u201d, \u201c<em>Si a patto che l\u2019individuo abbia dato il consenso<\/em>\u201d. \u201c<em>Si purch\u00e9 limitatamente al tempo necessario per combattere l\u2019epidemia\u201d<\/em>.<br \/>\u201c<em>S\u00ec se si tratta di dati effettivamente anonimi che descrivono i flussi di mobilit\u00e0 ma non identificano le persone<\/em> &#8211; ha dichiarato <strong>Antonello Soro, presidente dell\u2019autorit\u00e0 garante per la protezione dei dati personali in un\u2019intervista pubblicata sul sito istituzionale.&nbsp;<\/strong><em>Altro sarebbe<\/em> \u2013 ha aggiunto &#8211; <em>se si volessero raccogliere dati identificativi: in questo caso servono garanzie adeguate e norme precise con limiti temporali<\/em>\u201d.<\/p>\n<p>Come saranno raccolti, utilizzati e come poi resettati senza che finiscano in mani sbagliate \u00e8 ci\u00f2 su cui si interroga la task force del Ministero. Blindata almeno fino a dopo Pasqua.<\/p>\n<p>Nel frattempo <strong>il dibattito ha preso piede anche fuori dal palazzo.<\/strong> <br \/>Ci sono pi\u00f9 livelli di riflessione in merito. Una domanda lecita \u00e8 quanto saremo consapevoli del monitoraggio in corso.<br \/>E quanto la consapevolezza inibir\u00e0 le nostre scelte, anche quelle limitate che ci \u00e8 rimasto di prendere.<br \/>Sapere che i miei spostamenti sono monitorati mi limiter\u00e0 dal farli? Anche se pochi e necessari? Prevarr\u00e0 l&#8217;inibizione o la razionalit\u00e0?<\/p>\n<p>Mi immagino uno scenario cos\u00ec. Esco a gettare la spazzatura, ho messo da parte plastica e cartone per giorni. Tutto insieme per limitare le uscite. <strong>Acquisizione dati completata<\/strong>.<br \/>Arrivo nei pressi del cassonetto e mi accorgo di aver seminato le scatole di Amazon nel tragitto. Torno indietro e le recupero. <strong>Acquisizione dati completata<\/strong>. Torno a gettarle, mica sono incivile da lasciarle in mezzo alla strada. Di nuovo: <strong>Spostamento registrato.<\/strong><\/p>\n<p>Mi vengono in mente <strong>Benigni e Troisi alla frontiera: <em>\u201cChi siete? Cosa portate? Si ma quanti siete? Un fiorino\u201d<\/em><\/strong>. In loop.<\/p>\n<p>Davvero funzioner\u00e0 cos\u00ec? Ovviamnete ci augiuriamo di no. Non ci sar\u00e0 neppure l\u2019obbligo di condividere i dati. Da quanto finora trapelato sembra che <strong>spetter\u00e0 ad ogni singolo cittadino scegliere se scaricare e autorizzare l\u2019app per il tracciamento<\/strong>. Pare assodato per\u00f2 che <strong>se una percentuale significativa della popolazione non dar\u00e0 accesso ai propri dati, vanificher\u00e0 l\u2019autorizzazione data dagli altri.<\/strong><\/p>\n<p>E questo \u00e8 l&#8217;aspetto centrale: q<strong>uanto incider\u00e0 il pressing sociale sulla scelta individuale di condividere la propria posizione e i propri riferimenti?<\/strong><\/p>\n<p>Da un lato la motivazione, che \u00e8 di quelle poderose, di quelle che non si possono smontare, che non possono essere messe in discussione: <strong>la salute pubblica<\/strong>. Come si fa ad opporsi o ad avanzare ragioni contrarie alla condivisione dei propri dati se il loro scopo \u00e8 combattere il virus che sta mettendo in ginocchio l\u2019intero pianeta?.&nbsp;Come si fa a controbattere quando la motivazione dall\u2019altra parte \u00e8 il contributo di ciascuno (il sacrificio del singolo) per il bene collettivo?&nbsp;Chiunque prover\u00e0 a giustificare la propria decisione di non autorizzare la condivisione, con ogni probabilit\u00e0, sar\u00e0 pubblicamente deriso, tacciato, sar\u00e0 messo alla berlina (un po\u2019 come accade ora con i runner: filmati e dati all\u2019inquisizione social).<br \/>Dall\u2019altro lato per\u00f3 c\u2019\u00e8 un diritto, sacrosanto, <strong>sancito dall\u2019articolo 13 della nostra Costituzione: <em>\u201cLa libert\u00e0 personale \u00e8 inviolabile\u201d<\/em>.<\/strong><\/p>\n<p><strong>Non \u00e8 una questione da poco.<\/strong><\/p>\n<p><strong>E quindi?<\/strong> Forse la cosa migliore che possiamo fare <strong>\u00e8 dare rilevanza alla questione stessa<\/strong>.<\/p>\n<p><strong>Quanto valore diamo ai nostri dati?<\/strong> Fino a ieri forse meno di un fiorino.&nbsp;Diciamoci la verit\u00e0, non ci soffermiamo pi\u00f9 di due secondi prima di autorizzare una qualsiasi app di Facebook, societ\u00e0 privata con interessi privati e con dichiarato (seppur non esplicito) fine di lucro, ad utilizzare per i propri scopi la nostra posizione o le nostre preferenze.<br \/>Non regge la motivazione: \u201c<em>Non ho nulla da nascondere<\/em>\u201d. Vero, ma stiamo comunque dando ad un altro la chiave di lettura delle nostre scelte, preferenze, emozioni, inclinazioni, ecc. Forse ne siamo solo inconsapevoli, adescati dal fatto che in cambio ci vengono offerti servizi gratis, in realt\u00e0 la merce di scambio siamo noi.<\/p>\n<p>In questa attesa spasmodica per la fase 2, <strong>porre attenzione a noi stessi potrebbe significare anche soffermarci sul valore della nostra identit\u00e0 digitale.<\/strong><\/p>\n<p>Forse sar\u00e0 importante <strong>evitare che sulla questione privacy\/dati\/libert\u00e0 il dibattito sia ridotto ai minimi termini: il singolo per la collettivit\u00e0. La parte per il tutto<\/strong>. Anche perch\u00e9 la vita non \u00e8 una sineddoche. Forse dovremmo ripensare ai comuni denominatori dell\u2019espressione <strong>e rimettere la scienza al centro partendo dal presupposto che i dati hanno valore. Altrimenti non sarebbe stata istituita un\u2019apposita task force.<\/strong><\/p>\n<p>Non sar\u00e0 Black Mirror se avremo almeno acquisito coscienza dei limiti e delle potenzialit\u00e0 del nostro io digitale. La realt\u00e0 post Covid sar\u00e0 abitata da una societ\u00e0 ancora pi\u00f9 interconessa, che ha imparato (gioco forza) a sopravvivere in quarantena proprio grazie a quell\u2019io digitale e nella quale la<strong> vita reale si affiancher\u00e0 e mischier\u00e0 sempre di pi\u00f9 con quella virtuale:<\/strong> come starci dentro dipender\u00e0 molto dalle riflessioni che faremo oggi. Anche da quelle su dati e privacy.<\/p>\n","protected":false},"excerpt":{"rendered":"<p>Presso il ministero dell&#8217;Innovazione \u00e8 stata istituita una task force che si occuper\u00e0 di ipotizzare come uscire dalla crisi grazie al monitoraggio dei cittadini. Ma siamo consapevoli di cosa significhi? E come funzioner\u00e0? I temi del dibattito<\/p>\n","protected":false},"author":503,"featured_media":144029,"comment_status":"open","ping_status":"open","sticky":false,"template":"","format":"standard","meta":{"_acf_changed":false,"footnotes":""},"categories":[475,15],"tags":[],"class_list":["post-143178","post","type-post","status-publish","format-standard","has-post-thumbnail","hentry","category-innovazione","category-tecnologia"],"acf":[],"yoast_head":"<!-- This site is optimized with the Yoast SEO Premium plugin v24.2 (Yoast SEO v25.6) - https:\/\/yoast.com\/wordpress\/plugins\/seo\/ -->\n<title>Ipotesi app per il tracciamento. Che valore diamo ai nostri dati? &#039;Un fiorino&#039; - intoscana<\/title>\n<meta name=\"description\" content=\"Istituita, presso il ministero dell&#039;Innovazione, un&#039;apposita task force che si occuper\u00e0 di capire come gestire i dati dei cittadini\" \/>\n<meta name=\"robots\" content=\"index, follow, max-snippet:-1, max-image-preview:large, max-video-preview:-1\" \/>\n<link rel=\"canonical\" href=\"https:\/\/www.intoscana.it\/it\/ipotesi-app-tracciamento-ma-quanto-peso-diamo-ai-nostri-dati-un-fiorino\/\" \/>\n<meta property=\"og:locale\" content=\"it_IT\" \/>\n<meta property=\"og:type\" content=\"article\" \/>\n<meta property=\"og:title\" content=\"Ipotesi app per il tracciamento. Che valore diamo ai nostri dati? &#039;Un fiorino&#039;\" \/>\n<meta property=\"og:description\" content=\"Istituita, presso il ministero dell&#039;Innovazione, un&#039;apposita task force che si occuper\u00e0 di capire come gestire i dati dei cittadini\" \/>\n<meta property=\"og:url\" content=\"https:\/\/www.intoscana.it\/it\/ipotesi-app-tracciamento-ma-quanto-peso-diamo-ai-nostri-dati-un-fiorino\/\" \/>\n<meta property=\"og:site_name\" content=\"intoscana\" \/>\n<meta property=\"article:publisher\" content=\"https:\/\/www.facebook.com\/intoscana.it\" \/>\n<meta property=\"article:published_time\" content=\"2020-04-10T14:48:11+00:00\" \/>\n<meta property=\"article:modified_time\" content=\"2020-08-10T08:23:42+00:00\" \/>\n<meta property=\"og:image\" content=\"https:\/\/www.intoscana.it\/wp-content\/uploads\/un-fiorino.jpg\" \/>\n\t<meta property=\"og:image:width\" content=\"1135\" \/>\n\t<meta property=\"og:image:height\" content=\"675\" \/>\n\t<meta property=\"og:image:type\" content=\"image\/jpeg\" \/>\n<meta name=\"author\" content=\"Giulia Rafanelli\" \/>\n<meta name=\"twitter:card\" content=\"summary_large_image\" \/>\n<meta name=\"twitter:creator\" content=\"@intoscana\" \/>\n<meta name=\"twitter:site\" content=\"@intoscana\" \/>\n<meta name=\"twitter:label1\" content=\"Written by\" \/>\n\t<meta name=\"twitter:data1\" content=\"Giulia Rafanelli\" \/>\n\t<meta name=\"twitter:label2\" content=\"Est. reading time\" \/>\n\t<meta name=\"twitter:data2\" content=\"6 minuti\" \/>\n<script type=\"application\/ld+json\" class=\"yoast-schema-graph\">{\"@context\":\"https:\/\/schema.org\",\"@graph\":[{\"@type\":\"WebPage\",\"@id\":\"https:\/\/www.intoscana.it\/it\/ipotesi-app-tracciamento-ma-quanto-peso-diamo-ai-nostri-dati-un-fiorino\/\",\"url\":\"https:\/\/www.intoscana.it\/it\/ipotesi-app-tracciamento-ma-quanto-peso-diamo-ai-nostri-dati-un-fiorino\/\",\"name\":\"Ipotesi app per il tracciamento. Che valore diamo ai nostri dati? 'Un fiorino' - intoscana\",\"isPartOf\":{\"@id\":\"https:\/\/www.intoscana.it\/it\/#website\"},\"primaryImageOfPage\":{\"@id\":\"https:\/\/www.intoscana.it\/it\/ipotesi-app-tracciamento-ma-quanto-peso-diamo-ai-nostri-dati-un-fiorino\/#primaryimage\"},\"image\":{\"@id\":\"https:\/\/www.intoscana.it\/it\/ipotesi-app-tracciamento-ma-quanto-peso-diamo-ai-nostri-dati-un-fiorino\/#primaryimage\"},\"thumbnailUrl\":\"https:\/\/www.intoscana.it\/wp-content\/uploads\/un-fiorino.jpg\",\"datePublished\":\"2020-04-10T14:48:11+00:00\",\"dateModified\":\"2020-08-10T08:23:42+00:00\",\"author\":{\"@id\":\"https:\/\/www.intoscana.it\/it\/#\/schema\/person\/333569b367b301e30262defcea56c939\"},\"description\":\"Istituita, presso il ministero dell'Innovazione, un'apposita task force che si occuper\u00e0 di capire come gestire i dati dei cittadini\",\"breadcrumb\":{\"@id\":\"https:\/\/www.intoscana.it\/it\/ipotesi-app-tracciamento-ma-quanto-peso-diamo-ai-nostri-dati-un-fiorino\/#breadcrumb\"},\"inLanguage\":\"it-IT\",\"potentialAction\":[{\"@type\":\"ReadAction\",\"target\":[\"https:\/\/www.intoscana.it\/it\/ipotesi-app-tracciamento-ma-quanto-peso-diamo-ai-nostri-dati-un-fiorino\/\"]}]},{\"@type\":\"ImageObject\",\"inLanguage\":\"it-IT\",\"@id\":\"https:\/\/www.intoscana.it\/it\/ipotesi-app-tracciamento-ma-quanto-peso-diamo-ai-nostri-dati-un-fiorino\/#primaryimage\",\"url\":\"https:\/\/www.intoscana.it\/wp-content\/uploads\/un-fiorino.jpg\",\"contentUrl\":\"https:\/\/www.intoscana.it\/wp-content\/uploads\/un-fiorino.jpg\",\"width\":1135,\"height\":675},{\"@type\":\"BreadcrumbList\",\"@id\":\"https:\/\/www.intoscana.it\/it\/ipotesi-app-tracciamento-ma-quanto-peso-diamo-ai-nostri-dati-un-fiorino\/#breadcrumb\",\"itemListElement\":[{\"@type\":\"ListItem\",\"position\":1,\"name\":\"Home\",\"item\":\"https:\/\/www.intoscana.it\/it\/\"},{\"@type\":\"ListItem\",\"position\":2,\"name\":\"Ipotesi app per il tracciamento. Che valore diamo ai nostri dati? &#8216;Un fiorino&#8217;\"}]},{\"@type\":\"WebSite\",\"@id\":\"https:\/\/www.intoscana.it\/it\/#website\",\"url\":\"https:\/\/www.intoscana.it\/it\/\",\"name\":\"intoscana\",\"description\":\"\",\"potentialAction\":[{\"@type\":\"SearchAction\",\"target\":{\"@type\":\"EntryPoint\",\"urlTemplate\":\"https:\/\/www.intoscana.it\/it\/?s={search_term_string}\"},\"query-input\":{\"@type\":\"PropertyValueSpecification\",\"valueRequired\":true,\"valueName\":\"search_term_string\"}}],\"inLanguage\":\"it-IT\"},{\"@type\":\"Person\",\"@id\":\"https:\/\/www.intoscana.it\/it\/#\/schema\/person\/333569b367b301e30262defcea56c939\",\"name\":\"Giulia Rafanelli\",\"url\":\"https:\/\/www.intoscana.it\/it\/author\/giulia-rafanelli\/\"}]}<\/script>\n<!-- \/ Yoast SEO Premium plugin. -->","yoast_head_json":{"title":"Ipotesi app per il tracciamento. Che valore diamo ai nostri dati? 'Un fiorino' - intoscana","description":"Istituita, presso il ministero dell'Innovazione, un'apposita task force che si occuper\u00e0 di capire come gestire i dati dei cittadini","robots":{"index":"index","follow":"follow","max-snippet":"max-snippet:-1","max-image-preview":"max-image-preview:large","max-video-preview":"max-video-preview:-1"},"canonical":"https:\/\/www.intoscana.it\/it\/ipotesi-app-tracciamento-ma-quanto-peso-diamo-ai-nostri-dati-un-fiorino\/","og_locale":"it_IT","og_type":"article","og_title":"Ipotesi app per il tracciamento. Che valore diamo ai nostri dati? 'Un fiorino'","og_description":"Istituita, presso il ministero dell'Innovazione, un'apposita task force che si occuper\u00e0 di capire come gestire i dati dei cittadini","og_url":"https:\/\/www.intoscana.it\/it\/ipotesi-app-tracciamento-ma-quanto-peso-diamo-ai-nostri-dati-un-fiorino\/","og_site_name":"intoscana","article_publisher":"https:\/\/www.facebook.com\/intoscana.it","article_published_time":"2020-04-10T14:48:11+00:00","article_modified_time":"2020-08-10T08:23:42+00:00","og_image":[{"width":1135,"height":675,"url":"https:\/\/www.intoscana.it\/wp-content\/uploads\/un-fiorino.jpg","type":"image\/jpeg"}],"author":"Giulia Rafanelli","twitter_card":"summary_large_image","twitter_creator":"@intoscana","twitter_site":"@intoscana","twitter_misc":{"Written by":"Giulia Rafanelli","Est. reading time":"6 minuti"},"schema":{"@context":"https:\/\/schema.org","@graph":[{"@type":"WebPage","@id":"https:\/\/www.intoscana.it\/it\/ipotesi-app-tracciamento-ma-quanto-peso-diamo-ai-nostri-dati-un-fiorino\/","url":"https:\/\/www.intoscana.it\/it\/ipotesi-app-tracciamento-ma-quanto-peso-diamo-ai-nostri-dati-un-fiorino\/","name":"Ipotesi app per il tracciamento. Che valore diamo ai nostri dati? 'Un fiorino' - intoscana","isPartOf":{"@id":"https:\/\/www.intoscana.it\/it\/#website"},"primaryImageOfPage":{"@id":"https:\/\/www.intoscana.it\/it\/ipotesi-app-tracciamento-ma-quanto-peso-diamo-ai-nostri-dati-un-fiorino\/#primaryimage"},"image":{"@id":"https:\/\/www.intoscana.it\/it\/ipotesi-app-tracciamento-ma-quanto-peso-diamo-ai-nostri-dati-un-fiorino\/#primaryimage"},"thumbnailUrl":"https:\/\/www.intoscana.it\/wp-content\/uploads\/un-fiorino.jpg","datePublished":"2020-04-10T14:48:11+00:00","dateModified":"2020-08-10T08:23:42+00:00","author":{"@id":"https:\/\/www.intoscana.it\/it\/#\/schema\/person\/333569b367b301e30262defcea56c939"},"description":"Istituita, presso il ministero dell'Innovazione, un'apposita task force che si occuper\u00e0 di capire come gestire i dati dei cittadini","breadcrumb":{"@id":"https:\/\/www.intoscana.it\/it\/ipotesi-app-tracciamento-ma-quanto-peso-diamo-ai-nostri-dati-un-fiorino\/#breadcrumb"},"inLanguage":"it-IT","potentialAction":[{"@type":"ReadAction","target":["https:\/\/www.intoscana.it\/it\/ipotesi-app-tracciamento-ma-quanto-peso-diamo-ai-nostri-dati-un-fiorino\/"]}]},{"@type":"ImageObject","inLanguage":"it-IT","@id":"https:\/\/www.intoscana.it\/it\/ipotesi-app-tracciamento-ma-quanto-peso-diamo-ai-nostri-dati-un-fiorino\/#primaryimage","url":"https:\/\/www.intoscana.it\/wp-content\/uploads\/un-fiorino.jpg","contentUrl":"https:\/\/www.intoscana.it\/wp-content\/uploads\/un-fiorino.jpg","width":1135,"height":675},{"@type":"BreadcrumbList","@id":"https:\/\/www.intoscana.it\/it\/ipotesi-app-tracciamento-ma-quanto-peso-diamo-ai-nostri-dati-un-fiorino\/#breadcrumb","itemListElement":[{"@type":"ListItem","position":1,"name":"Home","item":"https:\/\/www.intoscana.it\/it\/"},{"@type":"ListItem","position":2,"name":"Ipotesi app per il tracciamento. Che valore diamo ai nostri dati? &#8216;Un fiorino&#8217;"}]},{"@type":"WebSite","@id":"https:\/\/www.intoscana.it\/it\/#website","url":"https:\/\/www.intoscana.it\/it\/","name":"intoscana","description":"","potentialAction":[{"@type":"SearchAction","target":{"@type":"EntryPoint","urlTemplate":"https:\/\/www.intoscana.it\/it\/?s={search_term_string}"},"query-input":{"@type":"PropertyValueSpecification","valueRequired":true,"valueName":"search_term_string"}}],"inLanguage":"it-IT"},{"@type":"Person","@id":"https:\/\/www.intoscana.it\/it\/#\/schema\/person\/333569b367b301e30262defcea56c939","name":"Giulia Rafanelli","url":"https:\/\/www.intoscana.it\/it\/author\/giulia-rafanelli\/"}]}},"_links":{"self":[{"href":"https:\/\/www.intoscana.it\/it\/wp-json\/wp\/v2\/posts\/143178","targetHints":{"allow":["GET"]}}],"collection":[{"href":"https:\/\/www.intoscana.it\/it\/wp-json\/wp\/v2\/posts"}],"about":[{"href":"https:\/\/www.intoscana.it\/it\/wp-json\/wp\/v2\/types\/post"}],"author":[{"embeddable":true,"href":"https:\/\/www.intoscana.it\/it\/wp-json\/wp\/v2\/users\/503"}],"replies":[{"embeddable":true,"href":"https:\/\/www.intoscana.it\/it\/wp-json\/wp\/v2\/comments?post=143178"}],"version-history":[{"count":0,"href":"https:\/\/www.intoscana.it\/it\/wp-json\/wp\/v2\/posts\/143178\/revisions"}],"wp:featuredmedia":[{"embeddable":true,"href":"https:\/\/www.intoscana.it\/it\/wp-json\/wp\/v2\/media\/144029"}],"wp:attachment":[{"href":"https:\/\/www.intoscana.it\/it\/wp-json\/wp\/v2\/media?parent=143178"}],"wp:term":[{"taxonomy":"category","embeddable":true,"href":"https:\/\/www.intoscana.it\/it\/wp-json\/wp\/v2\/categories?post=143178"},{"taxonomy":"post_tag","embeddable":true,"href":"https:\/\/www.intoscana.it\/it\/wp-json\/wp\/v2\/tags?post=143178"}],"curies":[{"name":"wp","href":"https:\/\/api.w.org\/{rel}","templated":true}]}}