{"id":143194,"date":"2020-06-02T21:55:01","date_gmt":"2020-06-02T19:55:01","guid":{"rendered":"https:\/\/www.intoscana.it\/nasce-a-firenze-losservatorio-europeo-sui-media-digitali\/"},"modified":"2020-08-10T10:23:49","modified_gmt":"2020-08-10T08:23:49","slug":"osservatorio-media-digitali","status":"publish","type":"post","link":"https:\/\/www.intoscana.it\/it\/osservatorio-media-digitali\/","title":{"rendered":"Nasce a Firenze l&#8217;Osservatorio europeo sui media digitali"},"content":{"rendered":"<p>Prendono il via le attivit\u00e0 dell&#8217;<strong>Osservatorio europeo sui media digitali (Edmo)<\/strong>, presso l&#8217;Istituto universitario europeo di Firenze. <strong>Il progetto finanziato dall&#8217;Unione europea<\/strong>, mette insieme <strong>fact-checkers, esperti dei media e ricercatori accademici,<\/strong> per analizzare e lottare contro la disinformazione, in collaborazione con le organizzazioni dei media e le piattaforme online.<\/p>\n<p>Tra gli obiettivi di Edmo: avanzare nella c<strong>onoscenza scientifica sulla disinformazione online, nello sviluppo di servizi di verifica dei fatti,<\/strong> e nel sostegno ai <strong>programmi di alfabetizzazione dei media<\/strong>. L&#8217;Osservatorio, sar\u00e0 coordinato dal <strong>presidente dell&#8217;Istituto universitario europeo, Renaud Dehousse,<\/strong> e supporter\u00e0 anche le Autorit\u00e0 di regolamento nazionale, promuovendo la condivisione di <strong>dati affidabili.<\/strong><\/p>\n<p>&#8220;La disinformazione sta diventando sempre pi\u00f9 una minaccia per le nostre societ\u00e0 democratiche e dobbiamo combatterla. L&#8217;Osservatorio costituisce un elemento importante del nostro approccio: promuove il controllo dei fatti e migliora la nostra capacit\u00e0 di comprendere meglio la diffusione della disinformazione online&#8221;, ha evidenziato <strong>la vicepresidente della Commissione Ue per i Valori e la trasparenza, V\u011bra Jourov\u00e1<\/strong>.<\/p>\n<p>&#8220;Gli ultimi mesi hanno nuovamente dimostrato il grave e dannoso impatto che la disinformazione pu\u00f2 avere sulla nostra salute, societ\u00e0 ed economie. L&#8217;Osservatorio sar\u00e0 un importante punto di riferimento per combattere, smascherare, comprendere e analizzare le attivit\u00e0 di disinformazione in Europa&#8221;, <strong>ha aggiunto il commissario per il Mercato interno, Thierry Breton.<\/strong><\/p>\n","protected":false},"excerpt":{"rendered":"<p>Obiettivo del progetto combattere la disinformazione, la sede dell&#8217;EDMO sar\u00e0 all&#8217;Istituto universitario europeo<\/p>\n","protected":false},"author":525,"featured_media":144045,"comment_status":"open","ping_status":"open","sticky":false,"template":"","format":"standard","meta":{"_acf_changed":false,"footnotes":""},"categories":[475,15],"tags":[],"class_list":["post-143194","post","type-post","status-publish","format-standard","has-post-thumbnail","hentry","category-innovazione","category-tecnologia"],"acf":[],"yoast_head":"<!-- This site is optimized with the Yoast SEO Premium plugin v24.2 (Yoast SEO v25.6) - https:\/\/yoast.com\/wordpress\/plugins\/seo\/ -->\n<title>Nasce a Firenze l&#039;Osservatorio europeo sui media digitali - intoscana<\/title>\n<meta name=\"description\" content=\"Nasce a Firenze l&#039;Osservatorio europeo sui media digitali, obiettivo combattere la disinformazione, la sede dell&#039;EDMO sar\u00e0 all&#039;Istituto universitario europeo\" \/>\n<meta name=\"robots\" content=\"index, follow, max-snippet:-1, max-image-preview:large, max-video-preview:-1\" \/>\n<link rel=\"canonical\" href=\"https:\/\/www.intoscana.it\/it\/osservatorio-media-digitali\/\" \/>\n<meta property=\"og:locale\" content=\"it_IT\" \/>\n<meta property=\"og:type\" content=\"article\" \/>\n<meta property=\"og:title\" content=\"Nasce a Firenze l&#039;Osservatorio europeo sui media digitali\" \/>\n<meta property=\"og:description\" content=\"Nasce a Firenze l&#039;Osservatorio europeo sui media digitali, obiettivo combattere la disinformazione, la sede dell&#039;EDMO sar\u00e0 all&#039;Istituto universitario europeo\" \/>\n<meta property=\"og:url\" content=\"https:\/\/www.intoscana.it\/it\/osservatorio-media-digitali\/\" \/>\n<meta property=\"og:site_name\" content=\"intoscana\" \/>\n<meta property=\"article:publisher\" content=\"https:\/\/www.facebook.com\/intoscana.it\" \/>\n<meta property=\"article:published_time\" content=\"2020-06-02T19:55:01+00:00\" \/>\n<meta property=\"article:modified_time\" content=\"2020-08-10T08:23:49+00:00\" \/>\n<meta property=\"og:image\" content=\"https:\/\/www.intoscana.it\/wp-content\/uploads\/digitale-29.jpg\" \/>\n\t<meta property=\"og:image:width\" content=\"2000\" \/>\n\t<meta property=\"og:image:height\" content=\"1200\" \/>\n\t<meta property=\"og:image:type\" content=\"image\/jpeg\" \/>\n<meta name=\"author\" content=\"Redazione\" \/>\n<meta name=\"twitter:card\" content=\"summary_large_image\" \/>\n<meta name=\"twitter:creator\" content=\"@intoscana\" \/>\n<meta name=\"twitter:site\" content=\"@intoscana\" \/>\n<meta name=\"twitter:label1\" content=\"Written by\" \/>\n\t<meta name=\"twitter:data1\" content=\"Redazione\" \/>\n\t<meta name=\"twitter:label2\" content=\"Est. reading time\" \/>\n\t<meta name=\"twitter:data2\" content=\"1 minuto\" \/>\n<script type=\"application\/ld+json\" class=\"yoast-schema-graph\">{\"@context\":\"https:\/\/schema.org\",\"@graph\":[{\"@type\":\"WebPage\",\"@id\":\"https:\/\/www.intoscana.it\/it\/osservatorio-media-digitali\/\",\"url\":\"https:\/\/www.intoscana.it\/it\/osservatorio-media-digitali\/\",\"name\":\"Nasce a Firenze l'Osservatorio europeo sui media digitali - intoscana\",\"isPartOf\":{\"@id\":\"https:\/\/www.intoscana.it\/it\/#website\"},\"primaryImageOfPage\":{\"@id\":\"https:\/\/www.intoscana.it\/it\/osservatorio-media-digitali\/#primaryimage\"},\"image\":{\"@id\":\"https:\/\/www.intoscana.it\/it\/osservatorio-media-digitali\/#primaryimage\"},\"thumbnailUrl\":\"https:\/\/www.intoscana.it\/wp-content\/uploads\/digitale-29.jpg\",\"datePublished\":\"2020-06-02T19:55:01+00:00\",\"dateModified\":\"2020-08-10T08:23:49+00:00\",\"author\":{\"@id\":\"https:\/\/www.intoscana.it\/it\/#\/schema\/person\/9223810753230f20bd670fdd322661f8\"},\"description\":\"Nasce a Firenze l'Osservatorio europeo sui media digitali, obiettivo combattere la disinformazione, la sede dell'EDMO sar\u00e0 all'Istituto universitario europeo\",\"breadcrumb\":{\"@id\":\"https:\/\/www.intoscana.it\/it\/osservatorio-media-digitali\/#breadcrumb\"},\"inLanguage\":\"it-IT\",\"potentialAction\":[{\"@type\":\"ReadAction\",\"target\":[\"https:\/\/www.intoscana.it\/it\/osservatorio-media-digitali\/\"]}]},{\"@type\":\"ImageObject\",\"inLanguage\":\"it-IT\",\"@id\":\"https:\/\/www.intoscana.it\/it\/osservatorio-media-digitali\/#primaryimage\",\"url\":\"https:\/\/www.intoscana.it\/wp-content\/uploads\/digitale-29.jpg\",\"contentUrl\":\"https:\/\/www.intoscana.it\/wp-content\/uploads\/digitale-29.jpg\",\"width\":2000,\"height\":1200,\"caption\":\"Innovazione digitale\"},{\"@type\":\"BreadcrumbList\",\"@id\":\"https:\/\/www.intoscana.it\/it\/osservatorio-media-digitali\/#breadcrumb\",\"itemListElement\":[{\"@type\":\"ListItem\",\"position\":1,\"name\":\"Home\",\"item\":\"https:\/\/www.intoscana.it\/it\/\"},{\"@type\":\"ListItem\",\"position\":2,\"name\":\"Nasce a Firenze l&#8217;Osservatorio europeo sui media digitali\"}]},{\"@type\":\"WebSite\",\"@id\":\"https:\/\/www.intoscana.it\/it\/#website\",\"url\":\"https:\/\/www.intoscana.it\/it\/\",\"name\":\"intoscana\",\"description\":\"\",\"potentialAction\":[{\"@type\":\"SearchAction\",\"target\":{\"@type\":\"EntryPoint\",\"urlTemplate\":\"https:\/\/www.intoscana.it\/it\/?s={search_term_string}\"},\"query-input\":{\"@type\":\"PropertyValueSpecification\",\"valueRequired\":true,\"valueName\":\"search_term_string\"}}],\"inLanguage\":\"it-IT\"},{\"@type\":\"Person\",\"@id\":\"https:\/\/www.intoscana.it\/it\/#\/schema\/person\/9223810753230f20bd670fdd322661f8\",\"name\":\"Redazione\",\"url\":\"https:\/\/www.intoscana.it\/it\/author\/redazione\/\"}]}<\/script>\n<!-- \/ Yoast SEO Premium plugin. -->","yoast_head_json":{"title":"Nasce a Firenze l'Osservatorio europeo sui media digitali - intoscana","description":"Nasce a Firenze l'Osservatorio europeo sui media digitali, obiettivo combattere la disinformazione, la sede dell'EDMO sar\u00e0 all'Istituto universitario europeo","robots":{"index":"index","follow":"follow","max-snippet":"max-snippet:-1","max-image-preview":"max-image-preview:large","max-video-preview":"max-video-preview:-1"},"canonical":"https:\/\/www.intoscana.it\/it\/osservatorio-media-digitali\/","og_locale":"it_IT","og_type":"article","og_title":"Nasce a Firenze l'Osservatorio europeo sui media digitali","og_description":"Nasce a Firenze l'Osservatorio europeo sui media digitali, obiettivo combattere la disinformazione, la sede dell'EDMO sar\u00e0 all'Istituto universitario europeo","og_url":"https:\/\/www.intoscana.it\/it\/osservatorio-media-digitali\/","og_site_name":"intoscana","article_publisher":"https:\/\/www.facebook.com\/intoscana.it","article_published_time":"2020-06-02T19:55:01+00:00","article_modified_time":"2020-08-10T08:23:49+00:00","og_image":[{"width":2000,"height":1200,"url":"https:\/\/www.intoscana.it\/wp-content\/uploads\/digitale-29.jpg","type":"image\/jpeg"}],"author":"Redazione","twitter_card":"summary_large_image","twitter_creator":"@intoscana","twitter_site":"@intoscana","twitter_misc":{"Written by":"Redazione","Est. reading time":"1 minuto"},"schema":{"@context":"https:\/\/schema.org","@graph":[{"@type":"WebPage","@id":"https:\/\/www.intoscana.it\/it\/osservatorio-media-digitali\/","url":"https:\/\/www.intoscana.it\/it\/osservatorio-media-digitali\/","name":"Nasce a Firenze l'Osservatorio europeo sui media digitali - intoscana","isPartOf":{"@id":"https:\/\/www.intoscana.it\/it\/#website"},"primaryImageOfPage":{"@id":"https:\/\/www.intoscana.it\/it\/osservatorio-media-digitali\/#primaryimage"},"image":{"@id":"https:\/\/www.intoscana.it\/it\/osservatorio-media-digitali\/#primaryimage"},"thumbnailUrl":"https:\/\/www.intoscana.it\/wp-content\/uploads\/digitale-29.jpg","datePublished":"2020-06-02T19:55:01+00:00","dateModified":"2020-08-10T08:23:49+00:00","author":{"@id":"https:\/\/www.intoscana.it\/it\/#\/schema\/person\/9223810753230f20bd670fdd322661f8"},"description":"Nasce a Firenze l'Osservatorio europeo sui media digitali, obiettivo combattere la disinformazione, la sede dell'EDMO sar\u00e0 all'Istituto universitario europeo","breadcrumb":{"@id":"https:\/\/www.intoscana.it\/it\/osservatorio-media-digitali\/#breadcrumb"},"inLanguage":"it-IT","potentialAction":[{"@type":"ReadAction","target":["https:\/\/www.intoscana.it\/it\/osservatorio-media-digitali\/"]}]},{"@type":"ImageObject","inLanguage":"it-IT","@id":"https:\/\/www.intoscana.it\/it\/osservatorio-media-digitali\/#primaryimage","url":"https:\/\/www.intoscana.it\/wp-content\/uploads\/digitale-29.jpg","contentUrl":"https:\/\/www.intoscana.it\/wp-content\/uploads\/digitale-29.jpg","width":2000,"height":1200,"caption":"Innovazione digitale"},{"@type":"BreadcrumbList","@id":"https:\/\/www.intoscana.it\/it\/osservatorio-media-digitali\/#breadcrumb","itemListElement":[{"@type":"ListItem","position":1,"name":"Home","item":"https:\/\/www.intoscana.it\/it\/"},{"@type":"ListItem","position":2,"name":"Nasce a Firenze l&#8217;Osservatorio europeo sui media digitali"}]},{"@type":"WebSite","@id":"https:\/\/www.intoscana.it\/it\/#website","url":"https:\/\/www.intoscana.it\/it\/","name":"intoscana","description":"","potentialAction":[{"@type":"SearchAction","target":{"@type":"EntryPoint","urlTemplate":"https:\/\/www.intoscana.it\/it\/?s={search_term_string}"},"query-input":{"@type":"PropertyValueSpecification","valueRequired":true,"valueName":"search_term_string"}}],"inLanguage":"it-IT"},{"@type":"Person","@id":"https:\/\/www.intoscana.it\/it\/#\/schema\/person\/9223810753230f20bd670fdd322661f8","name":"Redazione","url":"https:\/\/www.intoscana.it\/it\/author\/redazione\/"}]}},"_links":{"self":[{"href":"https:\/\/www.intoscana.it\/it\/wp-json\/wp\/v2\/posts\/143194","targetHints":{"allow":["GET"]}}],"collection":[{"href":"https:\/\/www.intoscana.it\/it\/wp-json\/wp\/v2\/posts"}],"about":[{"href":"https:\/\/www.intoscana.it\/it\/wp-json\/wp\/v2\/types\/post"}],"author":[{"embeddable":true,"href":"https:\/\/www.intoscana.it\/it\/wp-json\/wp\/v2\/users\/525"}],"replies":[{"embeddable":true,"href":"https:\/\/www.intoscana.it\/it\/wp-json\/wp\/v2\/comments?post=143194"}],"version-history":[{"count":0,"href":"https:\/\/www.intoscana.it\/it\/wp-json\/wp\/v2\/posts\/143194\/revisions"}],"wp:featuredmedia":[{"embeddable":true,"href":"https:\/\/www.intoscana.it\/it\/wp-json\/wp\/v2\/media\/144045"}],"wp:attachment":[{"href":"https:\/\/www.intoscana.it\/it\/wp-json\/wp\/v2\/media?parent=143194"}],"wp:term":[{"taxonomy":"category","embeddable":true,"href":"https:\/\/www.intoscana.it\/it\/wp-json\/wp\/v2\/categories?post=143194"},{"taxonomy":"post_tag","embeddable":true,"href":"https:\/\/www.intoscana.it\/it\/wp-json\/wp\/v2\/tags?post=143194"}],"curies":[{"name":"wp","href":"https:\/\/api.w.org\/{rel}","templated":true}]}}