{"id":143207,"date":"2020-04-02T12:03:35","date_gmt":"2020-04-02T10:03:35","guid":{"rendered":"https:\/\/www.intoscana.it\/ricerca-contro-il-coronavirus-lateneo-di-firenze-scende-in-campo\/"},"modified":"2020-07-02T16:44:45","modified_gmt":"2020-07-02T14:44:45","slug":"ricerca-contro-il-coronavirus-lateneo-di-firenze-scende-in-campo","status":"publish","type":"post","link":"https:\/\/www.intoscana.it\/it\/ricerca-contro-il-coronavirus-lateneo-di-firenze-scende-in-campo\/","title":{"rendered":"Ricerca contro il Coronavirus: l&#8217;Ateneo di Firenze scende in campo"},"content":{"rendered":"<p><strong>C\u2019\u00e8 anche l\u2019Universit\u00e0 di Firenze tra i sette atenei italiani scesi in campo a fianco delle imprese nella lotta al Coronavirus grazie al bando \u201cInnova per l&#8217;Italia\u201d.<\/strong> Le universit\u00e0 hanno offerto alle aziende le loro competenze per le prove necessarie alla certificazione di mascherine e dispositivi di protezione, apparecchiature per terapia intensiva e sub intensiva, tamponi e test per la diagnosi.<\/p>\n<p><strong>L&#8217;apporto dell&#8217;Universit\u00e0 di Firenze \u00e8 ampio e comprende una settantina di progetti<\/strong> che coinvolgono docenti e ricercatori di sedici tra dipartimenti e centri di ricerca, da quelli dell&#8217;area biomedicale alle scienze come chimica, fisica, biologia e statistica.<\/p>\n<p>Come spiega il prorettore alla ricerca dell&#8217;ateneo fiorentino Marco Bindi in una nota, i temi delle ricerche riguardano tutte le tematiche cruciali per gestire l&#8217;emergenza sanitaria &#8220;come<strong> la progettazione dei farmaci antivirali, lo sviluppo di test sierologici, i test di efficienza sui materiali usati per le mascherine facciali, le interazioni fra virus, cellula ospite e farmaci&#8221;.<\/strong><\/p>\n<p><img decoding=\"async\" style=\"width: 600px;\" title=\"Ricerca\" src=\"https:\/\/www.intoscana.it\/shared\/intoscana\/immagini\/ricerca.jpg\" alt=\"Ricerca\" height=\"400\" \/><\/p>\n<p>&#8220;Tra i temi delle ricerche troviamo anche le possibili origini animali della patologia, la localizzazione geografica del morbo &#8211; spiega Bindi &#8211; <strong>i modelli epidemiologici sulla diffusione del virus<\/strong> e la loro correlazione o meno alle diverse condizioni meteo-climatiche, la variabilit\u00e0 dei ceppi. Come anche i modelli statistici applicati alle previsioni, alla percezione del rischio, all\u2019utilizzo dei dispositivi di protezione personale, all\u2019effetto dei provvedimenti di contenimento adottati dalle autorit\u00e0. O <strong>la lettura di tutti questi fenomeni in chiave psicologica, giuridica e di comunicazione<\/strong>.&#8221;<\/p>\n<p>L&#8217;elenco degli atenei che partecipano al bando \u00e8 stato comunicato dalla Conferenza dei Rettori delle Universit\u00e0 Italiane (Crui) e reso noto dal ministero per l&#8217;Universit\u00e0 e la Ricerca. La sensibilizzazione delle universit\u00e0 da parte della Crui \u00e8 <strong>&#8220;un&#8217;attivit\u00e0 di grande spessore, che ha sollecitato la risposta pronta e vivace del mondo universitario e della ricerca&#8221;, ha osservato il ministro Gaetano Manfredi.<\/strong> &#8220;Un fatto tanto pi\u00f9 importante &#8211; ha aggiunto &#8211; se si considera che per vincere la battaglia contro il coronavirus c&#8217;\u00e8 bisogno di piena collaborazione&#8221;. Insieme a Firenze sono coinvolti al momento anche <strong>gli atenei di Bologna, Camerino, Federico II di Napoli, Politecnico di Bari, Politecnico di Milano e Politecnico di Torino.<\/strong><\/p>\n<p>&nbsp;<\/p>\n","protected":false},"excerpt":{"rendered":"<p>L&#8217;universit\u00e0 fiorentina \u00e8 tra le sette che con il bando &#8220;Innova per l&#8217;Italia&#8221; mettono le loro competenze a servizio della lotta all&#8217;emergenza sanitaria, dalla certificazione delle mascherine alla progettazione di nuovi farmaci e test<\/p>\n","protected":false},"author":525,"featured_media":144058,"comment_status":"open","ping_status":"open","sticky":false,"template":"","format":"standard","meta":{"_acf_changed":false,"footnotes":""},"categories":[475,12],"tags":[213,353],"class_list":["post-143207","post","type-post","status-publish","format-standard","has-post-thumbnail","hentry","category-innovazione","category-universita","tag-ricerca","tag-universita-di-firenze"],"acf":[],"yoast_head":"<!-- This site is optimized with the Yoast SEO Premium plugin v24.2 (Yoast SEO v25.6) - https:\/\/yoast.com\/wordpress\/plugins\/seo\/ -->\n<title>Ricerca contro il Coronavirus: l&#039;Ateneo di Firenze scende in campo - intoscana<\/title>\n<meta name=\"robots\" content=\"index, follow, max-snippet:-1, max-image-preview:large, max-video-preview:-1\" \/>\n<link rel=\"canonical\" href=\"https:\/\/www.intoscana.it\/it\/ricerca-contro-il-coronavirus-lateneo-di-firenze-scende-in-campo\/\" \/>\n<meta property=\"og:locale\" content=\"it_IT\" \/>\n<meta property=\"og:type\" content=\"article\" \/>\n<meta property=\"og:title\" content=\"Ricerca contro il Coronavirus: l&#039;Ateneo di Firenze scende in campo\" \/>\n<meta property=\"og:description\" content=\"L&#039;universit\u00e0 fiorentina \u00e8 tra le sette che con il bando &quot;Innova per l&#039;Italia&quot; mettono le loro competenze a servizio della lotta all&#039;emergenza sanitaria, dalla certificazione delle mascherine alla progettazione di nuovi farmaci e test\" \/>\n<meta property=\"og:url\" content=\"https:\/\/www.intoscana.it\/it\/ricerca-contro-il-coronavirus-lateneo-di-firenze-scende-in-campo\/\" \/>\n<meta property=\"og:site_name\" content=\"intoscana\" \/>\n<meta property=\"article:publisher\" content=\"https:\/\/www.facebook.com\/intoscana.it\" \/>\n<meta property=\"article:published_time\" content=\"2020-04-02T10:03:35+00:00\" \/>\n<meta property=\"article:modified_time\" content=\"2020-07-02T14:44:45+00:00\" \/>\n<meta property=\"og:image\" content=\"https:\/\/www.intoscana.it\/wp-content\/uploads\/ricerca2-11.jpg\" \/>\n\t<meta property=\"og:image:width\" content=\"1000\" \/>\n\t<meta property=\"og:image:height\" content=\"667\" \/>\n\t<meta property=\"og:image:type\" content=\"image\/jpeg\" \/>\n<meta name=\"author\" content=\"Redazione\" \/>\n<meta name=\"twitter:card\" content=\"summary_large_image\" \/>\n<meta name=\"twitter:creator\" content=\"@intoscana\" \/>\n<meta name=\"twitter:site\" content=\"@intoscana\" \/>\n<meta name=\"twitter:label1\" content=\"Written by\" \/>\n\t<meta name=\"twitter:data1\" content=\"Redazione\" \/>\n\t<meta name=\"twitter:label2\" content=\"Est. reading time\" \/>\n\t<meta name=\"twitter:data2\" content=\"2 minuti\" \/>\n<script type=\"application\/ld+json\" class=\"yoast-schema-graph\">{\"@context\":\"https:\/\/schema.org\",\"@graph\":[{\"@type\":\"WebPage\",\"@id\":\"https:\/\/www.intoscana.it\/it\/ricerca-contro-il-coronavirus-lateneo-di-firenze-scende-in-campo\/\",\"url\":\"https:\/\/www.intoscana.it\/it\/ricerca-contro-il-coronavirus-lateneo-di-firenze-scende-in-campo\/\",\"name\":\"Ricerca contro il Coronavirus: l'Ateneo di Firenze scende in campo - intoscana\",\"isPartOf\":{\"@id\":\"https:\/\/www.intoscana.it\/it\/#website\"},\"primaryImageOfPage\":{\"@id\":\"https:\/\/www.intoscana.it\/it\/ricerca-contro-il-coronavirus-lateneo-di-firenze-scende-in-campo\/#primaryimage\"},\"image\":{\"@id\":\"https:\/\/www.intoscana.it\/it\/ricerca-contro-il-coronavirus-lateneo-di-firenze-scende-in-campo\/#primaryimage\"},\"thumbnailUrl\":\"https:\/\/www.intoscana.it\/wp-content\/uploads\/ricerca2-11.jpg\",\"datePublished\":\"2020-04-02T10:03:35+00:00\",\"dateModified\":\"2020-07-02T14:44:45+00:00\",\"author\":{\"@id\":\"https:\/\/www.intoscana.it\/it\/#\/schema\/person\/9223810753230f20bd670fdd322661f8\"},\"breadcrumb\":{\"@id\":\"https:\/\/www.intoscana.it\/it\/ricerca-contro-il-coronavirus-lateneo-di-firenze-scende-in-campo\/#breadcrumb\"},\"inLanguage\":\"it-IT\",\"potentialAction\":[{\"@type\":\"ReadAction\",\"target\":[\"https:\/\/www.intoscana.it\/it\/ricerca-contro-il-coronavirus-lateneo-di-firenze-scende-in-campo\/\"]}]},{\"@type\":\"ImageObject\",\"inLanguage\":\"it-IT\",\"@id\":\"https:\/\/www.intoscana.it\/it\/ricerca-contro-il-coronavirus-lateneo-di-firenze-scende-in-campo\/#primaryimage\",\"url\":\"https:\/\/www.intoscana.it\/wp-content\/uploads\/ricerca2-11.jpg\",\"contentUrl\":\"https:\/\/www.intoscana.it\/wp-content\/uploads\/ricerca2-11.jpg\",\"width\":1000,\"height\":667,\"caption\":\"ricercatore\"},{\"@type\":\"BreadcrumbList\",\"@id\":\"https:\/\/www.intoscana.it\/it\/ricerca-contro-il-coronavirus-lateneo-di-firenze-scende-in-campo\/#breadcrumb\",\"itemListElement\":[{\"@type\":\"ListItem\",\"position\":1,\"name\":\"Home\",\"item\":\"https:\/\/www.intoscana.it\/it\/\"},{\"@type\":\"ListItem\",\"position\":2,\"name\":\"Ricerca contro il Coronavirus: l&#8217;Ateneo di Firenze scende in campo\"}]},{\"@type\":\"WebSite\",\"@id\":\"https:\/\/www.intoscana.it\/it\/#website\",\"url\":\"https:\/\/www.intoscana.it\/it\/\",\"name\":\"intoscana\",\"description\":\"\",\"potentialAction\":[{\"@type\":\"SearchAction\",\"target\":{\"@type\":\"EntryPoint\",\"urlTemplate\":\"https:\/\/www.intoscana.it\/it\/?s={search_term_string}\"},\"query-input\":{\"@type\":\"PropertyValueSpecification\",\"valueRequired\":true,\"valueName\":\"search_term_string\"}}],\"inLanguage\":\"it-IT\"},{\"@type\":\"Person\",\"@id\":\"https:\/\/www.intoscana.it\/it\/#\/schema\/person\/9223810753230f20bd670fdd322661f8\",\"name\":\"Redazione\",\"url\":\"https:\/\/www.intoscana.it\/it\/author\/redazione\/\"}]}<\/script>\n<!-- \/ Yoast SEO Premium plugin. -->","yoast_head_json":{"title":"Ricerca contro il Coronavirus: l'Ateneo di Firenze scende in campo - intoscana","robots":{"index":"index","follow":"follow","max-snippet":"max-snippet:-1","max-image-preview":"max-image-preview:large","max-video-preview":"max-video-preview:-1"},"canonical":"https:\/\/www.intoscana.it\/it\/ricerca-contro-il-coronavirus-lateneo-di-firenze-scende-in-campo\/","og_locale":"it_IT","og_type":"article","og_title":"Ricerca contro il Coronavirus: l'Ateneo di Firenze scende in campo","og_description":"L'universit\u00e0 fiorentina \u00e8 tra le sette che con il bando \"Innova per l'Italia\" mettono le loro competenze a servizio della lotta all'emergenza sanitaria, dalla certificazione delle mascherine alla progettazione di nuovi farmaci e test","og_url":"https:\/\/www.intoscana.it\/it\/ricerca-contro-il-coronavirus-lateneo-di-firenze-scende-in-campo\/","og_site_name":"intoscana","article_publisher":"https:\/\/www.facebook.com\/intoscana.it","article_published_time":"2020-04-02T10:03:35+00:00","article_modified_time":"2020-07-02T14:44:45+00:00","og_image":[{"width":1000,"height":667,"url":"https:\/\/www.intoscana.it\/wp-content\/uploads\/ricerca2-11.jpg","type":"image\/jpeg"}],"author":"Redazione","twitter_card":"summary_large_image","twitter_creator":"@intoscana","twitter_site":"@intoscana","twitter_misc":{"Written by":"Redazione","Est. reading time":"2 minuti"},"schema":{"@context":"https:\/\/schema.org","@graph":[{"@type":"WebPage","@id":"https:\/\/www.intoscana.it\/it\/ricerca-contro-il-coronavirus-lateneo-di-firenze-scende-in-campo\/","url":"https:\/\/www.intoscana.it\/it\/ricerca-contro-il-coronavirus-lateneo-di-firenze-scende-in-campo\/","name":"Ricerca contro il Coronavirus: l'Ateneo di Firenze scende in campo - intoscana","isPartOf":{"@id":"https:\/\/www.intoscana.it\/it\/#website"},"primaryImageOfPage":{"@id":"https:\/\/www.intoscana.it\/it\/ricerca-contro-il-coronavirus-lateneo-di-firenze-scende-in-campo\/#primaryimage"},"image":{"@id":"https:\/\/www.intoscana.it\/it\/ricerca-contro-il-coronavirus-lateneo-di-firenze-scende-in-campo\/#primaryimage"},"thumbnailUrl":"https:\/\/www.intoscana.it\/wp-content\/uploads\/ricerca2-11.jpg","datePublished":"2020-04-02T10:03:35+00:00","dateModified":"2020-07-02T14:44:45+00:00","author":{"@id":"https:\/\/www.intoscana.it\/it\/#\/schema\/person\/9223810753230f20bd670fdd322661f8"},"breadcrumb":{"@id":"https:\/\/www.intoscana.it\/it\/ricerca-contro-il-coronavirus-lateneo-di-firenze-scende-in-campo\/#breadcrumb"},"inLanguage":"it-IT","potentialAction":[{"@type":"ReadAction","target":["https:\/\/www.intoscana.it\/it\/ricerca-contro-il-coronavirus-lateneo-di-firenze-scende-in-campo\/"]}]},{"@type":"ImageObject","inLanguage":"it-IT","@id":"https:\/\/www.intoscana.it\/it\/ricerca-contro-il-coronavirus-lateneo-di-firenze-scende-in-campo\/#primaryimage","url":"https:\/\/www.intoscana.it\/wp-content\/uploads\/ricerca2-11.jpg","contentUrl":"https:\/\/www.intoscana.it\/wp-content\/uploads\/ricerca2-11.jpg","width":1000,"height":667,"caption":"ricercatore"},{"@type":"BreadcrumbList","@id":"https:\/\/www.intoscana.it\/it\/ricerca-contro-il-coronavirus-lateneo-di-firenze-scende-in-campo\/#breadcrumb","itemListElement":[{"@type":"ListItem","position":1,"name":"Home","item":"https:\/\/www.intoscana.it\/it\/"},{"@type":"ListItem","position":2,"name":"Ricerca contro il Coronavirus: l&#8217;Ateneo di Firenze scende in campo"}]},{"@type":"WebSite","@id":"https:\/\/www.intoscana.it\/it\/#website","url":"https:\/\/www.intoscana.it\/it\/","name":"intoscana","description":"","potentialAction":[{"@type":"SearchAction","target":{"@type":"EntryPoint","urlTemplate":"https:\/\/www.intoscana.it\/it\/?s={search_term_string}"},"query-input":{"@type":"PropertyValueSpecification","valueRequired":true,"valueName":"search_term_string"}}],"inLanguage":"it-IT"},{"@type":"Person","@id":"https:\/\/www.intoscana.it\/it\/#\/schema\/person\/9223810753230f20bd670fdd322661f8","name":"Redazione","url":"https:\/\/www.intoscana.it\/it\/author\/redazione\/"}]}},"_links":{"self":[{"href":"https:\/\/www.intoscana.it\/it\/wp-json\/wp\/v2\/posts\/143207","targetHints":{"allow":["GET"]}}],"collection":[{"href":"https:\/\/www.intoscana.it\/it\/wp-json\/wp\/v2\/posts"}],"about":[{"href":"https:\/\/www.intoscana.it\/it\/wp-json\/wp\/v2\/types\/post"}],"author":[{"embeddable":true,"href":"https:\/\/www.intoscana.it\/it\/wp-json\/wp\/v2\/users\/525"}],"replies":[{"embeddable":true,"href":"https:\/\/www.intoscana.it\/it\/wp-json\/wp\/v2\/comments?post=143207"}],"version-history":[{"count":0,"href":"https:\/\/www.intoscana.it\/it\/wp-json\/wp\/v2\/posts\/143207\/revisions"}],"wp:featuredmedia":[{"embeddable":true,"href":"https:\/\/www.intoscana.it\/it\/wp-json\/wp\/v2\/media\/144058"}],"wp:attachment":[{"href":"https:\/\/www.intoscana.it\/it\/wp-json\/wp\/v2\/media?parent=143207"}],"wp:term":[{"taxonomy":"category","embeddable":true,"href":"https:\/\/www.intoscana.it\/it\/wp-json\/wp\/v2\/categories?post=143207"},{"taxonomy":"post_tag","embeddable":true,"href":"https:\/\/www.intoscana.it\/it\/wp-json\/wp\/v2\/tags?post=143207"}],"curies":[{"name":"wp","href":"https:\/\/api.w.org\/{rel}","templated":true}]}}