{"id":144907,"date":"2020-06-12T09:25:44","date_gmt":"2020-06-12T07:25:44","guid":{"rendered":"https:\/\/www.intoscana.it\/porrettana-dal-14-giugno-tornano-i-treni-sulla-linea-transappenninica\/"},"modified":"2020-08-21T10:51:26","modified_gmt":"2020-08-21T08:51:26","slug":"treniporrettanaturisti","status":"publish","type":"post","link":"https:\/\/www.intoscana.it\/it\/treniporrettanaturisti\/","title":{"rendered":"Porrettana, dal 14 giugno tornano i treni sulla linea transappenninica"},"content":{"rendered":"<p>Dopo alcuni mesi di stop a causa dell\u2019emergenza sanitaria, <strong>da domenica 14 giugno tornano a circolare i treni sulla linea Porrettana<\/strong>. Si riparte con un servizio sperimentale, limitato per ora alla domenica, e <strong>mirato alla fruizione turistica della linea<\/strong>, con un collegamento diretto da Firenze e dall\u2019area metropolitana verso la montagna.<\/p>\n<p>Il treno che viagger\u00e0 da domenica prossima sar\u00e0 un Jazz, <strong>per un totale di 130 posti a sedere disponibili<\/strong> (50 per cento dei posti offerti), con possibilit\u00e0 di trasporto bici. Il treno partir\u00e0 da Firenze alle 8.44 e raggiunger\u00e0 Porretta Terme alle 10.15. Durante la giornata verranno effettuate varie corse fra Porretta Terme e Pistoia, servendo tutte le stazioni della tratta. L&#8217;ultimo treno partir\u00e0 da Porretta Terme alle 18.24 per arrivare a Firenze SMN alle 20.08. Per quanto riguarda la tratta Firenze-Pistoia, il treno fermer\u00e0 a Rifredi, Sesto, Prato Centrale, Prato Porta al Serraglio e Montale.<\/p>\n<p><strong>Per quanto riguarda i collegamenti durante la settimana, questi saranno raddoppiati<\/strong>. Alla coppia di bus, che era rimasta anche nel periodo del lockdown, con servizio diretto ai pendolari, si aggiungono alcune coppie di bus in orari utili sia per i turisti che per i pendolari.<\/p>\n<p>\u201cSono novit\u00e0 importanti \u2013 commenta <strong>l\u2019assessore a trasporti e infrastrutture, Vincenzo Ceccarelli<\/strong> \u2013, che sostengono il bisogno di mobilit\u00e0 crescente di questa fase di ripartenza, ma si tratta soprattutto, per questo territorio, di un contributo ad un progetto che si basa sulla vocazione al turismo sostenibile\u201d.<\/p>\n<p>Il servizio ferroviario verr\u00e0 sospeso per il periodo in cui la Porrettana sar\u00e0 interessata da un&#8217;interruzione dal 13 luglio al 9 agosto, per lavori programmati sulla linea, per poi riprendere per l&#8217;intero periodo estivo.<\/p>\n","protected":false},"excerpt":{"rendered":"<p>Sar\u00e0 un servizio sperimentale, attivo solo nei giorni festivi, rivolto ai turisti della montagna&nbsp;<\/p>\n","protected":false},"author":507,"featured_media":145401,"comment_status":"open","ping_status":"open","sticky":false,"template":"","format":"standard","meta":{"_acf_changed":false,"footnotes":""},"categories":[6],"tags":[1577,183],"class_list":["post-144907","post","type-post","status-publish","format-standard","has-post-thumbnail","hentry","category-viaggi","tag-muoversi-in-toscana","tag-treni"],"acf":[],"yoast_head":"<!-- This site is optimized with the Yoast SEO Premium plugin v24.2 (Yoast SEO v25.6) - https:\/\/yoast.com\/wordpress\/plugins\/seo\/ -->\n<title>Porrettana, dal 14 giugno tornano i treni sulla linea transappenninica - intoscana<\/title>\n<meta name=\"description\" content=\"Sar\u00e0 un servizio sperimentale, attivo solo nei giorni festivi, rivolto ai turisti della montagna\" \/>\n<meta name=\"robots\" content=\"index, follow, max-snippet:-1, max-image-preview:large, max-video-preview:-1\" \/>\n<link rel=\"canonical\" href=\"https:\/\/www.intoscana.it\/it\/treniporrettanaturisti\/\" \/>\n<meta property=\"og:locale\" content=\"it_IT\" \/>\n<meta property=\"og:type\" content=\"article\" \/>\n<meta property=\"og:title\" content=\"Porrettana, dal 14 giugno tornano i treni sulla linea transappenninica\" \/>\n<meta property=\"og:description\" content=\"Sar\u00e0 un servizio sperimentale, attivo solo nei giorni festivi, rivolto ai turisti della montagna\" \/>\n<meta property=\"og:url\" content=\"https:\/\/www.intoscana.it\/it\/treniporrettanaturisti\/\" \/>\n<meta property=\"og:site_name\" content=\"intoscana\" \/>\n<meta property=\"article:publisher\" content=\"https:\/\/www.facebook.com\/intoscana.it\" \/>\n<meta property=\"article:published_time\" content=\"2020-06-12T07:25:44+00:00\" \/>\n<meta property=\"article:modified_time\" content=\"2020-08-21T08:51:26+00:00\" \/>\n<meta property=\"og:image\" content=\"https:\/\/www.intoscana.it\/wp-content\/uploads\/porrettana-express-aerea-2.jpg\" \/>\n\t<meta property=\"og:image:width\" content=\"2000\" \/>\n\t<meta property=\"og:image:height\" content=\"1054\" \/>\n\t<meta property=\"og:image:type\" content=\"image\/jpeg\" \/>\n<meta name=\"author\" content=\"Chiara Bianchini\" \/>\n<meta name=\"twitter:card\" content=\"summary_large_image\" \/>\n<meta name=\"twitter:creator\" content=\"@intoscana\" \/>\n<meta name=\"twitter:site\" content=\"@intoscana\" \/>\n<meta name=\"twitter:label1\" content=\"Written by\" \/>\n\t<meta name=\"twitter:data1\" content=\"Chiara Bianchini\" \/>\n\t<meta name=\"twitter:label2\" content=\"Est. reading time\" \/>\n\t<meta name=\"twitter:data2\" content=\"1 minuto\" \/>\n<script type=\"application\/ld+json\" class=\"yoast-schema-graph\">{\"@context\":\"https:\/\/schema.org\",\"@graph\":[{\"@type\":\"WebPage\",\"@id\":\"https:\/\/www.intoscana.it\/it\/treniporrettanaturisti\/\",\"url\":\"https:\/\/www.intoscana.it\/it\/treniporrettanaturisti\/\",\"name\":\"Porrettana, dal 14 giugno tornano i treni sulla linea transappenninica - intoscana\",\"isPartOf\":{\"@id\":\"https:\/\/www.intoscana.it\/it\/#website\"},\"primaryImageOfPage\":{\"@id\":\"https:\/\/www.intoscana.it\/it\/treniporrettanaturisti\/#primaryimage\"},\"image\":{\"@id\":\"https:\/\/www.intoscana.it\/it\/treniporrettanaturisti\/#primaryimage\"},\"thumbnailUrl\":\"https:\/\/www.intoscana.it\/wp-content\/uploads\/porrettana-express-aerea-2.jpg\",\"datePublished\":\"2020-06-12T07:25:44+00:00\",\"dateModified\":\"2020-08-21T08:51:26+00:00\",\"author\":{\"@id\":\"https:\/\/www.intoscana.it\/it\/#\/schema\/person\/010af92117f50561886339ad5b873a41\"},\"description\":\"Sar\u00e0 un servizio sperimentale, attivo solo nei giorni festivi, rivolto ai turisti della montagna\",\"breadcrumb\":{\"@id\":\"https:\/\/www.intoscana.it\/it\/treniporrettanaturisti\/#breadcrumb\"},\"inLanguage\":\"it-IT\",\"potentialAction\":[{\"@type\":\"ReadAction\",\"target\":[\"https:\/\/www.intoscana.it\/it\/treniporrettanaturisti\/\"]}]},{\"@type\":\"ImageObject\",\"inLanguage\":\"it-IT\",\"@id\":\"https:\/\/www.intoscana.it\/it\/treniporrettanaturisti\/#primaryimage\",\"url\":\"https:\/\/www.intoscana.it\/wp-content\/uploads\/porrettana-express-aerea-2.jpg\",\"contentUrl\":\"https:\/\/www.intoscana.it\/wp-content\/uploads\/porrettana-express-aerea-2.jpg\",\"width\":2000,\"height\":1054},{\"@type\":\"BreadcrumbList\",\"@id\":\"https:\/\/www.intoscana.it\/it\/treniporrettanaturisti\/#breadcrumb\",\"itemListElement\":[{\"@type\":\"ListItem\",\"position\":1,\"name\":\"Home\",\"item\":\"https:\/\/www.intoscana.it\/it\/\"},{\"@type\":\"ListItem\",\"position\":2,\"name\":\"Porrettana, dal 14 giugno tornano i treni sulla linea transappenninica\"}]},{\"@type\":\"WebSite\",\"@id\":\"https:\/\/www.intoscana.it\/it\/#website\",\"url\":\"https:\/\/www.intoscana.it\/it\/\",\"name\":\"intoscana\",\"description\":\"\",\"potentialAction\":[{\"@type\":\"SearchAction\",\"target\":{\"@type\":\"EntryPoint\",\"urlTemplate\":\"https:\/\/www.intoscana.it\/it\/?s={search_term_string}\"},\"query-input\":{\"@type\":\"PropertyValueSpecification\",\"valueRequired\":true,\"valueName\":\"search_term_string\"}}],\"inLanguage\":\"it-IT\"},{\"@type\":\"Person\",\"@id\":\"https:\/\/www.intoscana.it\/it\/#\/schema\/person\/010af92117f50561886339ad5b873a41\",\"name\":\"Chiara Bianchini\",\"sameAs\":[\"c.bianchini@fst.it\"],\"url\":\"https:\/\/www.intoscana.it\/it\/author\/chiara-bianchini\/\"}]}<\/script>\n<!-- \/ Yoast SEO Premium plugin. -->","yoast_head_json":{"title":"Porrettana, dal 14 giugno tornano i treni sulla linea transappenninica - intoscana","description":"Sar\u00e0 un servizio sperimentale, attivo solo nei giorni festivi, rivolto ai turisti della montagna","robots":{"index":"index","follow":"follow","max-snippet":"max-snippet:-1","max-image-preview":"max-image-preview:large","max-video-preview":"max-video-preview:-1"},"canonical":"https:\/\/www.intoscana.it\/it\/treniporrettanaturisti\/","og_locale":"it_IT","og_type":"article","og_title":"Porrettana, dal 14 giugno tornano i treni sulla linea transappenninica","og_description":"Sar\u00e0 un servizio sperimentale, attivo solo nei giorni festivi, rivolto ai turisti della montagna","og_url":"https:\/\/www.intoscana.it\/it\/treniporrettanaturisti\/","og_site_name":"intoscana","article_publisher":"https:\/\/www.facebook.com\/intoscana.it","article_published_time":"2020-06-12T07:25:44+00:00","article_modified_time":"2020-08-21T08:51:26+00:00","og_image":[{"width":2000,"height":1054,"url":"https:\/\/www.intoscana.it\/wp-content\/uploads\/porrettana-express-aerea-2.jpg","type":"image\/jpeg"}],"author":"Chiara Bianchini","twitter_card":"summary_large_image","twitter_creator":"@intoscana","twitter_site":"@intoscana","twitter_misc":{"Written by":"Chiara Bianchini","Est. reading time":"1 minuto"},"schema":{"@context":"https:\/\/schema.org","@graph":[{"@type":"WebPage","@id":"https:\/\/www.intoscana.it\/it\/treniporrettanaturisti\/","url":"https:\/\/www.intoscana.it\/it\/treniporrettanaturisti\/","name":"Porrettana, dal 14 giugno tornano i treni sulla linea transappenninica - intoscana","isPartOf":{"@id":"https:\/\/www.intoscana.it\/it\/#website"},"primaryImageOfPage":{"@id":"https:\/\/www.intoscana.it\/it\/treniporrettanaturisti\/#primaryimage"},"image":{"@id":"https:\/\/www.intoscana.it\/it\/treniporrettanaturisti\/#primaryimage"},"thumbnailUrl":"https:\/\/www.intoscana.it\/wp-content\/uploads\/porrettana-express-aerea-2.jpg","datePublished":"2020-06-12T07:25:44+00:00","dateModified":"2020-08-21T08:51:26+00:00","author":{"@id":"https:\/\/www.intoscana.it\/it\/#\/schema\/person\/010af92117f50561886339ad5b873a41"},"description":"Sar\u00e0 un servizio sperimentale, attivo solo nei giorni festivi, rivolto ai turisti della montagna","breadcrumb":{"@id":"https:\/\/www.intoscana.it\/it\/treniporrettanaturisti\/#breadcrumb"},"inLanguage":"it-IT","potentialAction":[{"@type":"ReadAction","target":["https:\/\/www.intoscana.it\/it\/treniporrettanaturisti\/"]}]},{"@type":"ImageObject","inLanguage":"it-IT","@id":"https:\/\/www.intoscana.it\/it\/treniporrettanaturisti\/#primaryimage","url":"https:\/\/www.intoscana.it\/wp-content\/uploads\/porrettana-express-aerea-2.jpg","contentUrl":"https:\/\/www.intoscana.it\/wp-content\/uploads\/porrettana-express-aerea-2.jpg","width":2000,"height":1054},{"@type":"BreadcrumbList","@id":"https:\/\/www.intoscana.it\/it\/treniporrettanaturisti\/#breadcrumb","itemListElement":[{"@type":"ListItem","position":1,"name":"Home","item":"https:\/\/www.intoscana.it\/it\/"},{"@type":"ListItem","position":2,"name":"Porrettana, dal 14 giugno tornano i treni sulla linea transappenninica"}]},{"@type":"WebSite","@id":"https:\/\/www.intoscana.it\/it\/#website","url":"https:\/\/www.intoscana.it\/it\/","name":"intoscana","description":"","potentialAction":[{"@type":"SearchAction","target":{"@type":"EntryPoint","urlTemplate":"https:\/\/www.intoscana.it\/it\/?s={search_term_string}"},"query-input":{"@type":"PropertyValueSpecification","valueRequired":true,"valueName":"search_term_string"}}],"inLanguage":"it-IT"},{"@type":"Person","@id":"https:\/\/www.intoscana.it\/it\/#\/schema\/person\/010af92117f50561886339ad5b873a41","name":"Chiara Bianchini","sameAs":["c.bianchini@fst.it"],"url":"https:\/\/www.intoscana.it\/it\/author\/chiara-bianchini\/"}]}},"_links":{"self":[{"href":"https:\/\/www.intoscana.it\/it\/wp-json\/wp\/v2\/posts\/144907","targetHints":{"allow":["GET"]}}],"collection":[{"href":"https:\/\/www.intoscana.it\/it\/wp-json\/wp\/v2\/posts"}],"about":[{"href":"https:\/\/www.intoscana.it\/it\/wp-json\/wp\/v2\/types\/post"}],"author":[{"embeddable":true,"href":"https:\/\/www.intoscana.it\/it\/wp-json\/wp\/v2\/users\/507"}],"replies":[{"embeddable":true,"href":"https:\/\/www.intoscana.it\/it\/wp-json\/wp\/v2\/comments?post=144907"}],"version-history":[{"count":0,"href":"https:\/\/www.intoscana.it\/it\/wp-json\/wp\/v2\/posts\/144907\/revisions"}],"wp:featuredmedia":[{"embeddable":true,"href":"https:\/\/www.intoscana.it\/it\/wp-json\/wp\/v2\/media\/145401"}],"wp:attachment":[{"href":"https:\/\/www.intoscana.it\/it\/wp-json\/wp\/v2\/media?parent=144907"}],"wp:term":[{"taxonomy":"category","embeddable":true,"href":"https:\/\/www.intoscana.it\/it\/wp-json\/wp\/v2\/categories?post=144907"},{"taxonomy":"post_tag","embeddable":true,"href":"https:\/\/www.intoscana.it\/it\/wp-json\/wp\/v2\/tags?post=144907"}],"curies":[{"name":"wp","href":"https:\/\/api.w.org\/{rel}","templated":true}]}}