{"id":144917,"date":"2020-06-20T11:52:04","date_gmt":"2020-06-20T09:52:04","guid":{"rendered":"https:\/\/www.intoscana.it\/zanardi-tragico-schianto-latleta-lotta-a-siena-per-la-sua-vita-condizioni-stabili\/"},"modified":"2020-08-10T09:29:05","modified_gmt":"2020-08-10T07:29:05","slug":"incidente-zanardi-ricoverato-a-siena","status":"publish","type":"post","link":"https:\/\/www.intoscana.it\/it\/incidente-zanardi-ricoverato-a-siena\/","title":{"rendered":"Zanardi, tragico schianto. L&#8217;atleta lotta a Siena per la sua vita: condizioni stabili"},"content":{"rendered":"<p>Un altro maledetto incidente dopo quello nel 2001 sulla pista del Lausitzring, in Germania, che gli aveva fatto perdere le gambe, ma non la voglia di combattere e vivere diventando un vero e proprio simbolo della disabilit\u00e0 contro ogni tipo di avversit\u00e0. Tutta Italia \u00e8 con il cuore in gola per le sorti del 53enne campione bolognese e conduttore televisivo <strong>Alex<\/strong> <strong>Zanardi<\/strong>, ricoverato all&#8217;Ospedale &#8220;Le Scotte&#8221; di Siena dopo lo schianto di ieri con l&#8217;handbike durante la staffetta &#8220;Obiettivo tricolore&#8221; con atleti paralimpici.<\/p>\n<p>L&#8217;ultimo bollettino medico parla di parametri stabili, di un paziente sottoposto ad un intervento neurochirurgico e maxillo-infacciale, ora intubato e supportato da ventilazione artificiale, in un quadro neurologico grave e preoccupante: &#8220;[&#8230;] il <em>paziente, sottoposto ad un delicato intervento neurochirurgico nella serata del 19 giugno, e successivamente trasferito in terapia intensiva, ha parametri emodinamici e metabolici stabili. E&#8217; intubato e supportato da ventilazione artificiale mentre resta grave il quadro neurologico<\/em>&#8220;. Ad assistere il campione ci sono la moglie Daniela, che era al seguito della carovana, e il figlio Niccol\u00f2.<\/p>\n<p>E&#8217; accaduto tutto rapidamente alla fine di una discesa, in una curva, nel cuore delle bellissime colline della Valdorcia, nei pressi di Pienza, verso Montalcino: il mezzo di Zanardi ha improvvisamente cambiato traiettoria finendo contro il rimorchio di un camion che transitava in direzione opposta.<\/p>\n<p>&#8220;<em>Ero davanti a lui quando ho sentito un grande rumore, ho visto lui ribaltato, sulla fossetta. Sono tornato indietro e ho visto una cosa che non avrei voluto vedere nella mia vita<\/em>&#8221; ha detto in lacrime <strong>Paolo<\/strong> <strong>Bianchini<\/strong>, proprietario dell&#8217;azienda vinicola Ciacci Picoclomini d&#8217;Aragona dove gli atleti sarebbero dovuti arrivare e che si era unito al gruppo prima di Pienza, a Torrita.<\/p>\n<p>&#8220;<em>Quando mi ha visto <\/em><em>Zanardi era supercarico.<\/em> <em>Con te sono i giorni pi\u00f9 belli della mia vita, mi ha detto<\/em>&#8216;&#8221; ha aggiunto <strong>Bianchini&nbsp;<\/strong>che ha confermato che l&#8217;atleta si \u00e8 scontrato col camion. &#8220;<em>C&#8217;\u00e8 un rettilineo lungo, in una discesa con pendenza al 4%, dicono si sia imbarcato e abbia preso un autotreno sul montante davanti. L&#8217;autotreno si \u00e8 spostato di un metro, ma l&#8217;ha preso uguale. Non c&#8217;ero, ero staccato. Era una giornata di sole, tutti contenti, eravamo a 20 km da Montalcino&#8221;.<\/em><\/p>\n<p><em>&#8220;Non ha sbagliato l&#8217;autotreno, ha sbagliato Alex, ha imbarcato<\/em>&#8220;, ha invece riferito il <strong>ct della Nazionale<\/strong> paralimpica di ciclismo, <strong>Mario Valentini,<\/strong> che seguiva la corsa con il mezzo della federazione. &#8220;<em>Il casco e&#8217; volato via<\/em>&#8220;, il tragico dettaglio.<\/p>\n<p>A chiamare i soccorsi sono stati gli stessi atleti che con Zanardi stavano partecipando alla staffetta. Sul posto intervenuti con i sanitari, i carabinieri, la polizia municipale dell&#8217;Amiata-Valdorcia e anche i vigili del fuoco. E&#8217; stato allertato subito l&#8217;elisoccorso che ha trasportato Alex all&#8217;ospedale: le sue condizioni sono subito apparse molto preoccupanti.<\/p>\n<p><iframe loading=\"lazy\" style=\"border: none; overflow: hidden;\" src=\"https:\/\/www.facebook.com\/plugins\/post.php?href=https%3A%2F%2Fwww.facebook.com%2Fenricorossipresidente%2Fposts%2F10156941229001854&amp;width=500\" width=\"500\" height=\"492\" frameborder=\"0\" scrolling=\"no\"><\/iframe><\/p>\n<p>\u201c<em>Stiamo seguendo con attenzione ed il fiato sospeso la situazione. In questo momento so che viene seguito dai professionisti dell&#8217;Aou senese, anche se la situazione sembra molto grave. Siamo vicini a lui e alla famiglia e speriamo con tutto il cuore che ce la possa fare<\/em>\u201d. \u00c8 il messaggio dell\u2019assessore al diritto alla salute <strong>Stefania Saccardi<\/strong>, commentando la notizia del terribile incidente.<\/p>\n<p>&nbsp;<\/p>\n","protected":false},"excerpt":{"rendered":"<p>Incidente in staffetta per il campione bolognese, finito con il suo handbike contro un camion, in Valdorcia. Condizioni molto gravi. Dopo l&#8217;operazione ora il coma farmacologico. Tutta Italia con il fiato sospeso<\/p>\n","protected":false},"author":474,"featured_media":145411,"comment_status":"open","ping_status":"open","sticky":false,"template":"","format":"standard","meta":{"_acf_changed":false,"footnotes":""},"categories":[4],"tags":[],"class_list":["post-144917","post","type-post","status-publish","format-standard","has-post-thumbnail","hentry","category-storie"],"acf":[],"yoast_head":"<!-- This site is optimized with the Yoast SEO Premium plugin v24.2 (Yoast SEO v25.6) - https:\/\/yoast.com\/wordpress\/plugins\/seo\/ -->\n<title>Zanardi, tragico schianto. L&#039;atleta lotta a Siena per la sua vita: condizioni stabili - intoscana<\/title>\n<meta name=\"description\" content=\"Incidente in staffetta per il campione bolognese, finito con il suo handbike contro un camion, in Valdorcia. Condizioni molto gravi. Dopo l&#039;operazione ora il coma farmacologico.\" \/>\n<meta name=\"robots\" content=\"index, follow, max-snippet:-1, max-image-preview:large, max-video-preview:-1\" \/>\n<link rel=\"canonical\" href=\"https:\/\/www.intoscana.it\/it\/incidente-zanardi-ricoverato-a-siena\/\" \/>\n<meta property=\"og:locale\" content=\"it_IT\" \/>\n<meta property=\"og:type\" content=\"article\" \/>\n<meta property=\"og:title\" content=\"Zanardi, tragico schianto. L&#039;atleta lotta a Siena per la sua vita: condizioni stabili\" \/>\n<meta property=\"og:description\" content=\"Incidente in staffetta per il campione bolognese, finito con il suo handbike contro un camion, in Valdorcia. Condizioni molto gravi. Dopo l&#039;operazione ora il coma farmacologico.\" \/>\n<meta property=\"og:url\" content=\"https:\/\/www.intoscana.it\/it\/incidente-zanardi-ricoverato-a-siena\/\" \/>\n<meta property=\"og:site_name\" content=\"intoscana\" \/>\n<meta property=\"article:publisher\" content=\"https:\/\/www.facebook.com\/intoscana.it\" \/>\n<meta property=\"article:published_time\" content=\"2020-06-20T09:52:04+00:00\" \/>\n<meta property=\"article:modified_time\" content=\"2020-08-10T07:29:05+00:00\" \/>\n<meta property=\"og:image\" content=\"https:\/\/www.intoscana.it\/wp-content\/uploads\/e5f00f960d93061d695d4ba89341e3d0-1.jpg\" \/>\n\t<meta property=\"og:image:width\" content=\"680\" \/>\n\t<meta property=\"og:image:height\" content=\"401\" \/>\n\t<meta property=\"og:image:type\" content=\"image\/jpeg\" \/>\n<meta name=\"author\" content=\"Davide De Crescenzo\" \/>\n<meta name=\"twitter:card\" content=\"summary_large_image\" \/>\n<meta name=\"twitter:creator\" content=\"@intoscana\" \/>\n<meta name=\"twitter:site\" content=\"@intoscana\" \/>\n<meta name=\"twitter:label1\" content=\"Written by\" \/>\n\t<meta name=\"twitter:data1\" content=\"Davide De Crescenzo\" \/>\n\t<meta name=\"twitter:label2\" content=\"Est. reading time\" \/>\n\t<meta name=\"twitter:data2\" content=\"3 minuti\" \/>\n<script type=\"application\/ld+json\" class=\"yoast-schema-graph\">{\"@context\":\"https:\/\/schema.org\",\"@graph\":[{\"@type\":\"WebPage\",\"@id\":\"https:\/\/www.intoscana.it\/it\/incidente-zanardi-ricoverato-a-siena\/\",\"url\":\"https:\/\/www.intoscana.it\/it\/incidente-zanardi-ricoverato-a-siena\/\",\"name\":\"Zanardi, tragico schianto. L'atleta lotta a Siena per la sua vita: condizioni stabili - intoscana\",\"isPartOf\":{\"@id\":\"https:\/\/www.intoscana.it\/it\/#website\"},\"primaryImageOfPage\":{\"@id\":\"https:\/\/www.intoscana.it\/it\/incidente-zanardi-ricoverato-a-siena\/#primaryimage\"},\"image\":{\"@id\":\"https:\/\/www.intoscana.it\/it\/incidente-zanardi-ricoverato-a-siena\/#primaryimage\"},\"thumbnailUrl\":\"https:\/\/www.intoscana.it\/wp-content\/uploads\/e5f00f960d93061d695d4ba89341e3d0-1.jpg\",\"datePublished\":\"2020-06-20T09:52:04+00:00\",\"dateModified\":\"2020-08-10T07:29:05+00:00\",\"author\":{\"@id\":\"https:\/\/www.intoscana.it\/it\/#\/schema\/person\/a5bc24999a39bf95b6e0b40c58f8d8e1\"},\"description\":\"Incidente in staffetta per il campione bolognese, finito con il suo handbike contro un camion, in Valdorcia. Condizioni molto gravi. Dopo l'operazione ora il coma farmacologico.\",\"breadcrumb\":{\"@id\":\"https:\/\/www.intoscana.it\/it\/incidente-zanardi-ricoverato-a-siena\/#breadcrumb\"},\"inLanguage\":\"it-IT\",\"potentialAction\":[{\"@type\":\"ReadAction\",\"target\":[\"https:\/\/www.intoscana.it\/it\/incidente-zanardi-ricoverato-a-siena\/\"]}]},{\"@type\":\"ImageObject\",\"inLanguage\":\"it-IT\",\"@id\":\"https:\/\/www.intoscana.it\/it\/incidente-zanardi-ricoverato-a-siena\/#primaryimage\",\"url\":\"https:\/\/www.intoscana.it\/wp-content\/uploads\/e5f00f960d93061d695d4ba89341e3d0-1.jpg\",\"contentUrl\":\"https:\/\/www.intoscana.it\/wp-content\/uploads\/e5f00f960d93061d695d4ba89341e3d0-1.jpg\",\"width\":680,\"height\":401,\"caption\":\"Zanardi, Alex Zanardi, campione paralimpico\"},{\"@type\":\"BreadcrumbList\",\"@id\":\"https:\/\/www.intoscana.it\/it\/incidente-zanardi-ricoverato-a-siena\/#breadcrumb\",\"itemListElement\":[{\"@type\":\"ListItem\",\"position\":1,\"name\":\"Home\",\"item\":\"https:\/\/www.intoscana.it\/it\/\"},{\"@type\":\"ListItem\",\"position\":2,\"name\":\"Zanardi, tragico schianto. L&#8217;atleta lotta a Siena per la sua vita: condizioni stabili\"}]},{\"@type\":\"WebSite\",\"@id\":\"https:\/\/www.intoscana.it\/it\/#website\",\"url\":\"https:\/\/www.intoscana.it\/it\/\",\"name\":\"intoscana\",\"description\":\"\",\"potentialAction\":[{\"@type\":\"SearchAction\",\"target\":{\"@type\":\"EntryPoint\",\"urlTemplate\":\"https:\/\/www.intoscana.it\/it\/?s={search_term_string}\"},\"query-input\":{\"@type\":\"PropertyValueSpecification\",\"valueRequired\":true,\"valueName\":\"search_term_string\"}}],\"inLanguage\":\"it-IT\"},{\"@type\":\"Person\",\"@id\":\"https:\/\/www.intoscana.it\/it\/#\/schema\/person\/a5bc24999a39bf95b6e0b40c58f8d8e1\",\"name\":\"Davide De Crescenzo\",\"url\":\"https:\/\/www.intoscana.it\/it\/author\/davide-de-crescenzo\/\"}]}<\/script>\n<!-- \/ Yoast SEO Premium plugin. -->","yoast_head_json":{"title":"Zanardi, tragico schianto. L'atleta lotta a Siena per la sua vita: condizioni stabili - intoscana","description":"Incidente in staffetta per il campione bolognese, finito con il suo handbike contro un camion, in Valdorcia. Condizioni molto gravi. Dopo l'operazione ora il coma farmacologico.","robots":{"index":"index","follow":"follow","max-snippet":"max-snippet:-1","max-image-preview":"max-image-preview:large","max-video-preview":"max-video-preview:-1"},"canonical":"https:\/\/www.intoscana.it\/it\/incidente-zanardi-ricoverato-a-siena\/","og_locale":"it_IT","og_type":"article","og_title":"Zanardi, tragico schianto. L'atleta lotta a Siena per la sua vita: condizioni stabili","og_description":"Incidente in staffetta per il campione bolognese, finito con il suo handbike contro un camion, in Valdorcia. Condizioni molto gravi. Dopo l'operazione ora il coma farmacologico.","og_url":"https:\/\/www.intoscana.it\/it\/incidente-zanardi-ricoverato-a-siena\/","og_site_name":"intoscana","article_publisher":"https:\/\/www.facebook.com\/intoscana.it","article_published_time":"2020-06-20T09:52:04+00:00","article_modified_time":"2020-08-10T07:29:05+00:00","og_image":[{"width":680,"height":401,"url":"https:\/\/www.intoscana.it\/wp-content\/uploads\/e5f00f960d93061d695d4ba89341e3d0-1.jpg","type":"image\/jpeg"}],"author":"Davide De Crescenzo","twitter_card":"summary_large_image","twitter_creator":"@intoscana","twitter_site":"@intoscana","twitter_misc":{"Written by":"Davide De Crescenzo","Est. reading time":"3 minuti"},"schema":{"@context":"https:\/\/schema.org","@graph":[{"@type":"WebPage","@id":"https:\/\/www.intoscana.it\/it\/incidente-zanardi-ricoverato-a-siena\/","url":"https:\/\/www.intoscana.it\/it\/incidente-zanardi-ricoverato-a-siena\/","name":"Zanardi, tragico schianto. L'atleta lotta a Siena per la sua vita: condizioni stabili - intoscana","isPartOf":{"@id":"https:\/\/www.intoscana.it\/it\/#website"},"primaryImageOfPage":{"@id":"https:\/\/www.intoscana.it\/it\/incidente-zanardi-ricoverato-a-siena\/#primaryimage"},"image":{"@id":"https:\/\/www.intoscana.it\/it\/incidente-zanardi-ricoverato-a-siena\/#primaryimage"},"thumbnailUrl":"https:\/\/www.intoscana.it\/wp-content\/uploads\/e5f00f960d93061d695d4ba89341e3d0-1.jpg","datePublished":"2020-06-20T09:52:04+00:00","dateModified":"2020-08-10T07:29:05+00:00","author":{"@id":"https:\/\/www.intoscana.it\/it\/#\/schema\/person\/a5bc24999a39bf95b6e0b40c58f8d8e1"},"description":"Incidente in staffetta per il campione bolognese, finito con il suo handbike contro un camion, in Valdorcia. Condizioni molto gravi. Dopo l'operazione ora il coma farmacologico.","breadcrumb":{"@id":"https:\/\/www.intoscana.it\/it\/incidente-zanardi-ricoverato-a-siena\/#breadcrumb"},"inLanguage":"it-IT","potentialAction":[{"@type":"ReadAction","target":["https:\/\/www.intoscana.it\/it\/incidente-zanardi-ricoverato-a-siena\/"]}]},{"@type":"ImageObject","inLanguage":"it-IT","@id":"https:\/\/www.intoscana.it\/it\/incidente-zanardi-ricoverato-a-siena\/#primaryimage","url":"https:\/\/www.intoscana.it\/wp-content\/uploads\/e5f00f960d93061d695d4ba89341e3d0-1.jpg","contentUrl":"https:\/\/www.intoscana.it\/wp-content\/uploads\/e5f00f960d93061d695d4ba89341e3d0-1.jpg","width":680,"height":401,"caption":"Zanardi, Alex Zanardi, campione paralimpico"},{"@type":"BreadcrumbList","@id":"https:\/\/www.intoscana.it\/it\/incidente-zanardi-ricoverato-a-siena\/#breadcrumb","itemListElement":[{"@type":"ListItem","position":1,"name":"Home","item":"https:\/\/www.intoscana.it\/it\/"},{"@type":"ListItem","position":2,"name":"Zanardi, tragico schianto. L&#8217;atleta lotta a Siena per la sua vita: condizioni stabili"}]},{"@type":"WebSite","@id":"https:\/\/www.intoscana.it\/it\/#website","url":"https:\/\/www.intoscana.it\/it\/","name":"intoscana","description":"","potentialAction":[{"@type":"SearchAction","target":{"@type":"EntryPoint","urlTemplate":"https:\/\/www.intoscana.it\/it\/?s={search_term_string}"},"query-input":{"@type":"PropertyValueSpecification","valueRequired":true,"valueName":"search_term_string"}}],"inLanguage":"it-IT"},{"@type":"Person","@id":"https:\/\/www.intoscana.it\/it\/#\/schema\/person\/a5bc24999a39bf95b6e0b40c58f8d8e1","name":"Davide De Crescenzo","url":"https:\/\/www.intoscana.it\/it\/author\/davide-de-crescenzo\/"}]}},"_links":{"self":[{"href":"https:\/\/www.intoscana.it\/it\/wp-json\/wp\/v2\/posts\/144917","targetHints":{"allow":["GET"]}}],"collection":[{"href":"https:\/\/www.intoscana.it\/it\/wp-json\/wp\/v2\/posts"}],"about":[{"href":"https:\/\/www.intoscana.it\/it\/wp-json\/wp\/v2\/types\/post"}],"author":[{"embeddable":true,"href":"https:\/\/www.intoscana.it\/it\/wp-json\/wp\/v2\/users\/474"}],"replies":[{"embeddable":true,"href":"https:\/\/www.intoscana.it\/it\/wp-json\/wp\/v2\/comments?post=144917"}],"version-history":[{"count":0,"href":"https:\/\/www.intoscana.it\/it\/wp-json\/wp\/v2\/posts\/144917\/revisions"}],"wp:featuredmedia":[{"embeddable":true,"href":"https:\/\/www.intoscana.it\/it\/wp-json\/wp\/v2\/media\/145411"}],"wp:attachment":[{"href":"https:\/\/www.intoscana.it\/it\/wp-json\/wp\/v2\/media?parent=144917"}],"wp:term":[{"taxonomy":"category","embeddable":true,"href":"https:\/\/www.intoscana.it\/it\/wp-json\/wp\/v2\/categories?post=144917"},{"taxonomy":"post_tag","embeddable":true,"href":"https:\/\/www.intoscana.it\/it\/wp-json\/wp\/v2\/tags?post=144917"}],"curies":[{"name":"wp","href":"https:\/\/api.w.org\/{rel}","templated":true}]}}