{"id":144919,"date":"2020-06-18T16:23:32","date_gmt":"2020-06-18T14:23:32","guid":{"rendered":"https:\/\/www.intoscana.it\/fipili-riaperto-al-traffico-lo-svincolo-di-via-quaglierini-a-livorno\/"},"modified":"2020-08-21T10:50:51","modified_gmt":"2020-08-21T08:50:51","slug":"fipililivorno","status":"publish","type":"post","link":"https:\/\/www.intoscana.it\/it\/fipililivorno\/","title":{"rendered":"FIPILI, riaperto al traffico lo svincolo di via Quaglierini a Livorno"},"content":{"rendered":"<p>L&#8217;emergenza sanitaria in corso non ha fermato i lavori per il ripristino di via Quaglierini a Livorno e ora \u00e8 finalmente <strong>aperta la bretella all\u2019uscita dello svincolo di Livorno Porto della Strada di Grande Comunicazione Firenze-Pisa-Livorno<\/strong>.<\/p>\n<p>L\u2019intervento si \u00e8 reso necessario a seguito del collasso di questo tratto di asfalto nel marzo 2008. I lavori sono iniziati nel 2019 e hanno permesso di ripristinare la condotta idrica e il corpo stradale di Via Quaglierini.<\/p>\n<p>Restano ancora da terminare i lavori sulla carreggiata nord della Fi-Pi-Li sempre all\u2019altezza dello svincolo di Livorno Porto che saranno conclusi entro pochi giorni. Con la fine dei lavori e il ripristino della viabilit\u00e0 saranno <strong>ridotti i disagi agli utenti da e per la costa<\/strong> in questa stagione balneare appena iniziata.&nbsp;<\/p>\n<p>Non nasconde la <strong>propria soddisfazione l\u2019assessore alle Infrastrutture Vincenzo Ceccarelli<\/strong>: \u201cFinalmente siamo riusciti a giungere al termine di questo intervento complesso. Nel corso di questi anni si \u00e8 reso necessario realizzare una viabilit\u00e0 provvisoria per cercare di ridurre al minimo i disagi, cercando al tempo stesso di portare avanti i lavori\u201d.<\/p>\n<p>Questo intervento \u00e8 diventato di competenza regionale dal 2016 e la Regione Toscana si \u00e8 da subito adoperata per accelerare la soluzione dei problemi ereditati dalla precedente gestione e per adeguare le procedure di gara al nuovo codice degli appalti, pi\u00f9 volte modificato. I lavori per il ripristino della frana, al km 79+865 della sgc Fi-Pi-Li, nel Comune di Livorno sono stati aggiudicati a ottobre 2018 e la consegna definitiva dei lavori risale al 7 gennaio 2019.<\/p>\n<p>\u201cAdesso i lavori sono conclusi \u2013 aggiunge Ceccarelli \u2013 e viene definitivamente aperta la bretella di uscita dello svincolo di Livorno Porto della sgc Fi-Pi-Li e la consegneremo alla Provincia di Livorno, in qualit\u00e0 di ente proprietario di via Quaglierini, e alla Citt\u00e0 Metropolitana di Firenze, quale ente gestore della Sgc. Rimangono da concludere i lavori sulla carreggiata nord della Sgc, all\u2019altezza dello svincolo. Abbiamo deciso di dare priorit\u00e0 alla conclusione dei lavori su via Quaglierini, rispetto a quelli sulla carreggiata della Sgc, per ridurre i disagi agli utenti per gli spostamenti da e per la costa durante la stagione balneare, necessit\u00e0 che nel periodo estivo dello scorso anno ha comportato la realizzazione di una viabilit\u00e0 provvisoria all\u2019interno del cantiere rimasta attiva durante i mesi di luglio ed agosto\u201d.<\/p>\n<p>Per quanto riguarda il costo complessivo dei lavori, questo ammonta a <strong>3 milioni 370 mila euro<\/strong>; 2 milioni e 250 mila euro provengono dalla Regione, il restante dalla Provincia di Livorno.<\/p>\n<p>Alla presentazione dell\u2019opera era presente anche il <strong>sindaco di Livorno, Luca Salvetti<\/strong>, che ha evidenziato la doppia importanza che questa riapertura riveste per Livorno e per l\u2019intera Toscana: \u201cCon la praticabilit\u00e0 dello svincolo diviene finalmente pi\u00f9 semplice raggiungere per tutti i toscani la zona di Livorno nord, Calambrone e Tirrenia, con tutto ci\u00f2 che questo comporta a livello di viabilit\u00e0 generale. Sar\u00e0 comunque importante, questa viabilit\u00e0, anche per motivi legati allo sviluppo economico dell\u2019area, permettendo un pi\u00f9 facile e veloce accesso alla darsena Toscana e in prospettiva alla darsena Europa\u201d.<\/p>\n<p>&nbsp;<\/p>\n\n","protected":false},"excerpt":{"rendered":"<p>Grazie a questa opera saranno ridotti i disagi per gli spostamenti da e per la costa durante la stagione balneare<\/p>\n","protected":false},"author":507,"featured_media":145413,"comment_status":"open","ping_status":"open","sticky":false,"template":"","format":"standard","meta":{"_acf_changed":false,"footnotes":""},"categories":[494,7],"tags":[273,1577],"class_list":["post-144919","post","type-post","status-publish","format-standard","has-post-thumbnail","hentry","category-attualita","category-societa","tag-livorno","tag-muoversi-in-toscana"],"acf":[],"yoast_head":"<!-- This site is optimized with the Yoast SEO Premium plugin v24.2 (Yoast SEO v25.6) - https:\/\/yoast.com\/wordpress\/plugins\/seo\/ -->\n<title>FIPILI, riaperto al traffico lo svincolo di via Quaglierini a Livorno - intoscana<\/title>\n<meta name=\"description\" content=\"Grazie a questa opera saranno ridotti i disagi per gli spostamenti da e per la costa durante la stagione balneare\" \/>\n<meta name=\"robots\" content=\"index, follow, max-snippet:-1, max-image-preview:large, max-video-preview:-1\" \/>\n<link rel=\"canonical\" href=\"https:\/\/www.intoscana.it\/it\/fipililivorno\/\" \/>\n<meta property=\"og:locale\" content=\"it_IT\" \/>\n<meta property=\"og:type\" content=\"article\" \/>\n<meta property=\"og:title\" content=\"FIPILI, riaperto al traffico lo svincolo di via Quaglierini a Livorno\" \/>\n<meta property=\"og:description\" content=\"Grazie a questa opera saranno ridotti i disagi per gli spostamenti da e per la costa durante la stagione balneare\" \/>\n<meta property=\"og:url\" content=\"https:\/\/www.intoscana.it\/it\/fipililivorno\/\" \/>\n<meta property=\"og:site_name\" content=\"intoscana\" \/>\n<meta property=\"article:publisher\" content=\"https:\/\/www.facebook.com\/intoscana.it\" \/>\n<meta property=\"article:published_time\" content=\"2020-06-18T14:23:32+00:00\" \/>\n<meta property=\"article:modified_time\" content=\"2020-08-21T08:50:51+00:00\" \/>\n<meta property=\"og:image\" content=\"https:\/\/www.intoscana.it\/wp-content\/uploads\/fipili-via-quaglierini-1.jpg\" \/>\n\t<meta property=\"og:image:width\" content=\"2000\" \/>\n\t<meta property=\"og:image:height\" content=\"1432\" \/>\n\t<meta property=\"og:image:type\" content=\"image\/jpeg\" \/>\n<meta name=\"author\" content=\"Chiara Bianchini\" \/>\n<meta name=\"twitter:card\" content=\"summary_large_image\" \/>\n<meta name=\"twitter:creator\" content=\"@intoscana\" \/>\n<meta name=\"twitter:site\" content=\"@intoscana\" \/>\n<meta name=\"twitter:label1\" content=\"Written by\" \/>\n\t<meta name=\"twitter:data1\" content=\"Chiara Bianchini\" \/>\n\t<meta name=\"twitter:label2\" content=\"Est. reading time\" \/>\n\t<meta name=\"twitter:data2\" content=\"2 minuti\" \/>\n<script type=\"application\/ld+json\" class=\"yoast-schema-graph\">{\"@context\":\"https:\/\/schema.org\",\"@graph\":[{\"@type\":\"WebPage\",\"@id\":\"https:\/\/www.intoscana.it\/it\/fipililivorno\/\",\"url\":\"https:\/\/www.intoscana.it\/it\/fipililivorno\/\",\"name\":\"FIPILI, riaperto al traffico lo svincolo di via Quaglierini a Livorno - intoscana\",\"isPartOf\":{\"@id\":\"https:\/\/www.intoscana.it\/it\/#website\"},\"primaryImageOfPage\":{\"@id\":\"https:\/\/www.intoscana.it\/it\/fipililivorno\/#primaryimage\"},\"image\":{\"@id\":\"https:\/\/www.intoscana.it\/it\/fipililivorno\/#primaryimage\"},\"thumbnailUrl\":\"https:\/\/www.intoscana.it\/wp-content\/uploads\/fipili-via-quaglierini-1.jpg\",\"datePublished\":\"2020-06-18T14:23:32+00:00\",\"dateModified\":\"2020-08-21T08:50:51+00:00\",\"author\":{\"@id\":\"https:\/\/www.intoscana.it\/it\/#\/schema\/person\/010af92117f50561886339ad5b873a41\"},\"description\":\"Grazie a questa opera saranno ridotti i disagi per gli spostamenti da e per la costa durante la stagione balneare\",\"breadcrumb\":{\"@id\":\"https:\/\/www.intoscana.it\/it\/fipililivorno\/#breadcrumb\"},\"inLanguage\":\"it-IT\",\"potentialAction\":[{\"@type\":\"ReadAction\",\"target\":[\"https:\/\/www.intoscana.it\/it\/fipililivorno\/\"]}]},{\"@type\":\"ImageObject\",\"inLanguage\":\"it-IT\",\"@id\":\"https:\/\/www.intoscana.it\/it\/fipililivorno\/#primaryimage\",\"url\":\"https:\/\/www.intoscana.it\/wp-content\/uploads\/fipili-via-quaglierini-1.jpg\",\"contentUrl\":\"https:\/\/www.intoscana.it\/wp-content\/uploads\/fipili-via-quaglierini-1.jpg\",\"width\":2000,\"height\":1432},{\"@type\":\"BreadcrumbList\",\"@id\":\"https:\/\/www.intoscana.it\/it\/fipililivorno\/#breadcrumb\",\"itemListElement\":[{\"@type\":\"ListItem\",\"position\":1,\"name\":\"Home\",\"item\":\"https:\/\/www.intoscana.it\/it\/\"},{\"@type\":\"ListItem\",\"position\":2,\"name\":\"FIPILI, riaperto al traffico lo svincolo di via Quaglierini a Livorno\"}]},{\"@type\":\"WebSite\",\"@id\":\"https:\/\/www.intoscana.it\/it\/#website\",\"url\":\"https:\/\/www.intoscana.it\/it\/\",\"name\":\"intoscana\",\"description\":\"\",\"potentialAction\":[{\"@type\":\"SearchAction\",\"target\":{\"@type\":\"EntryPoint\",\"urlTemplate\":\"https:\/\/www.intoscana.it\/it\/?s={search_term_string}\"},\"query-input\":{\"@type\":\"PropertyValueSpecification\",\"valueRequired\":true,\"valueName\":\"search_term_string\"}}],\"inLanguage\":\"it-IT\"},{\"@type\":\"Person\",\"@id\":\"https:\/\/www.intoscana.it\/it\/#\/schema\/person\/010af92117f50561886339ad5b873a41\",\"name\":\"Chiara Bianchini\",\"sameAs\":[\"c.bianchini@fst.it\"],\"url\":\"https:\/\/www.intoscana.it\/it\/author\/chiara-bianchini\/\"}]}<\/script>\n<!-- \/ Yoast SEO Premium plugin. -->","yoast_head_json":{"title":"FIPILI, riaperto al traffico lo svincolo di via Quaglierini a Livorno - intoscana","description":"Grazie a questa opera saranno ridotti i disagi per gli spostamenti da e per la costa durante la stagione balneare","robots":{"index":"index","follow":"follow","max-snippet":"max-snippet:-1","max-image-preview":"max-image-preview:large","max-video-preview":"max-video-preview:-1"},"canonical":"https:\/\/www.intoscana.it\/it\/fipililivorno\/","og_locale":"it_IT","og_type":"article","og_title":"FIPILI, riaperto al traffico lo svincolo di via Quaglierini a Livorno","og_description":"Grazie a questa opera saranno ridotti i disagi per gli spostamenti da e per la costa durante la stagione balneare","og_url":"https:\/\/www.intoscana.it\/it\/fipililivorno\/","og_site_name":"intoscana","article_publisher":"https:\/\/www.facebook.com\/intoscana.it","article_published_time":"2020-06-18T14:23:32+00:00","article_modified_time":"2020-08-21T08:50:51+00:00","og_image":[{"width":2000,"height":1432,"url":"https:\/\/www.intoscana.it\/wp-content\/uploads\/fipili-via-quaglierini-1.jpg","type":"image\/jpeg"}],"author":"Chiara Bianchini","twitter_card":"summary_large_image","twitter_creator":"@intoscana","twitter_site":"@intoscana","twitter_misc":{"Written by":"Chiara Bianchini","Est. reading time":"2 minuti"},"schema":{"@context":"https:\/\/schema.org","@graph":[{"@type":"WebPage","@id":"https:\/\/www.intoscana.it\/it\/fipililivorno\/","url":"https:\/\/www.intoscana.it\/it\/fipililivorno\/","name":"FIPILI, riaperto al traffico lo svincolo di via Quaglierini a Livorno - intoscana","isPartOf":{"@id":"https:\/\/www.intoscana.it\/it\/#website"},"primaryImageOfPage":{"@id":"https:\/\/www.intoscana.it\/it\/fipililivorno\/#primaryimage"},"image":{"@id":"https:\/\/www.intoscana.it\/it\/fipililivorno\/#primaryimage"},"thumbnailUrl":"https:\/\/www.intoscana.it\/wp-content\/uploads\/fipili-via-quaglierini-1.jpg","datePublished":"2020-06-18T14:23:32+00:00","dateModified":"2020-08-21T08:50:51+00:00","author":{"@id":"https:\/\/www.intoscana.it\/it\/#\/schema\/person\/010af92117f50561886339ad5b873a41"},"description":"Grazie a questa opera saranno ridotti i disagi per gli spostamenti da e per la costa durante la stagione balneare","breadcrumb":{"@id":"https:\/\/www.intoscana.it\/it\/fipililivorno\/#breadcrumb"},"inLanguage":"it-IT","potentialAction":[{"@type":"ReadAction","target":["https:\/\/www.intoscana.it\/it\/fipililivorno\/"]}]},{"@type":"ImageObject","inLanguage":"it-IT","@id":"https:\/\/www.intoscana.it\/it\/fipililivorno\/#primaryimage","url":"https:\/\/www.intoscana.it\/wp-content\/uploads\/fipili-via-quaglierini-1.jpg","contentUrl":"https:\/\/www.intoscana.it\/wp-content\/uploads\/fipili-via-quaglierini-1.jpg","width":2000,"height":1432},{"@type":"BreadcrumbList","@id":"https:\/\/www.intoscana.it\/it\/fipililivorno\/#breadcrumb","itemListElement":[{"@type":"ListItem","position":1,"name":"Home","item":"https:\/\/www.intoscana.it\/it\/"},{"@type":"ListItem","position":2,"name":"FIPILI, riaperto al traffico lo svincolo di via Quaglierini a Livorno"}]},{"@type":"WebSite","@id":"https:\/\/www.intoscana.it\/it\/#website","url":"https:\/\/www.intoscana.it\/it\/","name":"intoscana","description":"","potentialAction":[{"@type":"SearchAction","target":{"@type":"EntryPoint","urlTemplate":"https:\/\/www.intoscana.it\/it\/?s={search_term_string}"},"query-input":{"@type":"PropertyValueSpecification","valueRequired":true,"valueName":"search_term_string"}}],"inLanguage":"it-IT"},{"@type":"Person","@id":"https:\/\/www.intoscana.it\/it\/#\/schema\/person\/010af92117f50561886339ad5b873a41","name":"Chiara Bianchini","sameAs":["c.bianchini@fst.it"],"url":"https:\/\/www.intoscana.it\/it\/author\/chiara-bianchini\/"}]}},"_links":{"self":[{"href":"https:\/\/www.intoscana.it\/it\/wp-json\/wp\/v2\/posts\/144919","targetHints":{"allow":["GET"]}}],"collection":[{"href":"https:\/\/www.intoscana.it\/it\/wp-json\/wp\/v2\/posts"}],"about":[{"href":"https:\/\/www.intoscana.it\/it\/wp-json\/wp\/v2\/types\/post"}],"author":[{"embeddable":true,"href":"https:\/\/www.intoscana.it\/it\/wp-json\/wp\/v2\/users\/507"}],"replies":[{"embeddable":true,"href":"https:\/\/www.intoscana.it\/it\/wp-json\/wp\/v2\/comments?post=144919"}],"version-history":[{"count":0,"href":"https:\/\/www.intoscana.it\/it\/wp-json\/wp\/v2\/posts\/144919\/revisions"}],"wp:featuredmedia":[{"embeddable":true,"href":"https:\/\/www.intoscana.it\/it\/wp-json\/wp\/v2\/media\/145413"}],"wp:attachment":[{"href":"https:\/\/www.intoscana.it\/it\/wp-json\/wp\/v2\/media?parent=144919"}],"wp:term":[{"taxonomy":"category","embeddable":true,"href":"https:\/\/www.intoscana.it\/it\/wp-json\/wp\/v2\/categories?post=144919"},{"taxonomy":"post_tag","embeddable":true,"href":"https:\/\/www.intoscana.it\/it\/wp-json\/wp\/v2\/tags?post=144919"}],"curies":[{"name":"wp","href":"https:\/\/api.w.org\/{rel}","templated":true}]}}