{"id":144926,"date":"2020-06-20T16:03:59","date_gmt":"2020-06-20T14:03:59","guid":{"rendered":"https:\/\/www.intoscana.it\/coronavirus-per-la-prima-volta-nessun-decesso-in-toscana\/"},"modified":"2020-08-10T09:29:10","modified_gmt":"2020-08-10T07:29:10","slug":"coronavirus-nessun-decesso-in-toscana","status":"publish","type":"post","link":"https:\/\/www.intoscana.it\/it\/coronavirus-nessun-decesso-in-toscana\/","title":{"rendered":"Coronavirus: per la prima volta nessun decesso in Toscana"},"content":{"rendered":"<p style=\"box-sizing: border-box; margin-top: 0px; margin-bottom: 1rem; font-family: none; color: #272833; font-size: 16px;\"><span style=\"box-sizing: border-box; font-weight: 600;\">In Toscana sono 10.207 i casi di positivit\u00e0 al Coronavirus, 2 in pi\u00f9 rispetto a ieri<\/span>. I nuovi casi sono lo 0,02% in pi\u00f9 rispetto al totale del giorno precedente. I guariti crescono dello 0,1% e raggiungono quota 8.698 (l\u201985,2% dei casi totali). I&nbsp;<span style=\"box-sizing: border-box; font-weight: 600;\">tamponi eseguiti<\/span>&nbsp;hanno raggiunto quota&nbsp;<span style=\"box-sizing: border-box; font-weight: 600;\">309.250<\/span>, 2.761 in pi\u00f9 rispetto a ieri, quelli analizzati oggi sono 2.737. Gli attualmente positivi sono oggi 414, -2,1% rispetto a ieri.&nbsp;<span style=\"box-sizing: border-box; font-weight: 600;\">Oggi, per la prima volta dall\u2019inizio dell\u2019epidemia, non si registrano nuovi decessi<\/span>.<\/p>\n<p style=\"box-sizing: border-box; margin-top: 0px; margin-bottom: 1rem; font-family: none; color: #272833; font-size: 16px;\">Questi i dati &#8211; accertati alle ore 12 di oggi sulla base delle richieste della Protezione Civile Nazionale &#8211; relativi all\u2019andamento dell\u2019epidemia in regione.<\/p>\n<p style=\"box-sizing: border-box; margin-top: 0px; margin-bottom: 1rem; font-family: none; color: #272833; font-size: 16px;\"><span style=\"box-sizing: border-box; font-weight: 600;\">Di seguito i casi di positivit\u00e0 sul territorio<\/span>&nbsp;con la variazione rispetto a ieri, ricordando che si riferiscono non alla provincia di residenza, ma a quella in cui \u00e8 stata fatta la diagnosi. Sono 3.516 i casi complessivi a oggi a Firenze, 572 a Prato (1 in pi\u00f9), 680 a Pistoia, 1.052 a Massa Carrara, 1.369 a Lucca, 900 a Pisa (1 in pi\u00f9), 559 a Livorno, 688 ad Arezzo, 441 a Siena, 430 a Grosseto. Un caso in pi\u00f9, quindi, riscontrato oggi nell\u2019Asl Centro, 1 nella Nord Ovest, 0 nella Sud est.<\/p>\n<p style=\"box-sizing: border-box; margin-top: 0px; margin-bottom: 1rem; font-family: none; color: #272833; font-size: 16px;\">La Toscana si conferma al 10\u00b0 posto in Italia come numerosit\u00e0 di casi, con circa 274 casi per 100.000 abitanti (media italiana circa 394 x100.000, dato di ieri). Le province di notifica con il tasso pi\u00f9 alto sono Massa Carrara con 540 casi x100.000 abitanti, Lucca con 353, Firenze con 348, la pi\u00f9 bassa Siena con 165.<\/p>\n<p style=\"box-sizing: border-box; margin-top: 0px; margin-bottom: 1rem; font-family: none; color: #272833; font-size: 16px;\">Complessivamente,&nbsp;<span style=\"box-sizing: border-box; font-weight: 600;\">383 persone sono in isolamento a casa<\/span>, poich\u00e9 presentano sintomi lievi, che non richiedono cure ospedaliere o risultano prive di sintomi (meno 10 rispetto a ieri, meno 2,5%). Sono&nbsp;<span style=\"box-sizing: border-box; font-weight: 600;\">2.916<\/span>&nbsp;(meno 59 rispetto a ieri, meno 2%) le persone, anche loro isolate,<span style=\"box-sizing: border-box; font-weight: 600;\">&nbsp;in sorveglianza attiva<\/span>, perch\u00e9 hanno avuto contatti con persone contagiate (Asl Centro 1.243, Nord Ovest 1.618, Sud Est 55).<\/p>\n<p style=\"box-sizing: border-box; margin-top: 0px; margin-bottom: 1rem; font-family: none; color: #272833; font-size: 16px;\"><span style=\"box-sizing: border-box; font-weight: 600;\">Le persone ricoverate nei posti letto dedicati ai pazienti Covid oggi sono complessivamente 31<\/span>, 1 in pi\u00f9 di ieri (pi\u00f9 3,3%), di cui 12 in terapia intensiva (stabili rispetto a ieri).<\/p>\n<p style=\"box-sizing: border-box; margin-top: 0px; margin-bottom: 1rem; font-family: none; color: #272833; font-size: 16px;\">Le persone complessivamente guarite salgono a 8.698 (pi\u00f9 11 rispetto a ieri, pi\u00f9 0,1%): 290 persone \u201cclinicamente guarite\u201d (meno 17 rispetto a ieri, meno 5,5%), divenute cio\u00e8 asintomatiche dopo aver presentato manifestazioni cliniche associate all\u2019infezione e 8.408 (pi\u00f9 28 rispetto a ieri, pi\u00f9 0,3%) dichiarate guarite a tutti gli effetti, le cosiddette guarigioni virali, con doppio tampone negativo.<\/p>\n<p style=\"box-sizing: border-box; margin-top: 0px; margin-bottom: 1rem; font-family: none; color: #272833; font-size: 16px;\">Oggi, per la prima volta dall\u2019inizio dell\u2019epidemia, non si registrano nuovi decessi. Rimangono, quindi,&nbsp;<span style=\"box-sizing: border-box; font-weight: 600;\">1.095 i deceduti dall\u2019inizio dell\u2019epidemia<\/span>&nbsp;cosi ripartiti: 403 a Firenze, 51 a Prato, 80 a Pistoia, 162 a Massa Carrara, 140 a Lucca, 89 a Pisa, 61 a Livorno, 46 ad Arezzo, 31 a Siena, 24 a Grosseto, 8 persone sono decedute sul suolo toscano, ma erano residenti fuori regione.<\/p>\n<p style=\"box-sizing: border-box; margin-top: 0px; margin-bottom: 1rem; font-family: none; color: #272833; font-size: 16px;\">Il tasso grezzo di mortalit\u00e0 toscano (numero di deceduti\/popolazione residente) per Covid-19 \u00e8 di 29,4 x100.000 residenti contro il 57,3 x100.000 della media italiana (11\u00b0 regione). Per quanto riguarda le province, il tasso di mortalit\u00e0 pi\u00f9 alto si riscontra a Massa Carrara (83,1 x100.000), Firenze (39,8 x100.000) e Lucca (36,1 x100.000), il pi\u00f9 basso a Grosseto (10,8 x100.000).<\/p>\n","protected":false},"excerpt":{"rendered":"<p>Due i nuovi casi positivi, undici invece le guarigioni. Pi\u00f9 di trecentomila i tamponi eseguiti. Ecco tutti i dati di sabato 20 giugno<\/p>\n","protected":false},"author":525,"featured_media":145420,"comment_status":"open","ping_status":"open","sticky":false,"template":"","format":"standard","meta":{"_acf_changed":false,"footnotes":""},"categories":[18],"tags":[],"class_list":["post-144926","post","type-post","status-publish","format-standard","has-post-thumbnail","hentry","category-salute"],"acf":[],"yoast_head":"<!-- This site is optimized with the Yoast SEO Premium plugin v24.2 (Yoast SEO v25.6) - https:\/\/yoast.com\/wordpress\/plugins\/seo\/ -->\n<title>Coronavirus: per la prima volta nessun decesso in Toscana - intoscana<\/title>\n<meta name=\"description\" content=\"Due i nuovi casi positivi, undici invece le guarigioni. Ecco tutti i dati\" \/>\n<meta name=\"robots\" content=\"index, follow, max-snippet:-1, max-image-preview:large, max-video-preview:-1\" \/>\n<link rel=\"canonical\" href=\"https:\/\/www.intoscana.it\/it\/coronavirus-nessun-decesso-in-toscana\/\" \/>\n<meta property=\"og:locale\" content=\"it_IT\" \/>\n<meta property=\"og:type\" content=\"article\" \/>\n<meta property=\"og:title\" content=\"Coronavirus: per la prima volta nessun decesso in Toscana\" \/>\n<meta property=\"og:description\" content=\"Due i nuovi casi positivi, undici invece le guarigioni. Ecco tutti i dati\" \/>\n<meta property=\"og:url\" content=\"https:\/\/www.intoscana.it\/it\/coronavirus-nessun-decesso-in-toscana\/\" \/>\n<meta property=\"og:site_name\" content=\"intoscana\" \/>\n<meta property=\"article:publisher\" content=\"https:\/\/www.facebook.com\/intoscana.it\" \/>\n<meta property=\"article:published_time\" content=\"2020-06-20T14:03:59+00:00\" \/>\n<meta property=\"article:modified_time\" content=\"2020-08-10T07:29:10+00:00\" \/>\n<meta property=\"og:image\" content=\"https:\/\/www.intoscana.it\/wp-content\/uploads\/test-sierologico-covid-2.jpg\" \/>\n\t<meta property=\"og:image:width\" content=\"1000\" \/>\n\t<meta property=\"og:image:height\" content=\"667\" \/>\n\t<meta property=\"og:image:type\" content=\"image\/jpeg\" \/>\n<meta name=\"author\" content=\"Redazione\" \/>\n<meta name=\"twitter:card\" content=\"summary_large_image\" \/>\n<meta name=\"twitter:creator\" content=\"@intoscana\" \/>\n<meta name=\"twitter:site\" content=\"@intoscana\" \/>\n<meta name=\"twitter:label1\" content=\"Written by\" \/>\n\t<meta name=\"twitter:data1\" content=\"Redazione\" \/>\n\t<meta name=\"twitter:label2\" content=\"Est. reading time\" \/>\n\t<meta name=\"twitter:data2\" content=\"2 minuti\" \/>\n<script type=\"application\/ld+json\" class=\"yoast-schema-graph\">{\"@context\":\"https:\/\/schema.org\",\"@graph\":[{\"@type\":\"WebPage\",\"@id\":\"https:\/\/www.intoscana.it\/it\/coronavirus-nessun-decesso-in-toscana\/\",\"url\":\"https:\/\/www.intoscana.it\/it\/coronavirus-nessun-decesso-in-toscana\/\",\"name\":\"Coronavirus: per la prima volta nessun decesso in Toscana - intoscana\",\"isPartOf\":{\"@id\":\"https:\/\/www.intoscana.it\/it\/#website\"},\"primaryImageOfPage\":{\"@id\":\"https:\/\/www.intoscana.it\/it\/coronavirus-nessun-decesso-in-toscana\/#primaryimage\"},\"image\":{\"@id\":\"https:\/\/www.intoscana.it\/it\/coronavirus-nessun-decesso-in-toscana\/#primaryimage\"},\"thumbnailUrl\":\"https:\/\/www.intoscana.it\/wp-content\/uploads\/test-sierologico-covid-2.jpg\",\"datePublished\":\"2020-06-20T14:03:59+00:00\",\"dateModified\":\"2020-08-10T07:29:10+00:00\",\"author\":{\"@id\":\"https:\/\/www.intoscana.it\/it\/#\/schema\/person\/9223810753230f20bd670fdd322661f8\"},\"description\":\"Due i nuovi casi positivi, undici invece le guarigioni. Ecco tutti i dati\",\"breadcrumb\":{\"@id\":\"https:\/\/www.intoscana.it\/it\/coronavirus-nessun-decesso-in-toscana\/#breadcrumb\"},\"inLanguage\":\"it-IT\",\"potentialAction\":[{\"@type\":\"ReadAction\",\"target\":[\"https:\/\/www.intoscana.it\/it\/coronavirus-nessun-decesso-in-toscana\/\"]}]},{\"@type\":\"ImageObject\",\"inLanguage\":\"it-IT\",\"@id\":\"https:\/\/www.intoscana.it\/it\/coronavirus-nessun-decesso-in-toscana\/#primaryimage\",\"url\":\"https:\/\/www.intoscana.it\/wp-content\/uploads\/test-sierologico-covid-2.jpg\",\"contentUrl\":\"https:\/\/www.intoscana.it\/wp-content\/uploads\/test-sierologico-covid-2.jpg\",\"width\":1000,\"height\":667,\"caption\":\"Il test per individuare il Coronavirus\"},{\"@type\":\"BreadcrumbList\",\"@id\":\"https:\/\/www.intoscana.it\/it\/coronavirus-nessun-decesso-in-toscana\/#breadcrumb\",\"itemListElement\":[{\"@type\":\"ListItem\",\"position\":1,\"name\":\"Home\",\"item\":\"https:\/\/www.intoscana.it\/it\/\"},{\"@type\":\"ListItem\",\"position\":2,\"name\":\"Coronavirus: per la prima volta nessun decesso in Toscana\"}]},{\"@type\":\"WebSite\",\"@id\":\"https:\/\/www.intoscana.it\/it\/#website\",\"url\":\"https:\/\/www.intoscana.it\/it\/\",\"name\":\"intoscana\",\"description\":\"\",\"potentialAction\":[{\"@type\":\"SearchAction\",\"target\":{\"@type\":\"EntryPoint\",\"urlTemplate\":\"https:\/\/www.intoscana.it\/it\/?s={search_term_string}\"},\"query-input\":{\"@type\":\"PropertyValueSpecification\",\"valueRequired\":true,\"valueName\":\"search_term_string\"}}],\"inLanguage\":\"it-IT\"},{\"@type\":\"Person\",\"@id\":\"https:\/\/www.intoscana.it\/it\/#\/schema\/person\/9223810753230f20bd670fdd322661f8\",\"name\":\"Redazione\",\"url\":\"https:\/\/www.intoscana.it\/it\/author\/redazione\/\"}]}<\/script>\n<!-- \/ Yoast SEO Premium plugin. -->","yoast_head_json":{"title":"Coronavirus: per la prima volta nessun decesso in Toscana - intoscana","description":"Due i nuovi casi positivi, undici invece le guarigioni. Ecco tutti i dati","robots":{"index":"index","follow":"follow","max-snippet":"max-snippet:-1","max-image-preview":"max-image-preview:large","max-video-preview":"max-video-preview:-1"},"canonical":"https:\/\/www.intoscana.it\/it\/coronavirus-nessun-decesso-in-toscana\/","og_locale":"it_IT","og_type":"article","og_title":"Coronavirus: per la prima volta nessun decesso in Toscana","og_description":"Due i nuovi casi positivi, undici invece le guarigioni. Ecco tutti i dati","og_url":"https:\/\/www.intoscana.it\/it\/coronavirus-nessun-decesso-in-toscana\/","og_site_name":"intoscana","article_publisher":"https:\/\/www.facebook.com\/intoscana.it","article_published_time":"2020-06-20T14:03:59+00:00","article_modified_time":"2020-08-10T07:29:10+00:00","og_image":[{"width":1000,"height":667,"url":"https:\/\/www.intoscana.it\/wp-content\/uploads\/test-sierologico-covid-2.jpg","type":"image\/jpeg"}],"author":"Redazione","twitter_card":"summary_large_image","twitter_creator":"@intoscana","twitter_site":"@intoscana","twitter_misc":{"Written by":"Redazione","Est. reading time":"2 minuti"},"schema":{"@context":"https:\/\/schema.org","@graph":[{"@type":"WebPage","@id":"https:\/\/www.intoscana.it\/it\/coronavirus-nessun-decesso-in-toscana\/","url":"https:\/\/www.intoscana.it\/it\/coronavirus-nessun-decesso-in-toscana\/","name":"Coronavirus: per la prima volta nessun decesso in Toscana - intoscana","isPartOf":{"@id":"https:\/\/www.intoscana.it\/it\/#website"},"primaryImageOfPage":{"@id":"https:\/\/www.intoscana.it\/it\/coronavirus-nessun-decesso-in-toscana\/#primaryimage"},"image":{"@id":"https:\/\/www.intoscana.it\/it\/coronavirus-nessun-decesso-in-toscana\/#primaryimage"},"thumbnailUrl":"https:\/\/www.intoscana.it\/wp-content\/uploads\/test-sierologico-covid-2.jpg","datePublished":"2020-06-20T14:03:59+00:00","dateModified":"2020-08-10T07:29:10+00:00","author":{"@id":"https:\/\/www.intoscana.it\/it\/#\/schema\/person\/9223810753230f20bd670fdd322661f8"},"description":"Due i nuovi casi positivi, undici invece le guarigioni. Ecco tutti i dati","breadcrumb":{"@id":"https:\/\/www.intoscana.it\/it\/coronavirus-nessun-decesso-in-toscana\/#breadcrumb"},"inLanguage":"it-IT","potentialAction":[{"@type":"ReadAction","target":["https:\/\/www.intoscana.it\/it\/coronavirus-nessun-decesso-in-toscana\/"]}]},{"@type":"ImageObject","inLanguage":"it-IT","@id":"https:\/\/www.intoscana.it\/it\/coronavirus-nessun-decesso-in-toscana\/#primaryimage","url":"https:\/\/www.intoscana.it\/wp-content\/uploads\/test-sierologico-covid-2.jpg","contentUrl":"https:\/\/www.intoscana.it\/wp-content\/uploads\/test-sierologico-covid-2.jpg","width":1000,"height":667,"caption":"Il test per individuare il Coronavirus"},{"@type":"BreadcrumbList","@id":"https:\/\/www.intoscana.it\/it\/coronavirus-nessun-decesso-in-toscana\/#breadcrumb","itemListElement":[{"@type":"ListItem","position":1,"name":"Home","item":"https:\/\/www.intoscana.it\/it\/"},{"@type":"ListItem","position":2,"name":"Coronavirus: per la prima volta nessun decesso in Toscana"}]},{"@type":"WebSite","@id":"https:\/\/www.intoscana.it\/it\/#website","url":"https:\/\/www.intoscana.it\/it\/","name":"intoscana","description":"","potentialAction":[{"@type":"SearchAction","target":{"@type":"EntryPoint","urlTemplate":"https:\/\/www.intoscana.it\/it\/?s={search_term_string}"},"query-input":{"@type":"PropertyValueSpecification","valueRequired":true,"valueName":"search_term_string"}}],"inLanguage":"it-IT"},{"@type":"Person","@id":"https:\/\/www.intoscana.it\/it\/#\/schema\/person\/9223810753230f20bd670fdd322661f8","name":"Redazione","url":"https:\/\/www.intoscana.it\/it\/author\/redazione\/"}]}},"_links":{"self":[{"href":"https:\/\/www.intoscana.it\/it\/wp-json\/wp\/v2\/posts\/144926","targetHints":{"allow":["GET"]}}],"collection":[{"href":"https:\/\/www.intoscana.it\/it\/wp-json\/wp\/v2\/posts"}],"about":[{"href":"https:\/\/www.intoscana.it\/it\/wp-json\/wp\/v2\/types\/post"}],"author":[{"embeddable":true,"href":"https:\/\/www.intoscana.it\/it\/wp-json\/wp\/v2\/users\/525"}],"replies":[{"embeddable":true,"href":"https:\/\/www.intoscana.it\/it\/wp-json\/wp\/v2\/comments?post=144926"}],"version-history":[{"count":0,"href":"https:\/\/www.intoscana.it\/it\/wp-json\/wp\/v2\/posts\/144926\/revisions"}],"wp:featuredmedia":[{"embeddable":true,"href":"https:\/\/www.intoscana.it\/it\/wp-json\/wp\/v2\/media\/145420"}],"wp:attachment":[{"href":"https:\/\/www.intoscana.it\/it\/wp-json\/wp\/v2\/media?parent=144926"}],"wp:term":[{"taxonomy":"category","embeddable":true,"href":"https:\/\/www.intoscana.it\/it\/wp-json\/wp\/v2\/categories?post=144926"},{"taxonomy":"post_tag","embeddable":true,"href":"https:\/\/www.intoscana.it\/it\/wp-json\/wp\/v2\/tags?post=144926"}],"curies":[{"name":"wp","href":"https:\/\/api.w.org\/{rel}","templated":true}]}}