{"id":144949,"date":"2020-07-18T12:11:58","date_gmt":"2020-07-18T10:11:58","guid":{"rendered":"https:\/\/www.intoscana.it\/sole-mai-visto-cosi-da-vicino-lunifi-nel-team-della-missione-solar-orbiter\/"},"modified":"2020-07-30T09:36:22","modified_gmt":"2020-07-30T07:36:22","slug":"sole-mai-visto-cosi-da-vicino-lunifi-nel-team-della-missione-solar-orbiter","status":"publish","type":"post","link":"https:\/\/www.intoscana.it\/it\/sole-mai-visto-cosi-da-vicino-lunifi-nel-team-della-missione-solar-orbiter\/","title":{"rendered":"Sole, mai visto cos\u00ec da vicino: l&#8217;UniFi nel team della missione Solar Orbiter"},"content":{"rendered":"<p><strong>Una palla infuocata dove qualcosa si muove,<\/strong> gli scienziati che per primi hanno avuto quelle foto sotto gli occhi li hanno definiti <strong>\u201cpiccoli fuochi\u201d.<\/strong> E sono una <strong>scoperta incredibile<\/strong>, perch\u00e9 ci permetteranno di capire e approfondire tutti i meccanismi del <strong>Sole<\/strong>.<\/p>\n<p><img decoding=\"async\" dir=\"ltr\" style=\"width: 600px; display: block; margin-left: auto; margin-right: auto;\" title=\"Dettagli del sole da vicino\" src=\"https:\/\/www.intoscana.it\/shared\/intoscana\/immagini\/sole-1.jpg\" alt=\"Dettagli del sole da vicino\" \/>Quelle che vedete sono <strong>foto della corona solare<\/strong>. \u00c8 la <strong>prima volta nella storia che vengono fermati dettagli cos\u00ec ravvicinati dello strato pi\u00f9 esterno dell\u2019atmosfera solare<\/strong> visibile dalla terra solo durante le eclissi solari.<\/p>\n<p>A renderlo possibile \u00e8 <strong>il telescopio Metis<\/strong>, uno strumento montato sulla <strong>sonda interplanetaria Solar Orbiter<\/strong> e che porta <strong>la firma anche dell\u2019Universit\u00e0 di Firenze.<\/strong><\/p>\n<p>La sonda \u00e8 stata lanciata nello spazio a caccia dei suoi segreti del Sole lo scorso 10 febbraio e nel team di scienziati, parte della missione, <strong>c\u2019\u00e8 anche Marco Romoli, docente di Astrofisica dell\u2019Ateneo fiorentino<\/strong> e associato dell\u2019Istituto Nazionale di Astrofisica (INAF). Romoli \u00e8 il coordinatore di Metis, il cui compito \u00e8 proprio osservare la corona.<\/p>\n<p><img decoding=\"async\" dir=\"ltr\" style=\"width: 600px; display: block; margin-left: auto; margin-right: auto;\" title=\"Corona solare (ESA)\" src=\"https:\/\/www.intoscana.it\/shared\/intoscana\/immagini\/sole-2.jpg\" alt=\"Corona solare (ESA)\" \/><\/p>\n<p>Frutto di una collaborazione internazionale <strong>tra l\u2019Agenzia Spaziale Europea (ESA) e la NASA<\/strong>, alla missione spaziale partecipano dodici stati membri dell\u2019ESA, <strong>fra cui appunto l\u2019Italia<\/strong>, che ha contribuito allo sviluppo di tre dei dieci strumenti scientifici a bordo della sonda. Oltre a Universit\u00e0 di Firenze e INAF, fanno parte del team l\u2019Istituto di Astrofisica e Planetologia Spaziali e l\u2019Universit\u00e0 di Genova; le aziende Leonardo, TAS e OHB sono state coinvolte per la fornitura di componenti.<\/p>\n<blockquote class=\"twitter-tweet\">\n<p dir=\"ltr\" lang=\"en\"><a href=\"https:\/\/twitter.com\/hashtag\/SolarOrbiter\">#SolarOrbiter<\/a> presents:<a href=\"https:\/\/twitter.com\/hashtag\/TheSunUpClose\">#TheSunUpClose<\/a><\/p>\n<p>?<a href=\"https:\/\/t.co\/VzhyZnKmRv\">https:\/\/t.co\/VzhyZnKmRv<\/a><\/p>\n<p>?\ufe0f<a href=\"https:\/\/t.co\/Iyx1Y7oI52\">https:\/\/t.co\/Iyx1Y7oI52<\/a> <a href=\"https:\/\/t.co\/uYQQXL2A0G\">pic.twitter.com\/uYQQXL2A0G<\/a><\/p>\n<p>\u2014 ESA&#8217;s Solar Orbiter (@ESASolarOrbiter) <a href=\"https:\/\/twitter.com\/ESASolarOrbiter\/status\/1283762497313480707\">July 16, 2020<\/a><\/p><\/blockquote>\n<p>Durante il suo perielio \u2013 il punto in cui l\u2019orbita ellittica della navetta spaziale \u00e8 pi\u00f9 vicina al Sole \u2013 <strong>la sonda si \u00e8 avvicinata fino a 77 milioni di chilometri dalla superficie della Stella<\/strong>. Oltre missioni avevano portato sonde a distanze pi\u00f9 ravvicinate, <strong>ma mai prima d\u2019ora era stato possibile realizzare immagini cos\u00ec ravvicinante del Sole<\/strong>.<\/p>\n<p>La corona solare ha una temperatura 200 volte superiore a quella della superficie, servono strumentazioni altamente sofisticate per poter immortalarne i dettagli e cogliere ci\u00f2 che sulla corona avviene. Se \u00e8 stato possibile \u00e8 stato merito anche dell\u2019eccellenza dell\u2019ateneo fiorentino.<\/p>\n<p>A fine 2021 Solar Orbiter <strong>raggiunger\u00e0 la distanza di 42 chilometri dalla superficie solare.<\/strong><\/p>\n<p>Una spedizione che rester\u00e0 sicuramente nella storia sia perch\u00e9 sar\u00e0 fondamentale per studiare la Stella e ci\u00f2 che in essa accade ma anche per le modalit\u00e0 con cui \u00e8 stata gestita a causa del Covid: poche settimane dopo il lancio che si \u00e8 tenuto in Florida, <strong>nel bel mezzo della pandemia, scienziati e ingegneri non hanno potuto pi\u00f9 frequentare il Centro operativo spaziale europeo<\/strong> che si trova in Germania, e sono stati costretti a far ritorno nelle rispettive case e a seguire l\u2019evoluzione della missione e la messa a punto della strumentazione scientifica a distanza, coordinandosi con il personale tedesco, unico che poteva entrare contingentato nel Centro: \u201cPur nella difficolt\u00e0 di riorganizzare il lavoro e di coordinarci a distanza \u2013 <strong>ha commentato Romoli<\/strong> -siamo stati in grado di completare con successo le attivit\u00e0\u201d.<\/p>\n","protected":false},"excerpt":{"rendered":"<p>\u00c8 la prima volta nella storia che vengono fermati dettagli cos\u00ec ravvicinati dello strato pi\u00f9 esterno dell\u2019atmosfera solare. Il professor Marco Romoli \u00e8 il coordinatore di Metis, il telescopio che ha &#8216;immortalato&#8217; il Sole<\/p>\n","protected":false},"author":503,"featured_media":145710,"comment_status":"open","ping_status":"open","sticky":false,"template":"","format":"standard","meta":{"_acf_changed":false,"footnotes":""},"categories":[475,12],"tags":[],"class_list":["post-144949","post","type-post","status-publish","format-standard","has-post-thumbnail","hentry","category-innovazione","category-universita"],"acf":[],"yoast_head":"<!-- This site is optimized with the Yoast SEO Premium plugin v24.2 (Yoast SEO v25.6) - https:\/\/yoast.com\/wordpress\/plugins\/seo\/ -->\n<title>Sole, mai visto cos\u00ec da vicino: l&#039;UniFi nel team della missione Solar Orbiter - intoscana<\/title>\n<meta name=\"description\" content=\"\u00c8 la prima volta nella storia che vengono fermati dettagli cos\u00ec ravvicinati dello strato pi\u00f9 esterno dell\u2019atmosfera solare\" \/>\n<meta name=\"robots\" content=\"index, follow, max-snippet:-1, max-image-preview:large, max-video-preview:-1\" \/>\n<link rel=\"canonical\" href=\"https:\/\/www.intoscana.it\/it\/sole-mai-visto-cosi-da-vicino-lunifi-nel-team-della-missione-solar-orbiter\/\" \/>\n<meta property=\"og:locale\" content=\"it_IT\" \/>\n<meta property=\"og:type\" content=\"article\" \/>\n<meta property=\"og:title\" content=\"Sole, mai visto cos\u00ec da vicino: l&#039;UniFi nel team della missione Solar Orbiter\" \/>\n<meta property=\"og:description\" content=\"\u00c8 la prima volta nella storia che vengono fermati dettagli cos\u00ec ravvicinati dello strato pi\u00f9 esterno dell\u2019atmosfera solare\" \/>\n<meta property=\"og:url\" content=\"https:\/\/www.intoscana.it\/it\/sole-mai-visto-cosi-da-vicino-lunifi-nel-team-della-missione-solar-orbiter\/\" \/>\n<meta property=\"og:site_name\" content=\"intoscana\" \/>\n<meta property=\"article:publisher\" content=\"https:\/\/www.facebook.com\/intoscana.it\" \/>\n<meta property=\"article:published_time\" content=\"2020-07-18T10:11:58+00:00\" \/>\n<meta property=\"article:modified_time\" content=\"2020-07-30T07:36:22+00:00\" \/>\n<meta property=\"og:image\" content=\"https:\/\/www.intoscana.it\/wp-content\/uploads\/sole-2-3.jpg\" \/>\n\t<meta property=\"og:image:width\" content=\"1029\" \/>\n\t<meta property=\"og:image:height\" content=\"1019\" \/>\n\t<meta property=\"og:image:type\" content=\"image\/jpeg\" \/>\n<meta name=\"author\" content=\"Giulia Rafanelli\" \/>\n<meta name=\"twitter:card\" content=\"summary_large_image\" \/>\n<meta name=\"twitter:creator\" content=\"@intoscana\" \/>\n<meta name=\"twitter:site\" content=\"@intoscana\" \/>\n<meta name=\"twitter:label1\" content=\"Written by\" \/>\n\t<meta name=\"twitter:data1\" content=\"Giulia Rafanelli\" \/>\n\t<meta name=\"twitter:label2\" content=\"Est. reading time\" \/>\n\t<meta name=\"twitter:data2\" content=\"2 minuti\" \/>\n<script type=\"application\/ld+json\" class=\"yoast-schema-graph\">{\"@context\":\"https:\/\/schema.org\",\"@graph\":[{\"@type\":\"WebPage\",\"@id\":\"https:\/\/www.intoscana.it\/it\/sole-mai-visto-cosi-da-vicino-lunifi-nel-team-della-missione-solar-orbiter\/\",\"url\":\"https:\/\/www.intoscana.it\/it\/sole-mai-visto-cosi-da-vicino-lunifi-nel-team-della-missione-solar-orbiter\/\",\"name\":\"Sole, mai visto cos\u00ec da vicino: l'UniFi nel team della missione Solar Orbiter - intoscana\",\"isPartOf\":{\"@id\":\"https:\/\/www.intoscana.it\/it\/#website\"},\"primaryImageOfPage\":{\"@id\":\"https:\/\/www.intoscana.it\/it\/sole-mai-visto-cosi-da-vicino-lunifi-nel-team-della-missione-solar-orbiter\/#primaryimage\"},\"image\":{\"@id\":\"https:\/\/www.intoscana.it\/it\/sole-mai-visto-cosi-da-vicino-lunifi-nel-team-della-missione-solar-orbiter\/#primaryimage\"},\"thumbnailUrl\":\"https:\/\/www.intoscana.it\/wp-content\/uploads\/sole-2-3.jpg\",\"datePublished\":\"2020-07-18T10:11:58+00:00\",\"dateModified\":\"2020-07-30T07:36:22+00:00\",\"author\":{\"@id\":\"https:\/\/www.intoscana.it\/it\/#\/schema\/person\/333569b367b301e30262defcea56c939\"},\"description\":\"\u00c8 la prima volta nella storia che vengono fermati dettagli cos\u00ec ravvicinati dello strato pi\u00f9 esterno dell\u2019atmosfera solare\",\"breadcrumb\":{\"@id\":\"https:\/\/www.intoscana.it\/it\/sole-mai-visto-cosi-da-vicino-lunifi-nel-team-della-missione-solar-orbiter\/#breadcrumb\"},\"inLanguage\":\"it-IT\",\"potentialAction\":[{\"@type\":\"ReadAction\",\"target\":[\"https:\/\/www.intoscana.it\/it\/sole-mai-visto-cosi-da-vicino-lunifi-nel-team-della-missione-solar-orbiter\/\"]}]},{\"@type\":\"ImageObject\",\"inLanguage\":\"it-IT\",\"@id\":\"https:\/\/www.intoscana.it\/it\/sole-mai-visto-cosi-da-vicino-lunifi-nel-team-della-missione-solar-orbiter\/#primaryimage\",\"url\":\"https:\/\/www.intoscana.it\/wp-content\/uploads\/sole-2-3.jpg\",\"contentUrl\":\"https:\/\/www.intoscana.it\/wp-content\/uploads\/sole-2-3.jpg\",\"width\":1029,\"height\":1019},{\"@type\":\"BreadcrumbList\",\"@id\":\"https:\/\/www.intoscana.it\/it\/sole-mai-visto-cosi-da-vicino-lunifi-nel-team-della-missione-solar-orbiter\/#breadcrumb\",\"itemListElement\":[{\"@type\":\"ListItem\",\"position\":1,\"name\":\"Home\",\"item\":\"https:\/\/www.intoscana.it\/it\/\"},{\"@type\":\"ListItem\",\"position\":2,\"name\":\"Sole, mai visto cos\u00ec da vicino: l&#8217;UniFi nel team della missione Solar Orbiter\"}]},{\"@type\":\"WebSite\",\"@id\":\"https:\/\/www.intoscana.it\/it\/#website\",\"url\":\"https:\/\/www.intoscana.it\/it\/\",\"name\":\"intoscana\",\"description\":\"\",\"potentialAction\":[{\"@type\":\"SearchAction\",\"target\":{\"@type\":\"EntryPoint\",\"urlTemplate\":\"https:\/\/www.intoscana.it\/it\/?s={search_term_string}\"},\"query-input\":{\"@type\":\"PropertyValueSpecification\",\"valueRequired\":true,\"valueName\":\"search_term_string\"}}],\"inLanguage\":\"it-IT\"},{\"@type\":\"Person\",\"@id\":\"https:\/\/www.intoscana.it\/it\/#\/schema\/person\/333569b367b301e30262defcea56c939\",\"name\":\"Giulia Rafanelli\",\"url\":\"https:\/\/www.intoscana.it\/it\/author\/giulia-rafanelli\/\"}]}<\/script>\n<!-- \/ Yoast SEO Premium plugin. -->","yoast_head_json":{"title":"Sole, mai visto cos\u00ec da vicino: l'UniFi nel team della missione Solar Orbiter - intoscana","description":"\u00c8 la prima volta nella storia che vengono fermati dettagli cos\u00ec ravvicinati dello strato pi\u00f9 esterno dell\u2019atmosfera solare","robots":{"index":"index","follow":"follow","max-snippet":"max-snippet:-1","max-image-preview":"max-image-preview:large","max-video-preview":"max-video-preview:-1"},"canonical":"https:\/\/www.intoscana.it\/it\/sole-mai-visto-cosi-da-vicino-lunifi-nel-team-della-missione-solar-orbiter\/","og_locale":"it_IT","og_type":"article","og_title":"Sole, mai visto cos\u00ec da vicino: l'UniFi nel team della missione Solar Orbiter","og_description":"\u00c8 la prima volta nella storia che vengono fermati dettagli cos\u00ec ravvicinati dello strato pi\u00f9 esterno dell\u2019atmosfera solare","og_url":"https:\/\/www.intoscana.it\/it\/sole-mai-visto-cosi-da-vicino-lunifi-nel-team-della-missione-solar-orbiter\/","og_site_name":"intoscana","article_publisher":"https:\/\/www.facebook.com\/intoscana.it","article_published_time":"2020-07-18T10:11:58+00:00","article_modified_time":"2020-07-30T07:36:22+00:00","og_image":[{"width":1029,"height":1019,"url":"https:\/\/www.intoscana.it\/wp-content\/uploads\/sole-2-3.jpg","type":"image\/jpeg"}],"author":"Giulia Rafanelli","twitter_card":"summary_large_image","twitter_creator":"@intoscana","twitter_site":"@intoscana","twitter_misc":{"Written by":"Giulia Rafanelli","Est. reading time":"2 minuti"},"schema":{"@context":"https:\/\/schema.org","@graph":[{"@type":"WebPage","@id":"https:\/\/www.intoscana.it\/it\/sole-mai-visto-cosi-da-vicino-lunifi-nel-team-della-missione-solar-orbiter\/","url":"https:\/\/www.intoscana.it\/it\/sole-mai-visto-cosi-da-vicino-lunifi-nel-team-della-missione-solar-orbiter\/","name":"Sole, mai visto cos\u00ec da vicino: l'UniFi nel team della missione Solar Orbiter - intoscana","isPartOf":{"@id":"https:\/\/www.intoscana.it\/it\/#website"},"primaryImageOfPage":{"@id":"https:\/\/www.intoscana.it\/it\/sole-mai-visto-cosi-da-vicino-lunifi-nel-team-della-missione-solar-orbiter\/#primaryimage"},"image":{"@id":"https:\/\/www.intoscana.it\/it\/sole-mai-visto-cosi-da-vicino-lunifi-nel-team-della-missione-solar-orbiter\/#primaryimage"},"thumbnailUrl":"https:\/\/www.intoscana.it\/wp-content\/uploads\/sole-2-3.jpg","datePublished":"2020-07-18T10:11:58+00:00","dateModified":"2020-07-30T07:36:22+00:00","author":{"@id":"https:\/\/www.intoscana.it\/it\/#\/schema\/person\/333569b367b301e30262defcea56c939"},"description":"\u00c8 la prima volta nella storia che vengono fermati dettagli cos\u00ec ravvicinati dello strato pi\u00f9 esterno dell\u2019atmosfera solare","breadcrumb":{"@id":"https:\/\/www.intoscana.it\/it\/sole-mai-visto-cosi-da-vicino-lunifi-nel-team-della-missione-solar-orbiter\/#breadcrumb"},"inLanguage":"it-IT","potentialAction":[{"@type":"ReadAction","target":["https:\/\/www.intoscana.it\/it\/sole-mai-visto-cosi-da-vicino-lunifi-nel-team-della-missione-solar-orbiter\/"]}]},{"@type":"ImageObject","inLanguage":"it-IT","@id":"https:\/\/www.intoscana.it\/it\/sole-mai-visto-cosi-da-vicino-lunifi-nel-team-della-missione-solar-orbiter\/#primaryimage","url":"https:\/\/www.intoscana.it\/wp-content\/uploads\/sole-2-3.jpg","contentUrl":"https:\/\/www.intoscana.it\/wp-content\/uploads\/sole-2-3.jpg","width":1029,"height":1019},{"@type":"BreadcrumbList","@id":"https:\/\/www.intoscana.it\/it\/sole-mai-visto-cosi-da-vicino-lunifi-nel-team-della-missione-solar-orbiter\/#breadcrumb","itemListElement":[{"@type":"ListItem","position":1,"name":"Home","item":"https:\/\/www.intoscana.it\/it\/"},{"@type":"ListItem","position":2,"name":"Sole, mai visto cos\u00ec da vicino: l&#8217;UniFi nel team della missione Solar Orbiter"}]},{"@type":"WebSite","@id":"https:\/\/www.intoscana.it\/it\/#website","url":"https:\/\/www.intoscana.it\/it\/","name":"intoscana","description":"","potentialAction":[{"@type":"SearchAction","target":{"@type":"EntryPoint","urlTemplate":"https:\/\/www.intoscana.it\/it\/?s={search_term_string}"},"query-input":{"@type":"PropertyValueSpecification","valueRequired":true,"valueName":"search_term_string"}}],"inLanguage":"it-IT"},{"@type":"Person","@id":"https:\/\/www.intoscana.it\/it\/#\/schema\/person\/333569b367b301e30262defcea56c939","name":"Giulia Rafanelli","url":"https:\/\/www.intoscana.it\/it\/author\/giulia-rafanelli\/"}]}},"_links":{"self":[{"href":"https:\/\/www.intoscana.it\/it\/wp-json\/wp\/v2\/posts\/144949","targetHints":{"allow":["GET"]}}],"collection":[{"href":"https:\/\/www.intoscana.it\/it\/wp-json\/wp\/v2\/posts"}],"about":[{"href":"https:\/\/www.intoscana.it\/it\/wp-json\/wp\/v2\/types\/post"}],"author":[{"embeddable":true,"href":"https:\/\/www.intoscana.it\/it\/wp-json\/wp\/v2\/users\/503"}],"replies":[{"embeddable":true,"href":"https:\/\/www.intoscana.it\/it\/wp-json\/wp\/v2\/comments?post=144949"}],"version-history":[{"count":0,"href":"https:\/\/www.intoscana.it\/it\/wp-json\/wp\/v2\/posts\/144949\/revisions"}],"wp:featuredmedia":[{"embeddable":true,"href":"https:\/\/www.intoscana.it\/it\/wp-json\/wp\/v2\/media\/145710"}],"wp:attachment":[{"href":"https:\/\/www.intoscana.it\/it\/wp-json\/wp\/v2\/media?parent=144949"}],"wp:term":[{"taxonomy":"category","embeddable":true,"href":"https:\/\/www.intoscana.it\/it\/wp-json\/wp\/v2\/categories?post=144949"},{"taxonomy":"post_tag","embeddable":true,"href":"https:\/\/www.intoscana.it\/it\/wp-json\/wp\/v2\/tags?post=144949"}],"curies":[{"name":"wp","href":"https:\/\/api.w.org\/{rel}","templated":true}]}}