{"id":144950,"date":"2020-07-16T14:35:40","date_gmt":"2020-07-16T12:35:40","guid":{"rendered":"https:\/\/www.intoscana.it\/covid-12-nuovi-positivi-10-riconducibili-a-persone-rientrate-dallestero\/"},"modified":"2020-08-10T09:29:24","modified_gmt":"2020-08-10T07:29:24","slug":"covid-12-nuovi-positivi","status":"publish","type":"post","link":"https:\/\/www.intoscana.it\/it\/covid-12-nuovi-positivi\/","title":{"rendered":"Covid, 12 nuovi positivi: 10 riconducibili a persone rientrate dall&#8217;estero"},"content":{"rendered":"<p>Sono 10.350 i casi di positivit\u00e0 al Coronavirus, <strong>12 in pi\u00f9 rispetto a ieri.<\/strong><\/p>\n<p>I nuovi casi sono <strong>lo 0,1% in pi\u00f9 rispetto al totale del giorno precedente.<\/strong> I guariti crescono dello 0,1% e raggiungono quota 8.908 (l\u201986,1% dei casi totali). I <strong>tamponi eseguiti hanno raggiunto quota 382.160<\/strong>, 2.964 in pi\u00f9 rispetto a ieri. Gli attualmente positivi sono oggi 315, +0,6% rispetto a ieri. Oggi non si registrano nuovi decessi.<\/p>\n<p>Questi i dati &#8211; accertati alle ore 12 di oggi sulla base delle richieste della Protezione Civile Nazionale &#8211; relativi all\u2019andamento dell\u2019epidemia in regione.<\/p>\n<p><strong>Dieci dei nuovi dodici casi odierni sono riconducibili a persone rientrate dall\u2019estero. &nbsp;<\/strong><\/p>\n<p>Di seguito i casi di positivit\u00e0 sul territorio con la variazione rispetto a ieri. Sono <strong>3.225 i casi complessivi ad oggi a Firenze<\/strong> (2 in pi\u00f9 rispetto a ieri), <strong>547 a Prato<\/strong> (1 in pi\u00f9), <strong>749 a Pistoia<\/strong>, <strong>1.055 a Massa-Carrar<\/strong>a (1 in pi\u00f9), <strong>1.366 a Lucca<\/strong> (1 in pi\u00f9), <strong>942 a Pisa<\/strong> (6 in pi\u00f9), <strong>479 a Livorno<\/strong>, <strong>683 ad Arezzo<\/strong> (1 in pi\u00f9), <strong>429 a Siena<\/strong>, <strong>404 a Grosseto<\/strong>. Sono 471 i casi positivi notificati in Toscana, ma residenti in altre regioni.&nbsp;<strong>Tre in pi\u00f9 quindi i casi riscontrati oggi nell\u2019Asl Centro, 8 nella Nord Ovest, 1 nella Sud Est.<\/strong><\/p>\n<p><strong>La Toscana si conferma al 10\u00b0 posto in Italia come numerosit\u00e0 di casi (comprensivi di residenti e non residenti)<\/strong>, con circa 278 casi per 100.000 abitanti (media italiana circa 403 per100.000, dato di ieri). Le province di notifica con il tasso pi\u00f9 alto sono Massa-Carrara con 541 casi per 100.000 abitanti, Lucca con 352, Firenze con 319, la pi\u00f9 bassa Livorno con 143.<\/p>\n<p>Complessivamente, 301 persone sono in isolamento a casa, poich\u00e9 presentano sintomi lievi che non richiedono cure ospedaliere, o risultano prive di sintomi (stabili rispetto a ieri).<br \/>Sono 696 (meno 21 rispetto a ieri, meno 2,9%) le persone, anch\u2019esse isolate, in sorveglianza attiva perch\u00e9 hanno avuto contatti con persone contagiate (ASL Centro 445, Nord Ovest 192, Sud Est 59).<br \/>Le persone ricoverate nei posti letto dedicati ai pazienti COVID oggi sono complessivamente 14, (2 in pi\u00f9 rispetto a ieri, pi\u00f9 16,7%), di cui 2 in terapia intensiva (1 in meno rispetto a ieri, meno 33,3%).<\/p>\n<p><strong>Le persone complessivamente guarite sono 8.908 (10 in pi\u00f9 rispetto a ieri, pi\u00f9 0,1%)<\/strong>: 147 persone \u201cclinicamente guarite\u201d (meno 16 rispetto a ieri, meno 9,8%), divenute cio\u00e8 asintomatiche dopo aver presentato manifestazioni cliniche associate all\u2019infezione e 8.761 (pi\u00f9 26 rispetto a ieri, pi\u00f9 0,3%) dichiarate guarite a tutti gli effetti, le cosiddette guarigioni virali, con doppio tampone negativo.<br \/>Oggi non si registrano nuovi decessi.<br \/>&nbsp;<br \/>Restano quindi <strong>1.127 i deceduti dall\u2019inizio dell\u2019epidemia<\/strong> cosi ripartiti: 414 a Firenze, 52 a Prato, 81 a Pistoia, 172 a Massa-Carrara, 143 a Lucca, 90 a Pisa, 61 a Livorno, 49 ad Arezzo, 33 a Siena, 24 a Grosseto, 8 persone sono decedute sul suolo toscano ma erano residenti fuori regione.<\/p>\n<p><strong>Il tasso grezzo di mortalit\u00e0 toscano (numero di deceduti\/popolazione residente) per Covid-19 \u00e8 di 30,2<\/strong>&nbsp;<strong>per 100.000 residenti<\/strong> contro il 58,0 per 100.000 della media italiana (11\u00b0 regione). Per quanto riguarda le province, il tasso di mortalit\u00e0 pi\u00f9 alto si riscontra a Massa-Carrara (88,3 per 100.000), Firenze (40,9 per 100.000) e Lucca (36,9 per 100.000), il pi\u00f9 basso a Grosseto (10,8 per100.000).<\/p>\n","protected":false},"excerpt":{"rendered":"<p>I tamponi eseguiti hanno raggiunto quota 382.160. Salgono i guariti: 10 in pi\u00f9 rispetto a ieri. La buona notizie \u00e8 che oggi non si \u00e8 registrato alcun decesso<\/p>\n","protected":false},"author":525,"featured_media":145444,"comment_status":"open","ping_status":"open","sticky":false,"template":"","format":"standard","meta":{"_acf_changed":false,"footnotes":""},"categories":[18],"tags":[418],"class_list":["post-144950","post","type-post","status-publish","format-standard","has-post-thumbnail","hentry","category-salute","tag-covid-19"],"acf":[],"yoast_head":"<!-- This site is optimized with the Yoast SEO Premium plugin v24.2 (Yoast SEO v25.6) - https:\/\/yoast.com\/wordpress\/plugins\/seo\/ -->\n<title>Covid, 12 nuovi positivi: 10 riconducibili a persone rientrate dall&#039;estero - intoscana<\/title>\n<meta name=\"description\" content=\"La buona notizie \u00e8 che oggi non si \u00e8 registrato alcun decesso\" \/>\n<meta name=\"robots\" content=\"index, follow, max-snippet:-1, max-image-preview:large, max-video-preview:-1\" \/>\n<link rel=\"canonical\" href=\"https:\/\/www.intoscana.it\/it\/covid-12-nuovi-positivi\/\" \/>\n<meta property=\"og:locale\" content=\"it_IT\" \/>\n<meta property=\"og:type\" content=\"article\" \/>\n<meta property=\"og:title\" content=\"Covid, 12 nuovi positivi: 10 riconducibili a persone rientrate dall&#039;estero\" \/>\n<meta property=\"og:description\" content=\"La buona notizie \u00e8 che oggi non si \u00e8 registrato alcun decesso\" \/>\n<meta property=\"og:url\" content=\"https:\/\/www.intoscana.it\/it\/covid-12-nuovi-positivi\/\" \/>\n<meta property=\"og:site_name\" content=\"intoscana\" \/>\n<meta property=\"article:publisher\" content=\"https:\/\/www.facebook.com\/intoscana.it\" \/>\n<meta property=\"article:published_time\" content=\"2020-07-16T12:35:40+00:00\" \/>\n<meta property=\"article:modified_time\" content=\"2020-08-10T07:29:24+00:00\" \/>\n<meta property=\"og:image\" content=\"https:\/\/www.intoscana.it\/wp-content\/uploads\/coronavirus-riflesso-finestra-mascherina-1.jpg\" \/>\n\t<meta property=\"og:image:width\" content=\"1000\" \/>\n\t<meta property=\"og:image:height\" content=\"667\" \/>\n\t<meta property=\"og:image:type\" content=\"image\/jpeg\" \/>\n<meta name=\"author\" content=\"Redazione\" \/>\n<meta name=\"twitter:card\" content=\"summary_large_image\" \/>\n<meta name=\"twitter:creator\" content=\"@intoscana\" \/>\n<meta name=\"twitter:site\" content=\"@intoscana\" \/>\n<meta name=\"twitter:label1\" content=\"Written by\" \/>\n\t<meta name=\"twitter:data1\" content=\"Redazione\" \/>\n\t<meta name=\"twitter:label2\" content=\"Est. reading time\" \/>\n\t<meta name=\"twitter:data2\" content=\"2 minuti\" \/>\n<script type=\"application\/ld+json\" class=\"yoast-schema-graph\">{\"@context\":\"https:\/\/schema.org\",\"@graph\":[{\"@type\":\"WebPage\",\"@id\":\"https:\/\/www.intoscana.it\/it\/covid-12-nuovi-positivi\/\",\"url\":\"https:\/\/www.intoscana.it\/it\/covid-12-nuovi-positivi\/\",\"name\":\"Covid, 12 nuovi positivi: 10 riconducibili a persone rientrate dall'estero - intoscana\",\"isPartOf\":{\"@id\":\"https:\/\/www.intoscana.it\/it\/#website\"},\"primaryImageOfPage\":{\"@id\":\"https:\/\/www.intoscana.it\/it\/covid-12-nuovi-positivi\/#primaryimage\"},\"image\":{\"@id\":\"https:\/\/www.intoscana.it\/it\/covid-12-nuovi-positivi\/#primaryimage\"},\"thumbnailUrl\":\"https:\/\/www.intoscana.it\/wp-content\/uploads\/coronavirus-riflesso-finestra-mascherina-1.jpg\",\"datePublished\":\"2020-07-16T12:35:40+00:00\",\"dateModified\":\"2020-08-10T07:29:24+00:00\",\"author\":{\"@id\":\"https:\/\/www.intoscana.it\/it\/#\/schema\/person\/9223810753230f20bd670fdd322661f8\"},\"description\":\"La buona notizie \u00e8 che oggi non si \u00e8 registrato alcun decesso\",\"breadcrumb\":{\"@id\":\"https:\/\/www.intoscana.it\/it\/covid-12-nuovi-positivi\/#breadcrumb\"},\"inLanguage\":\"it-IT\",\"potentialAction\":[{\"@type\":\"ReadAction\",\"target\":[\"https:\/\/www.intoscana.it\/it\/covid-12-nuovi-positivi\/\"]}]},{\"@type\":\"ImageObject\",\"inLanguage\":\"it-IT\",\"@id\":\"https:\/\/www.intoscana.it\/it\/covid-12-nuovi-positivi\/#primaryimage\",\"url\":\"https:\/\/www.intoscana.it\/wp-content\/uploads\/coronavirus-riflesso-finestra-mascherina-1.jpg\",\"contentUrl\":\"https:\/\/www.intoscana.it\/wp-content\/uploads\/coronavirus-riflesso-finestra-mascherina-1.jpg\",\"width\":1000,\"height\":667},{\"@type\":\"BreadcrumbList\",\"@id\":\"https:\/\/www.intoscana.it\/it\/covid-12-nuovi-positivi\/#breadcrumb\",\"itemListElement\":[{\"@type\":\"ListItem\",\"position\":1,\"name\":\"Home\",\"item\":\"https:\/\/www.intoscana.it\/it\/\"},{\"@type\":\"ListItem\",\"position\":2,\"name\":\"Covid, 12 nuovi positivi: 10 riconducibili a persone rientrate dall&#8217;estero\"}]},{\"@type\":\"WebSite\",\"@id\":\"https:\/\/www.intoscana.it\/it\/#website\",\"url\":\"https:\/\/www.intoscana.it\/it\/\",\"name\":\"intoscana\",\"description\":\"\",\"potentialAction\":[{\"@type\":\"SearchAction\",\"target\":{\"@type\":\"EntryPoint\",\"urlTemplate\":\"https:\/\/www.intoscana.it\/it\/?s={search_term_string}\"},\"query-input\":{\"@type\":\"PropertyValueSpecification\",\"valueRequired\":true,\"valueName\":\"search_term_string\"}}],\"inLanguage\":\"it-IT\"},{\"@type\":\"Person\",\"@id\":\"https:\/\/www.intoscana.it\/it\/#\/schema\/person\/9223810753230f20bd670fdd322661f8\",\"name\":\"Redazione\",\"url\":\"https:\/\/www.intoscana.it\/it\/author\/redazione\/\"}]}<\/script>\n<!-- \/ Yoast SEO Premium plugin. -->","yoast_head_json":{"title":"Covid, 12 nuovi positivi: 10 riconducibili a persone rientrate dall'estero - intoscana","description":"La buona notizie \u00e8 che oggi non si \u00e8 registrato alcun decesso","robots":{"index":"index","follow":"follow","max-snippet":"max-snippet:-1","max-image-preview":"max-image-preview:large","max-video-preview":"max-video-preview:-1"},"canonical":"https:\/\/www.intoscana.it\/it\/covid-12-nuovi-positivi\/","og_locale":"it_IT","og_type":"article","og_title":"Covid, 12 nuovi positivi: 10 riconducibili a persone rientrate dall'estero","og_description":"La buona notizie \u00e8 che oggi non si \u00e8 registrato alcun decesso","og_url":"https:\/\/www.intoscana.it\/it\/covid-12-nuovi-positivi\/","og_site_name":"intoscana","article_publisher":"https:\/\/www.facebook.com\/intoscana.it","article_published_time":"2020-07-16T12:35:40+00:00","article_modified_time":"2020-08-10T07:29:24+00:00","og_image":[{"width":1000,"height":667,"url":"https:\/\/www.intoscana.it\/wp-content\/uploads\/coronavirus-riflesso-finestra-mascherina-1.jpg","type":"image\/jpeg"}],"author":"Redazione","twitter_card":"summary_large_image","twitter_creator":"@intoscana","twitter_site":"@intoscana","twitter_misc":{"Written by":"Redazione","Est. reading time":"2 minuti"},"schema":{"@context":"https:\/\/schema.org","@graph":[{"@type":"WebPage","@id":"https:\/\/www.intoscana.it\/it\/covid-12-nuovi-positivi\/","url":"https:\/\/www.intoscana.it\/it\/covid-12-nuovi-positivi\/","name":"Covid, 12 nuovi positivi: 10 riconducibili a persone rientrate dall'estero - intoscana","isPartOf":{"@id":"https:\/\/www.intoscana.it\/it\/#website"},"primaryImageOfPage":{"@id":"https:\/\/www.intoscana.it\/it\/covid-12-nuovi-positivi\/#primaryimage"},"image":{"@id":"https:\/\/www.intoscana.it\/it\/covid-12-nuovi-positivi\/#primaryimage"},"thumbnailUrl":"https:\/\/www.intoscana.it\/wp-content\/uploads\/coronavirus-riflesso-finestra-mascherina-1.jpg","datePublished":"2020-07-16T12:35:40+00:00","dateModified":"2020-08-10T07:29:24+00:00","author":{"@id":"https:\/\/www.intoscana.it\/it\/#\/schema\/person\/9223810753230f20bd670fdd322661f8"},"description":"La buona notizie \u00e8 che oggi non si \u00e8 registrato alcun decesso","breadcrumb":{"@id":"https:\/\/www.intoscana.it\/it\/covid-12-nuovi-positivi\/#breadcrumb"},"inLanguage":"it-IT","potentialAction":[{"@type":"ReadAction","target":["https:\/\/www.intoscana.it\/it\/covid-12-nuovi-positivi\/"]}]},{"@type":"ImageObject","inLanguage":"it-IT","@id":"https:\/\/www.intoscana.it\/it\/covid-12-nuovi-positivi\/#primaryimage","url":"https:\/\/www.intoscana.it\/wp-content\/uploads\/coronavirus-riflesso-finestra-mascherina-1.jpg","contentUrl":"https:\/\/www.intoscana.it\/wp-content\/uploads\/coronavirus-riflesso-finestra-mascherina-1.jpg","width":1000,"height":667},{"@type":"BreadcrumbList","@id":"https:\/\/www.intoscana.it\/it\/covid-12-nuovi-positivi\/#breadcrumb","itemListElement":[{"@type":"ListItem","position":1,"name":"Home","item":"https:\/\/www.intoscana.it\/it\/"},{"@type":"ListItem","position":2,"name":"Covid, 12 nuovi positivi: 10 riconducibili a persone rientrate dall&#8217;estero"}]},{"@type":"WebSite","@id":"https:\/\/www.intoscana.it\/it\/#website","url":"https:\/\/www.intoscana.it\/it\/","name":"intoscana","description":"","potentialAction":[{"@type":"SearchAction","target":{"@type":"EntryPoint","urlTemplate":"https:\/\/www.intoscana.it\/it\/?s={search_term_string}"},"query-input":{"@type":"PropertyValueSpecification","valueRequired":true,"valueName":"search_term_string"}}],"inLanguage":"it-IT"},{"@type":"Person","@id":"https:\/\/www.intoscana.it\/it\/#\/schema\/person\/9223810753230f20bd670fdd322661f8","name":"Redazione","url":"https:\/\/www.intoscana.it\/it\/author\/redazione\/"}]}},"_links":{"self":[{"href":"https:\/\/www.intoscana.it\/it\/wp-json\/wp\/v2\/posts\/144950","targetHints":{"allow":["GET"]}}],"collection":[{"href":"https:\/\/www.intoscana.it\/it\/wp-json\/wp\/v2\/posts"}],"about":[{"href":"https:\/\/www.intoscana.it\/it\/wp-json\/wp\/v2\/types\/post"}],"author":[{"embeddable":true,"href":"https:\/\/www.intoscana.it\/it\/wp-json\/wp\/v2\/users\/525"}],"replies":[{"embeddable":true,"href":"https:\/\/www.intoscana.it\/it\/wp-json\/wp\/v2\/comments?post=144950"}],"version-history":[{"count":0,"href":"https:\/\/www.intoscana.it\/it\/wp-json\/wp\/v2\/posts\/144950\/revisions"}],"wp:featuredmedia":[{"embeddable":true,"href":"https:\/\/www.intoscana.it\/it\/wp-json\/wp\/v2\/media\/145444"}],"wp:attachment":[{"href":"https:\/\/www.intoscana.it\/it\/wp-json\/wp\/v2\/media?parent=144950"}],"wp:term":[{"taxonomy":"category","embeddable":true,"href":"https:\/\/www.intoscana.it\/it\/wp-json\/wp\/v2\/categories?post=144950"},{"taxonomy":"post_tag","embeddable":true,"href":"https:\/\/www.intoscana.it\/it\/wp-json\/wp\/v2\/tags?post=144950"}],"curies":[{"name":"wp","href":"https:\/\/api.w.org\/{rel}","templated":true}]}}