{"id":144954,"date":"2020-07-15T18:11:04","date_gmt":"2020-07-15T16:11:04","guid":{"rendered":"https:\/\/www.intoscana.it\/covid-rossi-piu-controlli-per-gli-arrivi-da-aree-non-schengen\/"},"modified":"2020-08-10T09:29:26","modified_gmt":"2020-08-10T07:29:26","slug":"covid-rossi-chiede-piu-controlli","status":"publish","type":"post","link":"https:\/\/www.intoscana.it\/it\/covid-rossi-chiede-piu-controlli\/","title":{"rendered":"Covid, Rossi: &#8216;Pi\u00f9 controlli per gli arrivi da aree non Schengen&#8217;"},"content":{"rendered":"<p><strong>Servono pi\u00f9 controlli per chi arriva da area non Schengen<\/strong>. Il presidente della Regione Toscana, <strong>Enrico Rossi, <\/strong>torna a ribadire la necessit\u00e0 di <strong>misure pi\u00f9 stringenti verso chi arriva da Paesi dove \u00e8 ancora alto il contagio per Coronavirus<\/strong>. Non \u00e8 la prima volta che Rossi si rivolge al Governo con questa richiesta, una richiesta che si fa pi\u00f9 forte alla luce dei recenti focolai che hanno interessato persone provenienti da paesi come il Bangladesh e l\u2019Albania. Ieri, ad esempio, il bollettino regionale ha dato notizia di otto nuovi casi di Covid in Toscana, c<strong>inque dei quali riconducibili a persone rientrate dall\u2019estero.<\/strong><\/p>\n<p>\u201cI provvedimenti nazionali che abbiamo attualmente \u2013 ha aggiunto Rossi &#8211; devono essere <strong>applicati con maggiore rigore,<\/strong> servono pi\u00f9 controlli per chi arriva nei porti e negli aeroporti, anche con rimbalzo da altri Paesi europei\u201d. Il rischio, infatti, \u00e8 che nonostante lo stop ai voli a ben tredici Paesi, entrato in vigore a livello nazionale il 1\u00b0 di luglio, si riesca comunque ad entrare in Italia tramite scali in Europa.<\/p>\n<p>\u201c<strong>Ci siamo gi\u00e0 mossi con la societ\u00e0 Toscana Aeroporti<\/strong> \u2013 ha detto Rossi &#8211; perch\u00e9 sia a Pisa sia a Firenze vengano fatti tutti i controlli necessari. Si stima che da qui alle prossime settimane negli scali della regione arriveranno 400-500 persone al giorno da aree extra Schengen. Controllare questi arrivi non \u00e8 cos\u00ec complicato. Posso arrivare a questo, ma non posso arrivare a dire cosa si deve fare su Milano, Roma, Bologna. Ecco perch\u00e9 chiedo un provvedimento di carattere nazionale\u201d.<\/p>\n<p>\u201cAnche se non siamo pi\u00f9 in piena emergenza Covid \u2013 ha concluso &#8211; <strong>non possiamo abbassare la guardia.<\/strong> Sono stati fatti tanti sacrifici per uscire dal periodo peggiore dell\u2019epidemia e dobbiamo continuare a essere prudenti e responsabili\u201d.<\/p>\n","protected":false},"excerpt":{"rendered":"<p>L&#8217;allarme del presidente della Toscana dopo i nuovi focolai d&#8217;importazione: &#8220;Da qui alle prossime settimane arriveranno 400-500 persone al giorno&#8221;. Accordo fatto con Toscana Aeroporti<\/p>\n","protected":false},"author":525,"featured_media":145448,"comment_status":"open","ping_status":"open","sticky":false,"template":"","format":"standard","meta":{"_acf_changed":false,"footnotes":""},"categories":[18],"tags":[418],"class_list":["post-144954","post","type-post","status-publish","format-standard","has-post-thumbnail","hentry","category-salute","tag-covid-19"],"acf":[],"yoast_head":"<!-- This site is optimized with the Yoast SEO Premium plugin v24.2 (Yoast SEO v25.6) - https:\/\/yoast.com\/wordpress\/plugins\/seo\/ -->\n<title>Covid, Rossi: &#039;Pi\u00f9 controlli per gli arrivi da aree non Schengen&#039; - intoscana<\/title>\n<meta name=\"description\" content=\"Ieri degli otto nuovi positivi, cinque erano provenienti dall&#039;estero. Rossi: &quot;Non possiamo abbassare la guardia&quot;\" \/>\n<meta name=\"robots\" content=\"index, follow, max-snippet:-1, max-image-preview:large, max-video-preview:-1\" \/>\n<link rel=\"canonical\" href=\"https:\/\/www.intoscana.it\/it\/covid-rossi-chiede-piu-controlli\/\" \/>\n<meta property=\"og:locale\" content=\"it_IT\" \/>\n<meta property=\"og:type\" content=\"article\" \/>\n<meta property=\"og:title\" content=\"Covid, Rossi: &#039;Pi\u00f9 controlli per gli arrivi da aree non Schengen&#039;\" \/>\n<meta property=\"og:description\" content=\"Ieri degli otto nuovi positivi, cinque erano provenienti dall&#039;estero. Rossi: &quot;Non possiamo abbassare la guardia&quot;\" \/>\n<meta property=\"og:url\" content=\"https:\/\/www.intoscana.it\/it\/covid-rossi-chiede-piu-controlli\/\" \/>\n<meta property=\"og:site_name\" content=\"intoscana\" \/>\n<meta property=\"article:publisher\" content=\"https:\/\/www.facebook.com\/intoscana.it\" \/>\n<meta property=\"article:published_time\" content=\"2020-07-15T16:11:04+00:00\" \/>\n<meta property=\"article:modified_time\" content=\"2020-08-10T07:29:26+00:00\" \/>\n<meta property=\"og:image\" content=\"https:\/\/www.intoscana.it\/wp-content\/uploads\/appello-rossi-3.jpg\" \/>\n\t<meta property=\"og:image:width\" content=\"1175\" \/>\n\t<meta property=\"og:image:height\" content=\"750\" \/>\n\t<meta property=\"og:image:type\" content=\"image\/jpeg\" \/>\n<meta name=\"author\" content=\"Redazione\" \/>\n<meta name=\"twitter:card\" content=\"summary_large_image\" \/>\n<meta name=\"twitter:creator\" content=\"@intoscana\" \/>\n<meta name=\"twitter:site\" content=\"@intoscana\" \/>\n<meta name=\"twitter:label1\" content=\"Written by\" \/>\n\t<meta name=\"twitter:data1\" content=\"Redazione\" \/>\n\t<meta name=\"twitter:label2\" content=\"Est. reading time\" \/>\n\t<meta name=\"twitter:data2\" content=\"1 minuto\" \/>\n<script type=\"application\/ld+json\" class=\"yoast-schema-graph\">{\"@context\":\"https:\/\/schema.org\",\"@graph\":[{\"@type\":\"WebPage\",\"@id\":\"https:\/\/www.intoscana.it\/it\/covid-rossi-chiede-piu-controlli\/\",\"url\":\"https:\/\/www.intoscana.it\/it\/covid-rossi-chiede-piu-controlli\/\",\"name\":\"Covid, Rossi: 'Pi\u00f9 controlli per gli arrivi da aree non Schengen' - intoscana\",\"isPartOf\":{\"@id\":\"https:\/\/www.intoscana.it\/it\/#website\"},\"primaryImageOfPage\":{\"@id\":\"https:\/\/www.intoscana.it\/it\/covid-rossi-chiede-piu-controlli\/#primaryimage\"},\"image\":{\"@id\":\"https:\/\/www.intoscana.it\/it\/covid-rossi-chiede-piu-controlli\/#primaryimage\"},\"thumbnailUrl\":\"https:\/\/www.intoscana.it\/wp-content\/uploads\/appello-rossi-3.jpg\",\"datePublished\":\"2020-07-15T16:11:04+00:00\",\"dateModified\":\"2020-08-10T07:29:26+00:00\",\"author\":{\"@id\":\"https:\/\/www.intoscana.it\/it\/#\/schema\/person\/9223810753230f20bd670fdd322661f8\"},\"description\":\"Ieri degli otto nuovi positivi, cinque erano provenienti dall'estero. Rossi: \\\"Non possiamo abbassare la guardia\\\"\",\"breadcrumb\":{\"@id\":\"https:\/\/www.intoscana.it\/it\/covid-rossi-chiede-piu-controlli\/#breadcrumb\"},\"inLanguage\":\"it-IT\",\"potentialAction\":[{\"@type\":\"ReadAction\",\"target\":[\"https:\/\/www.intoscana.it\/it\/covid-rossi-chiede-piu-controlli\/\"]}]},{\"@type\":\"ImageObject\",\"inLanguage\":\"it-IT\",\"@id\":\"https:\/\/www.intoscana.it\/it\/covid-rossi-chiede-piu-controlli\/#primaryimage\",\"url\":\"https:\/\/www.intoscana.it\/wp-content\/uploads\/appello-rossi-3.jpg\",\"contentUrl\":\"https:\/\/www.intoscana.it\/wp-content\/uploads\/appello-rossi-3.jpg\",\"width\":1175,\"height\":750},{\"@type\":\"BreadcrumbList\",\"@id\":\"https:\/\/www.intoscana.it\/it\/covid-rossi-chiede-piu-controlli\/#breadcrumb\",\"itemListElement\":[{\"@type\":\"ListItem\",\"position\":1,\"name\":\"Home\",\"item\":\"https:\/\/www.intoscana.it\/it\/\"},{\"@type\":\"ListItem\",\"position\":2,\"name\":\"Covid, Rossi: &#8216;Pi\u00f9 controlli per gli arrivi da aree non Schengen&#8217;\"}]},{\"@type\":\"WebSite\",\"@id\":\"https:\/\/www.intoscana.it\/it\/#website\",\"url\":\"https:\/\/www.intoscana.it\/it\/\",\"name\":\"intoscana\",\"description\":\"\",\"potentialAction\":[{\"@type\":\"SearchAction\",\"target\":{\"@type\":\"EntryPoint\",\"urlTemplate\":\"https:\/\/www.intoscana.it\/it\/?s={search_term_string}\"},\"query-input\":{\"@type\":\"PropertyValueSpecification\",\"valueRequired\":true,\"valueName\":\"search_term_string\"}}],\"inLanguage\":\"it-IT\"},{\"@type\":\"Person\",\"@id\":\"https:\/\/www.intoscana.it\/it\/#\/schema\/person\/9223810753230f20bd670fdd322661f8\",\"name\":\"Redazione\",\"url\":\"https:\/\/www.intoscana.it\/it\/author\/redazione\/\"}]}<\/script>\n<!-- \/ Yoast SEO Premium plugin. -->","yoast_head_json":{"title":"Covid, Rossi: 'Pi\u00f9 controlli per gli arrivi da aree non Schengen' - intoscana","description":"Ieri degli otto nuovi positivi, cinque erano provenienti dall'estero. Rossi: \"Non possiamo abbassare la guardia\"","robots":{"index":"index","follow":"follow","max-snippet":"max-snippet:-1","max-image-preview":"max-image-preview:large","max-video-preview":"max-video-preview:-1"},"canonical":"https:\/\/www.intoscana.it\/it\/covid-rossi-chiede-piu-controlli\/","og_locale":"it_IT","og_type":"article","og_title":"Covid, Rossi: 'Pi\u00f9 controlli per gli arrivi da aree non Schengen'","og_description":"Ieri degli otto nuovi positivi, cinque erano provenienti dall'estero. Rossi: \"Non possiamo abbassare la guardia\"","og_url":"https:\/\/www.intoscana.it\/it\/covid-rossi-chiede-piu-controlli\/","og_site_name":"intoscana","article_publisher":"https:\/\/www.facebook.com\/intoscana.it","article_published_time":"2020-07-15T16:11:04+00:00","article_modified_time":"2020-08-10T07:29:26+00:00","og_image":[{"width":1175,"height":750,"url":"https:\/\/www.intoscana.it\/wp-content\/uploads\/appello-rossi-3.jpg","type":"image\/jpeg"}],"author":"Redazione","twitter_card":"summary_large_image","twitter_creator":"@intoscana","twitter_site":"@intoscana","twitter_misc":{"Written by":"Redazione","Est. reading time":"1 minuto"},"schema":{"@context":"https:\/\/schema.org","@graph":[{"@type":"WebPage","@id":"https:\/\/www.intoscana.it\/it\/covid-rossi-chiede-piu-controlli\/","url":"https:\/\/www.intoscana.it\/it\/covid-rossi-chiede-piu-controlli\/","name":"Covid, Rossi: 'Pi\u00f9 controlli per gli arrivi da aree non Schengen' - intoscana","isPartOf":{"@id":"https:\/\/www.intoscana.it\/it\/#website"},"primaryImageOfPage":{"@id":"https:\/\/www.intoscana.it\/it\/covid-rossi-chiede-piu-controlli\/#primaryimage"},"image":{"@id":"https:\/\/www.intoscana.it\/it\/covid-rossi-chiede-piu-controlli\/#primaryimage"},"thumbnailUrl":"https:\/\/www.intoscana.it\/wp-content\/uploads\/appello-rossi-3.jpg","datePublished":"2020-07-15T16:11:04+00:00","dateModified":"2020-08-10T07:29:26+00:00","author":{"@id":"https:\/\/www.intoscana.it\/it\/#\/schema\/person\/9223810753230f20bd670fdd322661f8"},"description":"Ieri degli otto nuovi positivi, cinque erano provenienti dall'estero. Rossi: \"Non possiamo abbassare la guardia\"","breadcrumb":{"@id":"https:\/\/www.intoscana.it\/it\/covid-rossi-chiede-piu-controlli\/#breadcrumb"},"inLanguage":"it-IT","potentialAction":[{"@type":"ReadAction","target":["https:\/\/www.intoscana.it\/it\/covid-rossi-chiede-piu-controlli\/"]}]},{"@type":"ImageObject","inLanguage":"it-IT","@id":"https:\/\/www.intoscana.it\/it\/covid-rossi-chiede-piu-controlli\/#primaryimage","url":"https:\/\/www.intoscana.it\/wp-content\/uploads\/appello-rossi-3.jpg","contentUrl":"https:\/\/www.intoscana.it\/wp-content\/uploads\/appello-rossi-3.jpg","width":1175,"height":750},{"@type":"BreadcrumbList","@id":"https:\/\/www.intoscana.it\/it\/covid-rossi-chiede-piu-controlli\/#breadcrumb","itemListElement":[{"@type":"ListItem","position":1,"name":"Home","item":"https:\/\/www.intoscana.it\/it\/"},{"@type":"ListItem","position":2,"name":"Covid, Rossi: &#8216;Pi\u00f9 controlli per gli arrivi da aree non Schengen&#8217;"}]},{"@type":"WebSite","@id":"https:\/\/www.intoscana.it\/it\/#website","url":"https:\/\/www.intoscana.it\/it\/","name":"intoscana","description":"","potentialAction":[{"@type":"SearchAction","target":{"@type":"EntryPoint","urlTemplate":"https:\/\/www.intoscana.it\/it\/?s={search_term_string}"},"query-input":{"@type":"PropertyValueSpecification","valueRequired":true,"valueName":"search_term_string"}}],"inLanguage":"it-IT"},{"@type":"Person","@id":"https:\/\/www.intoscana.it\/it\/#\/schema\/person\/9223810753230f20bd670fdd322661f8","name":"Redazione","url":"https:\/\/www.intoscana.it\/it\/author\/redazione\/"}]}},"_links":{"self":[{"href":"https:\/\/www.intoscana.it\/it\/wp-json\/wp\/v2\/posts\/144954","targetHints":{"allow":["GET"]}}],"collection":[{"href":"https:\/\/www.intoscana.it\/it\/wp-json\/wp\/v2\/posts"}],"about":[{"href":"https:\/\/www.intoscana.it\/it\/wp-json\/wp\/v2\/types\/post"}],"author":[{"embeddable":true,"href":"https:\/\/www.intoscana.it\/it\/wp-json\/wp\/v2\/users\/525"}],"replies":[{"embeddable":true,"href":"https:\/\/www.intoscana.it\/it\/wp-json\/wp\/v2\/comments?post=144954"}],"version-history":[{"count":0,"href":"https:\/\/www.intoscana.it\/it\/wp-json\/wp\/v2\/posts\/144954\/revisions"}],"wp:featuredmedia":[{"embeddable":true,"href":"https:\/\/www.intoscana.it\/it\/wp-json\/wp\/v2\/media\/145448"}],"wp:attachment":[{"href":"https:\/\/www.intoscana.it\/it\/wp-json\/wp\/v2\/media?parent=144954"}],"wp:term":[{"taxonomy":"category","embeddable":true,"href":"https:\/\/www.intoscana.it\/it\/wp-json\/wp\/v2\/categories?post=144954"},{"taxonomy":"post_tag","embeddable":true,"href":"https:\/\/www.intoscana.it\/it\/wp-json\/wp\/v2\/tags?post=144954"}],"curies":[{"name":"wp","href":"https:\/\/api.w.org\/{rel}","templated":true}]}}