{"id":144957,"date":"2020-07-18T16:14:02","date_gmt":"2020-07-18T14:14:02","guid":{"rendered":"https:\/\/www.intoscana.it\/coronavirus-zero-decessi-solo-due-i-nuovi-casi\/"},"modified":"2020-08-10T09:29:28","modified_gmt":"2020-08-10T07:29:28","slug":"zero-decessi-solo-due-i-nuovi-casi","status":"publish","type":"post","link":"https:\/\/www.intoscana.it\/it\/zero-decessi-solo-due-i-nuovi-casi\/","title":{"rendered":"Coronavirus, zero decessi. Solo due i nuovi casi"},"content":{"rendered":"<p><strong>Due nuovi casi, uno in provincia di Grosseto e l\u2019altro a Prato<\/strong>, e <strong>nessun decesso<\/strong>. \u00c8 quanto emerge dal <strong>bollettino quotidiano sull\u2019andamento dell\u2019epidemia Covid-19 in Toscana<\/strong>, dove dall\u2019inizio dell\u2019emergenza sanitaria i cittadini risultati <strong>complessivamente positivi al coronavirus raggiungono quota 10.358<\/strong>, con un aumento rispetto al giorno precedente pari allo <strong>0,02 per cento.<\/strong><\/p>\n<p>Crescono <strong>anche i guariti (dello 0,07%)<\/strong>, l\u201986,1 per cento dei casi totali: <strong>sei in pi\u00f9 rispetto a ieri<\/strong> tra chi (cinque) \u00e8 risultato negativo al doppio tampone a distanza, guarito a tutti gli effetti, e chi (un caso) \u00e8 divenuto asintomatico dopo aver presentato manifestazioni cliniche associate all\u2019infezione. Le persone complessivamente guarite ad oggi, dall\u2019inizio dell\u2019emergenza, sono dunque 8.915: 148 persone \u201cclinicamente guarite\u201d (pi\u00f9 0,7%), senza pi\u00f9 sintomi, e 8.767 (pi\u00f9 0,06%), dichiarate guarite a tutti gli effetti, le cosiddette guarigioni virali. Le persone al momento dunque ancora malate sono 314, meno 1,3 per cento rispetto a ieri.<\/p>\n<p>I dati sono quelli quelli accertati alle ore 12 sulla base delle richieste della Protezione civile nazionale.<\/p>\n<p><strong>I test eseguiti, quelli con tampone, hanno raggiunto quota 387.885,<\/strong> 3.059 in pi\u00f9 rispetto a ieri.<\/p>\n<p><strong>Stabile il numero dei<\/strong> <strong>ricoverati<\/strong>: tredici in tutto nell\u2019intera Toscana nei posti letto dedicati ai pazienti Covid, di cui solo uno (come ieri) in terapia intensiva. Sono 1.129 invece i deceduti dall\u2019inizio dell\u2019epidemia, ma nessuno nel bollettino di oggi. Si ricorda che a partire dal 24 giugno il Ministero della Salute ha modificato il sistema di rilevazione dei dati sulla diffusione del Covid-19. I casi positivi non sono pi\u00f9 indicati secondo la provincia di notifica bens\u00ec in base alla provincia di residenza o domicilio.<\/p>\n<p>La ripartizione odierna vede dunque 3.226 casi complessivi ad oggi nell\u2019area della citt\u00e0 metropolitana fiorentina, 549 a Prato (1 in pi\u00f9 rispetto a ieri), 749 a Pistoia, 1.055 a Massa, 1.367 a Lucca, 942 a Pisa, 481 a Livorno, 684 ad Arezzo, 429 a Siena, 405 a Grosseto (1 in pi\u00f9). Sono 471 i casi positivi notificati in Toscana ma residenti in altre regioni.<\/p>\n<p><strong>La Toscana si conferma al decimo posto in Italia come numerosit\u00e0 di casi<\/strong> (comprensivi di residenti e non residenti), con circa 278 casi per 100.000 abitanti (media italiana circa 404 per 100 mila, dato di ieri). Le province di notifica con il tasso pi\u00f9 alto sono Massa Carrara con 541 casi per 100 mila abitanti, Lucca con 352, Firenze con 319, la pi\u00f9 bassa Livorno con 144.<\/p>\n<p><strong>Complessivamente sono 301<\/strong>, quattro in meno rispetto a ieri (meno 1,31%), le persone in isolamento a casa, perch\u00e9 presentano sintomi lievi che non richiedono cure ospedaliere o perch\u00e9 risultano prive di sintomi. Sono 761 (pi\u00f9 28 rispetto a ieri, pi\u00f9 3,8%) le persone, anch\u2019esse isolate, in sorveglianza attiva perch\u00e9 hanno avuto contatti con persone contagiate (ASL Centro 471, Nord Ovest 229, Sud Est 61).<\/p>\n<p><strong>Il tasso grezzo di mortalit\u00e0 toscano<\/strong> (numero di deceduti\/popolazione residente) <strong>per Covid-19 \u00e8 di 30,3<\/strong> per 100.000 residenti contro il 58 per 100.000 della media italiana. La Toscana \u00e8 undicesima. Per quanto riguarda le province, il tasso di mortalit\u00e0 pi\u00f9 alto si riscontra a Massa Carrara (88,8 per 100.000), seguita da Firenze (40,9 per 100.000) e Lucca (36,9 per 100.000), il pi\u00f9 basso a Grosseto (10,8 per 100.000). Dei 1129 deceduti dall\u2019inizio dell\u2019epidemia 414 interessano la citt\u00e0 metropolitana fiorentina, 52 Prato, 81 Pistoia, 173 Massa Carrara, 143 Lucca, 90 Pisa, 61 Livorno, 50 Arezzo, 33 Siena e 24 Grosseto. <strong>Otto persone sono decedute sul suolo toscano ma erano residenti fuori regione.<\/strong><\/p>\n","protected":false},"excerpt":{"rendered":"<p>I test eseguiti, quelli con tampone, hanno raggiunto quota 387.885, 3.059 in pi\u00f9 rispetto a ieri. La Toscana si conferma al decimo posto in Italia come numerosit\u00e0 di casi:&nbsp;crescono anche i guariti<\/p>\n","protected":false},"author":525,"featured_media":145451,"comment_status":"open","ping_status":"open","sticky":false,"template":"","format":"standard","meta":{"_acf_changed":false,"footnotes":""},"categories":[18],"tags":[418],"class_list":["post-144957","post","type-post","status-publish","format-standard","has-post-thumbnail","hentry","category-salute","tag-covid-19"],"acf":[],"yoast_head":"<!-- This site is optimized with the Yoast SEO Premium plugin v24.2 (Yoast SEO v25.6) - https:\/\/yoast.com\/wordpress\/plugins\/seo\/ -->\n<title>Coronavirus, zero decessi. Solo due i nuovi casi - intoscana<\/title>\n<meta name=\"description\" content=\"La Toscana si conferma al decimo posto in Italia come numerosit\u00e0 di casi. Crescono anche i guariti\" \/>\n<meta name=\"robots\" content=\"index, follow, max-snippet:-1, max-image-preview:large, max-video-preview:-1\" \/>\n<link rel=\"canonical\" href=\"https:\/\/www.intoscana.it\/it\/zero-decessi-solo-due-i-nuovi-casi\/\" \/>\n<meta property=\"og:locale\" content=\"it_IT\" \/>\n<meta property=\"og:type\" content=\"article\" \/>\n<meta property=\"og:title\" content=\"Coronavirus, zero decessi. Solo due i nuovi casi\" \/>\n<meta property=\"og:description\" content=\"La Toscana si conferma al decimo posto in Italia come numerosit\u00e0 di casi. Crescono anche i guariti\" \/>\n<meta property=\"og:url\" content=\"https:\/\/www.intoscana.it\/it\/zero-decessi-solo-due-i-nuovi-casi\/\" \/>\n<meta property=\"og:site_name\" content=\"intoscana\" \/>\n<meta property=\"article:publisher\" content=\"https:\/\/www.facebook.com\/intoscana.it\" \/>\n<meta property=\"article:published_time\" content=\"2020-07-18T14:14:02+00:00\" \/>\n<meta property=\"article:modified_time\" content=\"2020-08-10T07:29:28+00:00\" \/>\n<meta property=\"og:image\" content=\"https:\/\/www.intoscana.it\/wp-content\/uploads\/covid-2.jpg\" \/>\n\t<meta property=\"og:image:width\" content=\"2000\" \/>\n\t<meta property=\"og:image:height\" content=\"1333\" \/>\n\t<meta property=\"og:image:type\" content=\"image\/jpeg\" \/>\n<meta name=\"author\" content=\"Redazione\" \/>\n<meta name=\"twitter:card\" content=\"summary_large_image\" \/>\n<meta name=\"twitter:creator\" content=\"@intoscana\" \/>\n<meta name=\"twitter:site\" content=\"@intoscana\" \/>\n<meta name=\"twitter:label1\" content=\"Written by\" \/>\n\t<meta name=\"twitter:data1\" content=\"Redazione\" \/>\n\t<meta name=\"twitter:label2\" content=\"Est. reading time\" \/>\n\t<meta name=\"twitter:data2\" content=\"3 minuti\" \/>\n<script type=\"application\/ld+json\" class=\"yoast-schema-graph\">{\"@context\":\"https:\/\/schema.org\",\"@graph\":[{\"@type\":\"WebPage\",\"@id\":\"https:\/\/www.intoscana.it\/it\/zero-decessi-solo-due-i-nuovi-casi\/\",\"url\":\"https:\/\/www.intoscana.it\/it\/zero-decessi-solo-due-i-nuovi-casi\/\",\"name\":\"Coronavirus, zero decessi. Solo due i nuovi casi - intoscana\",\"isPartOf\":{\"@id\":\"https:\/\/www.intoscana.it\/it\/#website\"},\"primaryImageOfPage\":{\"@id\":\"https:\/\/www.intoscana.it\/it\/zero-decessi-solo-due-i-nuovi-casi\/#primaryimage\"},\"image\":{\"@id\":\"https:\/\/www.intoscana.it\/it\/zero-decessi-solo-due-i-nuovi-casi\/#primaryimage\"},\"thumbnailUrl\":\"https:\/\/www.intoscana.it\/wp-content\/uploads\/covid-2.jpg\",\"datePublished\":\"2020-07-18T14:14:02+00:00\",\"dateModified\":\"2020-08-10T07:29:28+00:00\",\"author\":{\"@id\":\"https:\/\/www.intoscana.it\/it\/#\/schema\/person\/9223810753230f20bd670fdd322661f8\"},\"description\":\"La Toscana si conferma al decimo posto in Italia come numerosit\u00e0 di casi. Crescono anche i guariti\",\"breadcrumb\":{\"@id\":\"https:\/\/www.intoscana.it\/it\/zero-decessi-solo-due-i-nuovi-casi\/#breadcrumb\"},\"inLanguage\":\"it-IT\",\"potentialAction\":[{\"@type\":\"ReadAction\",\"target\":[\"https:\/\/www.intoscana.it\/it\/zero-decessi-solo-due-i-nuovi-casi\/\"]}]},{\"@type\":\"ImageObject\",\"inLanguage\":\"it-IT\",\"@id\":\"https:\/\/www.intoscana.it\/it\/zero-decessi-solo-due-i-nuovi-casi\/#primaryimage\",\"url\":\"https:\/\/www.intoscana.it\/wp-content\/uploads\/covid-2.jpg\",\"contentUrl\":\"https:\/\/www.intoscana.it\/wp-content\/uploads\/covid-2.jpg\",\"width\":2000,\"height\":1333},{\"@type\":\"BreadcrumbList\",\"@id\":\"https:\/\/www.intoscana.it\/it\/zero-decessi-solo-due-i-nuovi-casi\/#breadcrumb\",\"itemListElement\":[{\"@type\":\"ListItem\",\"position\":1,\"name\":\"Home\",\"item\":\"https:\/\/www.intoscana.it\/it\/\"},{\"@type\":\"ListItem\",\"position\":2,\"name\":\"Coronavirus, zero decessi. Solo due i nuovi casi\"}]},{\"@type\":\"WebSite\",\"@id\":\"https:\/\/www.intoscana.it\/it\/#website\",\"url\":\"https:\/\/www.intoscana.it\/it\/\",\"name\":\"intoscana\",\"description\":\"\",\"potentialAction\":[{\"@type\":\"SearchAction\",\"target\":{\"@type\":\"EntryPoint\",\"urlTemplate\":\"https:\/\/www.intoscana.it\/it\/?s={search_term_string}\"},\"query-input\":{\"@type\":\"PropertyValueSpecification\",\"valueRequired\":true,\"valueName\":\"search_term_string\"}}],\"inLanguage\":\"it-IT\"},{\"@type\":\"Person\",\"@id\":\"https:\/\/www.intoscana.it\/it\/#\/schema\/person\/9223810753230f20bd670fdd322661f8\",\"name\":\"Redazione\",\"url\":\"https:\/\/www.intoscana.it\/it\/author\/redazione\/\"}]}<\/script>\n<!-- \/ Yoast SEO Premium plugin. -->","yoast_head_json":{"title":"Coronavirus, zero decessi. Solo due i nuovi casi - intoscana","description":"La Toscana si conferma al decimo posto in Italia come numerosit\u00e0 di casi. Crescono anche i guariti","robots":{"index":"index","follow":"follow","max-snippet":"max-snippet:-1","max-image-preview":"max-image-preview:large","max-video-preview":"max-video-preview:-1"},"canonical":"https:\/\/www.intoscana.it\/it\/zero-decessi-solo-due-i-nuovi-casi\/","og_locale":"it_IT","og_type":"article","og_title":"Coronavirus, zero decessi. Solo due i nuovi casi","og_description":"La Toscana si conferma al decimo posto in Italia come numerosit\u00e0 di casi. Crescono anche i guariti","og_url":"https:\/\/www.intoscana.it\/it\/zero-decessi-solo-due-i-nuovi-casi\/","og_site_name":"intoscana","article_publisher":"https:\/\/www.facebook.com\/intoscana.it","article_published_time":"2020-07-18T14:14:02+00:00","article_modified_time":"2020-08-10T07:29:28+00:00","og_image":[{"width":2000,"height":1333,"url":"https:\/\/www.intoscana.it\/wp-content\/uploads\/covid-2.jpg","type":"image\/jpeg"}],"author":"Redazione","twitter_card":"summary_large_image","twitter_creator":"@intoscana","twitter_site":"@intoscana","twitter_misc":{"Written by":"Redazione","Est. reading time":"3 minuti"},"schema":{"@context":"https:\/\/schema.org","@graph":[{"@type":"WebPage","@id":"https:\/\/www.intoscana.it\/it\/zero-decessi-solo-due-i-nuovi-casi\/","url":"https:\/\/www.intoscana.it\/it\/zero-decessi-solo-due-i-nuovi-casi\/","name":"Coronavirus, zero decessi. Solo due i nuovi casi - intoscana","isPartOf":{"@id":"https:\/\/www.intoscana.it\/it\/#website"},"primaryImageOfPage":{"@id":"https:\/\/www.intoscana.it\/it\/zero-decessi-solo-due-i-nuovi-casi\/#primaryimage"},"image":{"@id":"https:\/\/www.intoscana.it\/it\/zero-decessi-solo-due-i-nuovi-casi\/#primaryimage"},"thumbnailUrl":"https:\/\/www.intoscana.it\/wp-content\/uploads\/covid-2.jpg","datePublished":"2020-07-18T14:14:02+00:00","dateModified":"2020-08-10T07:29:28+00:00","author":{"@id":"https:\/\/www.intoscana.it\/it\/#\/schema\/person\/9223810753230f20bd670fdd322661f8"},"description":"La Toscana si conferma al decimo posto in Italia come numerosit\u00e0 di casi. Crescono anche i guariti","breadcrumb":{"@id":"https:\/\/www.intoscana.it\/it\/zero-decessi-solo-due-i-nuovi-casi\/#breadcrumb"},"inLanguage":"it-IT","potentialAction":[{"@type":"ReadAction","target":["https:\/\/www.intoscana.it\/it\/zero-decessi-solo-due-i-nuovi-casi\/"]}]},{"@type":"ImageObject","inLanguage":"it-IT","@id":"https:\/\/www.intoscana.it\/it\/zero-decessi-solo-due-i-nuovi-casi\/#primaryimage","url":"https:\/\/www.intoscana.it\/wp-content\/uploads\/covid-2.jpg","contentUrl":"https:\/\/www.intoscana.it\/wp-content\/uploads\/covid-2.jpg","width":2000,"height":1333},{"@type":"BreadcrumbList","@id":"https:\/\/www.intoscana.it\/it\/zero-decessi-solo-due-i-nuovi-casi\/#breadcrumb","itemListElement":[{"@type":"ListItem","position":1,"name":"Home","item":"https:\/\/www.intoscana.it\/it\/"},{"@type":"ListItem","position":2,"name":"Coronavirus, zero decessi. Solo due i nuovi casi"}]},{"@type":"WebSite","@id":"https:\/\/www.intoscana.it\/it\/#website","url":"https:\/\/www.intoscana.it\/it\/","name":"intoscana","description":"","potentialAction":[{"@type":"SearchAction","target":{"@type":"EntryPoint","urlTemplate":"https:\/\/www.intoscana.it\/it\/?s={search_term_string}"},"query-input":{"@type":"PropertyValueSpecification","valueRequired":true,"valueName":"search_term_string"}}],"inLanguage":"it-IT"},{"@type":"Person","@id":"https:\/\/www.intoscana.it\/it\/#\/schema\/person\/9223810753230f20bd670fdd322661f8","name":"Redazione","url":"https:\/\/www.intoscana.it\/it\/author\/redazione\/"}]}},"_links":{"self":[{"href":"https:\/\/www.intoscana.it\/it\/wp-json\/wp\/v2\/posts\/144957","targetHints":{"allow":["GET"]}}],"collection":[{"href":"https:\/\/www.intoscana.it\/it\/wp-json\/wp\/v2\/posts"}],"about":[{"href":"https:\/\/www.intoscana.it\/it\/wp-json\/wp\/v2\/types\/post"}],"author":[{"embeddable":true,"href":"https:\/\/www.intoscana.it\/it\/wp-json\/wp\/v2\/users\/525"}],"replies":[{"embeddable":true,"href":"https:\/\/www.intoscana.it\/it\/wp-json\/wp\/v2\/comments?post=144957"}],"version-history":[{"count":0,"href":"https:\/\/www.intoscana.it\/it\/wp-json\/wp\/v2\/posts\/144957\/revisions"}],"wp:featuredmedia":[{"embeddable":true,"href":"https:\/\/www.intoscana.it\/it\/wp-json\/wp\/v2\/media\/145451"}],"wp:attachment":[{"href":"https:\/\/www.intoscana.it\/it\/wp-json\/wp\/v2\/media?parent=144957"}],"wp:term":[{"taxonomy":"category","embeddable":true,"href":"https:\/\/www.intoscana.it\/it\/wp-json\/wp\/v2\/categories?post=144957"},{"taxonomy":"post_tag","embeddable":true,"href":"https:\/\/www.intoscana.it\/it\/wp-json\/wp\/v2\/tags?post=144957"}],"curies":[{"name":"wp","href":"https:\/\/api.w.org\/{rel}","templated":true}]}}