{"id":144977,"date":"2020-06-21T12:38:40","date_gmt":"2020-06-21T10:38:40","guid":{"rendered":"https:\/\/www.intoscana.it\/riapre-il-museo-casa-di-dante-nuovo-allestimento-interattivo\/"},"modified":"2020-10-28T08:53:12","modified_gmt":"2020-10-28T07:53:12","slug":"museo-casa-dante-riapertura","status":"publish","type":"post","link":"https:\/\/www.intoscana.it\/it\/museo-casa-dante-riapertura\/","title":{"rendered":"Riapre il Museo Casa di Dante: nuovo allestimento interattivo"},"content":{"rendered":"<p><strong>Sar\u00e0 lo stesso Dante a invitare i visitatori all&#8217;interno della sua casa a Firenze<\/strong>, prendendo vita in un monitor a parete pensato per suscitare la curiosit\u00e0 dei visitatori e per fornire le prime informazioni.<strong> Il museo casa di Dante riaprir\u00e0 il 24 giugno, in occasione del patrono di Firenze<\/strong>, con un nuovo allestimento all&#8217;insegna della tecnologia.<\/p>\n<p><strong>Per tutta la giornata inaugurale il museo sar\u00e0 accessibile gratuitamente (dalle 12 alle 18) nel rispetto delle norme anti Covid.<\/strong> Nove sale, di cui una interamente dedicata alla <strong>Divina Commedia:<\/strong> una sala immersiva con al centro un grande volume aperto e animato da proiezioni, i passi pi\u00f9 significativi, letti da <strong>Francesco Pannofino<\/strong>, accompagnano lo sfogliarsi delle pagine dell&#8217;opera del <strong>Sommo poeta.<\/strong><\/p>\n<p>&#8220;Siamo felici di veder finalmente decollare questo progetto &#8211; dice <strong>Tullia Carlino una delle coordinatrici del museo<\/strong> &#8211; al quale abbiamo lavorato per anni nella consapevolezza che il nostro museo fosse ormai datato e si rendesse sempre pi\u00f9 necessario un restyling che lo trasformasse in un museo contemporaneo senza per\u00f2 strappargli l&#8217;anima e l&#8217;identit\u00e0&#8221;. &#8220;L&#8217;idea alla base del riallestimento &#8211; spiega <strong>Adele Magnelli,<\/strong> international project manager di Ett, la societ\u00e0 che l&#8217;ha realizzato &#8211; \u00e8 quella di <strong>creare una nuova narrativa che renda il visitatore immediatamente partecipe della vita di Dante&#8221;.<\/strong><\/p>\n<p><strong>Eugenio Giani,<\/strong> presidente del Consiglio regionale e presidente della storica istituzione culturale ricorda che &#8220;<strong>Il 2021 \u00e8 l&#8217;anniversario dei 700 anni dalla morte del Sommo Poeta<\/strong> e questo riallestimento della &#8216;sua casa&#8217; \u00e8 la migliore delle maniere per tenere viva la sua memoria e la sua grande opera.&nbsp;\u00c8 un luogo che ci deve stimolare a riflessioni sulla figura di <strong>uno dei personaggi pi\u00f9 importanti della storia della letteratura<\/strong> e da oggi lo fa grazie alla pi\u00f9 innovative tecnologie che abbiamo a disposizione&#8221;.&nbsp;<\/p>\n<p><strong>Per informazioni:<\/strong><br \/><strong><a href=\"https:\/\/www.museocasadidante.it\">https:\/\/www.museocasadidante.it<\/a><\/strong><\/p>\n<p>&nbsp;<\/p>\n","protected":false},"excerpt":{"rendered":"<p>Dal 24 giugno in un monitor &#8216;prender\u00e0 vita&#8217; lo stesso Dante Aligheri che potr\u00e0 cos\u00ec raccontare la sua storia ai visitatori<\/p>\n","protected":false},"author":525,"featured_media":145471,"comment_status":"open","ping_status":"open","sticky":false,"template":"","format":"standard","meta":{"_acf_changed":false,"footnotes":""},"categories":[493,5],"tags":[4604,4605,4807],"class_list":["post-144977","post","type-post","status-publish","format-standard","has-post-thumbnail","hentry","category-cultura","category-arte-e-cultura","tag-dante","tag-dante-alighieri","tag-dante2021"],"acf":[],"yoast_head":"<!-- This site is optimized with the Yoast SEO Premium plugin v24.2 (Yoast SEO v25.6) - https:\/\/yoast.com\/wordpress\/plugins\/seo\/ -->\n<title>Riapre il Museo Casa di Dante: nuovo allestimento interattivo - intoscana<\/title>\n<meta name=\"description\" content=\"Riapre il Museo Casa di Dante con nuovo allestimento interattivo, dal 24 giugno in un monitor prender\u00e0 vita lo stesso Dante Aligheri e racconter\u00e0 la sua storia\" \/>\n<meta name=\"robots\" content=\"index, follow, max-snippet:-1, max-image-preview:large, max-video-preview:-1\" \/>\n<link rel=\"canonical\" href=\"https:\/\/www.intoscana.it\/it\/museo-casa-dante-riapertura\/\" \/>\n<meta property=\"og:locale\" content=\"it_IT\" \/>\n<meta property=\"og:type\" content=\"article\" \/>\n<meta property=\"og:title\" content=\"Riapre il Museo Casa di Dante: nuovo allestimento interattivo\" \/>\n<meta property=\"og:description\" content=\"Riapre il Museo Casa di Dante con nuovo allestimento interattivo, dal 24 giugno in un monitor prender\u00e0 vita lo stesso Dante Aligheri e racconter\u00e0 la sua storia\" \/>\n<meta property=\"og:url\" content=\"https:\/\/www.intoscana.it\/it\/museo-casa-dante-riapertura\/\" \/>\n<meta property=\"og:site_name\" content=\"intoscana\" \/>\n<meta property=\"article:publisher\" content=\"https:\/\/www.facebook.com\/intoscana.it\" \/>\n<meta property=\"article:published_time\" content=\"2020-06-21T10:38:40+00:00\" \/>\n<meta property=\"article:modified_time\" content=\"2020-10-28T07:53:12+00:00\" \/>\n<meta property=\"og:image\" content=\"https:\/\/www.intoscana.it\/wp-content\/uploads\/esterno-museo-casa-di-dante.jpg\" \/>\n\t<meta property=\"og:image:width\" content=\"1200\" \/>\n\t<meta property=\"og:image:height\" content=\"800\" \/>\n\t<meta property=\"og:image:type\" content=\"image\/jpeg\" \/>\n<meta name=\"author\" content=\"Redazione\" \/>\n<meta name=\"twitter:card\" content=\"summary_large_image\" \/>\n<meta name=\"twitter:creator\" content=\"@intoscana\" \/>\n<meta name=\"twitter:site\" content=\"@intoscana\" \/>\n<meta name=\"twitter:label1\" content=\"Written by\" \/>\n\t<meta name=\"twitter:data1\" content=\"Redazione\" \/>\n\t<meta name=\"twitter:label2\" content=\"Est. reading time\" \/>\n\t<meta name=\"twitter:data2\" content=\"1 minuto\" \/>\n<script type=\"application\/ld+json\" class=\"yoast-schema-graph\">{\"@context\":\"https:\/\/schema.org\",\"@graph\":[{\"@type\":\"WebPage\",\"@id\":\"https:\/\/www.intoscana.it\/it\/museo-casa-dante-riapertura\/\",\"url\":\"https:\/\/www.intoscana.it\/it\/museo-casa-dante-riapertura\/\",\"name\":\"Riapre il Museo Casa di Dante: nuovo allestimento interattivo - intoscana\",\"isPartOf\":{\"@id\":\"https:\/\/www.intoscana.it\/it\/#website\"},\"primaryImageOfPage\":{\"@id\":\"https:\/\/www.intoscana.it\/it\/museo-casa-dante-riapertura\/#primaryimage\"},\"image\":{\"@id\":\"https:\/\/www.intoscana.it\/it\/museo-casa-dante-riapertura\/#primaryimage\"},\"thumbnailUrl\":\"https:\/\/www.intoscana.it\/wp-content\/uploads\/esterno-museo-casa-di-dante.jpg\",\"datePublished\":\"2020-06-21T10:38:40+00:00\",\"dateModified\":\"2020-10-28T07:53:12+00:00\",\"author\":{\"@id\":\"https:\/\/www.intoscana.it\/it\/#\/schema\/person\/9223810753230f20bd670fdd322661f8\"},\"description\":\"Riapre il Museo Casa di Dante con nuovo allestimento interattivo, dal 24 giugno in un monitor prender\u00e0 vita lo stesso Dante Aligheri e racconter\u00e0 la sua storia\",\"breadcrumb\":{\"@id\":\"https:\/\/www.intoscana.it\/it\/museo-casa-dante-riapertura\/#breadcrumb\"},\"inLanguage\":\"it-IT\",\"potentialAction\":[{\"@type\":\"ReadAction\",\"target\":[\"https:\/\/www.intoscana.it\/it\/museo-casa-dante-riapertura\/\"]}]},{\"@type\":\"ImageObject\",\"inLanguage\":\"it-IT\",\"@id\":\"https:\/\/www.intoscana.it\/it\/museo-casa-dante-riapertura\/#primaryimage\",\"url\":\"https:\/\/www.intoscana.it\/wp-content\/uploads\/esterno-museo-casa-di-dante.jpg\",\"contentUrl\":\"https:\/\/www.intoscana.it\/wp-content\/uploads\/esterno-museo-casa-di-dante.jpg\",\"width\":1200,\"height\":800,\"caption\":\"Museo Casa di Dante\"},{\"@type\":\"BreadcrumbList\",\"@id\":\"https:\/\/www.intoscana.it\/it\/museo-casa-dante-riapertura\/#breadcrumb\",\"itemListElement\":[{\"@type\":\"ListItem\",\"position\":1,\"name\":\"Home\",\"item\":\"https:\/\/www.intoscana.it\/it\/\"},{\"@type\":\"ListItem\",\"position\":2,\"name\":\"Riapre il Museo Casa di Dante: nuovo allestimento interattivo\"}]},{\"@type\":\"WebSite\",\"@id\":\"https:\/\/www.intoscana.it\/it\/#website\",\"url\":\"https:\/\/www.intoscana.it\/it\/\",\"name\":\"intoscana\",\"description\":\"\",\"potentialAction\":[{\"@type\":\"SearchAction\",\"target\":{\"@type\":\"EntryPoint\",\"urlTemplate\":\"https:\/\/www.intoscana.it\/it\/?s={search_term_string}\"},\"query-input\":{\"@type\":\"PropertyValueSpecification\",\"valueRequired\":true,\"valueName\":\"search_term_string\"}}],\"inLanguage\":\"it-IT\"},{\"@type\":\"Person\",\"@id\":\"https:\/\/www.intoscana.it\/it\/#\/schema\/person\/9223810753230f20bd670fdd322661f8\",\"name\":\"Redazione\",\"url\":\"https:\/\/www.intoscana.it\/it\/author\/redazione\/\"}]}<\/script>\n<!-- \/ Yoast SEO Premium plugin. -->","yoast_head_json":{"title":"Riapre il Museo Casa di Dante: nuovo allestimento interattivo - intoscana","description":"Riapre il Museo Casa di Dante con nuovo allestimento interattivo, dal 24 giugno in un monitor prender\u00e0 vita lo stesso Dante Aligheri e racconter\u00e0 la sua storia","robots":{"index":"index","follow":"follow","max-snippet":"max-snippet:-1","max-image-preview":"max-image-preview:large","max-video-preview":"max-video-preview:-1"},"canonical":"https:\/\/www.intoscana.it\/it\/museo-casa-dante-riapertura\/","og_locale":"it_IT","og_type":"article","og_title":"Riapre il Museo Casa di Dante: nuovo allestimento interattivo","og_description":"Riapre il Museo Casa di Dante con nuovo allestimento interattivo, dal 24 giugno in un monitor prender\u00e0 vita lo stesso Dante Aligheri e racconter\u00e0 la sua storia","og_url":"https:\/\/www.intoscana.it\/it\/museo-casa-dante-riapertura\/","og_site_name":"intoscana","article_publisher":"https:\/\/www.facebook.com\/intoscana.it","article_published_time":"2020-06-21T10:38:40+00:00","article_modified_time":"2020-10-28T07:53:12+00:00","og_image":[{"width":1200,"height":800,"url":"https:\/\/www.intoscana.it\/wp-content\/uploads\/esterno-museo-casa-di-dante.jpg","type":"image\/jpeg"}],"author":"Redazione","twitter_card":"summary_large_image","twitter_creator":"@intoscana","twitter_site":"@intoscana","twitter_misc":{"Written by":"Redazione","Est. reading time":"1 minuto"},"schema":{"@context":"https:\/\/schema.org","@graph":[{"@type":"WebPage","@id":"https:\/\/www.intoscana.it\/it\/museo-casa-dante-riapertura\/","url":"https:\/\/www.intoscana.it\/it\/museo-casa-dante-riapertura\/","name":"Riapre il Museo Casa di Dante: nuovo allestimento interattivo - intoscana","isPartOf":{"@id":"https:\/\/www.intoscana.it\/it\/#website"},"primaryImageOfPage":{"@id":"https:\/\/www.intoscana.it\/it\/museo-casa-dante-riapertura\/#primaryimage"},"image":{"@id":"https:\/\/www.intoscana.it\/it\/museo-casa-dante-riapertura\/#primaryimage"},"thumbnailUrl":"https:\/\/www.intoscana.it\/wp-content\/uploads\/esterno-museo-casa-di-dante.jpg","datePublished":"2020-06-21T10:38:40+00:00","dateModified":"2020-10-28T07:53:12+00:00","author":{"@id":"https:\/\/www.intoscana.it\/it\/#\/schema\/person\/9223810753230f20bd670fdd322661f8"},"description":"Riapre il Museo Casa di Dante con nuovo allestimento interattivo, dal 24 giugno in un monitor prender\u00e0 vita lo stesso Dante Aligheri e racconter\u00e0 la sua storia","breadcrumb":{"@id":"https:\/\/www.intoscana.it\/it\/museo-casa-dante-riapertura\/#breadcrumb"},"inLanguage":"it-IT","potentialAction":[{"@type":"ReadAction","target":["https:\/\/www.intoscana.it\/it\/museo-casa-dante-riapertura\/"]}]},{"@type":"ImageObject","inLanguage":"it-IT","@id":"https:\/\/www.intoscana.it\/it\/museo-casa-dante-riapertura\/#primaryimage","url":"https:\/\/www.intoscana.it\/wp-content\/uploads\/esterno-museo-casa-di-dante.jpg","contentUrl":"https:\/\/www.intoscana.it\/wp-content\/uploads\/esterno-museo-casa-di-dante.jpg","width":1200,"height":800,"caption":"Museo Casa di Dante"},{"@type":"BreadcrumbList","@id":"https:\/\/www.intoscana.it\/it\/museo-casa-dante-riapertura\/#breadcrumb","itemListElement":[{"@type":"ListItem","position":1,"name":"Home","item":"https:\/\/www.intoscana.it\/it\/"},{"@type":"ListItem","position":2,"name":"Riapre il Museo Casa di Dante: nuovo allestimento interattivo"}]},{"@type":"WebSite","@id":"https:\/\/www.intoscana.it\/it\/#website","url":"https:\/\/www.intoscana.it\/it\/","name":"intoscana","description":"","potentialAction":[{"@type":"SearchAction","target":{"@type":"EntryPoint","urlTemplate":"https:\/\/www.intoscana.it\/it\/?s={search_term_string}"},"query-input":{"@type":"PropertyValueSpecification","valueRequired":true,"valueName":"search_term_string"}}],"inLanguage":"it-IT"},{"@type":"Person","@id":"https:\/\/www.intoscana.it\/it\/#\/schema\/person\/9223810753230f20bd670fdd322661f8","name":"Redazione","url":"https:\/\/www.intoscana.it\/it\/author\/redazione\/"}]}},"_links":{"self":[{"href":"https:\/\/www.intoscana.it\/it\/wp-json\/wp\/v2\/posts\/144977","targetHints":{"allow":["GET"]}}],"collection":[{"href":"https:\/\/www.intoscana.it\/it\/wp-json\/wp\/v2\/posts"}],"about":[{"href":"https:\/\/www.intoscana.it\/it\/wp-json\/wp\/v2\/types\/post"}],"author":[{"embeddable":true,"href":"https:\/\/www.intoscana.it\/it\/wp-json\/wp\/v2\/users\/525"}],"replies":[{"embeddable":true,"href":"https:\/\/www.intoscana.it\/it\/wp-json\/wp\/v2\/comments?post=144977"}],"version-history":[{"count":0,"href":"https:\/\/www.intoscana.it\/it\/wp-json\/wp\/v2\/posts\/144977\/revisions"}],"wp:featuredmedia":[{"embeddable":true,"href":"https:\/\/www.intoscana.it\/it\/wp-json\/wp\/v2\/media\/145471"}],"wp:attachment":[{"href":"https:\/\/www.intoscana.it\/it\/wp-json\/wp\/v2\/media?parent=144977"}],"wp:term":[{"taxonomy":"category","embeddable":true,"href":"https:\/\/www.intoscana.it\/it\/wp-json\/wp\/v2\/categories?post=144977"},{"taxonomy":"post_tag","embeddable":true,"href":"https:\/\/www.intoscana.it\/it\/wp-json\/wp\/v2\/tags?post=144977"}],"curies":[{"name":"wp","href":"https:\/\/api.w.org\/{rel}","templated":true}]}}