{"id":145015,"date":"2020-07-23T14:01:16","date_gmt":"2020-07-23T12:01:16","guid":{"rendered":"https:\/\/www.intoscana.it\/internet-veloce-la-fibra-arriva-a-terricciola-capannoli-e-vecchiano\/"},"modified":"2020-08-10T09:30:03","modified_gmt":"2020-08-10T07:30:03","slug":"fibra-terricciola-capannoli-e-vecchiano","status":"publish","type":"post","link":"https:\/\/www.intoscana.it\/it\/fibra-terricciola-capannoli-e-vecchiano\/","title":{"rendered":"Internet veloce, la fibra arriva a Terricciola, Capannoli e Vecchiano"},"content":{"rendered":"<p>&#8220;Il periodo di lockdown causato dal&nbsp;&nbsp;Covid ha mostrato a tutti quanto \u00e8 importante poter contare sulla rete per continuare a lavorare e a comunicare&#8221;. Lavorare e comunicare, due elementi fondamentali nella vita interconnessa e per massimizzare l&#8217;appetibilit\u00e0 e competitivit\u00e0 delle imprese. Per questo oggi non si pu\u00f2 prescindere a investimenti nelle infrastrutture digitali e l&#8217;unica via possibile \u00e8 quella di dotare il territorio di fibra ottica.<\/p>\n<p>Grazie alla Regione Toscana la <strong>fibra arriver\u00e0 alla soglia di casa di 3424 edifici<\/strong>&nbsp;in tre comuni pisani dove oggi iniziano i lavori: a Terricciola, Capannoli e Vecchiano. Altri 314 saranno collegati attraverso ponti radio. &nbsp;<\/p>\n<p>Il piano \u00e8 quello che interessa le cosiddette<strong> \u2018aree bianche\u2019,<\/strong> &nbsp;ovvero i territori (gli unici dove il pubblico pu\u00f2 intervenire direttamente) in cui, per i i pochi abitanti, la distanza e la scarsa presenza di aziende, gli operatori privati hanno deciso (e dichiarato) di non voler investire. &nbsp;E ovunque alla fine si potr\u00e0 sfrecciare su internet a velocit\u00e0, fino a mille megabit al secondo, &nbsp;fino a poco tempo fa possibili e immaginabili solo in citt\u00e0 e non certo in piccole e sperdute frazioni. &nbsp;&nbsp;<\/p>\n<p><strong>A Capannoli,<\/strong> territorio che conta complessivamente poco pi\u00f9 di 6300 abitanti, i cantieri inaugurati oggi alla presenza dell\u2019assessore alla presidenza Vittorio Bugli e del sindaco Arianna Cecchini cableranno 660 abitazioni ed &nbsp;aziende ed un paio di scuole, la primaria \u201cCarducci\u201d e la materna \u201cSacro Cuore\u201d. Altri 63 si connetteranno alla rete attraverso il wi-fi. Gli interventi riguardano tutti la localit\u00e0 \u201cSanto Pietro Belvedere\u201d. Saranno posati alla fine quasi tredici chilometri di fibra ottica, ma in gran parte saranno riutilizzate infrastrutture e cavidotti che gi\u00e0 esistono. Vorr\u00e0 dire &nbsp;meno disagi e lavori pi\u00f9 veloci. E comunque, anche dove si dovr\u00e0 scavare, si tratter\u00e0 di piccoli scassi a bordo carreggiata con trincee larghe e profonde non pi\u00f9 di venti centimetri. &nbsp;I lavori si concluderanno entro aprile 2021. &nbsp;<\/p>\n<p><strong>A Terricciola<\/strong> invece le case, aziende ed edifici pubblici che saranno connessi sono ben 2039, distribuiti fra nove diverse frazioni e localit\u00e0: Soianella, Chientina, Soiana, Stibbolo, Morrona, Selvatelle, Casanova, La Rosa e Terricciola per l\u2019appunto. &nbsp;Nel comune abitano circa 4500 abitanti. L\u2019intervento di fatto interessa dunque l\u2019intero territorio: 1926 edifici saranno raggiunti sulla soglia dalla &nbsp;fibra ottica, altre 113 attraverso ponti radio. In tutto saranno posati cavi per oltre 45 chilometri &nbsp;ed anche qui, come in tanti altri comuni, per quasi tutto il progetto saranno riutilizzate &nbsp;infrastrutture che gi\u00e0 esistono dove far passare la fibra ottica. All\u2019inaugurazione del cantiere era presente anche il sindaco Mirko Bini. La fine dei lavori \u00e8 prevista entro giugno del prossimo anno. Tra gli edifici che saranno cablati c\u2019\u00e8 la scuola dell\u2019infanzia di Terricciola, la primaria \u201cChiesa, gli uffici del Comune e un ambulatorio.&nbsp;<\/p>\n<p>Il terzo intervento partito oggi interessa <strong>Vecchiano<\/strong>. La fibra ottica ed internet veloce saranno portate, oltre che nel capoluogo, nella zona industriale di Migliarino e a Nodica. Sono 976 le case, aziende e edifici pubblici interessati: di questi, per 138 si utilizzeranno i ponti radio. Saranno stesi diciotto chilometri di cavi: tre quarti del progetto verranno coperti utilizzando infrastrutture che gi\u00e0 esistono, senza l\u2019esigenza di nuovi scavi. &nbsp;Con l\u2019assessore Bugli al via ai lavori ha partecipato il sindaco Massimiliano Angori. Il cantiere si concluder\u00e0 a maggio 2021.&nbsp;<\/p>\n<p>\u201cComplessivamente in questi tre comuni abbiamo investito <strong>1 milione e 327 mila euro per portare la fibra ottic<\/strong>a&nbsp;&nbsp;&#8211; spiega l\u2019assessore <strong>Bugli<\/strong> &#8211; . Ma \u00e8 solo una piccola parte del nostro intervento che riguarda le aree bianche di tutta la Toscana. Ci siamo presi l\u2019impegno di realizzare l&#8217;infrastruttura pi\u00f9 importante per la vita delle persone e delle imprese: un\u2019opera sulla quale complessivamente abbiamo investito 80 milioni di euro dall\u2019inizio della legislatura, ma che ne vale almeno duecento\u201d.&nbsp;<\/p>\n<p>\u201cDa qui a qualche anno &nbsp;&#8211; si sofferma l\u2019assessore &#8211; la connessione cambier\u00e0 totalmente pelle, e proprio per questo \u00e8 importante avere pronta l&#8217;autostrada per viaggiare a grandissima velocit\u00e0 &#8211; <strong>Con la fibra ottica le aziende possono attrezzarsi per essere davvero competitive nel mercato europeo<\/strong> e si possono offrire servizi degni di una smart city. La Toscana \u00e8 stata tra le prime Regioni in Italia a partire per cablare i territori e dobbiamo sfruttare questo vantaggio\u201d.<\/p>\n<p>Complessivamente \u00e8 prevista la copertura in banda u<strong>ltra larga di oltre 640 mila unit\u00e0 immobiliari<\/strong> (abitazioni ed imprese) in 268 Comuni. Il progetto procede per lotti. Per velocizzare le autorizzazioni, senza compromettere la qualit\u00e0 delle scelte e la difesa del paesaggio, la Regione ha optato per conferenze uniche e unificate, tutti i Comuni insieme \u2013 un\u2019idea che decisamente ha funzionato \u2013 ed accordi di programma tra i soggetti chiamati al rilascio dei permessi. &nbsp;<\/p>\n<p>&nbsp;<\/p>\n<p>&nbsp;<\/p>\n","protected":false},"excerpt":{"rendered":"<p>3424 edifici delle cosidette &#8216;aree bianche&#8217; potranno godere della connessione veloce. Bugli: &#8216;Cos\u00ec le aziende possono attrezzarsi per essere davvero competitive nel mercato europeo&#8217;<\/p>\n","protected":false},"author":525,"featured_media":145509,"comment_status":"open","ping_status":"open","sticky":false,"template":"","format":"standard","meta":{"_acf_changed":false,"footnotes":""},"categories":[475,15],"tags":[],"class_list":["post-145015","post","type-post","status-publish","format-standard","has-post-thumbnail","hentry","category-innovazione","category-tecnologia"],"acf":[],"yoast_head":"<!-- This site is optimized with the Yoast SEO Premium plugin v24.2 (Yoast SEO v25.6) - https:\/\/yoast.com\/wordpress\/plugins\/seo\/ -->\n<title>Internet veloce, la fibra arriva a Terricciola, Capannoli e Vecchiano - intoscana<\/title>\n<meta name=\"description\" content=\"Fibra ottica, Toscana tra le prime Regioni in Italia a partire per cablare i territori e dobbiamo sfruttare questo vantaggio\" \/>\n<meta name=\"robots\" content=\"index, follow, max-snippet:-1, max-image-preview:large, max-video-preview:-1\" \/>\n<link rel=\"canonical\" href=\"https:\/\/www.intoscana.it\/it\/fibra-terricciola-capannoli-e-vecchiano\/\" \/>\n<meta property=\"og:locale\" content=\"it_IT\" \/>\n<meta property=\"og:type\" content=\"article\" \/>\n<meta property=\"og:title\" content=\"Internet veloce, la fibra arriva a Terricciola, Capannoli e Vecchiano\" \/>\n<meta property=\"og:description\" content=\"Fibra ottica, Toscana tra le prime Regioni in Italia a partire per cablare i territori e dobbiamo sfruttare questo vantaggio\" \/>\n<meta property=\"og:url\" content=\"https:\/\/www.intoscana.it\/it\/fibra-terricciola-capannoli-e-vecchiano\/\" \/>\n<meta property=\"og:site_name\" content=\"intoscana\" \/>\n<meta property=\"article:publisher\" content=\"https:\/\/www.facebook.com\/intoscana.it\" \/>\n<meta property=\"article:published_time\" content=\"2020-07-23T12:01:16+00:00\" \/>\n<meta property=\"article:modified_time\" content=\"2020-08-10T07:30:03+00:00\" \/>\n<meta property=\"og:image\" content=\"https:\/\/www.intoscana.it\/wp-content\/uploads\/earth-2254769_1920-2.jpg\" \/>\n\t<meta property=\"og:image:width\" content=\"1920\" \/>\n\t<meta property=\"og:image:height\" content=\"1180\" \/>\n\t<meta property=\"og:image:type\" content=\"image\/jpeg\" \/>\n<meta name=\"author\" content=\"Redazione\" \/>\n<meta name=\"twitter:card\" content=\"summary_large_image\" \/>\n<meta name=\"twitter:creator\" content=\"@intoscana\" \/>\n<meta name=\"twitter:site\" content=\"@intoscana\" \/>\n<meta name=\"twitter:label1\" content=\"Written by\" \/>\n\t<meta name=\"twitter:data1\" content=\"Redazione\" \/>\n\t<meta name=\"twitter:label2\" content=\"Est. reading time\" \/>\n\t<meta name=\"twitter:data2\" content=\"4 minuti\" \/>\n<script type=\"application\/ld+json\" class=\"yoast-schema-graph\">{\"@context\":\"https:\/\/schema.org\",\"@graph\":[{\"@type\":\"WebPage\",\"@id\":\"https:\/\/www.intoscana.it\/it\/fibra-terricciola-capannoli-e-vecchiano\/\",\"url\":\"https:\/\/www.intoscana.it\/it\/fibra-terricciola-capannoli-e-vecchiano\/\",\"name\":\"Internet veloce, la fibra arriva a Terricciola, Capannoli e Vecchiano - intoscana\",\"isPartOf\":{\"@id\":\"https:\/\/www.intoscana.it\/it\/#website\"},\"primaryImageOfPage\":{\"@id\":\"https:\/\/www.intoscana.it\/it\/fibra-terricciola-capannoli-e-vecchiano\/#primaryimage\"},\"image\":{\"@id\":\"https:\/\/www.intoscana.it\/it\/fibra-terricciola-capannoli-e-vecchiano\/#primaryimage\"},\"thumbnailUrl\":\"https:\/\/www.intoscana.it\/wp-content\/uploads\/earth-2254769_1920-2.jpg\",\"datePublished\":\"2020-07-23T12:01:16+00:00\",\"dateModified\":\"2020-08-10T07:30:03+00:00\",\"author\":{\"@id\":\"https:\/\/www.intoscana.it\/it\/#\/schema\/person\/9223810753230f20bd670fdd322661f8\"},\"description\":\"Fibra ottica, Toscana tra le prime Regioni in Italia a partire per cablare i territori e dobbiamo sfruttare questo vantaggio\",\"breadcrumb\":{\"@id\":\"https:\/\/www.intoscana.it\/it\/fibra-terricciola-capannoli-e-vecchiano\/#breadcrumb\"},\"inLanguage\":\"it-IT\",\"potentialAction\":[{\"@type\":\"ReadAction\",\"target\":[\"https:\/\/www.intoscana.it\/it\/fibra-terricciola-capannoli-e-vecchiano\/\"]}]},{\"@type\":\"ImageObject\",\"inLanguage\":\"it-IT\",\"@id\":\"https:\/\/www.intoscana.it\/it\/fibra-terricciola-capannoli-e-vecchiano\/#primaryimage\",\"url\":\"https:\/\/www.intoscana.it\/wp-content\/uploads\/earth-2254769_1920-2.jpg\",\"contentUrl\":\"https:\/\/www.intoscana.it\/wp-content\/uploads\/earth-2254769_1920-2.jpg\",\"width\":1920,\"height\":1180},{\"@type\":\"BreadcrumbList\",\"@id\":\"https:\/\/www.intoscana.it\/it\/fibra-terricciola-capannoli-e-vecchiano\/#breadcrumb\",\"itemListElement\":[{\"@type\":\"ListItem\",\"position\":1,\"name\":\"Home\",\"item\":\"https:\/\/www.intoscana.it\/it\/\"},{\"@type\":\"ListItem\",\"position\":2,\"name\":\"Internet veloce, la fibra arriva a Terricciola, Capannoli e Vecchiano\"}]},{\"@type\":\"WebSite\",\"@id\":\"https:\/\/www.intoscana.it\/it\/#website\",\"url\":\"https:\/\/www.intoscana.it\/it\/\",\"name\":\"intoscana\",\"description\":\"\",\"potentialAction\":[{\"@type\":\"SearchAction\",\"target\":{\"@type\":\"EntryPoint\",\"urlTemplate\":\"https:\/\/www.intoscana.it\/it\/?s={search_term_string}\"},\"query-input\":{\"@type\":\"PropertyValueSpecification\",\"valueRequired\":true,\"valueName\":\"search_term_string\"}}],\"inLanguage\":\"it-IT\"},{\"@type\":\"Person\",\"@id\":\"https:\/\/www.intoscana.it\/it\/#\/schema\/person\/9223810753230f20bd670fdd322661f8\",\"name\":\"Redazione\",\"url\":\"https:\/\/www.intoscana.it\/it\/author\/redazione\/\"}]}<\/script>\n<!-- \/ Yoast SEO Premium plugin. -->","yoast_head_json":{"title":"Internet veloce, la fibra arriva a Terricciola, Capannoli e Vecchiano - intoscana","description":"Fibra ottica, Toscana tra le prime Regioni in Italia a partire per cablare i territori e dobbiamo sfruttare questo vantaggio","robots":{"index":"index","follow":"follow","max-snippet":"max-snippet:-1","max-image-preview":"max-image-preview:large","max-video-preview":"max-video-preview:-1"},"canonical":"https:\/\/www.intoscana.it\/it\/fibra-terricciola-capannoli-e-vecchiano\/","og_locale":"it_IT","og_type":"article","og_title":"Internet veloce, la fibra arriva a Terricciola, Capannoli e Vecchiano","og_description":"Fibra ottica, Toscana tra le prime Regioni in Italia a partire per cablare i territori e dobbiamo sfruttare questo vantaggio","og_url":"https:\/\/www.intoscana.it\/it\/fibra-terricciola-capannoli-e-vecchiano\/","og_site_name":"intoscana","article_publisher":"https:\/\/www.facebook.com\/intoscana.it","article_published_time":"2020-07-23T12:01:16+00:00","article_modified_time":"2020-08-10T07:30:03+00:00","og_image":[{"width":1920,"height":1180,"url":"https:\/\/www.intoscana.it\/wp-content\/uploads\/earth-2254769_1920-2.jpg","type":"image\/jpeg"}],"author":"Redazione","twitter_card":"summary_large_image","twitter_creator":"@intoscana","twitter_site":"@intoscana","twitter_misc":{"Written by":"Redazione","Est. reading time":"4 minuti"},"schema":{"@context":"https:\/\/schema.org","@graph":[{"@type":"WebPage","@id":"https:\/\/www.intoscana.it\/it\/fibra-terricciola-capannoli-e-vecchiano\/","url":"https:\/\/www.intoscana.it\/it\/fibra-terricciola-capannoli-e-vecchiano\/","name":"Internet veloce, la fibra arriva a Terricciola, Capannoli e Vecchiano - intoscana","isPartOf":{"@id":"https:\/\/www.intoscana.it\/it\/#website"},"primaryImageOfPage":{"@id":"https:\/\/www.intoscana.it\/it\/fibra-terricciola-capannoli-e-vecchiano\/#primaryimage"},"image":{"@id":"https:\/\/www.intoscana.it\/it\/fibra-terricciola-capannoli-e-vecchiano\/#primaryimage"},"thumbnailUrl":"https:\/\/www.intoscana.it\/wp-content\/uploads\/earth-2254769_1920-2.jpg","datePublished":"2020-07-23T12:01:16+00:00","dateModified":"2020-08-10T07:30:03+00:00","author":{"@id":"https:\/\/www.intoscana.it\/it\/#\/schema\/person\/9223810753230f20bd670fdd322661f8"},"description":"Fibra ottica, Toscana tra le prime Regioni in Italia a partire per cablare i territori e dobbiamo sfruttare questo vantaggio","breadcrumb":{"@id":"https:\/\/www.intoscana.it\/it\/fibra-terricciola-capannoli-e-vecchiano\/#breadcrumb"},"inLanguage":"it-IT","potentialAction":[{"@type":"ReadAction","target":["https:\/\/www.intoscana.it\/it\/fibra-terricciola-capannoli-e-vecchiano\/"]}]},{"@type":"ImageObject","inLanguage":"it-IT","@id":"https:\/\/www.intoscana.it\/it\/fibra-terricciola-capannoli-e-vecchiano\/#primaryimage","url":"https:\/\/www.intoscana.it\/wp-content\/uploads\/earth-2254769_1920-2.jpg","contentUrl":"https:\/\/www.intoscana.it\/wp-content\/uploads\/earth-2254769_1920-2.jpg","width":1920,"height":1180},{"@type":"BreadcrumbList","@id":"https:\/\/www.intoscana.it\/it\/fibra-terricciola-capannoli-e-vecchiano\/#breadcrumb","itemListElement":[{"@type":"ListItem","position":1,"name":"Home","item":"https:\/\/www.intoscana.it\/it\/"},{"@type":"ListItem","position":2,"name":"Internet veloce, la fibra arriva a Terricciola, Capannoli e Vecchiano"}]},{"@type":"WebSite","@id":"https:\/\/www.intoscana.it\/it\/#website","url":"https:\/\/www.intoscana.it\/it\/","name":"intoscana","description":"","potentialAction":[{"@type":"SearchAction","target":{"@type":"EntryPoint","urlTemplate":"https:\/\/www.intoscana.it\/it\/?s={search_term_string}"},"query-input":{"@type":"PropertyValueSpecification","valueRequired":true,"valueName":"search_term_string"}}],"inLanguage":"it-IT"},{"@type":"Person","@id":"https:\/\/www.intoscana.it\/it\/#\/schema\/person\/9223810753230f20bd670fdd322661f8","name":"Redazione","url":"https:\/\/www.intoscana.it\/it\/author\/redazione\/"}]}},"_links":{"self":[{"href":"https:\/\/www.intoscana.it\/it\/wp-json\/wp\/v2\/posts\/145015","targetHints":{"allow":["GET"]}}],"collection":[{"href":"https:\/\/www.intoscana.it\/it\/wp-json\/wp\/v2\/posts"}],"about":[{"href":"https:\/\/www.intoscana.it\/it\/wp-json\/wp\/v2\/types\/post"}],"author":[{"embeddable":true,"href":"https:\/\/www.intoscana.it\/it\/wp-json\/wp\/v2\/users\/525"}],"replies":[{"embeddable":true,"href":"https:\/\/www.intoscana.it\/it\/wp-json\/wp\/v2\/comments?post=145015"}],"version-history":[{"count":0,"href":"https:\/\/www.intoscana.it\/it\/wp-json\/wp\/v2\/posts\/145015\/revisions"}],"wp:featuredmedia":[{"embeddable":true,"href":"https:\/\/www.intoscana.it\/it\/wp-json\/wp\/v2\/media\/145509"}],"wp:attachment":[{"href":"https:\/\/www.intoscana.it\/it\/wp-json\/wp\/v2\/media?parent=145015"}],"wp:term":[{"taxonomy":"category","embeddable":true,"href":"https:\/\/www.intoscana.it\/it\/wp-json\/wp\/v2\/categories?post=145015"},{"taxonomy":"post_tag","embeddable":true,"href":"https:\/\/www.intoscana.it\/it\/wp-json\/wp\/v2\/tags?post=145015"}],"curies":[{"name":"wp","href":"https:\/\/api.w.org\/{rel}","templated":true}]}}