{"id":145026,"date":"2020-06-23T10:08:44","date_gmt":"2020-06-23T08:08:44","guid":{"rendered":"https:\/\/www.intoscana.it\/il-cristallo-innovativo-di-empoli-vince-il-premio-primavera-dimpresa\/"},"modified":"2020-08-10T09:30:08","modified_gmt":"2020-08-10T07:30:08","slug":"vincitori-primavera-impresa","status":"publish","type":"post","link":"https:\/\/www.intoscana.it\/it\/vincitori-primavera-impresa\/","title":{"rendered":"Il cristallo innovativo di Empoli vince il premio Primavera d&#8217;Impresa"},"content":{"rendered":"<p><strong>Un cristallo unico al mondo, i robot che aiutano l&#8217;uomo e i generatori di gas tecnici: sono questi i tre progetti vincitori del premio &#8216;Primavera d&#8217;Impresa 2020&#8217;,<\/strong> l&#8217;iniziativa nata per premiare le aziende pi\u00f9 innovative, promossa dalla cooperativa Crisis col patrocinio di Regione Toscana, Comune di Livorno, Province toscane, associazioni di categoria, Universit\u00e0 di Firenze, Pisa e Siena, dalla Scuola Normale, dalla Scuola Superiore Sant&#8217;Anna e Cnr.<strong> Le aziende candidate erano 128, pi\u00f9 del doppio dell&#8217;edizione precedente.<br \/><\/strong><br \/>Al primo posto si \u00e8 classificata <strong>Nuova Cev, cooperativa empolese specializzata nella lavorazione del cristallo soffiato&nbsp;<\/strong><strong>a bocca<\/strong>, un&#8217;antica tradizione che si sposa con le tecniche pi\u00f9 innovative.<strong> Nuova Cev infatti ha proposto un cristallo creato con una tecnica mai usata prima, l&#8217;unione di pi\u00f9 strati di tre colori diversi:<\/strong> il prossimo passo sar\u00e0 una linea di prodotti green, riducendo al minimo l&#8217;utilizzo del piombo. La cooperativa si \u00e8 cos\u00ec aggiudicata un consulenza dal valore di 10mila euro per la realizzazione di un business plan e per implementare strategie di marketing efficaci.&nbsp;<\/p>\n<p>Al secondo posto la <strong>Wearable Robotics, spin off della Scuola&nbsp;<\/strong><strong>Superiore Sant&#8217;Anna di Pisa,<\/strong> che crea dispositivi robotici esoscheletrici sensorizzati, usati in campo industriale e medico, con diversi scopi, come per l&#8217;aumento delle capacit\u00e0 umane nell&#8217;industria, ad esempio per s<strong>ollevare carichi pesanti, l&#8217;ausilio alla deambulazione di persone disabili o anziane e la&nbsp;<\/strong><strong>riabilitazione motoria per persone neuro lese<\/strong>. <br \/>Al terzo posto,&nbsp;<strong>la ErreDue spa di Livorno<\/strong> che progetta, realizza e vende in tutto il mondo generatori di idrogeno, azoto e ossigeno per l&#8217;industria.&nbsp;<\/p>\n<p>\u201c\u00c8 stata un\u2019edizione che ci ha sorpreso \u2013 commenta la presidente di Crisis, Cristina Nati&nbsp;\u2013 <strong>la voglia di ripartire si \u00e8 tradotta in una maggiore voglia di collaborare, di condividere esperienze e progetti. \u00c8 questa la forza del nostro network,<\/strong> trovare i punti di contatto tra realt\u00e0 che operano in campi diversi, ma che hanno in comune il territorio di riferimento e soprattutto la carica innovativa. Le aziende vincitrici rispecchiano bene questa diversit\u00e0, dalla tipologia di impresa al loro core business, ma possono condividere buone pratiche e metodologie di sviluppo. Lo scopo della rete \u00e8 aiutare tutte le imprese che ne fanno parte a crescere e a migliorare la loro attivit\u00e0 di promozione e marketing.&#8221;<\/p>\n","protected":false},"excerpt":{"rendered":"<p>La cooperativa Nuova Cev con il suo cristallo green si \u00e8 classificata al primo posto nel concorso per le aziende pi\u00f9 creative, seguita dai robot indossabili di&nbsp;Wearable Robotics e dalla ErreDue di Livorno<\/p>\n","protected":false},"author":525,"featured_media":145520,"comment_status":"open","ping_status":"open","sticky":false,"template":"","format":"standard","meta":{"_acf_changed":false,"footnotes":""},"categories":[475,15],"tags":[],"class_list":["post-145026","post","type-post","status-publish","format-standard","has-post-thumbnail","hentry","category-innovazione","category-tecnologia"],"acf":[],"yoast_head":"<!-- This site is optimized with the Yoast SEO Premium plugin v24.2 (Yoast SEO v25.6) - https:\/\/yoast.com\/wordpress\/plugins\/seo\/ -->\n<title>Il cristallo innovativo di Empoli vince il premio Primavera d&#039;Impresa - intoscana<\/title>\n<meta name=\"robots\" content=\"index, follow, max-snippet:-1, max-image-preview:large, max-video-preview:-1\" \/>\n<link rel=\"canonical\" href=\"https:\/\/www.intoscana.it\/it\/vincitori-primavera-impresa\/\" \/>\n<meta property=\"og:locale\" content=\"it_IT\" \/>\n<meta property=\"og:type\" content=\"article\" \/>\n<meta property=\"og:title\" content=\"Il cristallo innovativo di Empoli vince il premio Primavera d&#039;Impresa\" \/>\n<meta property=\"og:description\" content=\"La cooperativa Nuova Cev con il suo cristallo green si \u00e8 classificata al primo posto nel concorso per le aziende pi\u00f9 creative, seguita dai robot indossabili di&nbsp;Wearable Robotics e dalla ErreDue di Livorno\" \/>\n<meta property=\"og:url\" content=\"https:\/\/www.intoscana.it\/it\/vincitori-primavera-impresa\/\" \/>\n<meta property=\"og:site_name\" content=\"intoscana\" \/>\n<meta property=\"article:publisher\" content=\"https:\/\/www.facebook.com\/intoscana.it\" \/>\n<meta property=\"article:published_time\" content=\"2020-06-23T08:08:44+00:00\" \/>\n<meta property=\"article:modified_time\" content=\"2020-08-10T07:30:08+00:00\" \/>\n<meta property=\"og:image\" content=\"https:\/\/www.intoscana.it\/wp-content\/uploads\/368932e3d04c9ac1359353c3fdb76d7f-19.png\" \/>\n\t<meta property=\"og:image:width\" content=\"949\" \/>\n\t<meta property=\"og:image:height\" content=\"633\" \/>\n\t<meta property=\"og:image:type\" content=\"image\/png\" \/>\n<meta name=\"author\" content=\"Redazione\" \/>\n<meta name=\"twitter:card\" content=\"summary_large_image\" \/>\n<meta name=\"twitter:creator\" content=\"@intoscana\" \/>\n<meta name=\"twitter:site\" content=\"@intoscana\" \/>\n<meta name=\"twitter:label1\" content=\"Written by\" \/>\n\t<meta name=\"twitter:data1\" content=\"Redazione\" \/>\n\t<meta name=\"twitter:label2\" content=\"Est. reading time\" \/>\n\t<meta name=\"twitter:data2\" content=\"2 minuti\" \/>\n<script type=\"application\/ld+json\" class=\"yoast-schema-graph\">{\"@context\":\"https:\/\/schema.org\",\"@graph\":[{\"@type\":\"WebPage\",\"@id\":\"https:\/\/www.intoscana.it\/it\/vincitori-primavera-impresa\/\",\"url\":\"https:\/\/www.intoscana.it\/it\/vincitori-primavera-impresa\/\",\"name\":\"Il cristallo innovativo di Empoli vince il premio Primavera d'Impresa - intoscana\",\"isPartOf\":{\"@id\":\"https:\/\/www.intoscana.it\/it\/#website\"},\"primaryImageOfPage\":{\"@id\":\"https:\/\/www.intoscana.it\/it\/vincitori-primavera-impresa\/#primaryimage\"},\"image\":{\"@id\":\"https:\/\/www.intoscana.it\/it\/vincitori-primavera-impresa\/#primaryimage\"},\"thumbnailUrl\":\"https:\/\/www.intoscana.it\/wp-content\/uploads\/368932e3d04c9ac1359353c3fdb76d7f-19.png\",\"datePublished\":\"2020-06-23T08:08:44+00:00\",\"dateModified\":\"2020-08-10T07:30:08+00:00\",\"author\":{\"@id\":\"https:\/\/www.intoscana.it\/it\/#\/schema\/person\/9223810753230f20bd670fdd322661f8\"},\"breadcrumb\":{\"@id\":\"https:\/\/www.intoscana.it\/it\/vincitori-primavera-impresa\/#breadcrumb\"},\"inLanguage\":\"it-IT\",\"potentialAction\":[{\"@type\":\"ReadAction\",\"target\":[\"https:\/\/www.intoscana.it\/it\/vincitori-primavera-impresa\/\"]}]},{\"@type\":\"ImageObject\",\"inLanguage\":\"it-IT\",\"@id\":\"https:\/\/www.intoscana.it\/it\/vincitori-primavera-impresa\/#primaryimage\",\"url\":\"https:\/\/www.intoscana.it\/wp-content\/uploads\/368932e3d04c9ac1359353c3fdb76d7f-19.png\",\"contentUrl\":\"https:\/\/www.intoscana.it\/wp-content\/uploads\/368932e3d04c9ac1359353c3fdb76d7f-19.png\",\"width\":949,\"height\":633},{\"@type\":\"BreadcrumbList\",\"@id\":\"https:\/\/www.intoscana.it\/it\/vincitori-primavera-impresa\/#breadcrumb\",\"itemListElement\":[{\"@type\":\"ListItem\",\"position\":1,\"name\":\"Home\",\"item\":\"https:\/\/www.intoscana.it\/it\/\"},{\"@type\":\"ListItem\",\"position\":2,\"name\":\"Il cristallo innovativo di Empoli vince il premio Primavera d&#8217;Impresa\"}]},{\"@type\":\"WebSite\",\"@id\":\"https:\/\/www.intoscana.it\/it\/#website\",\"url\":\"https:\/\/www.intoscana.it\/it\/\",\"name\":\"intoscana\",\"description\":\"\",\"potentialAction\":[{\"@type\":\"SearchAction\",\"target\":{\"@type\":\"EntryPoint\",\"urlTemplate\":\"https:\/\/www.intoscana.it\/it\/?s={search_term_string}\"},\"query-input\":{\"@type\":\"PropertyValueSpecification\",\"valueRequired\":true,\"valueName\":\"search_term_string\"}}],\"inLanguage\":\"it-IT\"},{\"@type\":\"Person\",\"@id\":\"https:\/\/www.intoscana.it\/it\/#\/schema\/person\/9223810753230f20bd670fdd322661f8\",\"name\":\"Redazione\",\"url\":\"https:\/\/www.intoscana.it\/it\/author\/redazione\/\"}]}<\/script>\n<!-- \/ Yoast SEO Premium plugin. -->","yoast_head_json":{"title":"Il cristallo innovativo di Empoli vince il premio Primavera d'Impresa - intoscana","robots":{"index":"index","follow":"follow","max-snippet":"max-snippet:-1","max-image-preview":"max-image-preview:large","max-video-preview":"max-video-preview:-1"},"canonical":"https:\/\/www.intoscana.it\/it\/vincitori-primavera-impresa\/","og_locale":"it_IT","og_type":"article","og_title":"Il cristallo innovativo di Empoli vince il premio Primavera d'Impresa","og_description":"La cooperativa Nuova Cev con il suo cristallo green si \u00e8 classificata al primo posto nel concorso per le aziende pi\u00f9 creative, seguita dai robot indossabili di&nbsp;Wearable Robotics e dalla ErreDue di Livorno","og_url":"https:\/\/www.intoscana.it\/it\/vincitori-primavera-impresa\/","og_site_name":"intoscana","article_publisher":"https:\/\/www.facebook.com\/intoscana.it","article_published_time":"2020-06-23T08:08:44+00:00","article_modified_time":"2020-08-10T07:30:08+00:00","og_image":[{"width":949,"height":633,"url":"https:\/\/www.intoscana.it\/wp-content\/uploads\/368932e3d04c9ac1359353c3fdb76d7f-19.png","type":"image\/png"}],"author":"Redazione","twitter_card":"summary_large_image","twitter_creator":"@intoscana","twitter_site":"@intoscana","twitter_misc":{"Written by":"Redazione","Est. reading time":"2 minuti"},"schema":{"@context":"https:\/\/schema.org","@graph":[{"@type":"WebPage","@id":"https:\/\/www.intoscana.it\/it\/vincitori-primavera-impresa\/","url":"https:\/\/www.intoscana.it\/it\/vincitori-primavera-impresa\/","name":"Il cristallo innovativo di Empoli vince il premio Primavera d'Impresa - intoscana","isPartOf":{"@id":"https:\/\/www.intoscana.it\/it\/#website"},"primaryImageOfPage":{"@id":"https:\/\/www.intoscana.it\/it\/vincitori-primavera-impresa\/#primaryimage"},"image":{"@id":"https:\/\/www.intoscana.it\/it\/vincitori-primavera-impresa\/#primaryimage"},"thumbnailUrl":"https:\/\/www.intoscana.it\/wp-content\/uploads\/368932e3d04c9ac1359353c3fdb76d7f-19.png","datePublished":"2020-06-23T08:08:44+00:00","dateModified":"2020-08-10T07:30:08+00:00","author":{"@id":"https:\/\/www.intoscana.it\/it\/#\/schema\/person\/9223810753230f20bd670fdd322661f8"},"breadcrumb":{"@id":"https:\/\/www.intoscana.it\/it\/vincitori-primavera-impresa\/#breadcrumb"},"inLanguage":"it-IT","potentialAction":[{"@type":"ReadAction","target":["https:\/\/www.intoscana.it\/it\/vincitori-primavera-impresa\/"]}]},{"@type":"ImageObject","inLanguage":"it-IT","@id":"https:\/\/www.intoscana.it\/it\/vincitori-primavera-impresa\/#primaryimage","url":"https:\/\/www.intoscana.it\/wp-content\/uploads\/368932e3d04c9ac1359353c3fdb76d7f-19.png","contentUrl":"https:\/\/www.intoscana.it\/wp-content\/uploads\/368932e3d04c9ac1359353c3fdb76d7f-19.png","width":949,"height":633},{"@type":"BreadcrumbList","@id":"https:\/\/www.intoscana.it\/it\/vincitori-primavera-impresa\/#breadcrumb","itemListElement":[{"@type":"ListItem","position":1,"name":"Home","item":"https:\/\/www.intoscana.it\/it\/"},{"@type":"ListItem","position":2,"name":"Il cristallo innovativo di Empoli vince il premio Primavera d&#8217;Impresa"}]},{"@type":"WebSite","@id":"https:\/\/www.intoscana.it\/it\/#website","url":"https:\/\/www.intoscana.it\/it\/","name":"intoscana","description":"","potentialAction":[{"@type":"SearchAction","target":{"@type":"EntryPoint","urlTemplate":"https:\/\/www.intoscana.it\/it\/?s={search_term_string}"},"query-input":{"@type":"PropertyValueSpecification","valueRequired":true,"valueName":"search_term_string"}}],"inLanguage":"it-IT"},{"@type":"Person","@id":"https:\/\/www.intoscana.it\/it\/#\/schema\/person\/9223810753230f20bd670fdd322661f8","name":"Redazione","url":"https:\/\/www.intoscana.it\/it\/author\/redazione\/"}]}},"_links":{"self":[{"href":"https:\/\/www.intoscana.it\/it\/wp-json\/wp\/v2\/posts\/145026","targetHints":{"allow":["GET"]}}],"collection":[{"href":"https:\/\/www.intoscana.it\/it\/wp-json\/wp\/v2\/posts"}],"about":[{"href":"https:\/\/www.intoscana.it\/it\/wp-json\/wp\/v2\/types\/post"}],"author":[{"embeddable":true,"href":"https:\/\/www.intoscana.it\/it\/wp-json\/wp\/v2\/users\/525"}],"replies":[{"embeddable":true,"href":"https:\/\/www.intoscana.it\/it\/wp-json\/wp\/v2\/comments?post=145026"}],"version-history":[{"count":0,"href":"https:\/\/www.intoscana.it\/it\/wp-json\/wp\/v2\/posts\/145026\/revisions"}],"wp:featuredmedia":[{"embeddable":true,"href":"https:\/\/www.intoscana.it\/it\/wp-json\/wp\/v2\/media\/145520"}],"wp:attachment":[{"href":"https:\/\/www.intoscana.it\/it\/wp-json\/wp\/v2\/media?parent=145026"}],"wp:term":[{"taxonomy":"category","embeddable":true,"href":"https:\/\/www.intoscana.it\/it\/wp-json\/wp\/v2\/categories?post=145026"},{"taxonomy":"post_tag","embeddable":true,"href":"https:\/\/www.intoscana.it\/it\/wp-json\/wp\/v2\/tags?post=145026"}],"curies":[{"name":"wp","href":"https:\/\/api.w.org\/{rel}","templated":true}]}}