{"id":145030,"date":"2020-06-12T13:09:44","date_gmt":"2020-06-12T11:09:44","guid":{"rendered":"https:\/\/www.intoscana.it\/covid-forte-legame-tra-mobilita-e-contagio-lo-studio-di-cnr-isti-ed-unipi\/"},"modified":"2020-08-21T11:07:30","modified_gmt":"2020-08-21T09:07:30","slug":"covid19-mobilita-e-contagio-studio","status":"publish","type":"post","link":"https:\/\/www.intoscana.it\/it\/covid19-mobilita-e-contagio-studio\/","title":{"rendered":"Covid: &#8216;Forte legame tra mobilit\u00e0 e contagio&#8217;, lo studio di Cnr, Isti ed Unipi"},"content":{"rendered":"<p>La <strong>mobilit\u00e0 urbana<\/strong> \u00e8 stata limitata in una <strong>settimana<\/strong>. Lo stesso arco temporale \u00e8 servito per portare <strong>l\u2019indice di trasmissibilit\u00e0 al di sotto di 1<\/strong>. \u00c8 quanto emerge da uno studio condotto da <strong>KDD-Lab, laboratorio congiunto tra Cnr e Universit\u00e0 di Pisa, insieme con WINDTRE<\/strong>, l\u2019<strong>Istituto Superiore di Sanit\u00e0, la Fondazione Bruno Kessler e altri centri di ricerca italiani ed internazionali<\/strong>. La ricerca ha analizzato la relazione tra la mobilit\u00e0 dei cittadini e la diffusione del <strong>COVID-19<\/strong>, nel periodo da gennaio a maggio 2020, in tutte le regioni italiane basandosi <strong>sul tracciamento anonimo dei dati telefonici.<\/strong><\/p>\n<p>Che il <strong>lockdown sia stata l\u2019arma vincente per limitare la diffusione del virus<\/strong>, \u00e8 una convinzione che tutti abbiamo e che anche l\u2019Europa e il mondo riconoscono al nostro Paese (\u201c<em>Il governo italiano ha adottato misure straordinarie per il contenimento dell\u2019epidemia #COVID19 e per mitigarne l\u2019impatto sociale ed economico<\/em>&#8221; ha twittato il 6 marzo scorso <strong>il direttore generale dell&#8217;Organizzazione mondiale della sanit\u00e0 Tedros Adhanom Ghebreyesus<\/strong>).<\/p>\n<p>Questa nuova ricerca, condotta nell\u2019ambito delle <strong>attivit\u00e0 della task force COVID-19 \u201cdata-driven\u201d del Ministro per l\u2019Innovazione Tecnologica e la Digitalizzazione<\/strong>, lo conferma grazie ai dati (o meglio dall\u2019andamento dei flussi) elaborati dal gruppo di scienziati che evidenziano chiaramente come siano <strong>stati proprio gli spostamenti in entrata, in uscita o quelli interni in una stessa Regione la causa principale della trasmissibilit\u00e0 del Covid.<\/strong><\/p>\n<p>Ci\u00f2 che l\u2019analisi mette in luce \u00e8 che nel periodo precedente al blocco, avvenuto con circa 30 giorni di ritardo rispetto al primo contagio, il numero di infezioni da Coronavirus <strong>ha avuto ovunque una crescita significativa. Crescita che ha invertito la propria tendenza con l\u2019introduzione delle limitazioni<\/strong>, via via pi\u00f9 stringenti, degli spostamenti tra regione e tra comuni, cos\u00ec come si vede dal grafico sotto.<\/p>\n<p><img decoding=\"async\" alt=\"mobilit\u00e0 e contagio\" style=\"width: 599px; display: block; margin-left: auto; margin-right: auto;\" title=\"mobilit\u00e0 e contagio\" src=\"https:\/\/www.intoscana.it\/shared\/intoscana\/immagini\/mobilita-e-cntagio.jpg\" height=\"237\" \/>\u201c<em>L\u2019analisi di questi dati<\/em> \u2013 ha detto <strong>Fosca Giannotti dell\u2019Istituto di Scienza e Tecnologia dell\u2019 Informazione (Cnr-Isti)<\/strong> &#8211; <em>consente di ragionare sull&#8217;efficacia delle scelte politiche circa gli interventi di contenimento, aiutando le autorit\u00e0 sanitarie regionali e centrali a monitorare l&#8217;epidemia man mano che la situazione evolver\u00e0, nei prossimi mesi\u201d.<\/em><\/p>\n<p>La mobilit\u00e0, insomma, sarebbe stata la causa principale del contagio. <strong>Spostandoci da una regione all\u2019altra, da una citt\u00e0 all\u2019altra, abbiamo inconsapevolmente accelerato il diffondersi del Covid.&nbsp;<\/strong><strong>Scattate le misure di lockdown anche il virus ha fermato la propria corsa.<\/strong><\/p>\n<p>Ovviamente la riduzione del contagio \u00e8 <strong>merito anche delle misure sanitarie introdotte<\/strong>: sorveglianza epidemica, campagne di test e tracciamento, la prontezza nell\u2019isolamento dei focolai e ovviamente l\u2019incidenza del virus diversa da regione a regione. Ma la mobilit\u00e0 \u00e8 stata un fattore chiave.<\/p>\n<p>Lo dimostra anche il fatto che i ricercatori hanno individuato <strong>una stretta correlazione tra<\/strong> il numero di giorni al di sopra della soglia epidemica prima della riduzione della mobilit\u00e0 (il <strong>\u201critardo\u201d del lockdown rispetto all\u2019inizio del contagio)<\/strong> e il <strong>numero totale di infezioni SARS-CoV-2 confermate per 100k abitanti.<\/strong> In Regioni come la Liguria, l&#8217;Emilia-Romagna e il Piemonte, la riduzione della mobilit\u00e0 \u00e8 iniziata -rispettivamente &#8211; 32 e 38 giorni dopo il primo giorno in cui l\u2019indice Rt, che ormai tutti sappiamo essere il numero medio di infezioni generate da un individuo infetto, \u00e8 salito sopra 1. E in queste aree la situazione stata particolarmente difficile. Per non parlare della Lombardia dove la riduzione della mobilit\u00e0 \u00e8 iniziata circa 32 giorni dopo il primo giorno in cui Rt &gt;1 , portando al maggior numero di casi positivi per abitante in Italia.<\/p>\n<p>La <strong>Toscana<\/strong> ha avuto un \u201critardo\u201d di circa 30 giorni dal primo contagio ma alcune misure restrittive introdotte nella nostra regione sembrano essere riuscite a limitare gli effetti del contagio.<\/p>\n<p>La Toscana \u00e8 decima in Italia come numerosit\u00e0 di casi,<strong> Massa, Carrara e Lucca le aree pi\u00f9 colpite<\/strong>, ed \u00e8 proprio in queste zone pi\u00f9 vicine alle regioni del nord, che si \u00e8 registrato fin da subito un andamento anomalo del contagio, che non possiamo escludere sia dipeso anche dal flusso di arrivi dal nord Italia a inizio marzo, che indussero il <strong>presidente della Regione, Enrico Rossi, a firmare la decima ordinanza<\/strong> chiedendo a chi era entrato in Toscana per motivi diversi da quelli previsti nel dpcm di far immediato rientro alla propria residenza o al proprio domicilio.<\/p>\n<p>Leggendo l\u2019andamento in queste zone alla luce dei risultati della ricerca del KDD-Lab potremmo anche sostenere, a ragione, <strong>che siano stati proprio i flussi in entrata e in uscita a determinare una maggior incidenza del Covid in alcune aree della Toscana.<\/strong><\/p>\n","protected":false},"excerpt":{"rendered":"<p>La ricerca del gruppo di scienziati ha evidenziato che gli spostamenti in entrata, in uscita o interni in una stessa Regione sono stati la causa principale della diffusione del virus<\/p>\n","protected":false},"author":503,"featured_media":145524,"comment_status":"open","ping_status":"open","sticky":false,"template":"","format":"standard","meta":{"_acf_changed":false,"footnotes":""},"categories":[18],"tags":[418,184,1577,213],"class_list":["post-145030","post","type-post","status-publish","format-standard","has-post-thumbnail","hentry","category-salute","tag-covid-19","tag-mobilita","tag-muoversi-in-toscana","tag-ricerca"],"acf":[],"yoast_head":"<!-- This site is optimized with the Yoast SEO Premium plugin v24.2 (Yoast SEO v25.6) - https:\/\/yoast.com\/wordpress\/plugins\/seo\/ -->\n<title>Covid: &#039;Forte legame tra mobilit\u00e0 e contagio&#039;, lo studio di Cnr, Isti ed Unipi - intoscana<\/title>\n<meta name=\"description\" content=\"La mobilit\u00e0 \u00e8 stata limitata in una settimana, lo stesso tempo \u00e8 servito per portare l\u2019indice di trasmissibilit\u00e0 al di sotto di 1\" \/>\n<meta name=\"robots\" content=\"index, follow, max-snippet:-1, max-image-preview:large, max-video-preview:-1\" \/>\n<link rel=\"canonical\" href=\"https:\/\/www.intoscana.it\/it\/covid19-mobilita-e-contagio-studio\/\" \/>\n<meta property=\"og:locale\" content=\"it_IT\" \/>\n<meta property=\"og:type\" content=\"article\" \/>\n<meta property=\"og:title\" content=\"Covid: &#039;Forte legame tra mobilit\u00e0 e contagio&#039;, lo studio di Cnr, Isti ed Unipi\" \/>\n<meta property=\"og:description\" content=\"La mobilit\u00e0 \u00e8 stata limitata in una settimana, lo stesso tempo \u00e8 servito per portare l\u2019indice di trasmissibilit\u00e0 al di sotto di 1\" \/>\n<meta property=\"og:url\" content=\"https:\/\/www.intoscana.it\/it\/covid19-mobilita-e-contagio-studio\/\" \/>\n<meta property=\"og:site_name\" content=\"intoscana\" \/>\n<meta property=\"article:publisher\" content=\"https:\/\/www.facebook.com\/intoscana.it\" \/>\n<meta property=\"article:published_time\" content=\"2020-06-12T11:09:44+00:00\" \/>\n<meta property=\"article:modified_time\" content=\"2020-08-21T09:07:30+00:00\" \/>\n<meta property=\"og:image\" content=\"https:\/\/www.intoscana.it\/wp-content\/uploads\/aeroporto-fascio-di-luce-gente-che-cammina-luce-e-ombra-2206986.jpg\" \/>\n\t<meta property=\"og:image:width\" content=\"2000\" \/>\n\t<meta property=\"og:image:height\" content=\"1450\" \/>\n\t<meta property=\"og:image:type\" content=\"image\/jpeg\" \/>\n<meta name=\"author\" content=\"Giulia Rafanelli\" \/>\n<meta name=\"twitter:card\" content=\"summary_large_image\" \/>\n<meta name=\"twitter:creator\" content=\"@intoscana\" \/>\n<meta name=\"twitter:site\" content=\"@intoscana\" \/>\n<meta name=\"twitter:label1\" content=\"Written by\" \/>\n\t<meta name=\"twitter:data1\" content=\"Giulia Rafanelli\" \/>\n\t<meta name=\"twitter:label2\" content=\"Est. reading time\" \/>\n\t<meta name=\"twitter:data2\" content=\"4 minuti\" \/>\n<script type=\"application\/ld+json\" class=\"yoast-schema-graph\">{\"@context\":\"https:\/\/schema.org\",\"@graph\":[{\"@type\":\"WebPage\",\"@id\":\"https:\/\/www.intoscana.it\/it\/covid19-mobilita-e-contagio-studio\/\",\"url\":\"https:\/\/www.intoscana.it\/it\/covid19-mobilita-e-contagio-studio\/\",\"name\":\"Covid: 'Forte legame tra mobilit\u00e0 e contagio', lo studio di Cnr, Isti ed Unipi - intoscana\",\"isPartOf\":{\"@id\":\"https:\/\/www.intoscana.it\/it\/#website\"},\"primaryImageOfPage\":{\"@id\":\"https:\/\/www.intoscana.it\/it\/covid19-mobilita-e-contagio-studio\/#primaryimage\"},\"image\":{\"@id\":\"https:\/\/www.intoscana.it\/it\/covid19-mobilita-e-contagio-studio\/#primaryimage\"},\"thumbnailUrl\":\"https:\/\/www.intoscana.it\/wp-content\/uploads\/aeroporto-fascio-di-luce-gente-che-cammina-luce-e-ombra-2206986.jpg\",\"datePublished\":\"2020-06-12T11:09:44+00:00\",\"dateModified\":\"2020-08-21T09:07:30+00:00\",\"author\":{\"@id\":\"https:\/\/www.intoscana.it\/it\/#\/schema\/person\/333569b367b301e30262defcea56c939\"},\"description\":\"La mobilit\u00e0 \u00e8 stata limitata in una settimana, lo stesso tempo \u00e8 servito per portare l\u2019indice di trasmissibilit\u00e0 al di sotto di 1\",\"breadcrumb\":{\"@id\":\"https:\/\/www.intoscana.it\/it\/covid19-mobilita-e-contagio-studio\/#breadcrumb\"},\"inLanguage\":\"it-IT\",\"potentialAction\":[{\"@type\":\"ReadAction\",\"target\":[\"https:\/\/www.intoscana.it\/it\/covid19-mobilita-e-contagio-studio\/\"]}]},{\"@type\":\"ImageObject\",\"inLanguage\":\"it-IT\",\"@id\":\"https:\/\/www.intoscana.it\/it\/covid19-mobilita-e-contagio-studio\/#primaryimage\",\"url\":\"https:\/\/www.intoscana.it\/wp-content\/uploads\/aeroporto-fascio-di-luce-gente-che-cammina-luce-e-ombra-2206986.jpg\",\"contentUrl\":\"https:\/\/www.intoscana.it\/wp-content\/uploads\/aeroporto-fascio-di-luce-gente-che-cammina-luce-e-ombra-2206986.jpg\",\"width\":2000,\"height\":1450},{\"@type\":\"BreadcrumbList\",\"@id\":\"https:\/\/www.intoscana.it\/it\/covid19-mobilita-e-contagio-studio\/#breadcrumb\",\"itemListElement\":[{\"@type\":\"ListItem\",\"position\":1,\"name\":\"Home\",\"item\":\"https:\/\/www.intoscana.it\/it\/\"},{\"@type\":\"ListItem\",\"position\":2,\"name\":\"Covid: &#8216;Forte legame tra mobilit\u00e0 e contagio&#8217;, lo studio di Cnr, Isti ed Unipi\"}]},{\"@type\":\"WebSite\",\"@id\":\"https:\/\/www.intoscana.it\/it\/#website\",\"url\":\"https:\/\/www.intoscana.it\/it\/\",\"name\":\"intoscana\",\"description\":\"\",\"potentialAction\":[{\"@type\":\"SearchAction\",\"target\":{\"@type\":\"EntryPoint\",\"urlTemplate\":\"https:\/\/www.intoscana.it\/it\/?s={search_term_string}\"},\"query-input\":{\"@type\":\"PropertyValueSpecification\",\"valueRequired\":true,\"valueName\":\"search_term_string\"}}],\"inLanguage\":\"it-IT\"},{\"@type\":\"Person\",\"@id\":\"https:\/\/www.intoscana.it\/it\/#\/schema\/person\/333569b367b301e30262defcea56c939\",\"name\":\"Giulia Rafanelli\",\"url\":\"https:\/\/www.intoscana.it\/it\/author\/giulia-rafanelli\/\"}]}<\/script>\n<!-- \/ Yoast SEO Premium plugin. -->","yoast_head_json":{"title":"Covid: 'Forte legame tra mobilit\u00e0 e contagio', lo studio di Cnr, Isti ed Unipi - intoscana","description":"La mobilit\u00e0 \u00e8 stata limitata in una settimana, lo stesso tempo \u00e8 servito per portare l\u2019indice di trasmissibilit\u00e0 al di sotto di 1","robots":{"index":"index","follow":"follow","max-snippet":"max-snippet:-1","max-image-preview":"max-image-preview:large","max-video-preview":"max-video-preview:-1"},"canonical":"https:\/\/www.intoscana.it\/it\/covid19-mobilita-e-contagio-studio\/","og_locale":"it_IT","og_type":"article","og_title":"Covid: 'Forte legame tra mobilit\u00e0 e contagio', lo studio di Cnr, Isti ed Unipi","og_description":"La mobilit\u00e0 \u00e8 stata limitata in una settimana, lo stesso tempo \u00e8 servito per portare l\u2019indice di trasmissibilit\u00e0 al di sotto di 1","og_url":"https:\/\/www.intoscana.it\/it\/covid19-mobilita-e-contagio-studio\/","og_site_name":"intoscana","article_publisher":"https:\/\/www.facebook.com\/intoscana.it","article_published_time":"2020-06-12T11:09:44+00:00","article_modified_time":"2020-08-21T09:07:30+00:00","og_image":[{"width":2000,"height":1450,"url":"https:\/\/www.intoscana.it\/wp-content\/uploads\/aeroporto-fascio-di-luce-gente-che-cammina-luce-e-ombra-2206986.jpg","type":"image\/jpeg"}],"author":"Giulia Rafanelli","twitter_card":"summary_large_image","twitter_creator":"@intoscana","twitter_site":"@intoscana","twitter_misc":{"Written by":"Giulia Rafanelli","Est. reading time":"4 minuti"},"schema":{"@context":"https:\/\/schema.org","@graph":[{"@type":"WebPage","@id":"https:\/\/www.intoscana.it\/it\/covid19-mobilita-e-contagio-studio\/","url":"https:\/\/www.intoscana.it\/it\/covid19-mobilita-e-contagio-studio\/","name":"Covid: 'Forte legame tra mobilit\u00e0 e contagio', lo studio di Cnr, Isti ed Unipi - intoscana","isPartOf":{"@id":"https:\/\/www.intoscana.it\/it\/#website"},"primaryImageOfPage":{"@id":"https:\/\/www.intoscana.it\/it\/covid19-mobilita-e-contagio-studio\/#primaryimage"},"image":{"@id":"https:\/\/www.intoscana.it\/it\/covid19-mobilita-e-contagio-studio\/#primaryimage"},"thumbnailUrl":"https:\/\/www.intoscana.it\/wp-content\/uploads\/aeroporto-fascio-di-luce-gente-che-cammina-luce-e-ombra-2206986.jpg","datePublished":"2020-06-12T11:09:44+00:00","dateModified":"2020-08-21T09:07:30+00:00","author":{"@id":"https:\/\/www.intoscana.it\/it\/#\/schema\/person\/333569b367b301e30262defcea56c939"},"description":"La mobilit\u00e0 \u00e8 stata limitata in una settimana, lo stesso tempo \u00e8 servito per portare l\u2019indice di trasmissibilit\u00e0 al di sotto di 1","breadcrumb":{"@id":"https:\/\/www.intoscana.it\/it\/covid19-mobilita-e-contagio-studio\/#breadcrumb"},"inLanguage":"it-IT","potentialAction":[{"@type":"ReadAction","target":["https:\/\/www.intoscana.it\/it\/covid19-mobilita-e-contagio-studio\/"]}]},{"@type":"ImageObject","inLanguage":"it-IT","@id":"https:\/\/www.intoscana.it\/it\/covid19-mobilita-e-contagio-studio\/#primaryimage","url":"https:\/\/www.intoscana.it\/wp-content\/uploads\/aeroporto-fascio-di-luce-gente-che-cammina-luce-e-ombra-2206986.jpg","contentUrl":"https:\/\/www.intoscana.it\/wp-content\/uploads\/aeroporto-fascio-di-luce-gente-che-cammina-luce-e-ombra-2206986.jpg","width":2000,"height":1450},{"@type":"BreadcrumbList","@id":"https:\/\/www.intoscana.it\/it\/covid19-mobilita-e-contagio-studio\/#breadcrumb","itemListElement":[{"@type":"ListItem","position":1,"name":"Home","item":"https:\/\/www.intoscana.it\/it\/"},{"@type":"ListItem","position":2,"name":"Covid: &#8216;Forte legame tra mobilit\u00e0 e contagio&#8217;, lo studio di Cnr, Isti ed Unipi"}]},{"@type":"WebSite","@id":"https:\/\/www.intoscana.it\/it\/#website","url":"https:\/\/www.intoscana.it\/it\/","name":"intoscana","description":"","potentialAction":[{"@type":"SearchAction","target":{"@type":"EntryPoint","urlTemplate":"https:\/\/www.intoscana.it\/it\/?s={search_term_string}"},"query-input":{"@type":"PropertyValueSpecification","valueRequired":true,"valueName":"search_term_string"}}],"inLanguage":"it-IT"},{"@type":"Person","@id":"https:\/\/www.intoscana.it\/it\/#\/schema\/person\/333569b367b301e30262defcea56c939","name":"Giulia Rafanelli","url":"https:\/\/www.intoscana.it\/it\/author\/giulia-rafanelli\/"}]}},"_links":{"self":[{"href":"https:\/\/www.intoscana.it\/it\/wp-json\/wp\/v2\/posts\/145030","targetHints":{"allow":["GET"]}}],"collection":[{"href":"https:\/\/www.intoscana.it\/it\/wp-json\/wp\/v2\/posts"}],"about":[{"href":"https:\/\/www.intoscana.it\/it\/wp-json\/wp\/v2\/types\/post"}],"author":[{"embeddable":true,"href":"https:\/\/www.intoscana.it\/it\/wp-json\/wp\/v2\/users\/503"}],"replies":[{"embeddable":true,"href":"https:\/\/www.intoscana.it\/it\/wp-json\/wp\/v2\/comments?post=145030"}],"version-history":[{"count":0,"href":"https:\/\/www.intoscana.it\/it\/wp-json\/wp\/v2\/posts\/145030\/revisions"}],"wp:featuredmedia":[{"embeddable":true,"href":"https:\/\/www.intoscana.it\/it\/wp-json\/wp\/v2\/media\/145524"}],"wp:attachment":[{"href":"https:\/\/www.intoscana.it\/it\/wp-json\/wp\/v2\/media?parent=145030"}],"wp:term":[{"taxonomy":"category","embeddable":true,"href":"https:\/\/www.intoscana.it\/it\/wp-json\/wp\/v2\/categories?post=145030"},{"taxonomy":"post_tag","embeddable":true,"href":"https:\/\/www.intoscana.it\/it\/wp-json\/wp\/v2\/tags?post=145030"}],"curies":[{"name":"wp","href":"https:\/\/api.w.org\/{rel}","templated":true}]}}