{"id":145042,"date":"2020-06-26T13:22:49","date_gmt":"2020-06-26T11:22:49","guid":{"rendered":"https:\/\/www.intoscana.it\/pitti-uomo-dolcegabbana-al-lavoro-per-una-sfilata-evento-a-firenze\/"},"modified":"2020-08-10T09:30:16","modified_gmt":"2020-08-10T07:30:16","slug":"dolcegabbana-sfilata-firenze","status":"publish","type":"post","link":"https:\/\/www.intoscana.it\/it\/dolcegabbana-sfilata-firenze\/","title":{"rendered":"Pitti Uomo: Dolce&#038;Gabbana al lavoro per una &#8216;sfilata-evento&#8217; a Firenze"},"content":{"rendered":"<p><strong>L&#8217;alta moda di Dolce&amp;Gabbana sfila a Firenze<\/strong>, collaborando con le eccellenze dell&#8217;artigianato locale grazie a un progetto speciale realizzato con <strong>Pitti Uomo (la cui edizione 98 si svolger\u00e0 in via digitale)<\/strong>. Due le date da segnare nel calendario: <strong>mercoled\u00ec 2 settembre e gioved\u00ec 3 settembre<\/strong>, con gli eventi Alta Sartoria e Alta Moda di Dolce&amp;Gabbana.<\/p>\n<p><strong>Sar\u00e0 un omaggio alla storia e all&#8217;arte della citt\u00e0 e alla maestria dei suoi artigiani.<\/strong> Le creazioni dei due stilisti infatti <strong>sfileranno assieme a quelle di un selezionato gruppo di artigiani,<\/strong> scelti personalmente visitando le loro botteghe. Gli eventi &#8211; che saranno trasmessi in streaming &#8211; sono promossi dal <strong>Centro di Firenze per la Moda Italiana<\/strong> e da<strong> Pitti Immagine<\/strong> in collaborazione con il <strong>Comune di Firenze<\/strong>, realizzati con il concorso di <strong>Fondazione Pitti Discovery,<\/strong> il contributo di Agenzia Ice e con il supporto di Ente Cassa di Risparmio Firenze. Mentre gli spazi che ospiteranno gli eventi sono ancora da definire. <\/p>\n<p>&#8220;Siamo molto felici che i nostri prossimi eventi di Alta Moda si svolgeranno a Firenze, una citt\u00e0 che amiamo molto e che ha un valore speciale &#8211; hanno&nbsp;<strong>commentato Domenico Dolce e Stefano Gabbana<\/strong> &#8211; Firenze \u00e8 la culla del Rinascimento, dell&#8217;italianit\u00e0, di una sapienza antica che si tramanda e che continua a trasferire la sua influenza sulla cultura e sull&#8217;estetica contemporanee. Portare il nostro lavoro in luoghi iconici della citt\u00e0 \u00e8 un sogno che diventa realt\u00e0. E ancor pi\u00f9 lo \u00e8 il poter lavorare a stretto contatto con gli artigiani della citt\u00e0, che conservano nelle loro botteghe un saper fare prezioso e senza tempo&#8221;.<\/p>\n<p><strong>Cos\u00ec i riflettori internazionali torneranno ad accendersi su Firenze<\/strong>. &#8220;<strong>\u00c8 il segnale che ci siamo rimessi in moto e che siamo pronti a ripartire&#8221;,<\/strong>&nbsp;ha commentato <strong>Raffaello Napoleone, ad di Pitti Immagine<\/strong>. Mentre<strong> il sindaco Dario Nardella <\/strong>hasottolineato: &#8220;Il 2 e 3 settembre si terr\u00e0 il primo evento&#8221; dal vivo &#8220;di moda mondiale, con Dolce e Gabbana che porter\u00e0 qui la moda maschile, femminile e coinvolger\u00e0 anche 35 artigiani fiorentini&#8221;.<\/p>\n<p>Per Nardella <strong>un primo passo verso un ritorno alla normalit\u00e0<\/strong>. &#8220;L&#8217;evento \u00e8 il primo dal vivo dallo scoppio dell&#8217;emergenza Covid &#8211; dice ancora &#8211; ci riempie di orgoglio perch\u00e9 \u00e8 il segno dell&#8217;attenzione del mondo della moda per la ripartenza della citt\u00e0 dopo la pandemia e che il nostro piano &#8216;Rinasce Firenze&#8217; sta incontrando interessi qualificati e trasversali&#8221;.&nbsp;<\/p>\n","protected":false},"excerpt":{"rendered":"<p>Il 2 e 3 settembre due giornate a Firenze per valorizzare le eccellenze dell&#8217;artigianato locale e alla storia e all&#8217;arte della citt\u00e0<\/p>\n","protected":false},"author":525,"featured_media":145537,"comment_status":"open","ping_status":"open","sticky":false,"template":"","format":"standard","meta":{"_acf_changed":false,"footnotes":""},"categories":[9,13],"tags":[278],"class_list":["post-145042","post","type-post","status-publish","format-standard","has-post-thumbnail","hentry","category-made-in-toscana","category-moda-e-design","tag-artigianato"],"acf":[],"yoast_head":"<!-- This site is optimized with the Yoast SEO Premium plugin v24.2 (Yoast SEO v25.6) - https:\/\/yoast.com\/wordpress\/plugins\/seo\/ -->\n<title>Pitti Uomo: Dolce&amp;Gabbana al lavoro per una &#039;sfilata-evento&#039; a Firenze - intoscana<\/title>\n<meta name=\"description\" content=\"Pitti Uomo: Dolce&amp;Gabbana al lavoro per una &#039;sfilata-evento&#039; a Firenze con 35 artigiani locali, il 2 e 3 settembre due giornate per valorizzare le eccellenze\" \/>\n<meta name=\"robots\" content=\"index, follow, max-snippet:-1, max-image-preview:large, max-video-preview:-1\" \/>\n<link rel=\"canonical\" href=\"https:\/\/www.intoscana.it\/it\/dolcegabbana-sfilata-firenze\/\" \/>\n<meta property=\"og:locale\" content=\"it_IT\" \/>\n<meta property=\"og:type\" content=\"article\" \/>\n<meta property=\"og:title\" content=\"Pitti Uomo: Dolce&amp;Gabbana al lavoro per una &#039;sfilata-evento&#039; a Firenze\" \/>\n<meta property=\"og:description\" content=\"Pitti Uomo: Dolce&amp;Gabbana al lavoro per una &#039;sfilata-evento&#039; a Firenze con 35 artigiani locali, il 2 e 3 settembre due giornate per valorizzare le eccellenze\" \/>\n<meta property=\"og:url\" content=\"https:\/\/www.intoscana.it\/it\/dolcegabbana-sfilata-firenze\/\" \/>\n<meta property=\"og:site_name\" content=\"intoscana\" \/>\n<meta property=\"article:publisher\" content=\"https:\/\/www.facebook.com\/intoscana.it\" \/>\n<meta property=\"article:published_time\" content=\"2020-06-26T11:22:49+00:00\" \/>\n<meta property=\"article:modified_time\" content=\"2020-08-10T07:30:16+00:00\" \/>\n<meta property=\"og:image\" content=\"https:\/\/www.intoscana.it\/wp-content\/uploads\/73202217_3121132521307833_3893740666593500136_n.jpg\" \/>\n\t<meta property=\"og:image:width\" content=\"960\" \/>\n\t<meta property=\"og:image:height\" content=\"640\" \/>\n\t<meta property=\"og:image:type\" content=\"image\/jpeg\" \/>\n<meta name=\"author\" content=\"Redazione\" \/>\n<meta name=\"twitter:card\" content=\"summary_large_image\" \/>\n<meta name=\"twitter:creator\" content=\"@intoscana\" \/>\n<meta name=\"twitter:site\" content=\"@intoscana\" \/>\n<meta name=\"twitter:label1\" content=\"Written by\" \/>\n\t<meta name=\"twitter:data1\" content=\"Redazione\" \/>\n\t<meta name=\"twitter:label2\" content=\"Est. reading time\" \/>\n\t<meta name=\"twitter:data2\" content=\"2 minuti\" \/>\n<script type=\"application\/ld+json\" class=\"yoast-schema-graph\">{\"@context\":\"https:\/\/schema.org\",\"@graph\":[{\"@type\":\"WebPage\",\"@id\":\"https:\/\/www.intoscana.it\/it\/dolcegabbana-sfilata-firenze\/\",\"url\":\"https:\/\/www.intoscana.it\/it\/dolcegabbana-sfilata-firenze\/\",\"name\":\"Pitti Uomo: Dolce&Gabbana al lavoro per una 'sfilata-evento' a Firenze - intoscana\",\"isPartOf\":{\"@id\":\"https:\/\/www.intoscana.it\/it\/#website\"},\"primaryImageOfPage\":{\"@id\":\"https:\/\/www.intoscana.it\/it\/dolcegabbana-sfilata-firenze\/#primaryimage\"},\"image\":{\"@id\":\"https:\/\/www.intoscana.it\/it\/dolcegabbana-sfilata-firenze\/#primaryimage\"},\"thumbnailUrl\":\"https:\/\/www.intoscana.it\/wp-content\/uploads\/73202217_3121132521307833_3893740666593500136_n.jpg\",\"datePublished\":\"2020-06-26T11:22:49+00:00\",\"dateModified\":\"2020-08-10T07:30:16+00:00\",\"author\":{\"@id\":\"https:\/\/www.intoscana.it\/it\/#\/schema\/person\/9223810753230f20bd670fdd322661f8\"},\"description\":\"Pitti Uomo: Dolce&Gabbana al lavoro per una 'sfilata-evento' a Firenze con 35 artigiani locali, il 2 e 3 settembre due giornate per valorizzare le eccellenze\",\"breadcrumb\":{\"@id\":\"https:\/\/www.intoscana.it\/it\/dolcegabbana-sfilata-firenze\/#breadcrumb\"},\"inLanguage\":\"it-IT\",\"potentialAction\":[{\"@type\":\"ReadAction\",\"target\":[\"https:\/\/www.intoscana.it\/it\/dolcegabbana-sfilata-firenze\/\"]}]},{\"@type\":\"ImageObject\",\"inLanguage\":\"it-IT\",\"@id\":\"https:\/\/www.intoscana.it\/it\/dolcegabbana-sfilata-firenze\/#primaryimage\",\"url\":\"https:\/\/www.intoscana.it\/wp-content\/uploads\/73202217_3121132521307833_3893740666593500136_n.jpg\",\"contentUrl\":\"https:\/\/www.intoscana.it\/wp-content\/uploads\/73202217_3121132521307833_3893740666593500136_n.jpg\",\"width\":960,\"height\":640},{\"@type\":\"BreadcrumbList\",\"@id\":\"https:\/\/www.intoscana.it\/it\/dolcegabbana-sfilata-firenze\/#breadcrumb\",\"itemListElement\":[{\"@type\":\"ListItem\",\"position\":1,\"name\":\"Home\",\"item\":\"https:\/\/www.intoscana.it\/it\/\"},{\"@type\":\"ListItem\",\"position\":2,\"name\":\"Pitti Uomo: Dolce&#038;Gabbana al lavoro per una &#8216;sfilata-evento&#8217; a Firenze\"}]},{\"@type\":\"WebSite\",\"@id\":\"https:\/\/www.intoscana.it\/it\/#website\",\"url\":\"https:\/\/www.intoscana.it\/it\/\",\"name\":\"intoscana\",\"description\":\"\",\"potentialAction\":[{\"@type\":\"SearchAction\",\"target\":{\"@type\":\"EntryPoint\",\"urlTemplate\":\"https:\/\/www.intoscana.it\/it\/?s={search_term_string}\"},\"query-input\":{\"@type\":\"PropertyValueSpecification\",\"valueRequired\":true,\"valueName\":\"search_term_string\"}}],\"inLanguage\":\"it-IT\"},{\"@type\":\"Person\",\"@id\":\"https:\/\/www.intoscana.it\/it\/#\/schema\/person\/9223810753230f20bd670fdd322661f8\",\"name\":\"Redazione\",\"url\":\"https:\/\/www.intoscana.it\/it\/author\/redazione\/\"}]}<\/script>\n<!-- \/ Yoast SEO Premium plugin. -->","yoast_head_json":{"title":"Pitti Uomo: Dolce&Gabbana al lavoro per una 'sfilata-evento' a Firenze - intoscana","description":"Pitti Uomo: Dolce&Gabbana al lavoro per una 'sfilata-evento' a Firenze con 35 artigiani locali, il 2 e 3 settembre due giornate per valorizzare le eccellenze","robots":{"index":"index","follow":"follow","max-snippet":"max-snippet:-1","max-image-preview":"max-image-preview:large","max-video-preview":"max-video-preview:-1"},"canonical":"https:\/\/www.intoscana.it\/it\/dolcegabbana-sfilata-firenze\/","og_locale":"it_IT","og_type":"article","og_title":"Pitti Uomo: Dolce&Gabbana al lavoro per una 'sfilata-evento' a Firenze","og_description":"Pitti Uomo: Dolce&Gabbana al lavoro per una 'sfilata-evento' a Firenze con 35 artigiani locali, il 2 e 3 settembre due giornate per valorizzare le eccellenze","og_url":"https:\/\/www.intoscana.it\/it\/dolcegabbana-sfilata-firenze\/","og_site_name":"intoscana","article_publisher":"https:\/\/www.facebook.com\/intoscana.it","article_published_time":"2020-06-26T11:22:49+00:00","article_modified_time":"2020-08-10T07:30:16+00:00","og_image":[{"width":960,"height":640,"url":"https:\/\/www.intoscana.it\/wp-content\/uploads\/73202217_3121132521307833_3893740666593500136_n.jpg","type":"image\/jpeg"}],"author":"Redazione","twitter_card":"summary_large_image","twitter_creator":"@intoscana","twitter_site":"@intoscana","twitter_misc":{"Written by":"Redazione","Est. reading time":"2 minuti"},"schema":{"@context":"https:\/\/schema.org","@graph":[{"@type":"WebPage","@id":"https:\/\/www.intoscana.it\/it\/dolcegabbana-sfilata-firenze\/","url":"https:\/\/www.intoscana.it\/it\/dolcegabbana-sfilata-firenze\/","name":"Pitti Uomo: Dolce&Gabbana al lavoro per una 'sfilata-evento' a Firenze - intoscana","isPartOf":{"@id":"https:\/\/www.intoscana.it\/it\/#website"},"primaryImageOfPage":{"@id":"https:\/\/www.intoscana.it\/it\/dolcegabbana-sfilata-firenze\/#primaryimage"},"image":{"@id":"https:\/\/www.intoscana.it\/it\/dolcegabbana-sfilata-firenze\/#primaryimage"},"thumbnailUrl":"https:\/\/www.intoscana.it\/wp-content\/uploads\/73202217_3121132521307833_3893740666593500136_n.jpg","datePublished":"2020-06-26T11:22:49+00:00","dateModified":"2020-08-10T07:30:16+00:00","author":{"@id":"https:\/\/www.intoscana.it\/it\/#\/schema\/person\/9223810753230f20bd670fdd322661f8"},"description":"Pitti Uomo: Dolce&Gabbana al lavoro per una 'sfilata-evento' a Firenze con 35 artigiani locali, il 2 e 3 settembre due giornate per valorizzare le eccellenze","breadcrumb":{"@id":"https:\/\/www.intoscana.it\/it\/dolcegabbana-sfilata-firenze\/#breadcrumb"},"inLanguage":"it-IT","potentialAction":[{"@type":"ReadAction","target":["https:\/\/www.intoscana.it\/it\/dolcegabbana-sfilata-firenze\/"]}]},{"@type":"ImageObject","inLanguage":"it-IT","@id":"https:\/\/www.intoscana.it\/it\/dolcegabbana-sfilata-firenze\/#primaryimage","url":"https:\/\/www.intoscana.it\/wp-content\/uploads\/73202217_3121132521307833_3893740666593500136_n.jpg","contentUrl":"https:\/\/www.intoscana.it\/wp-content\/uploads\/73202217_3121132521307833_3893740666593500136_n.jpg","width":960,"height":640},{"@type":"BreadcrumbList","@id":"https:\/\/www.intoscana.it\/it\/dolcegabbana-sfilata-firenze\/#breadcrumb","itemListElement":[{"@type":"ListItem","position":1,"name":"Home","item":"https:\/\/www.intoscana.it\/it\/"},{"@type":"ListItem","position":2,"name":"Pitti Uomo: Dolce&#038;Gabbana al lavoro per una &#8216;sfilata-evento&#8217; a Firenze"}]},{"@type":"WebSite","@id":"https:\/\/www.intoscana.it\/it\/#website","url":"https:\/\/www.intoscana.it\/it\/","name":"intoscana","description":"","potentialAction":[{"@type":"SearchAction","target":{"@type":"EntryPoint","urlTemplate":"https:\/\/www.intoscana.it\/it\/?s={search_term_string}"},"query-input":{"@type":"PropertyValueSpecification","valueRequired":true,"valueName":"search_term_string"}}],"inLanguage":"it-IT"},{"@type":"Person","@id":"https:\/\/www.intoscana.it\/it\/#\/schema\/person\/9223810753230f20bd670fdd322661f8","name":"Redazione","url":"https:\/\/www.intoscana.it\/it\/author\/redazione\/"}]}},"_links":{"self":[{"href":"https:\/\/www.intoscana.it\/it\/wp-json\/wp\/v2\/posts\/145042","targetHints":{"allow":["GET"]}}],"collection":[{"href":"https:\/\/www.intoscana.it\/it\/wp-json\/wp\/v2\/posts"}],"about":[{"href":"https:\/\/www.intoscana.it\/it\/wp-json\/wp\/v2\/types\/post"}],"author":[{"embeddable":true,"href":"https:\/\/www.intoscana.it\/it\/wp-json\/wp\/v2\/users\/525"}],"replies":[{"embeddable":true,"href":"https:\/\/www.intoscana.it\/it\/wp-json\/wp\/v2\/comments?post=145042"}],"version-history":[{"count":0,"href":"https:\/\/www.intoscana.it\/it\/wp-json\/wp\/v2\/posts\/145042\/revisions"}],"wp:featuredmedia":[{"embeddable":true,"href":"https:\/\/www.intoscana.it\/it\/wp-json\/wp\/v2\/media\/145537"}],"wp:attachment":[{"href":"https:\/\/www.intoscana.it\/it\/wp-json\/wp\/v2\/media?parent=145042"}],"wp:term":[{"taxonomy":"category","embeddable":true,"href":"https:\/\/www.intoscana.it\/it\/wp-json\/wp\/v2\/categories?post=145042"},{"taxonomy":"post_tag","embeddable":true,"href":"https:\/\/www.intoscana.it\/it\/wp-json\/wp\/v2\/tags?post=145042"}],"curies":[{"name":"wp","href":"https:\/\/api.w.org\/{rel}","templated":true}]}}