{"id":145045,"date":"2020-06-27T08:39:15","date_gmt":"2020-06-27T06:39:15","guid":{"rendered":"https:\/\/www.intoscana.it\/estate-in-musica-torna-lirica-in-piazza-a-massa-marittima\/"},"modified":"2020-08-10T09:30:18","modified_gmt":"2020-08-10T07:30:18","slug":"massa-marittima-lirica-in-piazza","status":"publish","type":"post","link":"https:\/\/www.intoscana.it\/it\/massa-marittima-lirica-in-piazza\/","title":{"rendered":"Estate in musica: torna &#8216;Lirica in piazza&#8217; a Massa Marittima"},"content":{"rendered":"<p><strong>Massa Marittima<\/strong> nel post emergenza Covid-19 <strong>non rinuncia alla sua manifestazione pi\u00f9 importante, Lirica in Piazza<\/strong> che come \u00e8 tradizione si doveva svolgere il 3, 4 e 5 agosto con la messa in scena di <strong>tre grandi opere liriche<\/strong> in Piazza Garibaldi. Il Comune e l&#8217;impresa che organizza la rassegna Europa Musica di Roma, hanno constatato <strong>l&#8217;impossibilit\u00e0 di mettere in scena le opere nel rispetto delle norme di sicurezza<\/strong> a causa della particolarit\u00e0 del luogo dove si tengono gli spettacoli. Tuttavia, <strong>per non lasciare un vuoto nell&#8217;offerta culturale estiva<\/strong> di Massa Marittima e <strong>non rinunciare ad una rassegna ormai consolidata<\/strong> nel panorama regionale e nazionale, Comune e Impresa Europa Musica di Renzo Renzi hanno deciso di proporre <strong>un cartellone con quattro eventi<\/strong>.<\/p>\n<p>Si tratta di<strong> spettacoli di pi\u00f9 piccole dimensioni e quindi con una gestione di pubblico e artisti in piena sicurezza in quattro diversi luoghi simbolo della citt\u00e0.<\/strong> In pi\u00f9 una scelta condivisa da parte dell&#8217;Amministrazione con l&#8217;impresa \u00e8 stata quella di <strong>coinvolgere gli artisti e le realt\u00e0 associative locali gi\u00e0 penalizzate dal Covid;<\/strong> tra questi <strong>il soprano Elisa Cenni, il maestro Maurizio Morgantini, il Coro di Santa Barbara e gli Amici della Musica<\/strong> che avranno un ruolo di co-organizzatori. <\/p>\n<p>\u201cCi sarebbe piaciuto festeggiare in modo del tutto diverso i 35 anni di Lirica in Piazza \u2013 <strong>ha detto il sindaco Marcello Giuntini<\/strong> \u2013 ma purtroppo l&#8217;emergenza sanitaria ha stravolto tutto e abbiamo dovuto ripensare l&#8217;evento adattandolo a questo momento. Per prima cosa, a parte le difficolt\u00e0 tecniche, era anch impensabile chiudere la piazza per tre giorni penalizzando realt\u00e0 economiche gi\u00e0 provate dalla crisi causata dall&#8217;epidemia. Poi con coraggio e responsabilit\u00e0 abbiamo approntato un nuovo programma che ci soddisfa. Avremo si spettacoli ridotti come numero di persone ma non per questo di minore qualit\u00e0. Anzi <strong>sono sicuro<\/strong> \u2013 ha aggiunto \u2013 <strong>che sapranno emozionare il pubblico oltre che puntare i riflettori su altri importanti spazi architettonici e culturali della citt\u00e0<\/strong> e valorizzare le nostre realt\u00e0 locali che operano nella musica. Voglio quindi ringraziare per la loro disponibilit\u00e0 le associazioni e la Cassa di Risparmio di Firenze che anche per questa edizione non ci far\u00e0 mancare il proprio sostegno\u201d. <\/p>\n<p>Il programma prevede <strong>venerd\u00ec 17 luglio alle ore 19 nel Giardino Norma Parenti<\/strong> un concerto dedicato a Vivaldi con <strong>l&#8217;Orchestra da Camera Francesco Durante e violino solista Corrado Stocchi;<\/strong> a seguire alle ore 21 l&#8217;Orchestra da Camera eseguir\u00e0 di J. S. Bach il Concerto in re minore per due violini e orchestra d\u2019archi. violini solisti Corrado Stocchi e Eugenio Falanga.<\/p>\n<p><strong>Gioved\u00ec 23 luglio alle ore 21 al Cassero<\/strong> si terr\u00e0 lo spettacolo \u201c<strong>Tre tenori e un pianoforte. La Canzone Napoletana e la Romanza nella Bella epoque<\/strong>\u201d. Tre cantanti: <strong>Antonio De Asmundis, Nicola Nicoloso e Cristian Pietrosanti<\/strong>, saranno accompagnati al pianoforte dal Maestro Nicola Franco.<\/p>\n<p><strong>Mercoled\u00ec 5 agosto torna protagonista Piazza Garibaldi<\/strong> con \u201c<strong>La grande musica del cinema<\/strong>\u201d dove i pi\u00f9 famosi temi del cinema americano e italiano saranno proposti al pubblico arrangiati dal maestro <strong>Maurizio Morgantini con l&#8217;Orchestra Europa Musica<\/strong>.&nbsp; <strong>Un grande schermo verr\u00e0 allestito sul sagrato dove verranno proiettate le immagini dei film<\/strong> che verranno montate sui tempi dei brani eseguiti. Durante il concerto i locali pubblici che si affacciano sulla piazza rimarranno aperti.<\/p>\n<p><strong>Gioved\u00ec 13 agosto<\/strong> alle ore 21 nel <strong>chiostro del Convento delle Clarisse<\/strong>, \u00e8 previsto lo spettacolo <strong>\u201cLo stupore del Barocco \u2013 La tromba e la voce nella musica virtuosistica del \u2018700\u201d<\/strong>. Un programma suggestivo e di facile ascolto che prevede l\u201fesecuzione di musiche di <strong>G. F. H\u00e4ndel, A. Vivaldi, G. B. Pergolesi.<\/strong> Per realizzare il concerto verr\u00e0 utilizzata <strong>una copia di un organo positivo del Settecento<\/strong> all&#8217;interno del chiostro che sar\u00e0 suonato da<strong> Josep Sol\u00e9 Coll, la tromba barocca \u00e8 quella di Domenico Agostini<\/strong> e la voce del soprano <strong>Elisa Cenni.<\/strong> I musicisti sono tra i maggiori esperti del repertorio barocco, collaborano in duo e in trio da molti anni e hanno eseguito concerti in importanti festival internazionali. <\/p>\n<p>Lo spettacolo in Piazza Garibaldi sar\u00e0 gratuito, ma sar\u00e0 possibile accreditarsi e versare <strong>un&#8217;offerta libera che sar\u00e0 poi girata a sostegno della lotta anti Covid-19<\/strong>, mentre per gli altri i biglietti saranno messi in prevendita qualche giorno prima degli spettacoli per garantire il contingentamento dei posti.&nbsp;<\/p>\n","protected":false},"excerpt":{"rendered":"<p>Dal 17 luglio al 13 agosto un nuovo programma con eventi pi\u00f9 piccoli per rispettare le norme di sicurezza anti-Covid<\/p>\n","protected":false},"author":525,"featured_media":145540,"comment_status":"open","ping_status":"open","sticky":false,"template":"","format":"standard","meta":{"_acf_changed":false,"footnotes":""},"categories":[14],"tags":[3135],"class_list":["post-145045","post","type-post","status-publish","format-standard","has-post-thumbnail","hentry","category-musica","tag-festival-musicali"],"acf":[],"yoast_head":"<!-- This site is optimized with the Yoast SEO Premium plugin v24.2 (Yoast SEO v25.6) - https:\/\/yoast.com\/wordpress\/plugins\/seo\/ -->\n<title>Estate in musica: torna &#039;Lirica in piazza&#039; a Massa Marittima - intoscana<\/title>\n<meta name=\"robots\" content=\"index, follow, max-snippet:-1, max-image-preview:large, max-video-preview:-1\" \/>\n<link rel=\"canonical\" href=\"https:\/\/www.intoscana.it\/it\/massa-marittima-lirica-in-piazza\/\" \/>\n<meta property=\"og:locale\" content=\"it_IT\" \/>\n<meta property=\"og:type\" content=\"article\" \/>\n<meta property=\"og:title\" content=\"Estate in musica: torna &#039;Lirica in piazza&#039; a Massa Marittima\" \/>\n<meta property=\"og:description\" content=\"Dal 17 luglio al 13 agosto un nuovo programma con eventi pi\u00f9 piccoli per rispettare le norme di sicurezza anti-Covid\" \/>\n<meta property=\"og:url\" content=\"https:\/\/www.intoscana.it\/it\/massa-marittima-lirica-in-piazza\/\" \/>\n<meta property=\"og:site_name\" content=\"intoscana\" \/>\n<meta property=\"article:publisher\" content=\"https:\/\/www.facebook.com\/intoscana.it\" \/>\n<meta property=\"article:published_time\" content=\"2020-06-27T06:39:15+00:00\" \/>\n<meta property=\"article:modified_time\" content=\"2020-08-10T07:30:18+00:00\" \/>\n<meta property=\"og:image\" content=\"https:\/\/www.intoscana.it\/wp-content\/uploads\/p_seconda-tosca-026_palco-duomo-760456.jpg\" \/>\n\t<meta property=\"og:image:width\" content=\"1600\" \/>\n\t<meta property=\"og:image:height\" content=\"1131\" \/>\n\t<meta property=\"og:image:type\" content=\"image\/jpeg\" \/>\n<meta name=\"author\" content=\"Redazione\" \/>\n<meta name=\"twitter:card\" content=\"summary_large_image\" \/>\n<meta name=\"twitter:creator\" content=\"@intoscana\" \/>\n<meta name=\"twitter:site\" content=\"@intoscana\" \/>\n<meta name=\"twitter:label1\" content=\"Written by\" \/>\n\t<meta name=\"twitter:data1\" content=\"Redazione\" \/>\n\t<meta name=\"twitter:label2\" content=\"Est. reading time\" \/>\n\t<meta name=\"twitter:data2\" content=\"3 minuti\" \/>\n<script type=\"application\/ld+json\" class=\"yoast-schema-graph\">{\"@context\":\"https:\/\/schema.org\",\"@graph\":[{\"@type\":\"WebPage\",\"@id\":\"https:\/\/www.intoscana.it\/it\/massa-marittima-lirica-in-piazza\/\",\"url\":\"https:\/\/www.intoscana.it\/it\/massa-marittima-lirica-in-piazza\/\",\"name\":\"Estate in musica: torna 'Lirica in piazza' a Massa Marittima - intoscana\",\"isPartOf\":{\"@id\":\"https:\/\/www.intoscana.it\/it\/#website\"},\"primaryImageOfPage\":{\"@id\":\"https:\/\/www.intoscana.it\/it\/massa-marittima-lirica-in-piazza\/#primaryimage\"},\"image\":{\"@id\":\"https:\/\/www.intoscana.it\/it\/massa-marittima-lirica-in-piazza\/#primaryimage\"},\"thumbnailUrl\":\"https:\/\/www.intoscana.it\/wp-content\/uploads\/p_seconda-tosca-026_palco-duomo-760456.jpg\",\"datePublished\":\"2020-06-27T06:39:15+00:00\",\"dateModified\":\"2020-08-10T07:30:18+00:00\",\"author\":{\"@id\":\"https:\/\/www.intoscana.it\/it\/#\/schema\/person\/9223810753230f20bd670fdd322661f8\"},\"breadcrumb\":{\"@id\":\"https:\/\/www.intoscana.it\/it\/massa-marittima-lirica-in-piazza\/#breadcrumb\"},\"inLanguage\":\"it-IT\",\"potentialAction\":[{\"@type\":\"ReadAction\",\"target\":[\"https:\/\/www.intoscana.it\/it\/massa-marittima-lirica-in-piazza\/\"]}]},{\"@type\":\"ImageObject\",\"inLanguage\":\"it-IT\",\"@id\":\"https:\/\/www.intoscana.it\/it\/massa-marittima-lirica-in-piazza\/#primaryimage\",\"url\":\"https:\/\/www.intoscana.it\/wp-content\/uploads\/p_seconda-tosca-026_palco-duomo-760456.jpg\",\"contentUrl\":\"https:\/\/www.intoscana.it\/wp-content\/uploads\/p_seconda-tosca-026_palco-duomo-760456.jpg\",\"width\":1600,\"height\":1131,\"caption\":\"Estate in musica: torna 'Lirica in piazza' a Massa Marittima\"},{\"@type\":\"BreadcrumbList\",\"@id\":\"https:\/\/www.intoscana.it\/it\/massa-marittima-lirica-in-piazza\/#breadcrumb\",\"itemListElement\":[{\"@type\":\"ListItem\",\"position\":1,\"name\":\"Home\",\"item\":\"https:\/\/www.intoscana.it\/it\/\"},{\"@type\":\"ListItem\",\"position\":2,\"name\":\"Estate in musica: torna &#8216;Lirica in piazza&#8217; a Massa Marittima\"}]},{\"@type\":\"WebSite\",\"@id\":\"https:\/\/www.intoscana.it\/it\/#website\",\"url\":\"https:\/\/www.intoscana.it\/it\/\",\"name\":\"intoscana\",\"description\":\"\",\"potentialAction\":[{\"@type\":\"SearchAction\",\"target\":{\"@type\":\"EntryPoint\",\"urlTemplate\":\"https:\/\/www.intoscana.it\/it\/?s={search_term_string}\"},\"query-input\":{\"@type\":\"PropertyValueSpecification\",\"valueRequired\":true,\"valueName\":\"search_term_string\"}}],\"inLanguage\":\"it-IT\"},{\"@type\":\"Person\",\"@id\":\"https:\/\/www.intoscana.it\/it\/#\/schema\/person\/9223810753230f20bd670fdd322661f8\",\"name\":\"Redazione\",\"url\":\"https:\/\/www.intoscana.it\/it\/author\/redazione\/\"}]}<\/script>\n<!-- \/ Yoast SEO Premium plugin. -->","yoast_head_json":{"title":"Estate in musica: torna 'Lirica in piazza' a Massa Marittima - intoscana","robots":{"index":"index","follow":"follow","max-snippet":"max-snippet:-1","max-image-preview":"max-image-preview:large","max-video-preview":"max-video-preview:-1"},"canonical":"https:\/\/www.intoscana.it\/it\/massa-marittima-lirica-in-piazza\/","og_locale":"it_IT","og_type":"article","og_title":"Estate in musica: torna 'Lirica in piazza' a Massa Marittima","og_description":"Dal 17 luglio al 13 agosto un nuovo programma con eventi pi\u00f9 piccoli per rispettare le norme di sicurezza anti-Covid","og_url":"https:\/\/www.intoscana.it\/it\/massa-marittima-lirica-in-piazza\/","og_site_name":"intoscana","article_publisher":"https:\/\/www.facebook.com\/intoscana.it","article_published_time":"2020-06-27T06:39:15+00:00","article_modified_time":"2020-08-10T07:30:18+00:00","og_image":[{"width":1600,"height":1131,"url":"https:\/\/www.intoscana.it\/wp-content\/uploads\/p_seconda-tosca-026_palco-duomo-760456.jpg","type":"image\/jpeg"}],"author":"Redazione","twitter_card":"summary_large_image","twitter_creator":"@intoscana","twitter_site":"@intoscana","twitter_misc":{"Written by":"Redazione","Est. reading time":"3 minuti"},"schema":{"@context":"https:\/\/schema.org","@graph":[{"@type":"WebPage","@id":"https:\/\/www.intoscana.it\/it\/massa-marittima-lirica-in-piazza\/","url":"https:\/\/www.intoscana.it\/it\/massa-marittima-lirica-in-piazza\/","name":"Estate in musica: torna 'Lirica in piazza' a Massa Marittima - intoscana","isPartOf":{"@id":"https:\/\/www.intoscana.it\/it\/#website"},"primaryImageOfPage":{"@id":"https:\/\/www.intoscana.it\/it\/massa-marittima-lirica-in-piazza\/#primaryimage"},"image":{"@id":"https:\/\/www.intoscana.it\/it\/massa-marittima-lirica-in-piazza\/#primaryimage"},"thumbnailUrl":"https:\/\/www.intoscana.it\/wp-content\/uploads\/p_seconda-tosca-026_palco-duomo-760456.jpg","datePublished":"2020-06-27T06:39:15+00:00","dateModified":"2020-08-10T07:30:18+00:00","author":{"@id":"https:\/\/www.intoscana.it\/it\/#\/schema\/person\/9223810753230f20bd670fdd322661f8"},"breadcrumb":{"@id":"https:\/\/www.intoscana.it\/it\/massa-marittima-lirica-in-piazza\/#breadcrumb"},"inLanguage":"it-IT","potentialAction":[{"@type":"ReadAction","target":["https:\/\/www.intoscana.it\/it\/massa-marittima-lirica-in-piazza\/"]}]},{"@type":"ImageObject","inLanguage":"it-IT","@id":"https:\/\/www.intoscana.it\/it\/massa-marittima-lirica-in-piazza\/#primaryimage","url":"https:\/\/www.intoscana.it\/wp-content\/uploads\/p_seconda-tosca-026_palco-duomo-760456.jpg","contentUrl":"https:\/\/www.intoscana.it\/wp-content\/uploads\/p_seconda-tosca-026_palco-duomo-760456.jpg","width":1600,"height":1131,"caption":"Estate in musica: torna 'Lirica in piazza' a Massa Marittima"},{"@type":"BreadcrumbList","@id":"https:\/\/www.intoscana.it\/it\/massa-marittima-lirica-in-piazza\/#breadcrumb","itemListElement":[{"@type":"ListItem","position":1,"name":"Home","item":"https:\/\/www.intoscana.it\/it\/"},{"@type":"ListItem","position":2,"name":"Estate in musica: torna &#8216;Lirica in piazza&#8217; a Massa Marittima"}]},{"@type":"WebSite","@id":"https:\/\/www.intoscana.it\/it\/#website","url":"https:\/\/www.intoscana.it\/it\/","name":"intoscana","description":"","potentialAction":[{"@type":"SearchAction","target":{"@type":"EntryPoint","urlTemplate":"https:\/\/www.intoscana.it\/it\/?s={search_term_string}"},"query-input":{"@type":"PropertyValueSpecification","valueRequired":true,"valueName":"search_term_string"}}],"inLanguage":"it-IT"},{"@type":"Person","@id":"https:\/\/www.intoscana.it\/it\/#\/schema\/person\/9223810753230f20bd670fdd322661f8","name":"Redazione","url":"https:\/\/www.intoscana.it\/it\/author\/redazione\/"}]}},"_links":{"self":[{"href":"https:\/\/www.intoscana.it\/it\/wp-json\/wp\/v2\/posts\/145045","targetHints":{"allow":["GET"]}}],"collection":[{"href":"https:\/\/www.intoscana.it\/it\/wp-json\/wp\/v2\/posts"}],"about":[{"href":"https:\/\/www.intoscana.it\/it\/wp-json\/wp\/v2\/types\/post"}],"author":[{"embeddable":true,"href":"https:\/\/www.intoscana.it\/it\/wp-json\/wp\/v2\/users\/525"}],"replies":[{"embeddable":true,"href":"https:\/\/www.intoscana.it\/it\/wp-json\/wp\/v2\/comments?post=145045"}],"version-history":[{"count":0,"href":"https:\/\/www.intoscana.it\/it\/wp-json\/wp\/v2\/posts\/145045\/revisions"}],"wp:featuredmedia":[{"embeddable":true,"href":"https:\/\/www.intoscana.it\/it\/wp-json\/wp\/v2\/media\/145540"}],"wp:attachment":[{"href":"https:\/\/www.intoscana.it\/it\/wp-json\/wp\/v2\/media?parent=145045"}],"wp:term":[{"taxonomy":"category","embeddable":true,"href":"https:\/\/www.intoscana.it\/it\/wp-json\/wp\/v2\/categories?post=145045"},{"taxonomy":"post_tag","embeddable":true,"href":"https:\/\/www.intoscana.it\/it\/wp-json\/wp\/v2\/tags?post=145045"}],"curies":[{"name":"wp","href":"https:\/\/api.w.org\/{rel}","templated":true}]}}