{"id":145047,"date":"2020-06-29T09:56:41","date_gmt":"2020-06-29T07:56:41","guid":{"rendered":"https:\/\/www.intoscana.it\/allisola-delba-unestate-in-musica-torna-il-magnetic-opera-festival\/"},"modified":"2020-08-10T09:30:19","modified_gmt":"2020-08-10T07:30:19","slug":"magnetic-opera-festival-elba","status":"publish","type":"post","link":"https:\/\/www.intoscana.it\/it\/magnetic-opera-festival-elba\/","title":{"rendered":"All&#8217;Isola d&#8217;Elba un&#8217;estate in musica: torna il Magnetic Opera Festival"},"content":{"rendered":"<p><strong>Dal 4 luglio all\u2019Isola d\u2019Elba torna il Magnetic Opera Festival, s<\/strong><strong>ar\u00e0 a tutti gli effetti una \u201cspecial edition\u201d, <\/strong>ripensata per rispettare le normative emanate a seguito dell\u2019emergenza Covid-19, ma non meno coinvolgente e suggestiva. Cambieranno infatti le sedi dei concerti: protagoniste quest\u2019anno saranno <strong>la scenografica Torre della Linguella a Portoferraio<\/strong>, una fortezza costruita nel 1550 direttamente sugli scogli, e <strong>la piazza di Porto Azzurro<\/strong>, che si affaccia direttamente sul mare.<\/p>\n<p><strong>Gli appuntamenti in programma fino al 21 luglio<\/strong> \u2013 in questa edizione <strong>tutti ad ingresso gratuito<\/strong>, un regalo ai cittadini e ai turisti dopo questi mesi difficili &#8211; si muoveranno come sempre <strong>tra la musica classica e le sue commistioni.<\/strong><\/p>\n<p>Il Festival prender\u00e0 avvio <strong>il 4 luglio alle ore 22 nella piazza di Porto Azzurro<\/strong> con il concerto di <strong>Italian Harmonists<\/strong>: composto da quattro tenori (Andrea Semeraro, Giorgio Tiboni, Luca Di Gioia, Michele Mauro), un basso (Sandro Chiri) e un pianista (Jader Costa), il gruppo esegue, in maniera ironica ma filologicamente aderente all&#8217;armonia originale, brani di repertorio swing e jazz basato su canzoni degli anni Trenta e Quaranta, sia di lingua italiana che di lingua tedesca, ma anche repertorio lirico\/sinfonico.<\/p>\n<p><strong>Il 6 luglio alle ore 22 alla Torre della Linguella di Portoferraio<\/strong> sar\u00e0 la volta di <strong>Matteo Brancaleoni<\/strong>, \u201cil crooner italiano\u201d che negli anni si \u00e8 esibito e ha collaborato con personaggi e musicisti del calibro di Michael Bubl\u00e9, Renzo Arbore, Fiorello, Stefano Bollani. Brancaleoni porter\u00e0 alla Torre della Linguella, <strong>insieme a Italian Swing Band<\/strong>, un concerto jazz e swing in cui non mancheranno gli omaggi ad alcuni dei suoi idoli musicali, come Frank Sinatra, Dean Martin e Nicola Arigliano.<\/p>\n<p><strong>L\u201911 luglio alle ore 22 nella piazza di Porto Azzurro<\/strong> saranno <strong>Le Div4s<\/strong>, ensemble vocale nato dall\u2019incontro di quattro giovani soprani, con la partecipazione del Maestro <strong>Davide Dellisanti<\/strong> al pianoforte, a riempire di note il lungomare. Dopo il debutto nel 2008 al fianco di Andrea Bocelli, Le Div4s hanno portato avanti la loro idea di divulgare l\u2019eccellenza della musica italiana ad un pubblico non solo di appassionati di classica, ma pi\u00f9 giovane e ampio. E cos\u00ec nei loro concerti propongono la reinterpretazione di celebri pagine d\u2019opera affiancandole alla rielaborazione di brani di grande popolarit\u00e0, sia italiani che internazionali, in un connubio tra vocalit\u00e0 classica e ritmi pop.<\/p>\n<p><strong>Il 15 luglio alle ore 22 la Torre della Linguella a Portoferraio<\/strong> sar\u00e0 invasa dalla pazzia del <strong>Duo Baldo &amp; Maria Luigia Borsi<\/strong>: un soprano (Maria Luigia Borsi), un violinista (Brad Repp) e un pianista (Aldo Gentileschi) che suggerirebbero il pi\u00f9 classico dei concerti e che, invece, trascineranno il pubblico in uno spettacolo pirotecnico, un vero incontro tra musica e divertimento con celebri arie d&#8217;opera e deliziosi brani per violino e pianoforte. Il tutto garantito dalla qualit\u00e0 artistica e dal virtuosismo dei tre interpreti.<\/p>\n<p>Infine, Il Magnetic Opera Festival non poteva che concludersi con <strong>un grande omaggio all\u2019opera<\/strong>: <strong>il 20 (nella Piazza di Porto Azzurro) e il 21 luglio (alla Torre della Linguella a Portoferraio)<\/strong> verr\u00e0 proposto un <strong>Gran Gal\u00e0<\/strong> <strong>della lirica <\/strong>diretto dal Maestro <strong>Stefano Giaroli<\/strong> con la partecipazione straordinaria del tenore elbano <strong>Marco Ciaponi<\/strong>, che riproporr\u00e0 tutte le arie delle opere presentate nei primi cinque anni del Festival. Il cast sar\u00e0 composto da sei solisti: <strong>Renata Campanella<\/strong> soprano, <strong>Claudia Marchi<\/strong> mezzosoprano, <strong>Diego Cavazzin<\/strong> tenore, <strong>Marzio Giossi<\/strong> baritono, <strong>Massimiliano Catellani<\/strong> basso, accompagnati <strong>dall\u2019Orchestra sinfonica Cantieri D\u2019Arte.<\/strong><\/p>\n<p><strong>Tutti i concerti sono ad ingresso gratuito, su prenotazione.<\/strong><\/p>\n<p>&nbsp;<\/p>\n","protected":false},"excerpt":{"rendered":"<p>Dal 4 al 21 luglio tanti appuntamenti di musica classica e non solo, tutti a ingresso gratuito su prenotazione<\/p>\n","protected":false},"author":525,"featured_media":145542,"comment_status":"open","ping_status":"open","sticky":false,"template":"","format":"standard","meta":{"_acf_changed":false,"footnotes":""},"categories":[14],"tags":[167],"class_list":["post-145047","post","type-post","status-publish","format-standard","has-post-thumbnail","hentry","category-musica","tag-musica"],"acf":[],"yoast_head":"<!-- This site is optimized with the Yoast SEO Premium plugin v24.2 (Yoast SEO v25.6) - https:\/\/yoast.com\/wordpress\/plugins\/seo\/ -->\n<title>All&#039;Isola d&#039;Elba un&#039;estate in musica: torna il Magnetic Opera Festival - intoscana<\/title>\n<meta name=\"description\" content=\"All&#039;Elba torna il Magnetic Opera Festival, dal 4 al 21 luglio tantissimi appuntamenti di musica classica e non solo, tutti a ingresso gratuito su prenotazione\" \/>\n<meta name=\"robots\" content=\"index, follow, max-snippet:-1, max-image-preview:large, max-video-preview:-1\" \/>\n<link rel=\"canonical\" href=\"https:\/\/www.intoscana.it\/it\/magnetic-opera-festival-elba\/\" \/>\n<meta property=\"og:locale\" content=\"it_IT\" \/>\n<meta property=\"og:type\" content=\"article\" \/>\n<meta property=\"og:title\" content=\"All&#039;Isola d&#039;Elba un&#039;estate in musica: torna il Magnetic Opera Festival\" \/>\n<meta property=\"og:description\" content=\"All&#039;Elba torna il Magnetic Opera Festival, dal 4 al 21 luglio tantissimi appuntamenti di musica classica e non solo, tutti a ingresso gratuito su prenotazione\" \/>\n<meta property=\"og:url\" content=\"https:\/\/www.intoscana.it\/it\/magnetic-opera-festival-elba\/\" \/>\n<meta property=\"og:site_name\" content=\"intoscana\" \/>\n<meta property=\"article:publisher\" content=\"https:\/\/www.facebook.com\/intoscana.it\" \/>\n<meta property=\"article:published_time\" content=\"2020-06-29T07:56:41+00:00\" \/>\n<meta property=\"article:modified_time\" content=\"2020-08-10T07:30:19+00:00\" \/>\n<meta property=\"og:image\" content=\"https:\/\/www.intoscana.it\/wp-content\/uploads\/duo-baldo-borsi-2.jpg\" \/>\n\t<meta property=\"og:image:width\" content=\"2000\" \/>\n\t<meta property=\"og:image:height\" content=\"1333\" \/>\n\t<meta property=\"og:image:type\" content=\"image\/jpeg\" \/>\n<meta name=\"author\" content=\"Redazione\" \/>\n<meta name=\"twitter:card\" content=\"summary_large_image\" \/>\n<meta name=\"twitter:creator\" content=\"@intoscana\" \/>\n<meta name=\"twitter:site\" content=\"@intoscana\" \/>\n<meta name=\"twitter:label1\" content=\"Written by\" \/>\n\t<meta name=\"twitter:data1\" content=\"Redazione\" \/>\n\t<meta name=\"twitter:label2\" content=\"Est. reading time\" \/>\n\t<meta name=\"twitter:data2\" content=\"3 minuti\" \/>\n<script type=\"application\/ld+json\" class=\"yoast-schema-graph\">{\"@context\":\"https:\/\/schema.org\",\"@graph\":[{\"@type\":\"WebPage\",\"@id\":\"https:\/\/www.intoscana.it\/it\/magnetic-opera-festival-elba\/\",\"url\":\"https:\/\/www.intoscana.it\/it\/magnetic-opera-festival-elba\/\",\"name\":\"All'Isola d'Elba un'estate in musica: torna il Magnetic Opera Festival - intoscana\",\"isPartOf\":{\"@id\":\"https:\/\/www.intoscana.it\/it\/#website\"},\"primaryImageOfPage\":{\"@id\":\"https:\/\/www.intoscana.it\/it\/magnetic-opera-festival-elba\/#primaryimage\"},\"image\":{\"@id\":\"https:\/\/www.intoscana.it\/it\/magnetic-opera-festival-elba\/#primaryimage\"},\"thumbnailUrl\":\"https:\/\/www.intoscana.it\/wp-content\/uploads\/duo-baldo-borsi-2.jpg\",\"datePublished\":\"2020-06-29T07:56:41+00:00\",\"dateModified\":\"2020-08-10T07:30:19+00:00\",\"author\":{\"@id\":\"https:\/\/www.intoscana.it\/it\/#\/schema\/person\/9223810753230f20bd670fdd322661f8\"},\"description\":\"All'Elba torna il Magnetic Opera Festival, dal 4 al 21 luglio tantissimi appuntamenti di musica classica e non solo, tutti a ingresso gratuito su prenotazione\",\"breadcrumb\":{\"@id\":\"https:\/\/www.intoscana.it\/it\/magnetic-opera-festival-elba\/#breadcrumb\"},\"inLanguage\":\"it-IT\",\"potentialAction\":[{\"@type\":\"ReadAction\",\"target\":[\"https:\/\/www.intoscana.it\/it\/magnetic-opera-festival-elba\/\"]}]},{\"@type\":\"ImageObject\",\"inLanguage\":\"it-IT\",\"@id\":\"https:\/\/www.intoscana.it\/it\/magnetic-opera-festival-elba\/#primaryimage\",\"url\":\"https:\/\/www.intoscana.it\/wp-content\/uploads\/duo-baldo-borsi-2.jpg\",\"contentUrl\":\"https:\/\/www.intoscana.it\/wp-content\/uploads\/duo-baldo-borsi-2.jpg\",\"width\":2000,\"height\":1333,\"caption\":\"Duo Baldo & Borsi\"},{\"@type\":\"BreadcrumbList\",\"@id\":\"https:\/\/www.intoscana.it\/it\/magnetic-opera-festival-elba\/#breadcrumb\",\"itemListElement\":[{\"@type\":\"ListItem\",\"position\":1,\"name\":\"Home\",\"item\":\"https:\/\/www.intoscana.it\/it\/\"},{\"@type\":\"ListItem\",\"position\":2,\"name\":\"All&#8217;Isola d&#8217;Elba un&#8217;estate in musica: torna il Magnetic Opera Festival\"}]},{\"@type\":\"WebSite\",\"@id\":\"https:\/\/www.intoscana.it\/it\/#website\",\"url\":\"https:\/\/www.intoscana.it\/it\/\",\"name\":\"intoscana\",\"description\":\"\",\"potentialAction\":[{\"@type\":\"SearchAction\",\"target\":{\"@type\":\"EntryPoint\",\"urlTemplate\":\"https:\/\/www.intoscana.it\/it\/?s={search_term_string}\"},\"query-input\":{\"@type\":\"PropertyValueSpecification\",\"valueRequired\":true,\"valueName\":\"search_term_string\"}}],\"inLanguage\":\"it-IT\"},{\"@type\":\"Person\",\"@id\":\"https:\/\/www.intoscana.it\/it\/#\/schema\/person\/9223810753230f20bd670fdd322661f8\",\"name\":\"Redazione\",\"url\":\"https:\/\/www.intoscana.it\/it\/author\/redazione\/\"}]}<\/script>\n<!-- \/ Yoast SEO Premium plugin. -->","yoast_head_json":{"title":"All'Isola d'Elba un'estate in musica: torna il Magnetic Opera Festival - intoscana","description":"All'Elba torna il Magnetic Opera Festival, dal 4 al 21 luglio tantissimi appuntamenti di musica classica e non solo, tutti a ingresso gratuito su prenotazione","robots":{"index":"index","follow":"follow","max-snippet":"max-snippet:-1","max-image-preview":"max-image-preview:large","max-video-preview":"max-video-preview:-1"},"canonical":"https:\/\/www.intoscana.it\/it\/magnetic-opera-festival-elba\/","og_locale":"it_IT","og_type":"article","og_title":"All'Isola d'Elba un'estate in musica: torna il Magnetic Opera Festival","og_description":"All'Elba torna il Magnetic Opera Festival, dal 4 al 21 luglio tantissimi appuntamenti di musica classica e non solo, tutti a ingresso gratuito su prenotazione","og_url":"https:\/\/www.intoscana.it\/it\/magnetic-opera-festival-elba\/","og_site_name":"intoscana","article_publisher":"https:\/\/www.facebook.com\/intoscana.it","article_published_time":"2020-06-29T07:56:41+00:00","article_modified_time":"2020-08-10T07:30:19+00:00","og_image":[{"width":2000,"height":1333,"url":"https:\/\/www.intoscana.it\/wp-content\/uploads\/duo-baldo-borsi-2.jpg","type":"image\/jpeg"}],"author":"Redazione","twitter_card":"summary_large_image","twitter_creator":"@intoscana","twitter_site":"@intoscana","twitter_misc":{"Written by":"Redazione","Est. reading time":"3 minuti"},"schema":{"@context":"https:\/\/schema.org","@graph":[{"@type":"WebPage","@id":"https:\/\/www.intoscana.it\/it\/magnetic-opera-festival-elba\/","url":"https:\/\/www.intoscana.it\/it\/magnetic-opera-festival-elba\/","name":"All'Isola d'Elba un'estate in musica: torna il Magnetic Opera Festival - intoscana","isPartOf":{"@id":"https:\/\/www.intoscana.it\/it\/#website"},"primaryImageOfPage":{"@id":"https:\/\/www.intoscana.it\/it\/magnetic-opera-festival-elba\/#primaryimage"},"image":{"@id":"https:\/\/www.intoscana.it\/it\/magnetic-opera-festival-elba\/#primaryimage"},"thumbnailUrl":"https:\/\/www.intoscana.it\/wp-content\/uploads\/duo-baldo-borsi-2.jpg","datePublished":"2020-06-29T07:56:41+00:00","dateModified":"2020-08-10T07:30:19+00:00","author":{"@id":"https:\/\/www.intoscana.it\/it\/#\/schema\/person\/9223810753230f20bd670fdd322661f8"},"description":"All'Elba torna il Magnetic Opera Festival, dal 4 al 21 luglio tantissimi appuntamenti di musica classica e non solo, tutti a ingresso gratuito su prenotazione","breadcrumb":{"@id":"https:\/\/www.intoscana.it\/it\/magnetic-opera-festival-elba\/#breadcrumb"},"inLanguage":"it-IT","potentialAction":[{"@type":"ReadAction","target":["https:\/\/www.intoscana.it\/it\/magnetic-opera-festival-elba\/"]}]},{"@type":"ImageObject","inLanguage":"it-IT","@id":"https:\/\/www.intoscana.it\/it\/magnetic-opera-festival-elba\/#primaryimage","url":"https:\/\/www.intoscana.it\/wp-content\/uploads\/duo-baldo-borsi-2.jpg","contentUrl":"https:\/\/www.intoscana.it\/wp-content\/uploads\/duo-baldo-borsi-2.jpg","width":2000,"height":1333,"caption":"Duo Baldo & Borsi"},{"@type":"BreadcrumbList","@id":"https:\/\/www.intoscana.it\/it\/magnetic-opera-festival-elba\/#breadcrumb","itemListElement":[{"@type":"ListItem","position":1,"name":"Home","item":"https:\/\/www.intoscana.it\/it\/"},{"@type":"ListItem","position":2,"name":"All&#8217;Isola d&#8217;Elba un&#8217;estate in musica: torna il Magnetic Opera Festival"}]},{"@type":"WebSite","@id":"https:\/\/www.intoscana.it\/it\/#website","url":"https:\/\/www.intoscana.it\/it\/","name":"intoscana","description":"","potentialAction":[{"@type":"SearchAction","target":{"@type":"EntryPoint","urlTemplate":"https:\/\/www.intoscana.it\/it\/?s={search_term_string}"},"query-input":{"@type":"PropertyValueSpecification","valueRequired":true,"valueName":"search_term_string"}}],"inLanguage":"it-IT"},{"@type":"Person","@id":"https:\/\/www.intoscana.it\/it\/#\/schema\/person\/9223810753230f20bd670fdd322661f8","name":"Redazione","url":"https:\/\/www.intoscana.it\/it\/author\/redazione\/"}]}},"_links":{"self":[{"href":"https:\/\/www.intoscana.it\/it\/wp-json\/wp\/v2\/posts\/145047","targetHints":{"allow":["GET"]}}],"collection":[{"href":"https:\/\/www.intoscana.it\/it\/wp-json\/wp\/v2\/posts"}],"about":[{"href":"https:\/\/www.intoscana.it\/it\/wp-json\/wp\/v2\/types\/post"}],"author":[{"embeddable":true,"href":"https:\/\/www.intoscana.it\/it\/wp-json\/wp\/v2\/users\/525"}],"replies":[{"embeddable":true,"href":"https:\/\/www.intoscana.it\/it\/wp-json\/wp\/v2\/comments?post=145047"}],"version-history":[{"count":0,"href":"https:\/\/www.intoscana.it\/it\/wp-json\/wp\/v2\/posts\/145047\/revisions"}],"wp:featuredmedia":[{"embeddable":true,"href":"https:\/\/www.intoscana.it\/it\/wp-json\/wp\/v2\/media\/145542"}],"wp:attachment":[{"href":"https:\/\/www.intoscana.it\/it\/wp-json\/wp\/v2\/media?parent=145047"}],"wp:term":[{"taxonomy":"category","embeddable":true,"href":"https:\/\/www.intoscana.it\/it\/wp-json\/wp\/v2\/categories?post=145047"},{"taxonomy":"post_tag","embeddable":true,"href":"https:\/\/www.intoscana.it\/it\/wp-json\/wp\/v2\/tags?post=145047"}],"curies":[{"name":"wp","href":"https:\/\/api.w.org\/{rel}","templated":true}]}}