{"id":145051,"date":"2020-06-30T14:02:08","date_gmt":"2020-06-30T12:02:08","guid":{"rendered":"https:\/\/www.intoscana.it\/concerti-gratis-al-festival-delle-colline-ecco-come-prenotarsi\/"},"modified":"2020-08-10T09:30:20","modified_gmt":"2020-08-10T07:30:20","slug":"festival-colline-prenotarsi","status":"publish","type":"post","link":"https:\/\/www.intoscana.it\/it\/festival-colline-prenotarsi\/","title":{"rendered":"Concerti gratis al Festival delle colline: ecco come prenotarsi"},"content":{"rendered":"<p><strong>Sono disponibili i biglietti gratuiti per l\u2019edizione 2020 del Festival delle Colline:<\/strong> quattro serate con <strong>Tricarico, Benvegn\u00f9, Edda, Gnut, Joe Barbieri, Alessandro Fiori<\/strong> e altri nomi eccellenti del cantautorato, dal 5 al 10 luglio a Poggio a Caiano, Carmignano e Prato.<\/p>\n<p>Per i primi tre appuntamenti (dom 5\/7 Gnut e Ooopopoiooo a Villa Il Cerretino di Poggio a Caiano, mar 7\/7 Tricarico e Joe Barbieri alla Chiesa di Bonistallo a Poggio a Caiano, mer 8\/7 Paolo Benvengn\u00f9 e Alessandro Fiori alla Villa Medicea di Artimino), si possono scaricare gratuitamente con la <strong>app Dice<\/strong> (Google Play e app store di Apple), qualche giorno prima di ogni serata.<\/p>\n<p>I biglietti gratuiti per il concerto di <strong>Stefano &#8220;Edda&#8221; Rampoldi e Francesco Di Bella<\/strong>, <strong>venerd\u00ec 10 luglio all\u2019anfiteatro del Centro Pecci, li trovate invece su <a href=\"http:\/\/www.ticketone.it\/\" target=\"_blank\" rel=\"noopener noreferrer\" saferedirecturl=\"https:\/\/www.google.com\/url?q=http:\/\/www.ticketone.it&amp;source=gmail&amp;ust=1593592545056000&amp;usg=AFQjCNGOlCBCS9Ogoa-I8YjiAM_OxfdOqQ\" class=\"broken_link\">www.ticketone.it<\/a>.<\/strong><br \/>&nbsp;<br \/><strong><span style=\"text-decoration: underline;\">ATTENZIONE,<\/span> come detto, non c\u2019\u00e8 alcun costo, ma senza il biglietto non si entra.<\/strong> La piattaforma Dice, partner del festival, consente anche di accedere a una lista di attesa, nel caso i tagliandi risultassero esauriti. Chi ha scaricato il biglietto e rinuncia a partecipare, pu\u00f2 metterlo a disposizione di altri.&nbsp; Festival delle Colline fa affidamento sul senso di responsabilit\u00e0 del proprio pubblico affinch\u00e9 nessun posto vada perso:<strong> si pu\u00f2 annullare il biglietto fino a due ore prima d\u2019inizio spettacoli.<\/strong><\/p>\n<p><strong>Ricordiamo che<\/strong>, <strong>ad eccezione del concerto del 10 luglio,<\/strong> <span style=\"text-decoration: underline;\">sono previsti<strong> DUE SET GEMELLI la stessa sera, alle ore 19 e alle ore 21,30<\/strong>.<\/span>&nbsp; Una formula che consente di accogliere, in piena sicurezza, il maggior numero di spettatori.<\/p>\n<p><strong>Festival delle Colline 2020<\/strong> \u00e8 organizzato dal Comune di Poggio a Caiano in collaborazione con i Comuni di Prato e Carmignano e Regione Toscana, grazie al sostegno di Unicoop Firenze, Consiag ed Estra. Partner Dice. Direzione artistica di Gianni Bianchi. Informazioni e dettagli sul sito <strong><a href=\"http:\/\/www.festivaldellecolline.com\/\" target=\"_blank\" rel=\"noopener noreferrer\" data-saferedirecturl=\"https:\/\/www.google.com\/url?q=http:\/\/www.festivaldellecolline.com&amp;source=gmail&amp;ust=1593592545056000&amp;usg=AFQjCNEGBAFoVDirohkCvlIz2uqTP2oQww\">www.festivaldellecolline.com<\/a><\/strong> e sui canali social del festival.<\/p>\n","protected":false},"excerpt":{"rendered":"<p>Al via domenica 5 luglio con i live in provincia di Prato, per partecipare l&#8217;app Dice e Ticketone.it<\/p>\n","protected":false},"author":525,"featured_media":145546,"comment_status":"open","ping_status":"open","sticky":false,"template":"","format":"standard","meta":{"_acf_changed":false,"footnotes":""},"categories":[14],"tags":[],"class_list":["post-145051","post","type-post","status-publish","format-standard","has-post-thumbnail","hentry","category-musica"],"acf":[],"yoast_head":"<!-- This site is optimized with the Yoast SEO Premium plugin v24.2 (Yoast SEO v25.6) - https:\/\/yoast.com\/wordpress\/plugins\/seo\/ -->\n<title>Concerti gratis al Festival delle colline: ecco come prenotarsi - intoscana<\/title>\n<meta name=\"robots\" content=\"index, follow, max-snippet:-1, max-image-preview:large, max-video-preview:-1\" \/>\n<link rel=\"canonical\" href=\"https:\/\/www.intoscana.it\/it\/festival-colline-prenotarsi\/\" \/>\n<meta property=\"og:locale\" content=\"it_IT\" \/>\n<meta property=\"og:type\" content=\"article\" \/>\n<meta property=\"og:title\" content=\"Concerti gratis al Festival delle colline: ecco come prenotarsi\" \/>\n<meta property=\"og:description\" content=\"Al via domenica 5 luglio con i live in provincia di Prato, per partecipare l&#039;app Dice e Ticketone.it\" \/>\n<meta property=\"og:url\" content=\"https:\/\/www.intoscana.it\/it\/festival-colline-prenotarsi\/\" \/>\n<meta property=\"og:site_name\" content=\"intoscana\" \/>\n<meta property=\"article:publisher\" content=\"https:\/\/www.facebook.com\/intoscana.it\" \/>\n<meta property=\"article:published_time\" content=\"2020-06-30T12:02:08+00:00\" \/>\n<meta property=\"article:modified_time\" content=\"2020-08-10T07:30:20+00:00\" \/>\n<meta property=\"og:image\" content=\"https:\/\/www.intoscana.it\/wp-content\/uploads\/festival-delle-colline-1.jpg\" \/>\n\t<meta property=\"og:image:width\" content=\"1989\" \/>\n\t<meta property=\"og:image:height\" content=\"665\" \/>\n\t<meta property=\"og:image:type\" content=\"image\/jpeg\" \/>\n<meta name=\"author\" content=\"Redazione\" \/>\n<meta name=\"twitter:card\" content=\"summary_large_image\" \/>\n<meta name=\"twitter:creator\" content=\"@intoscana\" \/>\n<meta name=\"twitter:site\" content=\"@intoscana\" \/>\n<meta name=\"twitter:label1\" content=\"Written by\" \/>\n\t<meta name=\"twitter:data1\" content=\"Redazione\" \/>\n\t<meta name=\"twitter:label2\" content=\"Est. reading time\" \/>\n\t<meta name=\"twitter:data2\" content=\"1 minuto\" \/>\n<script type=\"application\/ld+json\" class=\"yoast-schema-graph\">{\"@context\":\"https:\/\/schema.org\",\"@graph\":[{\"@type\":\"WebPage\",\"@id\":\"https:\/\/www.intoscana.it\/it\/festival-colline-prenotarsi\/\",\"url\":\"https:\/\/www.intoscana.it\/it\/festival-colline-prenotarsi\/\",\"name\":\"Concerti gratis al Festival delle colline: ecco come prenotarsi - intoscana\",\"isPartOf\":{\"@id\":\"https:\/\/www.intoscana.it\/it\/#website\"},\"primaryImageOfPage\":{\"@id\":\"https:\/\/www.intoscana.it\/it\/festival-colline-prenotarsi\/#primaryimage\"},\"image\":{\"@id\":\"https:\/\/www.intoscana.it\/it\/festival-colline-prenotarsi\/#primaryimage\"},\"thumbnailUrl\":\"https:\/\/www.intoscana.it\/wp-content\/uploads\/festival-delle-colline-1.jpg\",\"datePublished\":\"2020-06-30T12:02:08+00:00\",\"dateModified\":\"2020-08-10T07:30:20+00:00\",\"author\":{\"@id\":\"https:\/\/www.intoscana.it\/it\/#\/schema\/person\/9223810753230f20bd670fdd322661f8\"},\"breadcrumb\":{\"@id\":\"https:\/\/www.intoscana.it\/it\/festival-colline-prenotarsi\/#breadcrumb\"},\"inLanguage\":\"it-IT\",\"potentialAction\":[{\"@type\":\"ReadAction\",\"target\":[\"https:\/\/www.intoscana.it\/it\/festival-colline-prenotarsi\/\"]}]},{\"@type\":\"ImageObject\",\"inLanguage\":\"it-IT\",\"@id\":\"https:\/\/www.intoscana.it\/it\/festival-colline-prenotarsi\/#primaryimage\",\"url\":\"https:\/\/www.intoscana.it\/wp-content\/uploads\/festival-delle-colline-1.jpg\",\"contentUrl\":\"https:\/\/www.intoscana.it\/wp-content\/uploads\/festival-delle-colline-1.jpg\",\"width\":1989,\"height\":665,\"caption\":\"Festival delle Colline\"},{\"@type\":\"BreadcrumbList\",\"@id\":\"https:\/\/www.intoscana.it\/it\/festival-colline-prenotarsi\/#breadcrumb\",\"itemListElement\":[{\"@type\":\"ListItem\",\"position\":1,\"name\":\"Home\",\"item\":\"https:\/\/www.intoscana.it\/it\/\"},{\"@type\":\"ListItem\",\"position\":2,\"name\":\"Concerti gratis al Festival delle colline: ecco come prenotarsi\"}]},{\"@type\":\"WebSite\",\"@id\":\"https:\/\/www.intoscana.it\/it\/#website\",\"url\":\"https:\/\/www.intoscana.it\/it\/\",\"name\":\"intoscana\",\"description\":\"\",\"potentialAction\":[{\"@type\":\"SearchAction\",\"target\":{\"@type\":\"EntryPoint\",\"urlTemplate\":\"https:\/\/www.intoscana.it\/it\/?s={search_term_string}\"},\"query-input\":{\"@type\":\"PropertyValueSpecification\",\"valueRequired\":true,\"valueName\":\"search_term_string\"}}],\"inLanguage\":\"it-IT\"},{\"@type\":\"Person\",\"@id\":\"https:\/\/www.intoscana.it\/it\/#\/schema\/person\/9223810753230f20bd670fdd322661f8\",\"name\":\"Redazione\",\"url\":\"https:\/\/www.intoscana.it\/it\/author\/redazione\/\"}]}<\/script>\n<!-- \/ Yoast SEO Premium plugin. -->","yoast_head_json":{"title":"Concerti gratis al Festival delle colline: ecco come prenotarsi - intoscana","robots":{"index":"index","follow":"follow","max-snippet":"max-snippet:-1","max-image-preview":"max-image-preview:large","max-video-preview":"max-video-preview:-1"},"canonical":"https:\/\/www.intoscana.it\/it\/festival-colline-prenotarsi\/","og_locale":"it_IT","og_type":"article","og_title":"Concerti gratis al Festival delle colline: ecco come prenotarsi","og_description":"Al via domenica 5 luglio con i live in provincia di Prato, per partecipare l'app Dice e Ticketone.it","og_url":"https:\/\/www.intoscana.it\/it\/festival-colline-prenotarsi\/","og_site_name":"intoscana","article_publisher":"https:\/\/www.facebook.com\/intoscana.it","article_published_time":"2020-06-30T12:02:08+00:00","article_modified_time":"2020-08-10T07:30:20+00:00","og_image":[{"width":1989,"height":665,"url":"https:\/\/www.intoscana.it\/wp-content\/uploads\/festival-delle-colline-1.jpg","type":"image\/jpeg"}],"author":"Redazione","twitter_card":"summary_large_image","twitter_creator":"@intoscana","twitter_site":"@intoscana","twitter_misc":{"Written by":"Redazione","Est. reading time":"1 minuto"},"schema":{"@context":"https:\/\/schema.org","@graph":[{"@type":"WebPage","@id":"https:\/\/www.intoscana.it\/it\/festival-colline-prenotarsi\/","url":"https:\/\/www.intoscana.it\/it\/festival-colline-prenotarsi\/","name":"Concerti gratis al Festival delle colline: ecco come prenotarsi - intoscana","isPartOf":{"@id":"https:\/\/www.intoscana.it\/it\/#website"},"primaryImageOfPage":{"@id":"https:\/\/www.intoscana.it\/it\/festival-colline-prenotarsi\/#primaryimage"},"image":{"@id":"https:\/\/www.intoscana.it\/it\/festival-colline-prenotarsi\/#primaryimage"},"thumbnailUrl":"https:\/\/www.intoscana.it\/wp-content\/uploads\/festival-delle-colline-1.jpg","datePublished":"2020-06-30T12:02:08+00:00","dateModified":"2020-08-10T07:30:20+00:00","author":{"@id":"https:\/\/www.intoscana.it\/it\/#\/schema\/person\/9223810753230f20bd670fdd322661f8"},"breadcrumb":{"@id":"https:\/\/www.intoscana.it\/it\/festival-colline-prenotarsi\/#breadcrumb"},"inLanguage":"it-IT","potentialAction":[{"@type":"ReadAction","target":["https:\/\/www.intoscana.it\/it\/festival-colline-prenotarsi\/"]}]},{"@type":"ImageObject","inLanguage":"it-IT","@id":"https:\/\/www.intoscana.it\/it\/festival-colline-prenotarsi\/#primaryimage","url":"https:\/\/www.intoscana.it\/wp-content\/uploads\/festival-delle-colline-1.jpg","contentUrl":"https:\/\/www.intoscana.it\/wp-content\/uploads\/festival-delle-colline-1.jpg","width":1989,"height":665,"caption":"Festival delle Colline"},{"@type":"BreadcrumbList","@id":"https:\/\/www.intoscana.it\/it\/festival-colline-prenotarsi\/#breadcrumb","itemListElement":[{"@type":"ListItem","position":1,"name":"Home","item":"https:\/\/www.intoscana.it\/it\/"},{"@type":"ListItem","position":2,"name":"Concerti gratis al Festival delle colline: ecco come prenotarsi"}]},{"@type":"WebSite","@id":"https:\/\/www.intoscana.it\/it\/#website","url":"https:\/\/www.intoscana.it\/it\/","name":"intoscana","description":"","potentialAction":[{"@type":"SearchAction","target":{"@type":"EntryPoint","urlTemplate":"https:\/\/www.intoscana.it\/it\/?s={search_term_string}"},"query-input":{"@type":"PropertyValueSpecification","valueRequired":true,"valueName":"search_term_string"}}],"inLanguage":"it-IT"},{"@type":"Person","@id":"https:\/\/www.intoscana.it\/it\/#\/schema\/person\/9223810753230f20bd670fdd322661f8","name":"Redazione","url":"https:\/\/www.intoscana.it\/it\/author\/redazione\/"}]}},"_links":{"self":[{"href":"https:\/\/www.intoscana.it\/it\/wp-json\/wp\/v2\/posts\/145051","targetHints":{"allow":["GET"]}}],"collection":[{"href":"https:\/\/www.intoscana.it\/it\/wp-json\/wp\/v2\/posts"}],"about":[{"href":"https:\/\/www.intoscana.it\/it\/wp-json\/wp\/v2\/types\/post"}],"author":[{"embeddable":true,"href":"https:\/\/www.intoscana.it\/it\/wp-json\/wp\/v2\/users\/525"}],"replies":[{"embeddable":true,"href":"https:\/\/www.intoscana.it\/it\/wp-json\/wp\/v2\/comments?post=145051"}],"version-history":[{"count":0,"href":"https:\/\/www.intoscana.it\/it\/wp-json\/wp\/v2\/posts\/145051\/revisions"}],"wp:featuredmedia":[{"embeddable":true,"href":"https:\/\/www.intoscana.it\/it\/wp-json\/wp\/v2\/media\/145546"}],"wp:attachment":[{"href":"https:\/\/www.intoscana.it\/it\/wp-json\/wp\/v2\/media?parent=145051"}],"wp:term":[{"taxonomy":"category","embeddable":true,"href":"https:\/\/www.intoscana.it\/it\/wp-json\/wp\/v2\/categories?post=145051"},{"taxonomy":"post_tag","embeddable":true,"href":"https:\/\/www.intoscana.it\/it\/wp-json\/wp\/v2\/tags?post=145051"}],"curies":[{"name":"wp","href":"https:\/\/api.w.org\/{rel}","templated":true}]}}