{"id":145057,"date":"2020-07-08T13:28:46","date_gmt":"2020-07-08T11:28:46","guid":{"rendered":"https:\/\/www.intoscana.it\/jazz-wine-in-montalcino-quattro-concerti-nel-chianti-senese\/"},"modified":"2020-08-10T09:30:23","modified_gmt":"2020-08-10T07:30:23","slug":"jazz-wine-in-montalcino","status":"publish","type":"post","link":"https:\/\/www.intoscana.it\/it\/jazz-wine-in-montalcino\/","title":{"rendered":"Jazz &#038; Wine in Montalcino: quattro concerti nel Chianti senese"},"content":{"rendered":"<p><strong>Il Festival <span class=\"il\">Jazz<\/span> &amp; Wine,<\/strong> la rassegna musicale fortemente voluta dall\u2019azienda Banfi e dal Comune di Montalcino con la storica collaborazione della famiglia Rubei dell\u2019Alexanderplatz di Roma, \u00e8 pronto per celebrare la sua <strong>XXIII edizione<\/strong> consecutiva ponendosi cos\u00ec, di diritto, nel ristretto novero dei festival musicali pi\u00f9 interessanti e longevi d\u2019Europa.<\/p>\n<p>Il festival, nato nel 1998 con l\u2019intento di unire e <strong>far vivere insieme due delle passioni pi\u00f9 intime ed intense, la musica <span class=\"il\">jazz<\/span> ed il vino di qualit\u00e0,<\/strong> porter\u00e0 nel territorio di Montalcino alcuni tra i pi\u00f9 apprezzati interpreti della musica italiana ed internazionale e lo far\u00e0, stavolta, con un progetto itinerante, toccando alcuni dei luoghi pi\u00f9 suggestivi del territorio ilcinese, complice la temporanea indisponibilit\u00e0 della Fortezza di Montalcino, storico palcoscenico del <span class=\"il\">Jazz<\/span> &amp; Wine.<\/p>\n<p>Si inizia <strong>gioved\u00ec 30 luglio<\/strong>, nella suggestiva cornice del Castello Banfi, con di <strong>Nick The Nightfly<\/strong>. La storica voce di Radio Monte Carlo presenter\u00e0 il progetto \u201cBe yourself\u201d assieme suo quintetto, per una notte che si annuncia trascinante e di grande atmosfera.<\/p>\n<p><strong>Venerd\u00ec 31 luglio,<\/strong> sempre a Castello Banfi, <strong>la tromba di Fabrizio Bosso e il pianoforte di Julian Oliver Mazzariello<\/strong> offriranno \u201cTandem\u201d, un incontro perfetto tra due musicisti che trascende le regole delle classiche collaborazioni. In 17 anni il loro rapporto di fraterna amicizia e l\u2019approccio con la musica, totalmente libero dagli schemi, accrescono il loro sodalizio, fino a farli diventare una sola voce.<\/p>\n<p>Nell\u2019incredibile scenario dell\u2019Abbazia di Sant\u2019Antimo, <strong>sabato 1 agosto<\/strong> il trio italo-argentino, composto da <strong>Peppe Servillo, Javier Girotto e Natalio Mangalavite<\/strong>, presenta \u201cParientes\u201d un viaggio nei ricordi, nelle persone, nell&#8217;immaginario di un popolo migrante che ha dato vita ad un\u2019altra cultura e, nel contempo, ha preservato la propria portandovi nuova linfa. Uno spettacolo trascinante, fatto di intense musiche, di storie e di esperienze di vita, per una notte da non perdere, impreziosita da un palcoscenico allestito in un luogo unico ed irripetibile.<\/p>\n<p>Gran finale all\u2019insegna della voce <strong>domenica 2 agosto<\/strong> quando sul palco di <span class=\"il\">Jazz<\/span> &amp; Wine, predisposto per l\u2019occasione nella suggestiva Piazza del Popolo di Montalcino, arrivano le sonorit\u00e0 latine di <strong>Rosalia De Souza<\/strong> e del suo quintetto. Voce internazionale, la cantante brasiliana presenter\u00e0 \u201cIl Brasile che mi piace\u201d, uno spettacolo in cui propone i brani che l\u2019hanno resa apprezzatissima interprete nei suoi tre lustri di carriera.<\/p>\n<p><strong>Tutti gli spettacoli di <span class=\"il\">Jazz<\/span> &amp; Wine in Montalcino avranno inizio alle ore 21.45.<\/strong><\/p>\n<p><strong>Per informazioni<\/strong><br \/><strong>Tel 0577 840111<\/strong><br \/><strong><a href=\"mailto:marketing@banfi.it\" target=\"_blank\" rel=\"noopener noreferrer\">marketing@banfi.it<\/a><\/strong><\/p>\n","protected":false},"excerpt":{"rendered":"<p>Dal 30 luglio al 2 agosto la 23ma edizione con alcuni tra i protagonisti della scena musicale internazionale tra cui Nick The Nightfly, Peppe Servillo, Fabrizio Bosso&nbsp; e Rosalia De Souza<\/p>\n","protected":false},"author":525,"featured_media":145552,"comment_status":"open","ping_status":"open","sticky":false,"template":"","format":"standard","meta":{"_acf_changed":false,"footnotes":""},"categories":[14],"tags":[],"class_list":["post-145057","post","type-post","status-publish","format-standard","has-post-thumbnail","hentry","category-musica"],"acf":[],"yoast_head":"<!-- This site is optimized with the Yoast SEO Premium plugin v24.2 (Yoast SEO v25.6) - https:\/\/yoast.com\/wordpress\/plugins\/seo\/ -->\n<title>Jazz &amp; Wine in Montalcino: quattro concerti nel Chianti senese - intoscana<\/title>\n<meta name=\"description\" content=\"Jazz &amp; Wine in Montalcino: 4 serate di musica nel Chianti senese, dal 30 luglio al 2 agosto la 23ma edizione con alcuni tra i protagonisti della scena musicale\" \/>\n<meta name=\"robots\" content=\"index, follow, max-snippet:-1, max-image-preview:large, max-video-preview:-1\" \/>\n<link rel=\"canonical\" href=\"https:\/\/www.intoscana.it\/it\/jazz-wine-in-montalcino\/\" \/>\n<meta property=\"og:locale\" content=\"it_IT\" \/>\n<meta property=\"og:type\" content=\"article\" \/>\n<meta property=\"og:title\" content=\"Jazz &amp; Wine in Montalcino: quattro concerti nel Chianti senese\" \/>\n<meta property=\"og:description\" content=\"Jazz &amp; Wine in Montalcino: 4 serate di musica nel Chianti senese, dal 30 luglio al 2 agosto la 23ma edizione con alcuni tra i protagonisti della scena musicale\" \/>\n<meta property=\"og:url\" content=\"https:\/\/www.intoscana.it\/it\/jazz-wine-in-montalcino\/\" \/>\n<meta property=\"og:site_name\" content=\"intoscana\" \/>\n<meta property=\"article:publisher\" content=\"https:\/\/www.facebook.com\/intoscana.it\" \/>\n<meta property=\"article:published_time\" content=\"2020-07-08T11:28:46+00:00\" \/>\n<meta property=\"article:modified_time\" content=\"2020-08-10T07:30:23+00:00\" \/>\n<meta property=\"og:image\" content=\"https:\/\/www.intoscana.it\/wp-content\/uploads\/rosalia_de_souza.jpg\" \/>\n\t<meta property=\"og:image:width\" content=\"640\" \/>\n\t<meta property=\"og:image:height\" content=\"426\" \/>\n\t<meta property=\"og:image:type\" content=\"image\/jpeg\" \/>\n<meta name=\"author\" content=\"Redazione\" \/>\n<meta name=\"twitter:card\" content=\"summary_large_image\" \/>\n<meta name=\"twitter:creator\" content=\"@intoscana\" \/>\n<meta name=\"twitter:site\" content=\"@intoscana\" \/>\n<meta name=\"twitter:label1\" content=\"Written by\" \/>\n\t<meta name=\"twitter:data1\" content=\"Redazione\" \/>\n\t<meta name=\"twitter:label2\" content=\"Est. reading time\" \/>\n\t<meta name=\"twitter:data2\" content=\"2 minuti\" \/>\n<script type=\"application\/ld+json\" class=\"yoast-schema-graph\">{\"@context\":\"https:\/\/schema.org\",\"@graph\":[{\"@type\":\"WebPage\",\"@id\":\"https:\/\/www.intoscana.it\/it\/jazz-wine-in-montalcino\/\",\"url\":\"https:\/\/www.intoscana.it\/it\/jazz-wine-in-montalcino\/\",\"name\":\"Jazz & Wine in Montalcino: quattro concerti nel Chianti senese - intoscana\",\"isPartOf\":{\"@id\":\"https:\/\/www.intoscana.it\/it\/#website\"},\"primaryImageOfPage\":{\"@id\":\"https:\/\/www.intoscana.it\/it\/jazz-wine-in-montalcino\/#primaryimage\"},\"image\":{\"@id\":\"https:\/\/www.intoscana.it\/it\/jazz-wine-in-montalcino\/#primaryimage\"},\"thumbnailUrl\":\"https:\/\/www.intoscana.it\/wp-content\/uploads\/rosalia_de_souza.jpg\",\"datePublished\":\"2020-07-08T11:28:46+00:00\",\"dateModified\":\"2020-08-10T07:30:23+00:00\",\"author\":{\"@id\":\"https:\/\/www.intoscana.it\/it\/#\/schema\/person\/9223810753230f20bd670fdd322661f8\"},\"description\":\"Jazz & Wine in Montalcino: 4 serate di musica nel Chianti senese, dal 30 luglio al 2 agosto la 23ma edizione con alcuni tra i protagonisti della scena musicale\",\"breadcrumb\":{\"@id\":\"https:\/\/www.intoscana.it\/it\/jazz-wine-in-montalcino\/#breadcrumb\"},\"inLanguage\":\"it-IT\",\"potentialAction\":[{\"@type\":\"ReadAction\",\"target\":[\"https:\/\/www.intoscana.it\/it\/jazz-wine-in-montalcino\/\"]}]},{\"@type\":\"ImageObject\",\"inLanguage\":\"it-IT\",\"@id\":\"https:\/\/www.intoscana.it\/it\/jazz-wine-in-montalcino\/#primaryimage\",\"url\":\"https:\/\/www.intoscana.it\/wp-content\/uploads\/rosalia_de_souza.jpg\",\"contentUrl\":\"https:\/\/www.intoscana.it\/wp-content\/uploads\/rosalia_de_souza.jpg\",\"width\":640,\"height\":426,\"caption\":\"Rosalia De Souza\"},{\"@type\":\"BreadcrumbList\",\"@id\":\"https:\/\/www.intoscana.it\/it\/jazz-wine-in-montalcino\/#breadcrumb\",\"itemListElement\":[{\"@type\":\"ListItem\",\"position\":1,\"name\":\"Home\",\"item\":\"https:\/\/www.intoscana.it\/it\/\"},{\"@type\":\"ListItem\",\"position\":2,\"name\":\"Jazz &#038; Wine in Montalcino: quattro concerti nel Chianti senese\"}]},{\"@type\":\"WebSite\",\"@id\":\"https:\/\/www.intoscana.it\/it\/#website\",\"url\":\"https:\/\/www.intoscana.it\/it\/\",\"name\":\"intoscana\",\"description\":\"\",\"potentialAction\":[{\"@type\":\"SearchAction\",\"target\":{\"@type\":\"EntryPoint\",\"urlTemplate\":\"https:\/\/www.intoscana.it\/it\/?s={search_term_string}\"},\"query-input\":{\"@type\":\"PropertyValueSpecification\",\"valueRequired\":true,\"valueName\":\"search_term_string\"}}],\"inLanguage\":\"it-IT\"},{\"@type\":\"Person\",\"@id\":\"https:\/\/www.intoscana.it\/it\/#\/schema\/person\/9223810753230f20bd670fdd322661f8\",\"name\":\"Redazione\",\"url\":\"https:\/\/www.intoscana.it\/it\/author\/redazione\/\"}]}<\/script>\n<!-- \/ Yoast SEO Premium plugin. -->","yoast_head_json":{"title":"Jazz & Wine in Montalcino: quattro concerti nel Chianti senese - intoscana","description":"Jazz & Wine in Montalcino: 4 serate di musica nel Chianti senese, dal 30 luglio al 2 agosto la 23ma edizione con alcuni tra i protagonisti della scena musicale","robots":{"index":"index","follow":"follow","max-snippet":"max-snippet:-1","max-image-preview":"max-image-preview:large","max-video-preview":"max-video-preview:-1"},"canonical":"https:\/\/www.intoscana.it\/it\/jazz-wine-in-montalcino\/","og_locale":"it_IT","og_type":"article","og_title":"Jazz & Wine in Montalcino: quattro concerti nel Chianti senese","og_description":"Jazz & Wine in Montalcino: 4 serate di musica nel Chianti senese, dal 30 luglio al 2 agosto la 23ma edizione con alcuni tra i protagonisti della scena musicale","og_url":"https:\/\/www.intoscana.it\/it\/jazz-wine-in-montalcino\/","og_site_name":"intoscana","article_publisher":"https:\/\/www.facebook.com\/intoscana.it","article_published_time":"2020-07-08T11:28:46+00:00","article_modified_time":"2020-08-10T07:30:23+00:00","og_image":[{"width":640,"height":426,"url":"https:\/\/www.intoscana.it\/wp-content\/uploads\/rosalia_de_souza.jpg","type":"image\/jpeg"}],"author":"Redazione","twitter_card":"summary_large_image","twitter_creator":"@intoscana","twitter_site":"@intoscana","twitter_misc":{"Written by":"Redazione","Est. reading time":"2 minuti"},"schema":{"@context":"https:\/\/schema.org","@graph":[{"@type":"WebPage","@id":"https:\/\/www.intoscana.it\/it\/jazz-wine-in-montalcino\/","url":"https:\/\/www.intoscana.it\/it\/jazz-wine-in-montalcino\/","name":"Jazz & Wine in Montalcino: quattro concerti nel Chianti senese - intoscana","isPartOf":{"@id":"https:\/\/www.intoscana.it\/it\/#website"},"primaryImageOfPage":{"@id":"https:\/\/www.intoscana.it\/it\/jazz-wine-in-montalcino\/#primaryimage"},"image":{"@id":"https:\/\/www.intoscana.it\/it\/jazz-wine-in-montalcino\/#primaryimage"},"thumbnailUrl":"https:\/\/www.intoscana.it\/wp-content\/uploads\/rosalia_de_souza.jpg","datePublished":"2020-07-08T11:28:46+00:00","dateModified":"2020-08-10T07:30:23+00:00","author":{"@id":"https:\/\/www.intoscana.it\/it\/#\/schema\/person\/9223810753230f20bd670fdd322661f8"},"description":"Jazz & Wine in Montalcino: 4 serate di musica nel Chianti senese, dal 30 luglio al 2 agosto la 23ma edizione con alcuni tra i protagonisti della scena musicale","breadcrumb":{"@id":"https:\/\/www.intoscana.it\/it\/jazz-wine-in-montalcino\/#breadcrumb"},"inLanguage":"it-IT","potentialAction":[{"@type":"ReadAction","target":["https:\/\/www.intoscana.it\/it\/jazz-wine-in-montalcino\/"]}]},{"@type":"ImageObject","inLanguage":"it-IT","@id":"https:\/\/www.intoscana.it\/it\/jazz-wine-in-montalcino\/#primaryimage","url":"https:\/\/www.intoscana.it\/wp-content\/uploads\/rosalia_de_souza.jpg","contentUrl":"https:\/\/www.intoscana.it\/wp-content\/uploads\/rosalia_de_souza.jpg","width":640,"height":426,"caption":"Rosalia De Souza"},{"@type":"BreadcrumbList","@id":"https:\/\/www.intoscana.it\/it\/jazz-wine-in-montalcino\/#breadcrumb","itemListElement":[{"@type":"ListItem","position":1,"name":"Home","item":"https:\/\/www.intoscana.it\/it\/"},{"@type":"ListItem","position":2,"name":"Jazz &#038; Wine in Montalcino: quattro concerti nel Chianti senese"}]},{"@type":"WebSite","@id":"https:\/\/www.intoscana.it\/it\/#website","url":"https:\/\/www.intoscana.it\/it\/","name":"intoscana","description":"","potentialAction":[{"@type":"SearchAction","target":{"@type":"EntryPoint","urlTemplate":"https:\/\/www.intoscana.it\/it\/?s={search_term_string}"},"query-input":{"@type":"PropertyValueSpecification","valueRequired":true,"valueName":"search_term_string"}}],"inLanguage":"it-IT"},{"@type":"Person","@id":"https:\/\/www.intoscana.it\/it\/#\/schema\/person\/9223810753230f20bd670fdd322661f8","name":"Redazione","url":"https:\/\/www.intoscana.it\/it\/author\/redazione\/"}]}},"_links":{"self":[{"href":"https:\/\/www.intoscana.it\/it\/wp-json\/wp\/v2\/posts\/145057","targetHints":{"allow":["GET"]}}],"collection":[{"href":"https:\/\/www.intoscana.it\/it\/wp-json\/wp\/v2\/posts"}],"about":[{"href":"https:\/\/www.intoscana.it\/it\/wp-json\/wp\/v2\/types\/post"}],"author":[{"embeddable":true,"href":"https:\/\/www.intoscana.it\/it\/wp-json\/wp\/v2\/users\/525"}],"replies":[{"embeddable":true,"href":"https:\/\/www.intoscana.it\/it\/wp-json\/wp\/v2\/comments?post=145057"}],"version-history":[{"count":0,"href":"https:\/\/www.intoscana.it\/it\/wp-json\/wp\/v2\/posts\/145057\/revisions"}],"wp:featuredmedia":[{"embeddable":true,"href":"https:\/\/www.intoscana.it\/it\/wp-json\/wp\/v2\/media\/145552"}],"wp:attachment":[{"href":"https:\/\/www.intoscana.it\/it\/wp-json\/wp\/v2\/media?parent=145057"}],"wp:term":[{"taxonomy":"category","embeddable":true,"href":"https:\/\/www.intoscana.it\/it\/wp-json\/wp\/v2\/categories?post=145057"},{"taxonomy":"post_tag","embeddable":true,"href":"https:\/\/www.intoscana.it\/it\/wp-json\/wp\/v2\/tags?post=145057"}],"curies":[{"name":"wp","href":"https:\/\/api.w.org\/{rel}","templated":true}]}}