{"id":145058,"date":"2020-07-14T11:39:51","date_gmt":"2020-07-14T09:39:51","guid":{"rendered":"https:\/\/www.intoscana.it\/a-certaldo-amorose-fiamme-nel-giardino-di-palazzo-pretorio\/"},"modified":"2020-08-10T09:30:24","modified_gmt":"2020-08-10T07:30:24","slug":"amorose-fiamme-certaldo","status":"publish","type":"post","link":"https:\/\/www.intoscana.it\/it\/amorose-fiamme-certaldo\/","title":{"rendered":"A Certaldo &#8216;Amorose fiamme&#8217; nel giardino di Palazzo Pretorio"},"content":{"rendered":"<p><strong>Il Comune di Certaldo<\/strong> presenta una rassegna di musica e spettacolo dal titolo<strong> \u201cAmorose fiamme\u201d <\/strong>che si svolger\u00e0 dal <strong>16 al 19 luglio nel giardino di Palazzo Pretorio.<\/strong> Il progetto, curato da <strong>Fonderia Cultart e con il sostegno di Banca di Cambiano,<\/strong> \u00e8 un calendario di concerti e spettacoli ma \u00e8 anche un segnale positivo nei confronti del pubblico che potr\u00e0, <strong>nel rispetto delle disposizioni anticontagio<\/strong>, tornare a fruire di occasioni di intrattenimento e cultura.<\/p>\n<p>Il programma si propone di essere un\u2019occasione in cui <strong>la citt\u00e0 pu\u00f2 riappropriarsi<\/strong> &#8211; dopo mesi di distanziamento sociale &#8211; <strong>dei propri spazi condivisi,<\/strong> e riscoprire la propria voglia di essere comunit\u00e0, ma anche un&#8217;opportunit\u00e0 per sostenere il percorso di promozione turistica che il Comune di Certaldo ha recentemente attivato, offrendo ai visitatori provenienti anche da fuori citt\u00e0, iniziative di spettacolo.<\/p>\n<p>Il programma inizia<strong> Gioved\u00ec 16 luglio con \u201cQuello che conta\u201d l&#8217;omaggio a Luigi Tenco di Ginevra Di Marco,<\/strong> insieme a <strong>Francesco Magnelli e Andrea Salvadori, u<\/strong>n concerto in cui si approfondisce l&#8217;aspetto umano e artistico del cantautore: il cantore dell&#8217;esistenza, dei turbamenti d&#8217;amore e degli ideali sociali e politici, della malinconia e dell&#8217;intimit\u00e0. Prosegue <strong>Venerd\u00ec 17<\/strong> con lo spettacolo del <strong>Duo Baldo \u201cCONdivertimentoCERTO\u201d,<\/strong> uno show in cui i due musicisti classici che hanno letteralmente girato il mondo con questo progetto, \u201cgiocano\u201d e scherzano con la musica con un risultato irresistibile ed esilarante.<\/p>\n<p><strong>Sabato 18 <\/strong>\u00e8 la volta del concerto a fumetti \u201c<strong>Quando tutto divent\u00f2 blu\u201d<\/strong> tratto dall&#8217;omonima graphic novel di<strong> Alessandro Baronciani,<\/strong> disegnato dal vivo dall&#8217;autore e con l&#8217;intervento musicale di<strong> Corrado Nuccini (Giardini di Mir\u00f2), Daniele Rossi, Ilaria Formisano (Gomma).<\/strong><\/p>\n<p>La rassegna si chiude <strong>Domenica 19 luglio con Paolo Hendel <\/strong>che interpreta <strong>\u201cLa giovinezza \u00e8 sopravvalutata\u201d<\/strong>, una confessione autoironica sugli anni che passano, con tutto ci\u00f2 che questo comporta.<\/p>\n<p><strong>I quattro spettacoli scelti hanno in comune il tema della passione<\/strong> sotto molteplici aspetti: Ginevra di Marco e la passione per il cantautore Luigi Tenco, il Duo Baldo per la musica classica e il disperato desiderio di ridicolizzarla per amarla ancora di pi\u00f9, il fumettista Alessandro Baronciani che nella sua graphic novel ritrae la storia di una donna innamorata del mare, Paolo Hendel che, giunto all&#8217;et\u00e0 adulta, si rende conto della passione per la giovinezza non ha a che fare con l&#8217;et\u00e0 anagrafica. Il titolo della rassegna vuole quindi costruire un filo tra le quattro storie, individuando nelle \u201camorose fiamme\u201d, locuzione parafrasata da Giovanni Boccaccio, la passione come tema degli spettacoli.<br \/><strong><br \/>L&#8217;inizio degli spettacoli \u00e8 previsto alle ore 21.30, i posti sono limitati, i biglietti (15\/20\u20ac) si possono acquistare on line e nei punti vendita Ticketone.it<\/strong><\/p>\n<p><strong>Per informazioni: 338.1015732<\/strong><\/p>\n","protected":false},"excerpt":{"rendered":"<p>Da gioved\u00ec 16 luglio di esibiranno Ginevra di Marco, Alessandro Baronciani, Corrado Nuccini e Paolo Hendel<\/p>\n","protected":false},"author":525,"featured_media":145553,"comment_status":"open","ping_status":"open","sticky":false,"template":"","format":"standard","meta":{"_acf_changed":false,"footnotes":""},"categories":[14],"tags":[],"class_list":["post-145058","post","type-post","status-publish","format-standard","has-post-thumbnail","hentry","category-musica"],"acf":[],"yoast_head":"<!-- This site is optimized with the Yoast SEO Premium plugin v24.2 (Yoast SEO v25.6) - https:\/\/yoast.com\/wordpress\/plugins\/seo\/ -->\n<title>A Certaldo &#039;Amorose fiamme&#039; nel giardino di Palazzo Pretorio - intoscana<\/title>\n<meta name=\"robots\" content=\"index, follow, max-snippet:-1, max-image-preview:large, max-video-preview:-1\" \/>\n<link rel=\"canonical\" href=\"https:\/\/www.intoscana.it\/it\/amorose-fiamme-certaldo\/\" \/>\n<meta property=\"og:locale\" content=\"it_IT\" \/>\n<meta property=\"og:type\" content=\"article\" \/>\n<meta property=\"og:title\" content=\"A Certaldo &#039;Amorose fiamme&#039; nel giardino di Palazzo Pretorio\" \/>\n<meta property=\"og:description\" content=\"Da gioved\u00ec 16 luglio di esibiranno Ginevra di Marco, Alessandro Baronciani, Corrado Nuccini e Paolo Hendel\" \/>\n<meta property=\"og:url\" content=\"https:\/\/www.intoscana.it\/it\/amorose-fiamme-certaldo\/\" \/>\n<meta property=\"og:site_name\" content=\"intoscana\" \/>\n<meta property=\"article:publisher\" content=\"https:\/\/www.facebook.com\/intoscana.it\" \/>\n<meta property=\"article:published_time\" content=\"2020-07-14T09:39:51+00:00\" \/>\n<meta property=\"article:modified_time\" content=\"2020-08-10T07:30:24+00:00\" \/>\n<meta property=\"og:image\" content=\"https:\/\/www.intoscana.it\/wp-content\/uploads\/2-ginevra-di-marco-andrea-salvadori-francesco-magnelli-1024x619-1.jpg\" \/>\n\t<meta property=\"og:image:width\" content=\"1024\" \/>\n\t<meta property=\"og:image:height\" content=\"619\" \/>\n\t<meta property=\"og:image:type\" content=\"image\/jpeg\" \/>\n<meta name=\"author\" content=\"Redazione\" \/>\n<meta name=\"twitter:card\" content=\"summary_large_image\" \/>\n<meta name=\"twitter:creator\" content=\"@intoscana\" \/>\n<meta name=\"twitter:site\" content=\"@intoscana\" \/>\n<meta name=\"twitter:label1\" content=\"Written by\" \/>\n\t<meta name=\"twitter:data1\" content=\"Redazione\" \/>\n\t<meta name=\"twitter:label2\" content=\"Est. reading time\" \/>\n\t<meta name=\"twitter:data2\" content=\"2 minuti\" \/>\n<script type=\"application\/ld+json\" class=\"yoast-schema-graph\">{\"@context\":\"https:\/\/schema.org\",\"@graph\":[{\"@type\":\"WebPage\",\"@id\":\"https:\/\/www.intoscana.it\/it\/amorose-fiamme-certaldo\/\",\"url\":\"https:\/\/www.intoscana.it\/it\/amorose-fiamme-certaldo\/\",\"name\":\"A Certaldo 'Amorose fiamme' nel giardino di Palazzo Pretorio - intoscana\",\"isPartOf\":{\"@id\":\"https:\/\/www.intoscana.it\/it\/#website\"},\"primaryImageOfPage\":{\"@id\":\"https:\/\/www.intoscana.it\/it\/amorose-fiamme-certaldo\/#primaryimage\"},\"image\":{\"@id\":\"https:\/\/www.intoscana.it\/it\/amorose-fiamme-certaldo\/#primaryimage\"},\"thumbnailUrl\":\"https:\/\/www.intoscana.it\/wp-content\/uploads\/2-ginevra-di-marco-andrea-salvadori-francesco-magnelli-1024x619-1.jpg\",\"datePublished\":\"2020-07-14T09:39:51+00:00\",\"dateModified\":\"2020-08-10T07:30:24+00:00\",\"author\":{\"@id\":\"https:\/\/www.intoscana.it\/it\/#\/schema\/person\/9223810753230f20bd670fdd322661f8\"},\"breadcrumb\":{\"@id\":\"https:\/\/www.intoscana.it\/it\/amorose-fiamme-certaldo\/#breadcrumb\"},\"inLanguage\":\"it-IT\",\"potentialAction\":[{\"@type\":\"ReadAction\",\"target\":[\"https:\/\/www.intoscana.it\/it\/amorose-fiamme-certaldo\/\"]}]},{\"@type\":\"ImageObject\",\"inLanguage\":\"it-IT\",\"@id\":\"https:\/\/www.intoscana.it\/it\/amorose-fiamme-certaldo\/#primaryimage\",\"url\":\"https:\/\/www.intoscana.it\/wp-content\/uploads\/2-ginevra-di-marco-andrea-salvadori-francesco-magnelli-1024x619-1.jpg\",\"contentUrl\":\"https:\/\/www.intoscana.it\/wp-content\/uploads\/2-ginevra-di-marco-andrea-salvadori-francesco-magnelli-1024x619-1.jpg\",\"width\":1024,\"height\":619,\"caption\":\"Ginevra di Marco, Andrea Salvadori, Francesco Magnelli\"},{\"@type\":\"BreadcrumbList\",\"@id\":\"https:\/\/www.intoscana.it\/it\/amorose-fiamme-certaldo\/#breadcrumb\",\"itemListElement\":[{\"@type\":\"ListItem\",\"position\":1,\"name\":\"Home\",\"item\":\"https:\/\/www.intoscana.it\/it\/\"},{\"@type\":\"ListItem\",\"position\":2,\"name\":\"A Certaldo &#8216;Amorose fiamme&#8217; nel giardino di Palazzo Pretorio\"}]},{\"@type\":\"WebSite\",\"@id\":\"https:\/\/www.intoscana.it\/it\/#website\",\"url\":\"https:\/\/www.intoscana.it\/it\/\",\"name\":\"intoscana\",\"description\":\"\",\"potentialAction\":[{\"@type\":\"SearchAction\",\"target\":{\"@type\":\"EntryPoint\",\"urlTemplate\":\"https:\/\/www.intoscana.it\/it\/?s={search_term_string}\"},\"query-input\":{\"@type\":\"PropertyValueSpecification\",\"valueRequired\":true,\"valueName\":\"search_term_string\"}}],\"inLanguage\":\"it-IT\"},{\"@type\":\"Person\",\"@id\":\"https:\/\/www.intoscana.it\/it\/#\/schema\/person\/9223810753230f20bd670fdd322661f8\",\"name\":\"Redazione\",\"url\":\"https:\/\/www.intoscana.it\/it\/author\/redazione\/\"}]}<\/script>\n<!-- \/ Yoast SEO Premium plugin. -->","yoast_head_json":{"title":"A Certaldo 'Amorose fiamme' nel giardino di Palazzo Pretorio - intoscana","robots":{"index":"index","follow":"follow","max-snippet":"max-snippet:-1","max-image-preview":"max-image-preview:large","max-video-preview":"max-video-preview:-1"},"canonical":"https:\/\/www.intoscana.it\/it\/amorose-fiamme-certaldo\/","og_locale":"it_IT","og_type":"article","og_title":"A Certaldo 'Amorose fiamme' nel giardino di Palazzo Pretorio","og_description":"Da gioved\u00ec 16 luglio di esibiranno Ginevra di Marco, Alessandro Baronciani, Corrado Nuccini e Paolo Hendel","og_url":"https:\/\/www.intoscana.it\/it\/amorose-fiamme-certaldo\/","og_site_name":"intoscana","article_publisher":"https:\/\/www.facebook.com\/intoscana.it","article_published_time":"2020-07-14T09:39:51+00:00","article_modified_time":"2020-08-10T07:30:24+00:00","og_image":[{"width":1024,"height":619,"url":"https:\/\/www.intoscana.it\/wp-content\/uploads\/2-ginevra-di-marco-andrea-salvadori-francesco-magnelli-1024x619-1.jpg","type":"image\/jpeg"}],"author":"Redazione","twitter_card":"summary_large_image","twitter_creator":"@intoscana","twitter_site":"@intoscana","twitter_misc":{"Written by":"Redazione","Est. reading time":"2 minuti"},"schema":{"@context":"https:\/\/schema.org","@graph":[{"@type":"WebPage","@id":"https:\/\/www.intoscana.it\/it\/amorose-fiamme-certaldo\/","url":"https:\/\/www.intoscana.it\/it\/amorose-fiamme-certaldo\/","name":"A Certaldo 'Amorose fiamme' nel giardino di Palazzo Pretorio - intoscana","isPartOf":{"@id":"https:\/\/www.intoscana.it\/it\/#website"},"primaryImageOfPage":{"@id":"https:\/\/www.intoscana.it\/it\/amorose-fiamme-certaldo\/#primaryimage"},"image":{"@id":"https:\/\/www.intoscana.it\/it\/amorose-fiamme-certaldo\/#primaryimage"},"thumbnailUrl":"https:\/\/www.intoscana.it\/wp-content\/uploads\/2-ginevra-di-marco-andrea-salvadori-francesco-magnelli-1024x619-1.jpg","datePublished":"2020-07-14T09:39:51+00:00","dateModified":"2020-08-10T07:30:24+00:00","author":{"@id":"https:\/\/www.intoscana.it\/it\/#\/schema\/person\/9223810753230f20bd670fdd322661f8"},"breadcrumb":{"@id":"https:\/\/www.intoscana.it\/it\/amorose-fiamme-certaldo\/#breadcrumb"},"inLanguage":"it-IT","potentialAction":[{"@type":"ReadAction","target":["https:\/\/www.intoscana.it\/it\/amorose-fiamme-certaldo\/"]}]},{"@type":"ImageObject","inLanguage":"it-IT","@id":"https:\/\/www.intoscana.it\/it\/amorose-fiamme-certaldo\/#primaryimage","url":"https:\/\/www.intoscana.it\/wp-content\/uploads\/2-ginevra-di-marco-andrea-salvadori-francesco-magnelli-1024x619-1.jpg","contentUrl":"https:\/\/www.intoscana.it\/wp-content\/uploads\/2-ginevra-di-marco-andrea-salvadori-francesco-magnelli-1024x619-1.jpg","width":1024,"height":619,"caption":"Ginevra di Marco, Andrea Salvadori, Francesco Magnelli"},{"@type":"BreadcrumbList","@id":"https:\/\/www.intoscana.it\/it\/amorose-fiamme-certaldo\/#breadcrumb","itemListElement":[{"@type":"ListItem","position":1,"name":"Home","item":"https:\/\/www.intoscana.it\/it\/"},{"@type":"ListItem","position":2,"name":"A Certaldo &#8216;Amorose fiamme&#8217; nel giardino di Palazzo Pretorio"}]},{"@type":"WebSite","@id":"https:\/\/www.intoscana.it\/it\/#website","url":"https:\/\/www.intoscana.it\/it\/","name":"intoscana","description":"","potentialAction":[{"@type":"SearchAction","target":{"@type":"EntryPoint","urlTemplate":"https:\/\/www.intoscana.it\/it\/?s={search_term_string}"},"query-input":{"@type":"PropertyValueSpecification","valueRequired":true,"valueName":"search_term_string"}}],"inLanguage":"it-IT"},{"@type":"Person","@id":"https:\/\/www.intoscana.it\/it\/#\/schema\/person\/9223810753230f20bd670fdd322661f8","name":"Redazione","url":"https:\/\/www.intoscana.it\/it\/author\/redazione\/"}]}},"_links":{"self":[{"href":"https:\/\/www.intoscana.it\/it\/wp-json\/wp\/v2\/posts\/145058","targetHints":{"allow":["GET"]}}],"collection":[{"href":"https:\/\/www.intoscana.it\/it\/wp-json\/wp\/v2\/posts"}],"about":[{"href":"https:\/\/www.intoscana.it\/it\/wp-json\/wp\/v2\/types\/post"}],"author":[{"embeddable":true,"href":"https:\/\/www.intoscana.it\/it\/wp-json\/wp\/v2\/users\/525"}],"replies":[{"embeddable":true,"href":"https:\/\/www.intoscana.it\/it\/wp-json\/wp\/v2\/comments?post=145058"}],"version-history":[{"count":0,"href":"https:\/\/www.intoscana.it\/it\/wp-json\/wp\/v2\/posts\/145058\/revisions"}],"wp:featuredmedia":[{"embeddable":true,"href":"https:\/\/www.intoscana.it\/it\/wp-json\/wp\/v2\/media\/145553"}],"wp:attachment":[{"href":"https:\/\/www.intoscana.it\/it\/wp-json\/wp\/v2\/media?parent=145058"}],"wp:term":[{"taxonomy":"category","embeddable":true,"href":"https:\/\/www.intoscana.it\/it\/wp-json\/wp\/v2\/categories?post=145058"},{"taxonomy":"post_tag","embeddable":true,"href":"https:\/\/www.intoscana.it\/it\/wp-json\/wp\/v2\/tags?post=145058"}],"curies":[{"name":"wp","href":"https:\/\/api.w.org\/{rel}","templated":true}]}}