{"id":145060,"date":"2020-07-11T11:00:44","date_gmt":"2020-07-11T09:00:44","guid":{"rendered":"https:\/\/www.intoscana.it\/artemusica-fest-non-si-arrende-lucio-leoni-in-concerto-a-pian-di-sco\/"},"modified":"2020-08-10T09:30:25","modified_gmt":"2020-08-10T07:30:25","slug":"lucio-leoni","status":"publish","type":"post","link":"https:\/\/www.intoscana.it\/it\/lucio-leoni\/","title":{"rendered":"ArteMusica Fest non si arrende: Lucio Leoni in concerto a Pian di Sc\u00f2"},"content":{"rendered":"<p><strong>Gioved\u00ec 23 luglio il festival Art&amp;Musica<\/strong> deciso a non rinunciare completamente alla propria vocazione e a dare il proprio contributo affinch\u00e9 musica e cultura possano iniziare la ripresa torna a proporre un concerto, un evento live che inevitabilmente sar\u00e0 <strong>a misura di COVID.<\/strong><\/p>\n<p><strong>Ospite della serata sar\u00e0 Lucio Leoni,<\/strong> <strong>cantautore romano raffinato e visionario,<\/strong> esteta della parola e la cui musica non ha confini stilistici, che presenter\u00e0 &#8220;<strong>Dove sei- pt1&#8243;<\/strong>, il suo ultimo album uscito a maggio per l&#8217;etichetta fiorentina <strong>BlackCandy.<br \/><\/strong><br \/>Teatro della serata sar\u00e0 il <strong>giardino della Propositura<\/strong>, che gi\u00e0 lo scorso anno ha ospitato l&#8217;evento <strong>&#8220;In the Garden&#8221; di Art&amp;Musica,<\/strong> un ambiente intimo ed accogliente, una cornice bucolica che quest&#8217;anno prevede posti limitati per i quali \u00e8 necessaria la prenotazione, oltre a tutti gli accorgimenti di conformit\u00e0 alle disposizioni in merito agli eventi ed agli spettacoli, all&#8217;interno del quale sar\u00e0 comunque attivo un servizio bar.<\/p>\n<p class=\"p1\"><span class=\"s1\"><strong>Quella di quest\u2019anno sarebbe stata la sedicesima edizione<\/strong> per <strong>un festival nato nel lontano 2004 <\/strong>per volont\u00e0 dell&#8217;allora assessore alla cultura <strong>Tommaso Torniai. Il festival dal 2008 <\/strong>\u00e8 organizzato da un gruppo di volontari innamorati della musica ed&nbsp;\u00e8 <strong>tutto completamente autofinanziato.<\/strong><\/span><\/p>\n<p><strong>Ha dichiarato Cristian Martelli uno degli organizzatori del festival:<\/strong> \u201cPer noi \u00e8 quasi una \u2018mission impossible\u2019. Per noi che non siamo il grande festival di Milano, o di Roma, o anche di Arezzo, dal grande bacino di utenza e il cui indiscutibile valore culturale e artistico \u00e9 riconosciuto e sostenuto, oltre che dal pubblico, anche da istituzioni, amministrazioni, enti, partners. Nonostante questo crediamo sia nostro &#8220;dovere&#8221; e nostra responsabilit\u00e0 dare il nostro seppur piccolo contributo alla ripartenza di questo straordinario mondo, che \u00e8 la nostra passione, e dei suoi lavoratori. Il nostro Giardino, una birra, la fresca sera piandiscoese e un concerto unico, tutto a misura di fottutovirus. Con Lucio Leoni, artista IMMENSO, che comincio da subito a ringraziare, insieme agli amici di Locusta Booking, BIG TIME &#8211; Ufficio Stampa per la musica e Blackcandy Produzioni, al pari di ognuno di Voi.\u201d<\/p>\n<p><strong>Lucio Leoni<\/strong><br \/><strong>Art&amp;Musica<\/strong><br \/><strong>Giardino della Propositura, Pian di Sc\u00f2<\/strong><br \/><strong>Gioved\u00ec 23 luglio<\/strong><\/p>\n","protected":false},"excerpt":{"rendered":"<p>Gioved\u00ec 23 luglio il cantautore romano incanter\u00e0 il giardino della Propositura con un live acustico<\/p>\n","protected":false},"author":518,"featured_media":145555,"comment_status":"open","ping_status":"open","sticky":false,"template":"","format":"standard","meta":{"_acf_changed":false,"footnotes":""},"categories":[14],"tags":[],"class_list":["post-145060","post","type-post","status-publish","format-standard","has-post-thumbnail","hentry","category-musica"],"acf":[],"yoast_head":"<!-- This site is optimized with the Yoast SEO Premium plugin v24.2 (Yoast SEO v25.6) - https:\/\/yoast.com\/wordpress\/plugins\/seo\/ -->\n<title>ArteMusica Fest non si arrende: Lucio Leoni in concerto a Pian di Sc\u00f2 - intoscana<\/title>\n<meta name=\"robots\" content=\"index, follow, max-snippet:-1, max-image-preview:large, max-video-preview:-1\" \/>\n<link rel=\"canonical\" href=\"https:\/\/www.intoscana.it\/it\/lucio-leoni\/\" \/>\n<meta property=\"og:locale\" content=\"it_IT\" \/>\n<meta property=\"og:type\" content=\"article\" \/>\n<meta property=\"og:title\" content=\"ArteMusica Fest non si arrende: Lucio Leoni in concerto a Pian di Sc\u00f2\" \/>\n<meta property=\"og:description\" content=\"Gioved\u00ec 23 luglio il cantautore romano incanter\u00e0 il giardino della Propositura con un live acustico\" \/>\n<meta property=\"og:url\" content=\"https:\/\/www.intoscana.it\/it\/lucio-leoni\/\" \/>\n<meta property=\"og:site_name\" content=\"intoscana\" \/>\n<meta property=\"article:publisher\" content=\"https:\/\/www.facebook.com\/intoscana.it\" \/>\n<meta property=\"article:published_time\" content=\"2020-07-11T09:00:44+00:00\" \/>\n<meta property=\"article:modified_time\" content=\"2020-08-10T07:30:25+00:00\" \/>\n<meta property=\"og:image\" content=\"https:\/\/www.intoscana.it\/wp-content\/uploads\/lucioleoni_cecchetti-31-di-57-copia-scaled-1.jpeg\" \/>\n\t<meta property=\"og:image:width\" content=\"1494\" \/>\n\t<meta property=\"og:image:height\" content=\"1161\" \/>\n\t<meta property=\"og:image:type\" content=\"image\/jpeg\" \/>\n<meta name=\"author\" content=\"Costanza Baldini\" \/>\n<meta name=\"twitter:card\" content=\"summary_large_image\" \/>\n<meta name=\"twitter:creator\" content=\"@intoscana\" \/>\n<meta name=\"twitter:site\" content=\"@intoscana\" \/>\n<meta name=\"twitter:label1\" content=\"Written by\" \/>\n\t<meta name=\"twitter:data1\" content=\"Costanza Baldini\" \/>\n\t<meta name=\"twitter:label2\" content=\"Est. reading time\" \/>\n\t<meta name=\"twitter:data2\" content=\"2 minuti\" \/>\n<script type=\"application\/ld+json\" class=\"yoast-schema-graph\">{\"@context\":\"https:\/\/schema.org\",\"@graph\":[{\"@type\":\"WebPage\",\"@id\":\"https:\/\/www.intoscana.it\/it\/lucio-leoni\/\",\"url\":\"https:\/\/www.intoscana.it\/it\/lucio-leoni\/\",\"name\":\"ArteMusica Fest non si arrende: Lucio Leoni in concerto a Pian di Sc\u00f2 - intoscana\",\"isPartOf\":{\"@id\":\"https:\/\/www.intoscana.it\/it\/#website\"},\"primaryImageOfPage\":{\"@id\":\"https:\/\/www.intoscana.it\/it\/lucio-leoni\/#primaryimage\"},\"image\":{\"@id\":\"https:\/\/www.intoscana.it\/it\/lucio-leoni\/#primaryimage\"},\"thumbnailUrl\":\"https:\/\/www.intoscana.it\/wp-content\/uploads\/lucioleoni_cecchetti-31-di-57-copia-scaled-1.jpeg\",\"datePublished\":\"2020-07-11T09:00:44+00:00\",\"dateModified\":\"2020-08-10T07:30:25+00:00\",\"author\":{\"@id\":\"https:\/\/www.intoscana.it\/it\/#\/schema\/person\/d469f35f09739bdf00bf5dd3f0647a82\"},\"breadcrumb\":{\"@id\":\"https:\/\/www.intoscana.it\/it\/lucio-leoni\/#breadcrumb\"},\"inLanguage\":\"it-IT\",\"potentialAction\":[{\"@type\":\"ReadAction\",\"target\":[\"https:\/\/www.intoscana.it\/it\/lucio-leoni\/\"]}]},{\"@type\":\"ImageObject\",\"inLanguage\":\"it-IT\",\"@id\":\"https:\/\/www.intoscana.it\/it\/lucio-leoni\/#primaryimage\",\"url\":\"https:\/\/www.intoscana.it\/wp-content\/uploads\/lucioleoni_cecchetti-31-di-57-copia-scaled-1.jpeg\",\"contentUrl\":\"https:\/\/www.intoscana.it\/wp-content\/uploads\/lucioleoni_cecchetti-31-di-57-copia-scaled-1.jpeg\",\"width\":1494,\"height\":1161,\"caption\":\"Lucio Leoni\"},{\"@type\":\"BreadcrumbList\",\"@id\":\"https:\/\/www.intoscana.it\/it\/lucio-leoni\/#breadcrumb\",\"itemListElement\":[{\"@type\":\"ListItem\",\"position\":1,\"name\":\"Home\",\"item\":\"https:\/\/www.intoscana.it\/it\/\"},{\"@type\":\"ListItem\",\"position\":2,\"name\":\"ArteMusica Fest non si arrende: Lucio Leoni in concerto a Pian di Sc\u00f2\"}]},{\"@type\":\"WebSite\",\"@id\":\"https:\/\/www.intoscana.it\/it\/#website\",\"url\":\"https:\/\/www.intoscana.it\/it\/\",\"name\":\"intoscana\",\"description\":\"\",\"potentialAction\":[{\"@type\":\"SearchAction\",\"target\":{\"@type\":\"EntryPoint\",\"urlTemplate\":\"https:\/\/www.intoscana.it\/it\/?s={search_term_string}\"},\"query-input\":{\"@type\":\"PropertyValueSpecification\",\"valueRequired\":true,\"valueName\":\"search_term_string\"}}],\"inLanguage\":\"it-IT\"},{\"@type\":\"Person\",\"@id\":\"https:\/\/www.intoscana.it\/it\/#\/schema\/person\/d469f35f09739bdf00bf5dd3f0647a82\",\"name\":\"Costanza Baldini\",\"url\":\"https:\/\/www.intoscana.it\/it\/author\/costanza-baldini\/\"}]}<\/script>\n<!-- \/ Yoast SEO Premium plugin. -->","yoast_head_json":{"title":"ArteMusica Fest non si arrende: Lucio Leoni in concerto a Pian di Sc\u00f2 - intoscana","robots":{"index":"index","follow":"follow","max-snippet":"max-snippet:-1","max-image-preview":"max-image-preview:large","max-video-preview":"max-video-preview:-1"},"canonical":"https:\/\/www.intoscana.it\/it\/lucio-leoni\/","og_locale":"it_IT","og_type":"article","og_title":"ArteMusica Fest non si arrende: Lucio Leoni in concerto a Pian di Sc\u00f2","og_description":"Gioved\u00ec 23 luglio il cantautore romano incanter\u00e0 il giardino della Propositura con un live acustico","og_url":"https:\/\/www.intoscana.it\/it\/lucio-leoni\/","og_site_name":"intoscana","article_publisher":"https:\/\/www.facebook.com\/intoscana.it","article_published_time":"2020-07-11T09:00:44+00:00","article_modified_time":"2020-08-10T07:30:25+00:00","og_image":[{"width":1494,"height":1161,"url":"https:\/\/www.intoscana.it\/wp-content\/uploads\/lucioleoni_cecchetti-31-di-57-copia-scaled-1.jpeg","type":"image\/jpeg"}],"author":"Costanza Baldini","twitter_card":"summary_large_image","twitter_creator":"@intoscana","twitter_site":"@intoscana","twitter_misc":{"Written by":"Costanza Baldini","Est. reading time":"2 minuti"},"schema":{"@context":"https:\/\/schema.org","@graph":[{"@type":"WebPage","@id":"https:\/\/www.intoscana.it\/it\/lucio-leoni\/","url":"https:\/\/www.intoscana.it\/it\/lucio-leoni\/","name":"ArteMusica Fest non si arrende: Lucio Leoni in concerto a Pian di Sc\u00f2 - intoscana","isPartOf":{"@id":"https:\/\/www.intoscana.it\/it\/#website"},"primaryImageOfPage":{"@id":"https:\/\/www.intoscana.it\/it\/lucio-leoni\/#primaryimage"},"image":{"@id":"https:\/\/www.intoscana.it\/it\/lucio-leoni\/#primaryimage"},"thumbnailUrl":"https:\/\/www.intoscana.it\/wp-content\/uploads\/lucioleoni_cecchetti-31-di-57-copia-scaled-1.jpeg","datePublished":"2020-07-11T09:00:44+00:00","dateModified":"2020-08-10T07:30:25+00:00","author":{"@id":"https:\/\/www.intoscana.it\/it\/#\/schema\/person\/d469f35f09739bdf00bf5dd3f0647a82"},"breadcrumb":{"@id":"https:\/\/www.intoscana.it\/it\/lucio-leoni\/#breadcrumb"},"inLanguage":"it-IT","potentialAction":[{"@type":"ReadAction","target":["https:\/\/www.intoscana.it\/it\/lucio-leoni\/"]}]},{"@type":"ImageObject","inLanguage":"it-IT","@id":"https:\/\/www.intoscana.it\/it\/lucio-leoni\/#primaryimage","url":"https:\/\/www.intoscana.it\/wp-content\/uploads\/lucioleoni_cecchetti-31-di-57-copia-scaled-1.jpeg","contentUrl":"https:\/\/www.intoscana.it\/wp-content\/uploads\/lucioleoni_cecchetti-31-di-57-copia-scaled-1.jpeg","width":1494,"height":1161,"caption":"Lucio Leoni"},{"@type":"BreadcrumbList","@id":"https:\/\/www.intoscana.it\/it\/lucio-leoni\/#breadcrumb","itemListElement":[{"@type":"ListItem","position":1,"name":"Home","item":"https:\/\/www.intoscana.it\/it\/"},{"@type":"ListItem","position":2,"name":"ArteMusica Fest non si arrende: Lucio Leoni in concerto a Pian di Sc\u00f2"}]},{"@type":"WebSite","@id":"https:\/\/www.intoscana.it\/it\/#website","url":"https:\/\/www.intoscana.it\/it\/","name":"intoscana","description":"","potentialAction":[{"@type":"SearchAction","target":{"@type":"EntryPoint","urlTemplate":"https:\/\/www.intoscana.it\/it\/?s={search_term_string}"},"query-input":{"@type":"PropertyValueSpecification","valueRequired":true,"valueName":"search_term_string"}}],"inLanguage":"it-IT"},{"@type":"Person","@id":"https:\/\/www.intoscana.it\/it\/#\/schema\/person\/d469f35f09739bdf00bf5dd3f0647a82","name":"Costanza Baldini","url":"https:\/\/www.intoscana.it\/it\/author\/costanza-baldini\/"}]}},"_links":{"self":[{"href":"https:\/\/www.intoscana.it\/it\/wp-json\/wp\/v2\/posts\/145060","targetHints":{"allow":["GET"]}}],"collection":[{"href":"https:\/\/www.intoscana.it\/it\/wp-json\/wp\/v2\/posts"}],"about":[{"href":"https:\/\/www.intoscana.it\/it\/wp-json\/wp\/v2\/types\/post"}],"author":[{"embeddable":true,"href":"https:\/\/www.intoscana.it\/it\/wp-json\/wp\/v2\/users\/518"}],"replies":[{"embeddable":true,"href":"https:\/\/www.intoscana.it\/it\/wp-json\/wp\/v2\/comments?post=145060"}],"version-history":[{"count":0,"href":"https:\/\/www.intoscana.it\/it\/wp-json\/wp\/v2\/posts\/145060\/revisions"}],"wp:featuredmedia":[{"embeddable":true,"href":"https:\/\/www.intoscana.it\/it\/wp-json\/wp\/v2\/media\/145555"}],"wp:attachment":[{"href":"https:\/\/www.intoscana.it\/it\/wp-json\/wp\/v2\/media?parent=145060"}],"wp:term":[{"taxonomy":"category","embeddable":true,"href":"https:\/\/www.intoscana.it\/it\/wp-json\/wp\/v2\/categories?post=145060"},{"taxonomy":"post_tag","embeddable":true,"href":"https:\/\/www.intoscana.it\/it\/wp-json\/wp\/v2\/tags?post=145060"}],"curies":[{"name":"wp","href":"https:\/\/api.w.org\/{rel}","templated":true}]}}