{"id":145062,"date":"2020-07-06T14:03:53","date_gmt":"2020-07-06T12:03:53","guid":{"rendered":"https:\/\/www.intoscana.it\/lorchestra-da-camera-fiorentina-omaggia-il-maestro-morricone\/"},"modified":"2020-08-10T09:30:26","modified_gmt":"2020-08-10T07:30:26","slug":"orchestra-da-camera-fiorentina-morricone","status":"publish","type":"post","link":"https:\/\/www.intoscana.it\/it\/orchestra-da-camera-fiorentina-morricone\/","title":{"rendered":"L&#8217;Orchestra da Camera Fiorentina omaggia il maestro Morricone"},"content":{"rendered":"<p>L&#8217;<strong>Orchestra da Camera Fiorentina<\/strong> dedica allo scomparso <strong>Ennio Morricone<\/strong> le tre serate &#8216;<strong>Musica dal grande schermo&#8217;<\/strong>, in programma <strong>da marted\u00ec 7 a gioved\u00ec 9 luglio nel cortile di Palazzo Medici Riccardi, a Firenze.<\/p>\n<p><\/strong>Al centro dei concerti saranno proprio <strong>alcune delle pi\u00f9 amate colonne sonore di Morricone<\/strong>: da &#8216;<strong>C&#8217;era una volta in America&#8217; a &#8216;Nuovo Cinema Paradiso&#8217;, da &#8216;Indagine su un cittadino al di sopra di ogni sospetto&#8217; a &#8216;Il pianista sull&#8217;oceano<\/strong>&#8216;. Completano il programma altre note musiche da film di <strong>Nicola Piovani e Nino Rota<\/strong>.<\/p>\n<p><strong>&#8216;Musica dal grande schermo&#8217;<\/strong> \u00e8 una cavalcata attraverso celebri partiture che <strong>Nicola Piovani<\/strong> (vincitore del premio Oscar per la miglior colonna sonora), <strong>Ennio Morricone e Nino Rota<\/strong> hanno regalato al cinema. Sul podio dell&#8217;Orchestra da Camera Fiorentina sale <strong>il maestro Giuseppe Lanzetta<\/strong> (che cura anche gli arrangiamenti), solisti <strong>Fernando Rams\u00e9s Pe\u00f1a D\u00edaz al pianoforte e Raffaele Chieli alla tromba.<\/strong><\/p>\n<p>I <strong>biglietti<\/strong> sono disponibili nei punti Box Office Toscana e, nei giorni dei concerti, a Palazzo Medici Riccardi dalle ore 10,30. In alternativa si possono acquistare online su www.ticketone.it. Sono previste riduzioni per studenti (muniti di tesserino), over 65 (muniti di documento), titolari della &#8216;Firenze Card&#8217; del Comune di Firenze e soci Unicoop Firenze.<\/p>\n<p>Tutti i concerti dell\u2019Orchestra da Camera Fiorentina si svolgono nel pieno rispetto delle misure di sicurezza per l\u2019emergenza Coronavirus. <strong>Programma completo <a href=\"http:\/\/www.orchestrafiorentina.it\/\" target=\"_blank\" rel=\"noopener noreferrer\" data-saferedirecturl=\"https:\/\/www.google.com\/url?q=http:\/\/www.orchestrafiorentina.it&amp;source=gmail&amp;ust=1594115672480000&amp;usg=AFQjCNEaCbXIFyLh6nPYkzvzJ2gT-6NqYQ\">www.orchestrafiorentina.it<\/a><\/strong>. Per informazioni e prenotazioni si pu\u00f2 contattare la segreteria dell\u2019Orchestra da Camera Fiorentina, tel. 055.783374 \u2013 3391632869.<\/p>\n<p><strong>Programma<\/strong><br \/>N. Piovani &nbsp;&nbsp; &nbsp;&nbsp;&nbsp; &nbsp;&nbsp;&nbsp; &nbsp;La vita \u00e8 bella <br \/>E. Morricone &nbsp;&nbsp; &nbsp;&nbsp;&nbsp; &nbsp;&nbsp;&nbsp; &nbsp;Indagine su un cittadino al di sopra di ogni sospetto <br \/>C&#8217;era una volta in America<br \/>Nuovo Cinema Paradiso <br \/>Gabriel&#8217;s oboe <br \/>Il pianista sull&#8217;oceano <br \/>L. Bacalov &nbsp;&nbsp; &nbsp;&nbsp;&nbsp; &nbsp;&nbsp;&nbsp; &nbsp;Il Postino <br \/>N. Rota &nbsp;&nbsp; &nbsp;&nbsp;&nbsp; &nbsp;&nbsp;&nbsp; &nbsp;Ballabili da Il Gattopardo e Il Padrino <br \/>Omaggio a Federico Fellini (Lo sceicco bianco, Amarcord, La Srada, 8 e \u00bd)<br \/>E. Morricone &nbsp;&nbsp; &nbsp;&nbsp;&nbsp; &nbsp;&nbsp;&nbsp; &nbsp;Western Suite<\/p>\n","protected":false},"excerpt":{"rendered":"<p>Marted\u00ec 7, mercoled\u00ec 8 e gioved\u00ec 9 luglio nel cortile di Michelozzo a Palazzo Medici Riccardi a Firenze, dirige l&#8217;orchestra il maestro Giuseppe Lanzetta<\/p>\n","protected":false},"author":525,"featured_media":145557,"comment_status":"open","ping_status":"open","sticky":false,"template":"","format":"standard","meta":{"_acf_changed":false,"footnotes":""},"categories":[14],"tags":[],"class_list":["post-145062","post","type-post","status-publish","format-standard","has-post-thumbnail","hentry","category-musica"],"acf":[],"yoast_head":"<!-- This site is optimized with the Yoast SEO Premium plugin v24.2 (Yoast SEO v25.6) - https:\/\/yoast.com\/wordpress\/plugins\/seo\/ -->\n<title>L&#039;Orchestra da Camera Fiorentina omaggia il maestro Morricone - intoscana<\/title>\n<meta name=\"description\" content=\"L&#039;Orchestra da Camera Fiorentina omaggia Morricone in 3 serate, il 7, 8 e 9 luglio nel cortile di Michelozzo a Palazzo Medici Riccardi dirige Giuseppe Lanzetta\" \/>\n<meta name=\"robots\" content=\"index, follow, max-snippet:-1, max-image-preview:large, max-video-preview:-1\" \/>\n<link rel=\"canonical\" href=\"https:\/\/www.intoscana.it\/it\/orchestra-da-camera-fiorentina-morricone\/\" \/>\n<meta property=\"og:locale\" content=\"it_IT\" \/>\n<meta property=\"og:type\" content=\"article\" \/>\n<meta property=\"og:title\" content=\"L&#039;Orchestra da Camera Fiorentina omaggia il maestro Morricone\" \/>\n<meta property=\"og:description\" content=\"L&#039;Orchestra da Camera Fiorentina omaggia Morricone in 3 serate, il 7, 8 e 9 luglio nel cortile di Michelozzo a Palazzo Medici Riccardi dirige Giuseppe Lanzetta\" \/>\n<meta property=\"og:url\" content=\"https:\/\/www.intoscana.it\/it\/orchestra-da-camera-fiorentina-morricone\/\" \/>\n<meta property=\"og:site_name\" content=\"intoscana\" \/>\n<meta property=\"article:publisher\" content=\"https:\/\/www.facebook.com\/intoscana.it\" \/>\n<meta property=\"article:published_time\" content=\"2020-07-06T12:03:53+00:00\" \/>\n<meta property=\"article:modified_time\" content=\"2020-08-10T07:30:26+00:00\" \/>\n<meta property=\"og:image\" content=\"https:\/\/www.intoscana.it\/wp-content\/uploads\/raffaele-chieli.jpg\" \/>\n\t<meta property=\"og:image:width\" content=\"1600\" \/>\n\t<meta property=\"og:image:height\" content=\"1067\" \/>\n\t<meta property=\"og:image:type\" content=\"image\/jpeg\" \/>\n<meta name=\"author\" content=\"Redazione\" \/>\n<meta name=\"twitter:card\" content=\"summary_large_image\" \/>\n<meta name=\"twitter:creator\" content=\"@intoscana\" \/>\n<meta name=\"twitter:site\" content=\"@intoscana\" \/>\n<meta name=\"twitter:label1\" content=\"Written by\" \/>\n\t<meta name=\"twitter:data1\" content=\"Redazione\" \/>\n\t<meta name=\"twitter:label2\" content=\"Est. reading time\" \/>\n\t<meta name=\"twitter:data2\" content=\"2 minuti\" \/>\n<script type=\"application\/ld+json\" class=\"yoast-schema-graph\">{\"@context\":\"https:\/\/schema.org\",\"@graph\":[{\"@type\":\"WebPage\",\"@id\":\"https:\/\/www.intoscana.it\/it\/orchestra-da-camera-fiorentina-morricone\/\",\"url\":\"https:\/\/www.intoscana.it\/it\/orchestra-da-camera-fiorentina-morricone\/\",\"name\":\"L'Orchestra da Camera Fiorentina omaggia il maestro Morricone - intoscana\",\"isPartOf\":{\"@id\":\"https:\/\/www.intoscana.it\/it\/#website\"},\"primaryImageOfPage\":{\"@id\":\"https:\/\/www.intoscana.it\/it\/orchestra-da-camera-fiorentina-morricone\/#primaryimage\"},\"image\":{\"@id\":\"https:\/\/www.intoscana.it\/it\/orchestra-da-camera-fiorentina-morricone\/#primaryimage\"},\"thumbnailUrl\":\"https:\/\/www.intoscana.it\/wp-content\/uploads\/raffaele-chieli.jpg\",\"datePublished\":\"2020-07-06T12:03:53+00:00\",\"dateModified\":\"2020-08-10T07:30:26+00:00\",\"author\":{\"@id\":\"https:\/\/www.intoscana.it\/it\/#\/schema\/person\/9223810753230f20bd670fdd322661f8\"},\"description\":\"L'Orchestra da Camera Fiorentina omaggia Morricone in 3 serate, il 7, 8 e 9 luglio nel cortile di Michelozzo a Palazzo Medici Riccardi dirige Giuseppe Lanzetta\",\"breadcrumb\":{\"@id\":\"https:\/\/www.intoscana.it\/it\/orchestra-da-camera-fiorentina-morricone\/#breadcrumb\"},\"inLanguage\":\"it-IT\",\"potentialAction\":[{\"@type\":\"ReadAction\",\"target\":[\"https:\/\/www.intoscana.it\/it\/orchestra-da-camera-fiorentina-morricone\/\"]}]},{\"@type\":\"ImageObject\",\"inLanguage\":\"it-IT\",\"@id\":\"https:\/\/www.intoscana.it\/it\/orchestra-da-camera-fiorentina-morricone\/#primaryimage\",\"url\":\"https:\/\/www.intoscana.it\/wp-content\/uploads\/raffaele-chieli.jpg\",\"contentUrl\":\"https:\/\/www.intoscana.it\/wp-content\/uploads\/raffaele-chieli.jpg\",\"width\":1600,\"height\":1067,\"caption\":\"Raffaele Chieli\"},{\"@type\":\"BreadcrumbList\",\"@id\":\"https:\/\/www.intoscana.it\/it\/orchestra-da-camera-fiorentina-morricone\/#breadcrumb\",\"itemListElement\":[{\"@type\":\"ListItem\",\"position\":1,\"name\":\"Home\",\"item\":\"https:\/\/www.intoscana.it\/it\/\"},{\"@type\":\"ListItem\",\"position\":2,\"name\":\"L&#8217;Orchestra da Camera Fiorentina omaggia il maestro Morricone\"}]},{\"@type\":\"WebSite\",\"@id\":\"https:\/\/www.intoscana.it\/it\/#website\",\"url\":\"https:\/\/www.intoscana.it\/it\/\",\"name\":\"intoscana\",\"description\":\"\",\"potentialAction\":[{\"@type\":\"SearchAction\",\"target\":{\"@type\":\"EntryPoint\",\"urlTemplate\":\"https:\/\/www.intoscana.it\/it\/?s={search_term_string}\"},\"query-input\":{\"@type\":\"PropertyValueSpecification\",\"valueRequired\":true,\"valueName\":\"search_term_string\"}}],\"inLanguage\":\"it-IT\"},{\"@type\":\"Person\",\"@id\":\"https:\/\/www.intoscana.it\/it\/#\/schema\/person\/9223810753230f20bd670fdd322661f8\",\"name\":\"Redazione\",\"url\":\"https:\/\/www.intoscana.it\/it\/author\/redazione\/\"}]}<\/script>\n<!-- \/ Yoast SEO Premium plugin. -->","yoast_head_json":{"title":"L'Orchestra da Camera Fiorentina omaggia il maestro Morricone - intoscana","description":"L'Orchestra da Camera Fiorentina omaggia Morricone in 3 serate, il 7, 8 e 9 luglio nel cortile di Michelozzo a Palazzo Medici Riccardi dirige Giuseppe Lanzetta","robots":{"index":"index","follow":"follow","max-snippet":"max-snippet:-1","max-image-preview":"max-image-preview:large","max-video-preview":"max-video-preview:-1"},"canonical":"https:\/\/www.intoscana.it\/it\/orchestra-da-camera-fiorentina-morricone\/","og_locale":"it_IT","og_type":"article","og_title":"L'Orchestra da Camera Fiorentina omaggia il maestro Morricone","og_description":"L'Orchestra da Camera Fiorentina omaggia Morricone in 3 serate, il 7, 8 e 9 luglio nel cortile di Michelozzo a Palazzo Medici Riccardi dirige Giuseppe Lanzetta","og_url":"https:\/\/www.intoscana.it\/it\/orchestra-da-camera-fiorentina-morricone\/","og_site_name":"intoscana","article_publisher":"https:\/\/www.facebook.com\/intoscana.it","article_published_time":"2020-07-06T12:03:53+00:00","article_modified_time":"2020-08-10T07:30:26+00:00","og_image":[{"width":1600,"height":1067,"url":"https:\/\/www.intoscana.it\/wp-content\/uploads\/raffaele-chieli.jpg","type":"image\/jpeg"}],"author":"Redazione","twitter_card":"summary_large_image","twitter_creator":"@intoscana","twitter_site":"@intoscana","twitter_misc":{"Written by":"Redazione","Est. reading time":"2 minuti"},"schema":{"@context":"https:\/\/schema.org","@graph":[{"@type":"WebPage","@id":"https:\/\/www.intoscana.it\/it\/orchestra-da-camera-fiorentina-morricone\/","url":"https:\/\/www.intoscana.it\/it\/orchestra-da-camera-fiorentina-morricone\/","name":"L'Orchestra da Camera Fiorentina omaggia il maestro Morricone - intoscana","isPartOf":{"@id":"https:\/\/www.intoscana.it\/it\/#website"},"primaryImageOfPage":{"@id":"https:\/\/www.intoscana.it\/it\/orchestra-da-camera-fiorentina-morricone\/#primaryimage"},"image":{"@id":"https:\/\/www.intoscana.it\/it\/orchestra-da-camera-fiorentina-morricone\/#primaryimage"},"thumbnailUrl":"https:\/\/www.intoscana.it\/wp-content\/uploads\/raffaele-chieli.jpg","datePublished":"2020-07-06T12:03:53+00:00","dateModified":"2020-08-10T07:30:26+00:00","author":{"@id":"https:\/\/www.intoscana.it\/it\/#\/schema\/person\/9223810753230f20bd670fdd322661f8"},"description":"L'Orchestra da Camera Fiorentina omaggia Morricone in 3 serate, il 7, 8 e 9 luglio nel cortile di Michelozzo a Palazzo Medici Riccardi dirige Giuseppe Lanzetta","breadcrumb":{"@id":"https:\/\/www.intoscana.it\/it\/orchestra-da-camera-fiorentina-morricone\/#breadcrumb"},"inLanguage":"it-IT","potentialAction":[{"@type":"ReadAction","target":["https:\/\/www.intoscana.it\/it\/orchestra-da-camera-fiorentina-morricone\/"]}]},{"@type":"ImageObject","inLanguage":"it-IT","@id":"https:\/\/www.intoscana.it\/it\/orchestra-da-camera-fiorentina-morricone\/#primaryimage","url":"https:\/\/www.intoscana.it\/wp-content\/uploads\/raffaele-chieli.jpg","contentUrl":"https:\/\/www.intoscana.it\/wp-content\/uploads\/raffaele-chieli.jpg","width":1600,"height":1067,"caption":"Raffaele Chieli"},{"@type":"BreadcrumbList","@id":"https:\/\/www.intoscana.it\/it\/orchestra-da-camera-fiorentina-morricone\/#breadcrumb","itemListElement":[{"@type":"ListItem","position":1,"name":"Home","item":"https:\/\/www.intoscana.it\/it\/"},{"@type":"ListItem","position":2,"name":"L&#8217;Orchestra da Camera Fiorentina omaggia il maestro Morricone"}]},{"@type":"WebSite","@id":"https:\/\/www.intoscana.it\/it\/#website","url":"https:\/\/www.intoscana.it\/it\/","name":"intoscana","description":"","potentialAction":[{"@type":"SearchAction","target":{"@type":"EntryPoint","urlTemplate":"https:\/\/www.intoscana.it\/it\/?s={search_term_string}"},"query-input":{"@type":"PropertyValueSpecification","valueRequired":true,"valueName":"search_term_string"}}],"inLanguage":"it-IT"},{"@type":"Person","@id":"https:\/\/www.intoscana.it\/it\/#\/schema\/person\/9223810753230f20bd670fdd322661f8","name":"Redazione","url":"https:\/\/www.intoscana.it\/it\/author\/redazione\/"}]}},"_links":{"self":[{"href":"https:\/\/www.intoscana.it\/it\/wp-json\/wp\/v2\/posts\/145062","targetHints":{"allow":["GET"]}}],"collection":[{"href":"https:\/\/www.intoscana.it\/it\/wp-json\/wp\/v2\/posts"}],"about":[{"href":"https:\/\/www.intoscana.it\/it\/wp-json\/wp\/v2\/types\/post"}],"author":[{"embeddable":true,"href":"https:\/\/www.intoscana.it\/it\/wp-json\/wp\/v2\/users\/525"}],"replies":[{"embeddable":true,"href":"https:\/\/www.intoscana.it\/it\/wp-json\/wp\/v2\/comments?post=145062"}],"version-history":[{"count":0,"href":"https:\/\/www.intoscana.it\/it\/wp-json\/wp\/v2\/posts\/145062\/revisions"}],"wp:featuredmedia":[{"embeddable":true,"href":"https:\/\/www.intoscana.it\/it\/wp-json\/wp\/v2\/media\/145557"}],"wp:attachment":[{"href":"https:\/\/www.intoscana.it\/it\/wp-json\/wp\/v2\/media?parent=145062"}],"wp:term":[{"taxonomy":"category","embeddable":true,"href":"https:\/\/www.intoscana.it\/it\/wp-json\/wp\/v2\/categories?post=145062"},{"taxonomy":"post_tag","embeddable":true,"href":"https:\/\/www.intoscana.it\/it\/wp-json\/wp\/v2\/tags?post=145062"}],"curies":[{"name":"wp","href":"https:\/\/api.w.org\/{rel}","templated":true}]}}