{"id":145068,"date":"2020-06-18T11:51:48","date_gmt":"2020-06-18T09:51:48","guid":{"rendered":"https:\/\/www.intoscana.it\/la-musica-classica-invade-firenze-tornano-i-mercoledi-musicali\/"},"modified":"2020-08-10T09:30:28","modified_gmt":"2020-08-10T07:30:28","slug":"la-musica-classica-invade-firenze-tornano-i-mercoledi-musicali","status":"publish","type":"post","link":"https:\/\/www.intoscana.it\/it\/la-musica-classica-invade-firenze-tornano-i-mercoledi-musicali\/","title":{"rendered":"La musica classica invade Firenze, tornano i &#8216;Mercoled\u00ec musicali&#8217;"},"content":{"rendered":"<p>Si chiama \u201c<strong>I Mercoled\u00ec musicali dell\u2019organo e dintorni\u201d<\/strong> ed \u00e8 il nuovo festival fiorentino nato dalla decennale esperienza dei <strong>\u201cMercoled\u00ec Musicali della Fondazione CR Firenze\u201d.<\/strong> Una formula aggiornata che, ai consueti concerti per organo in programma all\u2019Auditorium FCRF, abbina appuntamenti con orchestre ed ensemble da camera, con particolare attenzione per i giovani talenti.<\/p>\n<p>L&#8217;<strong>Orchestra Toscana Classica<\/strong>, che<strong> sabato 20 e domenica 21 giugno inaugurer\u00e0 il festival all\u2019Auditorium di Santo Stefano al Ponte<\/strong>. Sul podio si alterneranno<strong>&nbsp;Andrea Alinovi,<\/strong> gi\u00e0 direttore dell\u2019Orchestra Giovanile della Filarmonica Sestrese, e il francese <strong>Joachim Coffinier:<\/strong> due dei migliori allievi del corso internazionale di direzione d\u2019orchestra tenuto dal Maestro Giuseppe Lanzetta lo scorso gennaio. Solisti Mattia Fusi al pianoforte e Daniele Scala al clarinetto. <\/p>\n<p>Il programma si aprir\u00e0 con il <strong>Concerto Grosso per archi \u201cPalladio\u201d del contemporaneo Karl Jenkins<\/strong>, per poi condurci indietro di quasi tre secoli, a una delle pagine pi\u00f9 amate di <strong>Johann Sebastian Bach, il \u201cConcerto n.1 per pianoforte e orchestra d\u2019archi BWV 1052\u201d<\/strong>. Tra barocco e classicismo si colloca il \u201c<strong>Concerto per clarinetto e orchestra\u201d di Johann Stamitz,<\/strong> padre riconosciuto della Scuola di Mannheim, e il percorso continua con il \u201c<strong>Divertimento in re maggiore K 136\u201d di un Wolfgang Amadeus Mozart<\/strong> appena sedicenne.<\/p>\n<p><strong>Per i prossimi appuntamenti <\/strong>il festival trasferir\u00e0 nel meraviglioso Cortile di <strong>Palazzo Medici Riccardi, dove venerd\u00ec 26 e sabato 27 giugno l\u2019Orchestra Toscana Classica<\/strong> si arricchisce di due straordinari interpreti, Augusto Vismara, nel duplice ruolo di viola solista e direttore, e Daria Nechaeva, violinista solista: musiche di<strong> Schubert, Mozart e Chausson.<\/strong> <\/p>\n<p><strong>Mercoled\u00ec 15 e gioved\u00ec 16 luglio<\/strong>, sempre a <strong>Palazzo Medici Riccardi,<\/strong> l\u2019Orchestra Toscana Classica rende omaggio a <strong>George Gershwin<\/strong> e al suo repertorio intriso di jazz, pop e musica extra-colta che, sposando cinema e teatro, ha segnato l\u2019immaginario novecentesco: \u201cEmbraceable You\u201d, \u201cBut Not For Me\u201d, \u201cSummertime\u201d, \u201cSomeone to Watch Over Me\u201d, \u201cI Loves You Porgy\u201d, \u201cI Got Rhythm\u201d\u2026 Arrangiamenti e pianoforte solista Fernando Rams\u00e9s Pe\u00f1a D\u00edaz, voce solista Elena Di Leo.<\/p>\n<p>\u201cLa bella e la bestia\u201d, \u201cLa sirenetta\u201d, \u201cAladdin\u201d, \u201cBiancaneve e i sette nani\u201d, \u201cMulan\u201d, \u201cFrozen\u201d, \u201cLa bella addormentata nel bosco\u201d, \u201cAnastasia\u201d\u2026 <strong>Le pi\u00f9 amate colonne sonore dei cartoni animati rivivono in versione sinfonica in occasione del concerto \u201cWalt Disney Fantasy\u201d, venerd\u00ec 24 luglio<\/strong> (ore 21,15) al <strong>teatro Romano di Fiesole<\/strong> nell\u2019ambito dell\u2019Estate Fiesolana 2020: sul podio dell\u2019Orchestra Toscana Classica sale Giuseppe Lanzetta.<\/p>\n<p>Per informazioni e prenotazioni si pu\u00f2 contattare la segreteria di Toscana Classica, <strong>tel 055.783374 \u2013 340.3944830 &#8211; <a href=\"http:\/\/www.toscanaclassica.com\/\" target=\"_blank\" rel=\"noopener noreferrer\" data-saferedirecturl=\"https:\/\/www.google.com\/url?q=http:\/\/www.toscanaclassica.com&amp;source=gmail&amp;ust=1592548038573000&amp;usg=AFQjCNEbYRMQ16Ss0RabQZoChaMBkwYMaA\">www.toscanaclassica.com<\/a>.<\/strong><\/p>\n","protected":false},"excerpt":{"rendered":"<p>Un nuovo festival di musica al via sabato 20 e domenica 21 giugno con l&#8217;Orchestra Toscana Classica<\/p>\n","protected":false},"author":525,"featured_media":145563,"comment_status":"open","ping_status":"open","sticky":false,"template":"","format":"standard","meta":{"_acf_changed":false,"footnotes":""},"categories":[14],"tags":[],"class_list":["post-145068","post","type-post","status-publish","format-standard","has-post-thumbnail","hentry","category-musica"],"acf":[],"yoast_head":"<!-- This site is optimized with the Yoast SEO Premium plugin v24.2 (Yoast SEO v25.6) - https:\/\/yoast.com\/wordpress\/plugins\/seo\/ -->\n<title>La musica classica invade Firenze, tornano i &#039;Mercoled\u00ec musicali&#039; - intoscana<\/title>\n<meta name=\"robots\" content=\"index, follow, max-snippet:-1, max-image-preview:large, max-video-preview:-1\" \/>\n<link rel=\"canonical\" href=\"https:\/\/www.intoscana.it\/it\/la-musica-classica-invade-firenze-tornano-i-mercoledi-musicali\/\" \/>\n<meta property=\"og:locale\" content=\"it_IT\" \/>\n<meta property=\"og:type\" content=\"article\" \/>\n<meta property=\"og:title\" content=\"La musica classica invade Firenze, tornano i &#039;Mercoled\u00ec musicali&#039;\" \/>\n<meta property=\"og:description\" content=\"Un nuovo festival di musica al via sabato 20 e domenica 21 giugno con l&#039;Orchestra Toscana Classica\" \/>\n<meta property=\"og:url\" content=\"https:\/\/www.intoscana.it\/it\/la-musica-classica-invade-firenze-tornano-i-mercoledi-musicali\/\" \/>\n<meta property=\"og:site_name\" content=\"intoscana\" \/>\n<meta property=\"article:publisher\" content=\"https:\/\/www.facebook.com\/intoscana.it\" \/>\n<meta property=\"article:published_time\" content=\"2020-06-18T09:51:48+00:00\" \/>\n<meta property=\"article:modified_time\" content=\"2020-08-10T07:30:28+00:00\" \/>\n<meta property=\"og:image\" content=\"https:\/\/www.intoscana.it\/wp-content\/uploads\/orchestra-toscana-classica.jpg\" \/>\n\t<meta property=\"og:image:width\" content=\"1181\" \/>\n\t<meta property=\"og:image:height\" content=\"784\" \/>\n\t<meta property=\"og:image:type\" content=\"image\/jpeg\" \/>\n<meta name=\"author\" content=\"Redazione\" \/>\n<meta name=\"twitter:card\" content=\"summary_large_image\" \/>\n<meta name=\"twitter:creator\" content=\"@intoscana\" \/>\n<meta name=\"twitter:site\" content=\"@intoscana\" \/>\n<meta name=\"twitter:label1\" content=\"Written by\" \/>\n\t<meta name=\"twitter:data1\" content=\"Redazione\" \/>\n\t<meta name=\"twitter:label2\" content=\"Est. reading time\" \/>\n\t<meta name=\"twitter:data2\" content=\"2 minuti\" \/>\n<script type=\"application\/ld+json\" class=\"yoast-schema-graph\">{\"@context\":\"https:\/\/schema.org\",\"@graph\":[{\"@type\":\"WebPage\",\"@id\":\"https:\/\/www.intoscana.it\/it\/la-musica-classica-invade-firenze-tornano-i-mercoledi-musicali\/\",\"url\":\"https:\/\/www.intoscana.it\/it\/la-musica-classica-invade-firenze-tornano-i-mercoledi-musicali\/\",\"name\":\"La musica classica invade Firenze, tornano i 'Mercoled\u00ec musicali' - intoscana\",\"isPartOf\":{\"@id\":\"https:\/\/www.intoscana.it\/it\/#website\"},\"primaryImageOfPage\":{\"@id\":\"https:\/\/www.intoscana.it\/it\/la-musica-classica-invade-firenze-tornano-i-mercoledi-musicali\/#primaryimage\"},\"image\":{\"@id\":\"https:\/\/www.intoscana.it\/it\/la-musica-classica-invade-firenze-tornano-i-mercoledi-musicali\/#primaryimage\"},\"thumbnailUrl\":\"https:\/\/www.intoscana.it\/wp-content\/uploads\/orchestra-toscana-classica.jpg\",\"datePublished\":\"2020-06-18T09:51:48+00:00\",\"dateModified\":\"2020-08-10T07:30:28+00:00\",\"author\":{\"@id\":\"https:\/\/www.intoscana.it\/it\/#\/schema\/person\/9223810753230f20bd670fdd322661f8\"},\"breadcrumb\":{\"@id\":\"https:\/\/www.intoscana.it\/it\/la-musica-classica-invade-firenze-tornano-i-mercoledi-musicali\/#breadcrumb\"},\"inLanguage\":\"it-IT\",\"potentialAction\":[{\"@type\":\"ReadAction\",\"target\":[\"https:\/\/www.intoscana.it\/it\/la-musica-classica-invade-firenze-tornano-i-mercoledi-musicali\/\"]}]},{\"@type\":\"ImageObject\",\"inLanguage\":\"it-IT\",\"@id\":\"https:\/\/www.intoscana.it\/it\/la-musica-classica-invade-firenze-tornano-i-mercoledi-musicali\/#primaryimage\",\"url\":\"https:\/\/www.intoscana.it\/wp-content\/uploads\/orchestra-toscana-classica.jpg\",\"contentUrl\":\"https:\/\/www.intoscana.it\/wp-content\/uploads\/orchestra-toscana-classica.jpg\",\"width\":1181,\"height\":784,\"caption\":\"Orchestra Toscana Classica\"},{\"@type\":\"BreadcrumbList\",\"@id\":\"https:\/\/www.intoscana.it\/it\/la-musica-classica-invade-firenze-tornano-i-mercoledi-musicali\/#breadcrumb\",\"itemListElement\":[{\"@type\":\"ListItem\",\"position\":1,\"name\":\"Home\",\"item\":\"https:\/\/www.intoscana.it\/it\/\"},{\"@type\":\"ListItem\",\"position\":2,\"name\":\"La musica classica invade Firenze, tornano i &#8216;Mercoled\u00ec musicali&#8217;\"}]},{\"@type\":\"WebSite\",\"@id\":\"https:\/\/www.intoscana.it\/it\/#website\",\"url\":\"https:\/\/www.intoscana.it\/it\/\",\"name\":\"intoscana\",\"description\":\"\",\"potentialAction\":[{\"@type\":\"SearchAction\",\"target\":{\"@type\":\"EntryPoint\",\"urlTemplate\":\"https:\/\/www.intoscana.it\/it\/?s={search_term_string}\"},\"query-input\":{\"@type\":\"PropertyValueSpecification\",\"valueRequired\":true,\"valueName\":\"search_term_string\"}}],\"inLanguage\":\"it-IT\"},{\"@type\":\"Person\",\"@id\":\"https:\/\/www.intoscana.it\/it\/#\/schema\/person\/9223810753230f20bd670fdd322661f8\",\"name\":\"Redazione\",\"url\":\"https:\/\/www.intoscana.it\/it\/author\/redazione\/\"}]}<\/script>\n<!-- \/ Yoast SEO Premium plugin. -->","yoast_head_json":{"title":"La musica classica invade Firenze, tornano i 'Mercoled\u00ec musicali' - intoscana","robots":{"index":"index","follow":"follow","max-snippet":"max-snippet:-1","max-image-preview":"max-image-preview:large","max-video-preview":"max-video-preview:-1"},"canonical":"https:\/\/www.intoscana.it\/it\/la-musica-classica-invade-firenze-tornano-i-mercoledi-musicali\/","og_locale":"it_IT","og_type":"article","og_title":"La musica classica invade Firenze, tornano i 'Mercoled\u00ec musicali'","og_description":"Un nuovo festival di musica al via sabato 20 e domenica 21 giugno con l'Orchestra Toscana Classica","og_url":"https:\/\/www.intoscana.it\/it\/la-musica-classica-invade-firenze-tornano-i-mercoledi-musicali\/","og_site_name":"intoscana","article_publisher":"https:\/\/www.facebook.com\/intoscana.it","article_published_time":"2020-06-18T09:51:48+00:00","article_modified_time":"2020-08-10T07:30:28+00:00","og_image":[{"width":1181,"height":784,"url":"https:\/\/www.intoscana.it\/wp-content\/uploads\/orchestra-toscana-classica.jpg","type":"image\/jpeg"}],"author":"Redazione","twitter_card":"summary_large_image","twitter_creator":"@intoscana","twitter_site":"@intoscana","twitter_misc":{"Written by":"Redazione","Est. reading time":"2 minuti"},"schema":{"@context":"https:\/\/schema.org","@graph":[{"@type":"WebPage","@id":"https:\/\/www.intoscana.it\/it\/la-musica-classica-invade-firenze-tornano-i-mercoledi-musicali\/","url":"https:\/\/www.intoscana.it\/it\/la-musica-classica-invade-firenze-tornano-i-mercoledi-musicali\/","name":"La musica classica invade Firenze, tornano i 'Mercoled\u00ec musicali' - intoscana","isPartOf":{"@id":"https:\/\/www.intoscana.it\/it\/#website"},"primaryImageOfPage":{"@id":"https:\/\/www.intoscana.it\/it\/la-musica-classica-invade-firenze-tornano-i-mercoledi-musicali\/#primaryimage"},"image":{"@id":"https:\/\/www.intoscana.it\/it\/la-musica-classica-invade-firenze-tornano-i-mercoledi-musicali\/#primaryimage"},"thumbnailUrl":"https:\/\/www.intoscana.it\/wp-content\/uploads\/orchestra-toscana-classica.jpg","datePublished":"2020-06-18T09:51:48+00:00","dateModified":"2020-08-10T07:30:28+00:00","author":{"@id":"https:\/\/www.intoscana.it\/it\/#\/schema\/person\/9223810753230f20bd670fdd322661f8"},"breadcrumb":{"@id":"https:\/\/www.intoscana.it\/it\/la-musica-classica-invade-firenze-tornano-i-mercoledi-musicali\/#breadcrumb"},"inLanguage":"it-IT","potentialAction":[{"@type":"ReadAction","target":["https:\/\/www.intoscana.it\/it\/la-musica-classica-invade-firenze-tornano-i-mercoledi-musicali\/"]}]},{"@type":"ImageObject","inLanguage":"it-IT","@id":"https:\/\/www.intoscana.it\/it\/la-musica-classica-invade-firenze-tornano-i-mercoledi-musicali\/#primaryimage","url":"https:\/\/www.intoscana.it\/wp-content\/uploads\/orchestra-toscana-classica.jpg","contentUrl":"https:\/\/www.intoscana.it\/wp-content\/uploads\/orchestra-toscana-classica.jpg","width":1181,"height":784,"caption":"Orchestra Toscana Classica"},{"@type":"BreadcrumbList","@id":"https:\/\/www.intoscana.it\/it\/la-musica-classica-invade-firenze-tornano-i-mercoledi-musicali\/#breadcrumb","itemListElement":[{"@type":"ListItem","position":1,"name":"Home","item":"https:\/\/www.intoscana.it\/it\/"},{"@type":"ListItem","position":2,"name":"La musica classica invade Firenze, tornano i &#8216;Mercoled\u00ec musicali&#8217;"}]},{"@type":"WebSite","@id":"https:\/\/www.intoscana.it\/it\/#website","url":"https:\/\/www.intoscana.it\/it\/","name":"intoscana","description":"","potentialAction":[{"@type":"SearchAction","target":{"@type":"EntryPoint","urlTemplate":"https:\/\/www.intoscana.it\/it\/?s={search_term_string}"},"query-input":{"@type":"PropertyValueSpecification","valueRequired":true,"valueName":"search_term_string"}}],"inLanguage":"it-IT"},{"@type":"Person","@id":"https:\/\/www.intoscana.it\/it\/#\/schema\/person\/9223810753230f20bd670fdd322661f8","name":"Redazione","url":"https:\/\/www.intoscana.it\/it\/author\/redazione\/"}]}},"_links":{"self":[{"href":"https:\/\/www.intoscana.it\/it\/wp-json\/wp\/v2\/posts\/145068","targetHints":{"allow":["GET"]}}],"collection":[{"href":"https:\/\/www.intoscana.it\/it\/wp-json\/wp\/v2\/posts"}],"about":[{"href":"https:\/\/www.intoscana.it\/it\/wp-json\/wp\/v2\/types\/post"}],"author":[{"embeddable":true,"href":"https:\/\/www.intoscana.it\/it\/wp-json\/wp\/v2\/users\/525"}],"replies":[{"embeddable":true,"href":"https:\/\/www.intoscana.it\/it\/wp-json\/wp\/v2\/comments?post=145068"}],"version-history":[{"count":0,"href":"https:\/\/www.intoscana.it\/it\/wp-json\/wp\/v2\/posts\/145068\/revisions"}],"wp:featuredmedia":[{"embeddable":true,"href":"https:\/\/www.intoscana.it\/it\/wp-json\/wp\/v2\/media\/145563"}],"wp:attachment":[{"href":"https:\/\/www.intoscana.it\/it\/wp-json\/wp\/v2\/media?parent=145068"}],"wp:term":[{"taxonomy":"category","embeddable":true,"href":"https:\/\/www.intoscana.it\/it\/wp-json\/wp\/v2\/categories?post=145068"},{"taxonomy":"post_tag","embeddable":true,"href":"https:\/\/www.intoscana.it\/it\/wp-json\/wp\/v2\/tags?post=145068"}],"curies":[{"name":"wp","href":"https:\/\/api.w.org\/{rel}","templated":true}]}}