{"id":145077,"date":"2020-07-24T10:48:45","date_gmt":"2020-07-24T08:48:45","guid":{"rendered":"https:\/\/www.intoscana.it\/nasce-il-mammut-jazz-fest-sei-concerti-in-valdichiana\/"},"modified":"2020-08-25T10:45:56","modified_gmt":"2020-08-25T08:45:56","slug":"mammut-jazz-fest","status":"publish","type":"post","link":"https:\/\/www.intoscana.it\/it\/mammut-jazz-fest\/","title":{"rendered":"Nasce il Mammut Jazz Fest: sei concerti in Valdichiana"},"content":{"rendered":"<p><strong>La Valdichiana \u00e8 terra antichissima, divisa tra due regioni Toscana e Umbria<\/strong>; una pianura, oggi fertile, un tempo umida e paludosa, dove<strong> i grandi animali preistorici vivevano e si muovevano.<\/strong> Da questo luogo mitico narrato da scrittori e celebrato da artisti in ogni epoca il <strong>Mammut Jazz Fest<\/strong> cerca attraverso la musica il ritorno alla normalit\u00e0 ed il recupero di quei valori di arte, storia e bellezza che hanno reso grande questa terra..<\/p>\n<p>Nella storia umana<strong> il grande animale lanoso ha sempre rappresentato una sfida alla sopravvivenza. S<\/strong>ono leggendarie le lotte tra uomo e mammut, ma \u00e8 stato anche un simbolo di coraggio e prova di coraggio per la rinascita. Del grande Mammut gli antichi uomini della preistoria non buttavano nulla, la sua cattura rappresentava la strada per la sopravvivenza di tutta la comunit\u00e0. <strong>Oggi il festival che da Arezzo arriver\u00e0 fino al lago Trasimeno offre una strada per recuperare la normalit\u00e0 e riappropriarsi della musica e della bellezza<em>. <\/em><\/strong><\/p>\n<p>La musica non pu\u00f2 essere rinchiusa nella scatola del web: nessun streaming potr\u00e0 mai sostituire l&#8217;emozione di un concerto dal vivo. I musicisti, in questi mesi hanno vissuto concerti cancellati, progetti annullati, pubblico improvvisamente lontano, il resto del mondo oramai irraggiungibile. Ma quando sei un jazzista, suonare dal vivo \u00e8 la tua missione. <strong>Rendere possibile tutto questo sar\u00e0 la missione del Mammut Jazz Fest.<\/strong> Un Festival itinerante, in massima sicurezza, nei <strong>luoghi pi\u00f9 suggestivi della Val di Chiana.<\/strong><\/p>\n<p><strong>Arezzo, Civitella in Val di Chiana, Lucignano, Cortona e Castiglione del Lago,<\/strong> queste le citt\u00e0 per questa prima edizione. Luoghi esclusivi, una bellissima Villa a Sargiano, l\u2019antica Piazza del Centro Storico di Civitella, il centro storico di Lucignano, la Fortezza del Girifalco a Cortona e infine la Rocca del Leone.<\/p>\n<p><span style=\"text-decoration: underline;\"><strong>Il programma:<\/strong><\/span><br \/>28 luglio, Arezzo, Villa Il Cicaleto, Localit\u00e0 Sargiano ore 21,30 <strong>WETUBA<\/strong> <br \/>8 agosto, Civitella in Val di Chiana, Piazza Don Alcide Lazzeri ore 22,30 <strong>ELLIPSES<\/strong> <br \/>13 agosto, Lucignano, Centro Storico ore 20,30 <strong>BLACK ATLANTIC, NOWELL-VERNIANI Duo, SHOCK THE MONK<\/strong> <br \/>22 agosto, Cortona, Fortezza Girifalco ore 21,00 <strong>DON KARATE + OTONN<\/strong> <br \/>30 agosto, Cortona, Fortezza Girifalco ore 21,30 <strong>FLOORS<\/strong> <br \/>04 settembre, Castiglione del Lago, Rocca del Leone ore 21,30 <strong>DJ GRUFF &amp; GIANLUCA PETRELLA<\/strong><\/p>\n<p><strong>Info e prenotazioni: <a href=\"mailto:festival@progettomammut.it\">festival@progettomammut.it<\/a><\/strong><\/p>\n<p><strong><img decoding=\"async\" alt=\"0\" style=\"width: 600px;\" title=\"0\" src=\"https:\/\/www.intoscana.it\/shared\/intoscana\/immagini\/0.jpg\" \/><\/strong><\/p>\n<p>&nbsp;<\/p>\n<p><em>&nbsp;<\/em><\/p>\n<p><em>&nbsp;<\/em><\/p>\n","protected":false},"excerpt":{"rendered":"<p>Dal 28 luglio al 4 settembre ospiti: Wetuba, Ellipses, Don Karate, Black Atlantic, Nowell Verniani Duo, Shok The Monk, Floors, Dj Gruff e Gianluca Petrella<\/p>\n","protected":false},"author":525,"featured_media":145572,"comment_status":"open","ping_status":"open","sticky":false,"template":"","format":"standard","meta":{"_acf_changed":false,"footnotes":""},"categories":[14],"tags":[216,4474,395,3135],"class_list":["post-145077","post","type-post","status-publish","format-standard","has-post-thumbnail","hentry","category-musica","tag-concerti","tag-eventi","tag-eventi-in-toscana","tag-festival-musicali"],"acf":[],"yoast_head":"<!-- This site is optimized with the Yoast SEO Premium plugin v24.2 (Yoast SEO v25.6) - https:\/\/yoast.com\/wordpress\/plugins\/seo\/ -->\n<title>Nasce il Mammut Jazz Fest: sei concerti in Valdichiana - intoscana<\/title>\n<meta name=\"robots\" content=\"index, follow, max-snippet:-1, max-image-preview:large, max-video-preview:-1\" \/>\n<link rel=\"canonical\" href=\"https:\/\/www.intoscana.it\/it\/mammut-jazz-fest\/\" \/>\n<meta property=\"og:locale\" content=\"it_IT\" \/>\n<meta property=\"og:type\" content=\"article\" \/>\n<meta property=\"og:title\" content=\"Nasce il Mammut Jazz Fest: sei concerti in Valdichiana\" \/>\n<meta property=\"og:description\" content=\"Dal 28 luglio al 4 settembre ospiti: Wetuba, Ellipses, Don Karate, Black Atlantic, Nowell Verniani Duo, Shok The Monk, Floors, Dj Gruff e Gianluca Petrella\" \/>\n<meta property=\"og:url\" content=\"https:\/\/www.intoscana.it\/it\/mammut-jazz-fest\/\" \/>\n<meta property=\"og:site_name\" content=\"intoscana\" \/>\n<meta property=\"article:publisher\" content=\"https:\/\/www.facebook.com\/intoscana.it\" \/>\n<meta property=\"article:published_time\" content=\"2020-07-24T08:48:45+00:00\" \/>\n<meta property=\"article:modified_time\" content=\"2020-08-25T08:45:56+00:00\" \/>\n<meta property=\"og:image\" content=\"https:\/\/www.intoscana.it\/wp-content\/uploads\/floors.jpg\" \/>\n\t<meta property=\"og:image:width\" content=\"2000\" \/>\n\t<meta property=\"og:image:height\" content=\"1333\" \/>\n\t<meta property=\"og:image:type\" content=\"image\/jpeg\" \/>\n<meta name=\"author\" content=\"Redazione\" \/>\n<meta name=\"twitter:card\" content=\"summary_large_image\" \/>\n<meta name=\"twitter:creator\" content=\"@intoscana\" \/>\n<meta name=\"twitter:site\" content=\"@intoscana\" \/>\n<meta name=\"twitter:label1\" content=\"Written by\" \/>\n\t<meta name=\"twitter:data1\" content=\"Redazione\" \/>\n\t<meta name=\"twitter:label2\" content=\"Est. reading time\" \/>\n\t<meta name=\"twitter:data2\" content=\"2 minuti\" \/>\n<script type=\"application\/ld+json\" class=\"yoast-schema-graph\">{\"@context\":\"https:\/\/schema.org\",\"@graph\":[{\"@type\":\"WebPage\",\"@id\":\"https:\/\/www.intoscana.it\/it\/mammut-jazz-fest\/\",\"url\":\"https:\/\/www.intoscana.it\/it\/mammut-jazz-fest\/\",\"name\":\"Nasce il Mammut Jazz Fest: sei concerti in Valdichiana - intoscana\",\"isPartOf\":{\"@id\":\"https:\/\/www.intoscana.it\/it\/#website\"},\"primaryImageOfPage\":{\"@id\":\"https:\/\/www.intoscana.it\/it\/mammut-jazz-fest\/#primaryimage\"},\"image\":{\"@id\":\"https:\/\/www.intoscana.it\/it\/mammut-jazz-fest\/#primaryimage\"},\"thumbnailUrl\":\"https:\/\/www.intoscana.it\/wp-content\/uploads\/floors.jpg\",\"datePublished\":\"2020-07-24T08:48:45+00:00\",\"dateModified\":\"2020-08-25T08:45:56+00:00\",\"author\":{\"@id\":\"https:\/\/www.intoscana.it\/it\/#\/schema\/person\/9223810753230f20bd670fdd322661f8\"},\"breadcrumb\":{\"@id\":\"https:\/\/www.intoscana.it\/it\/mammut-jazz-fest\/#breadcrumb\"},\"inLanguage\":\"it-IT\",\"potentialAction\":[{\"@type\":\"ReadAction\",\"target\":[\"https:\/\/www.intoscana.it\/it\/mammut-jazz-fest\/\"]}]},{\"@type\":\"ImageObject\",\"inLanguage\":\"it-IT\",\"@id\":\"https:\/\/www.intoscana.it\/it\/mammut-jazz-fest\/#primaryimage\",\"url\":\"https:\/\/www.intoscana.it\/wp-content\/uploads\/floors.jpg\",\"contentUrl\":\"https:\/\/www.intoscana.it\/wp-content\/uploads\/floors.jpg\",\"width\":2000,\"height\":1333,\"caption\":\"Floors, Mammut Jazz Fest\"},{\"@type\":\"BreadcrumbList\",\"@id\":\"https:\/\/www.intoscana.it\/it\/mammut-jazz-fest\/#breadcrumb\",\"itemListElement\":[{\"@type\":\"ListItem\",\"position\":1,\"name\":\"Home\",\"item\":\"https:\/\/www.intoscana.it\/it\/\"},{\"@type\":\"ListItem\",\"position\":2,\"name\":\"Nasce il Mammut Jazz Fest: sei concerti in Valdichiana\"}]},{\"@type\":\"WebSite\",\"@id\":\"https:\/\/www.intoscana.it\/it\/#website\",\"url\":\"https:\/\/www.intoscana.it\/it\/\",\"name\":\"intoscana\",\"description\":\"\",\"potentialAction\":[{\"@type\":\"SearchAction\",\"target\":{\"@type\":\"EntryPoint\",\"urlTemplate\":\"https:\/\/www.intoscana.it\/it\/?s={search_term_string}\"},\"query-input\":{\"@type\":\"PropertyValueSpecification\",\"valueRequired\":true,\"valueName\":\"search_term_string\"}}],\"inLanguage\":\"it-IT\"},{\"@type\":\"Person\",\"@id\":\"https:\/\/www.intoscana.it\/it\/#\/schema\/person\/9223810753230f20bd670fdd322661f8\",\"name\":\"Redazione\",\"url\":\"https:\/\/www.intoscana.it\/it\/author\/redazione\/\"}]}<\/script>\n<!-- \/ Yoast SEO Premium plugin. -->","yoast_head_json":{"title":"Nasce il Mammut Jazz Fest: sei concerti in Valdichiana - intoscana","robots":{"index":"index","follow":"follow","max-snippet":"max-snippet:-1","max-image-preview":"max-image-preview:large","max-video-preview":"max-video-preview:-1"},"canonical":"https:\/\/www.intoscana.it\/it\/mammut-jazz-fest\/","og_locale":"it_IT","og_type":"article","og_title":"Nasce il Mammut Jazz Fest: sei concerti in Valdichiana","og_description":"Dal 28 luglio al 4 settembre ospiti: Wetuba, Ellipses, Don Karate, Black Atlantic, Nowell Verniani Duo, Shok The Monk, Floors, Dj Gruff e Gianluca Petrella","og_url":"https:\/\/www.intoscana.it\/it\/mammut-jazz-fest\/","og_site_name":"intoscana","article_publisher":"https:\/\/www.facebook.com\/intoscana.it","article_published_time":"2020-07-24T08:48:45+00:00","article_modified_time":"2020-08-25T08:45:56+00:00","og_image":[{"width":2000,"height":1333,"url":"https:\/\/www.intoscana.it\/wp-content\/uploads\/floors.jpg","type":"image\/jpeg"}],"author":"Redazione","twitter_card":"summary_large_image","twitter_creator":"@intoscana","twitter_site":"@intoscana","twitter_misc":{"Written by":"Redazione","Est. reading time":"2 minuti"},"schema":{"@context":"https:\/\/schema.org","@graph":[{"@type":"WebPage","@id":"https:\/\/www.intoscana.it\/it\/mammut-jazz-fest\/","url":"https:\/\/www.intoscana.it\/it\/mammut-jazz-fest\/","name":"Nasce il Mammut Jazz Fest: sei concerti in Valdichiana - intoscana","isPartOf":{"@id":"https:\/\/www.intoscana.it\/it\/#website"},"primaryImageOfPage":{"@id":"https:\/\/www.intoscana.it\/it\/mammut-jazz-fest\/#primaryimage"},"image":{"@id":"https:\/\/www.intoscana.it\/it\/mammut-jazz-fest\/#primaryimage"},"thumbnailUrl":"https:\/\/www.intoscana.it\/wp-content\/uploads\/floors.jpg","datePublished":"2020-07-24T08:48:45+00:00","dateModified":"2020-08-25T08:45:56+00:00","author":{"@id":"https:\/\/www.intoscana.it\/it\/#\/schema\/person\/9223810753230f20bd670fdd322661f8"},"breadcrumb":{"@id":"https:\/\/www.intoscana.it\/it\/mammut-jazz-fest\/#breadcrumb"},"inLanguage":"it-IT","potentialAction":[{"@type":"ReadAction","target":["https:\/\/www.intoscana.it\/it\/mammut-jazz-fest\/"]}]},{"@type":"ImageObject","inLanguage":"it-IT","@id":"https:\/\/www.intoscana.it\/it\/mammut-jazz-fest\/#primaryimage","url":"https:\/\/www.intoscana.it\/wp-content\/uploads\/floors.jpg","contentUrl":"https:\/\/www.intoscana.it\/wp-content\/uploads\/floors.jpg","width":2000,"height":1333,"caption":"Floors, Mammut Jazz Fest"},{"@type":"BreadcrumbList","@id":"https:\/\/www.intoscana.it\/it\/mammut-jazz-fest\/#breadcrumb","itemListElement":[{"@type":"ListItem","position":1,"name":"Home","item":"https:\/\/www.intoscana.it\/it\/"},{"@type":"ListItem","position":2,"name":"Nasce il Mammut Jazz Fest: sei concerti in Valdichiana"}]},{"@type":"WebSite","@id":"https:\/\/www.intoscana.it\/it\/#website","url":"https:\/\/www.intoscana.it\/it\/","name":"intoscana","description":"","potentialAction":[{"@type":"SearchAction","target":{"@type":"EntryPoint","urlTemplate":"https:\/\/www.intoscana.it\/it\/?s={search_term_string}"},"query-input":{"@type":"PropertyValueSpecification","valueRequired":true,"valueName":"search_term_string"}}],"inLanguage":"it-IT"},{"@type":"Person","@id":"https:\/\/www.intoscana.it\/it\/#\/schema\/person\/9223810753230f20bd670fdd322661f8","name":"Redazione","url":"https:\/\/www.intoscana.it\/it\/author\/redazione\/"}]}},"_links":{"self":[{"href":"https:\/\/www.intoscana.it\/it\/wp-json\/wp\/v2\/posts\/145077","targetHints":{"allow":["GET"]}}],"collection":[{"href":"https:\/\/www.intoscana.it\/it\/wp-json\/wp\/v2\/posts"}],"about":[{"href":"https:\/\/www.intoscana.it\/it\/wp-json\/wp\/v2\/types\/post"}],"author":[{"embeddable":true,"href":"https:\/\/www.intoscana.it\/it\/wp-json\/wp\/v2\/users\/525"}],"replies":[{"embeddable":true,"href":"https:\/\/www.intoscana.it\/it\/wp-json\/wp\/v2\/comments?post=145077"}],"version-history":[{"count":0,"href":"https:\/\/www.intoscana.it\/it\/wp-json\/wp\/v2\/posts\/145077\/revisions"}],"wp:featuredmedia":[{"embeddable":true,"href":"https:\/\/www.intoscana.it\/it\/wp-json\/wp\/v2\/media\/145572"}],"wp:attachment":[{"href":"https:\/\/www.intoscana.it\/it\/wp-json\/wp\/v2\/media?parent=145077"}],"wp:term":[{"taxonomy":"category","embeddable":true,"href":"https:\/\/www.intoscana.it\/it\/wp-json\/wp\/v2\/categories?post=145077"},{"taxonomy":"post_tag","embeddable":true,"href":"https:\/\/www.intoscana.it\/it\/wp-json\/wp\/v2\/tags?post=145077"}],"curies":[{"name":"wp","href":"https:\/\/api.w.org\/{rel}","templated":true}]}}