{"id":145084,"date":"2020-07-22T14:28:30","date_gmt":"2020-07-22T12:28:30","guid":{"rendered":"https:\/\/www.intoscana.it\/florence-folks-festival-quattro-giorni-di-musica-a-scandicci\/"},"modified":"2020-08-25T10:46:41","modified_gmt":"2020-08-25T08:46:41","slug":"florence-folks-festival-2020","status":"publish","type":"post","link":"https:\/\/www.intoscana.it\/it\/florence-folks-festival-2020\/","title":{"rendered":"Florence Folks Festival: quattro giorni di musica a Scandicci"},"content":{"rendered":"<p><strong>Dal 30 luglio al 2 agosto<\/strong> torna il <strong>Florence Folks Festival,<\/strong> ma cambia sede. La &#8216;festa&#8217; del collettivo la Scena Muta si svolger\u00e0 non pi\u00f9 a Firenze ma nello splendido <strong>parco<\/strong>&nbsp;<strong>dell&#8217;Acciaiolo di Scandicci<\/strong>. Non solo musica al <strong>FFF,<\/strong> ma anche un&#8217;ampia <strong>area food,<\/strong> un&#8217;area market con le creazioni fatte a mano dai talenti di <strong>Creative Factory,<\/strong> le <strong>Librerie indipendenti<\/strong> e tanti <strong>laboratori musicali per bambini.<\/strong>&nbsp;<\/p>\n\n<p><strong>Gioved\u00ec 30 luglio<\/strong> apre il festival Giovanni Truppi. Chitarrista e pianista, ha pubblicato quattro dischi, l&#8217;ultimo intitolato <strong>\u201cPoesia e civilt\u00e0\u201d<\/strong> \u00e8 uscito nel 2019 ed \u00e8 stato indicato tra i migliori dischi dell&#8217;anno dai principali media italiani. Il suo ultimo lavoro \u00e8 <strong>\u201c5\u201d<\/strong> (2020), un Ep di cinque tracce che raccoglie collaborazioni con Calcutta, Veronica Lucchesi de La Rappresentante di Lista, Niccol\u00f2 Fabi e Dario Brunori accompagnato da un libro di storie a fumetti edito da Coconino Press. In apertura i <strong>Flame Parade,<\/strong> band toscana dedita ad un indie rock contemporaneo, che attinge suoni e atmosfere dalle radici new folk mischiandole ad un&#8217;attitudine pop di respiro internazionale.<\/p>\n<p><strong>Venerd\u00ec 31 luglio il poeta contemporaneo Guido Catalano<\/strong> torna sul palco del FFF con un nuovo reading dal titolo: <strong>&#8220;Di cosa parliamo quando parliamo d\u2019amore in tempi di pandemia?&#8221;<\/strong>. Un suggestivo viaggio poetico dai grandi cavalli di battaglia ai versi inediti nati sotto gli effetti psicotropi del lockdown. In apertura i ritmi sudamericani dei <strong>Sinedades.<\/strong><\/p>\n<p><strong>Sabato 1\u00b0 agosto<\/strong> sale sul palco livornese <strong>Bobo Rondelli,<\/strong> uno degli ultimi maledetti della canzone e della poesia italiana con <strong>uno spettacolo pensato appositamente per quest\u2019estate<\/strong> di ritorno alle cose semplici e vedr\u00e0 sul palco anche il compositore Claudio Laucci. Apre il concerto <strong>Maestro Pellegrini:<\/strong> musicista e polistrumentista, attualmente suona in pianta stabile con gli Zen Circus.<\/p>\n<p><strong>Domenica 2 agosto<\/strong> chiusura con un live speciale che vedr\u00e0 protagonista l&#8217;<strong>Erriquez Love Trio.<\/strong> Un ensemble pronto ad abbellire i canti di Enrico Greppi alle prese con le pi\u00f9 belle canzoni del mondo. Tre chitarre e tre voci per un viaggio che porter\u00e0 da Jannacci a Stromae, passando dal duo Brassens-De Andr\u00e9 e altri. Oltre a questi capolavori, anche canzoni della Bandabard\u00f2 e di Fabrizio Pocci. In apertura <strong>Tommaso Novi<\/strong> che lo scorso 24 aprile \u00e8 uscito con il singolo <strong>Molto Bello<\/strong> (BlackCandy Records) che anticipa l\u2019album dal titolo \u201c<strong>Terzino Fuorigioco\u201d<\/strong>.&nbsp;<\/p>\n","protected":false},"excerpt":{"rendered":"<p>Il 30, 31 luglio e 1, 2 agosto il Parco dell&#8217;Acciaiolo ospiter\u00e0: Giovanni Truppi, Guido Catalano, Bobo Rondelli, Erriquez Love Trio, Tommaso Novi, Flame Parade e Sinedades<\/p>\n","protected":false},"author":525,"featured_media":145579,"comment_status":"open","ping_status":"open","sticky":false,"template":"","format":"standard","meta":{"_acf_changed":false,"footnotes":""},"categories":[14],"tags":[216,4474,395],"class_list":["post-145084","post","type-post","status-publish","format-standard","has-post-thumbnail","hentry","category-musica","tag-concerti","tag-eventi","tag-eventi-in-toscana"],"acf":[],"yoast_head":"<!-- This site is optimized with the Yoast SEO Premium plugin v24.2 (Yoast SEO v25.6) - https:\/\/yoast.com\/wordpress\/plugins\/seo\/ -->\n<title>Florence Folks Festival: quattro giorni di musica a Scandicci - intoscana<\/title>\n<meta name=\"robots\" content=\"index, follow, max-snippet:-1, max-image-preview:large, max-video-preview:-1\" \/>\n<link rel=\"canonical\" href=\"https:\/\/www.intoscana.it\/it\/florence-folks-festival-2020\/\" \/>\n<meta property=\"og:locale\" content=\"it_IT\" \/>\n<meta property=\"og:type\" content=\"article\" \/>\n<meta property=\"og:title\" content=\"Florence Folks Festival: quattro giorni di musica a Scandicci\" \/>\n<meta property=\"og:description\" content=\"Il 30, 31 luglio e 1, 2 agosto il Parco dell&#039;Acciaiolo ospiter\u00e0: Giovanni Truppi, Guido Catalano, Bobo Rondelli, Erriquez Love Trio, Tommaso Novi, Flame Parade e Sinedades\" \/>\n<meta property=\"og:url\" content=\"https:\/\/www.intoscana.it\/it\/florence-folks-festival-2020\/\" \/>\n<meta property=\"og:site_name\" content=\"intoscana\" \/>\n<meta property=\"article:publisher\" content=\"https:\/\/www.facebook.com\/intoscana.it\" \/>\n<meta property=\"article:published_time\" content=\"2020-07-22T12:28:30+00:00\" \/>\n<meta property=\"article:modified_time\" content=\"2020-08-25T08:46:41+00:00\" \/>\n<meta property=\"og:image\" content=\"https:\/\/www.intoscana.it\/wp-content\/uploads\/tommaso-novi-2020-1.jpg\" \/>\n\t<meta property=\"og:image:width\" content=\"2000\" \/>\n\t<meta property=\"og:image:height\" content=\"1334\" \/>\n\t<meta property=\"og:image:type\" content=\"image\/jpeg\" \/>\n<meta name=\"author\" content=\"Redazione\" \/>\n<meta name=\"twitter:card\" content=\"summary_large_image\" \/>\n<meta name=\"twitter:creator\" content=\"@intoscana\" \/>\n<meta name=\"twitter:site\" content=\"@intoscana\" \/>\n<meta name=\"twitter:label1\" content=\"Written by\" \/>\n\t<meta name=\"twitter:data1\" content=\"Redazione\" \/>\n\t<meta name=\"twitter:label2\" content=\"Est. reading time\" \/>\n\t<meta name=\"twitter:data2\" content=\"2 minuti\" \/>\n<script type=\"application\/ld+json\" class=\"yoast-schema-graph\">{\"@context\":\"https:\/\/schema.org\",\"@graph\":[{\"@type\":\"WebPage\",\"@id\":\"https:\/\/www.intoscana.it\/it\/florence-folks-festival-2020\/\",\"url\":\"https:\/\/www.intoscana.it\/it\/florence-folks-festival-2020\/\",\"name\":\"Florence Folks Festival: quattro giorni di musica a Scandicci - intoscana\",\"isPartOf\":{\"@id\":\"https:\/\/www.intoscana.it\/it\/#website\"},\"primaryImageOfPage\":{\"@id\":\"https:\/\/www.intoscana.it\/it\/florence-folks-festival-2020\/#primaryimage\"},\"image\":{\"@id\":\"https:\/\/www.intoscana.it\/it\/florence-folks-festival-2020\/#primaryimage\"},\"thumbnailUrl\":\"https:\/\/www.intoscana.it\/wp-content\/uploads\/tommaso-novi-2020-1.jpg\",\"datePublished\":\"2020-07-22T12:28:30+00:00\",\"dateModified\":\"2020-08-25T08:46:41+00:00\",\"author\":{\"@id\":\"https:\/\/www.intoscana.it\/it\/#\/schema\/person\/9223810753230f20bd670fdd322661f8\"},\"breadcrumb\":{\"@id\":\"https:\/\/www.intoscana.it\/it\/florence-folks-festival-2020\/#breadcrumb\"},\"inLanguage\":\"it-IT\",\"potentialAction\":[{\"@type\":\"ReadAction\",\"target\":[\"https:\/\/www.intoscana.it\/it\/florence-folks-festival-2020\/\"]}]},{\"@type\":\"ImageObject\",\"inLanguage\":\"it-IT\",\"@id\":\"https:\/\/www.intoscana.it\/it\/florence-folks-festival-2020\/#primaryimage\",\"url\":\"https:\/\/www.intoscana.it\/wp-content\/uploads\/tommaso-novi-2020-1.jpg\",\"contentUrl\":\"https:\/\/www.intoscana.it\/wp-content\/uploads\/tommaso-novi-2020-1.jpg\",\"width\":2000,\"height\":1334,\"caption\":\"Tommaso Novi\"},{\"@type\":\"BreadcrumbList\",\"@id\":\"https:\/\/www.intoscana.it\/it\/florence-folks-festival-2020\/#breadcrumb\",\"itemListElement\":[{\"@type\":\"ListItem\",\"position\":1,\"name\":\"Home\",\"item\":\"https:\/\/www.intoscana.it\/it\/\"},{\"@type\":\"ListItem\",\"position\":2,\"name\":\"Florence Folks Festival: quattro giorni di musica a Scandicci\"}]},{\"@type\":\"WebSite\",\"@id\":\"https:\/\/www.intoscana.it\/it\/#website\",\"url\":\"https:\/\/www.intoscana.it\/it\/\",\"name\":\"intoscana\",\"description\":\"\",\"potentialAction\":[{\"@type\":\"SearchAction\",\"target\":{\"@type\":\"EntryPoint\",\"urlTemplate\":\"https:\/\/www.intoscana.it\/it\/?s={search_term_string}\"},\"query-input\":{\"@type\":\"PropertyValueSpecification\",\"valueRequired\":true,\"valueName\":\"search_term_string\"}}],\"inLanguage\":\"it-IT\"},{\"@type\":\"Person\",\"@id\":\"https:\/\/www.intoscana.it\/it\/#\/schema\/person\/9223810753230f20bd670fdd322661f8\",\"name\":\"Redazione\",\"url\":\"https:\/\/www.intoscana.it\/it\/author\/redazione\/\"}]}<\/script>\n<!-- \/ Yoast SEO Premium plugin. -->","yoast_head_json":{"title":"Florence Folks Festival: quattro giorni di musica a Scandicci - intoscana","robots":{"index":"index","follow":"follow","max-snippet":"max-snippet:-1","max-image-preview":"max-image-preview:large","max-video-preview":"max-video-preview:-1"},"canonical":"https:\/\/www.intoscana.it\/it\/florence-folks-festival-2020\/","og_locale":"it_IT","og_type":"article","og_title":"Florence Folks Festival: quattro giorni di musica a Scandicci","og_description":"Il 30, 31 luglio e 1, 2 agosto il Parco dell'Acciaiolo ospiter\u00e0: Giovanni Truppi, Guido Catalano, Bobo Rondelli, Erriquez Love Trio, Tommaso Novi, Flame Parade e Sinedades","og_url":"https:\/\/www.intoscana.it\/it\/florence-folks-festival-2020\/","og_site_name":"intoscana","article_publisher":"https:\/\/www.facebook.com\/intoscana.it","article_published_time":"2020-07-22T12:28:30+00:00","article_modified_time":"2020-08-25T08:46:41+00:00","og_image":[{"width":2000,"height":1334,"url":"https:\/\/www.intoscana.it\/wp-content\/uploads\/tommaso-novi-2020-1.jpg","type":"image\/jpeg"}],"author":"Redazione","twitter_card":"summary_large_image","twitter_creator":"@intoscana","twitter_site":"@intoscana","twitter_misc":{"Written by":"Redazione","Est. reading time":"2 minuti"},"schema":{"@context":"https:\/\/schema.org","@graph":[{"@type":"WebPage","@id":"https:\/\/www.intoscana.it\/it\/florence-folks-festival-2020\/","url":"https:\/\/www.intoscana.it\/it\/florence-folks-festival-2020\/","name":"Florence Folks Festival: quattro giorni di musica a Scandicci - intoscana","isPartOf":{"@id":"https:\/\/www.intoscana.it\/it\/#website"},"primaryImageOfPage":{"@id":"https:\/\/www.intoscana.it\/it\/florence-folks-festival-2020\/#primaryimage"},"image":{"@id":"https:\/\/www.intoscana.it\/it\/florence-folks-festival-2020\/#primaryimage"},"thumbnailUrl":"https:\/\/www.intoscana.it\/wp-content\/uploads\/tommaso-novi-2020-1.jpg","datePublished":"2020-07-22T12:28:30+00:00","dateModified":"2020-08-25T08:46:41+00:00","author":{"@id":"https:\/\/www.intoscana.it\/it\/#\/schema\/person\/9223810753230f20bd670fdd322661f8"},"breadcrumb":{"@id":"https:\/\/www.intoscana.it\/it\/florence-folks-festival-2020\/#breadcrumb"},"inLanguage":"it-IT","potentialAction":[{"@type":"ReadAction","target":["https:\/\/www.intoscana.it\/it\/florence-folks-festival-2020\/"]}]},{"@type":"ImageObject","inLanguage":"it-IT","@id":"https:\/\/www.intoscana.it\/it\/florence-folks-festival-2020\/#primaryimage","url":"https:\/\/www.intoscana.it\/wp-content\/uploads\/tommaso-novi-2020-1.jpg","contentUrl":"https:\/\/www.intoscana.it\/wp-content\/uploads\/tommaso-novi-2020-1.jpg","width":2000,"height":1334,"caption":"Tommaso Novi"},{"@type":"BreadcrumbList","@id":"https:\/\/www.intoscana.it\/it\/florence-folks-festival-2020\/#breadcrumb","itemListElement":[{"@type":"ListItem","position":1,"name":"Home","item":"https:\/\/www.intoscana.it\/it\/"},{"@type":"ListItem","position":2,"name":"Florence Folks Festival: quattro giorni di musica a Scandicci"}]},{"@type":"WebSite","@id":"https:\/\/www.intoscana.it\/it\/#website","url":"https:\/\/www.intoscana.it\/it\/","name":"intoscana","description":"","potentialAction":[{"@type":"SearchAction","target":{"@type":"EntryPoint","urlTemplate":"https:\/\/www.intoscana.it\/it\/?s={search_term_string}"},"query-input":{"@type":"PropertyValueSpecification","valueRequired":true,"valueName":"search_term_string"}}],"inLanguage":"it-IT"},{"@type":"Person","@id":"https:\/\/www.intoscana.it\/it\/#\/schema\/person\/9223810753230f20bd670fdd322661f8","name":"Redazione","url":"https:\/\/www.intoscana.it\/it\/author\/redazione\/"}]}},"_links":{"self":[{"href":"https:\/\/www.intoscana.it\/it\/wp-json\/wp\/v2\/posts\/145084","targetHints":{"allow":["GET"]}}],"collection":[{"href":"https:\/\/www.intoscana.it\/it\/wp-json\/wp\/v2\/posts"}],"about":[{"href":"https:\/\/www.intoscana.it\/it\/wp-json\/wp\/v2\/types\/post"}],"author":[{"embeddable":true,"href":"https:\/\/www.intoscana.it\/it\/wp-json\/wp\/v2\/users\/525"}],"replies":[{"embeddable":true,"href":"https:\/\/www.intoscana.it\/it\/wp-json\/wp\/v2\/comments?post=145084"}],"version-history":[{"count":0,"href":"https:\/\/www.intoscana.it\/it\/wp-json\/wp\/v2\/posts\/145084\/revisions"}],"wp:featuredmedia":[{"embeddable":true,"href":"https:\/\/www.intoscana.it\/it\/wp-json\/wp\/v2\/media\/145579"}],"wp:attachment":[{"href":"https:\/\/www.intoscana.it\/it\/wp-json\/wp\/v2\/media?parent=145084"}],"wp:term":[{"taxonomy":"category","embeddable":true,"href":"https:\/\/www.intoscana.it\/it\/wp-json\/wp\/v2\/categories?post=145084"},{"taxonomy":"post_tag","embeddable":true,"href":"https:\/\/www.intoscana.it\/it\/wp-json\/wp\/v2\/tags?post=145084"}],"curies":[{"name":"wp","href":"https:\/\/api.w.org\/{rel}","templated":true}]}}