{"id":145148,"date":"2020-06-12T11:47:52","date_gmt":"2020-06-12T09:47:52","guid":{"rendered":"https:\/\/www.intoscana.it\/spike-lee-nei-giorni-della-protesta-per-la-morte-di-george-floyd-parla-agli-italiani\/"},"modified":"2020-08-10T09:31:18","modified_gmt":"2020-08-10T07:31:18","slug":"spike-lee-contro-il-razzismo-ricorda-il-suo-film-miracolo-a-santanna","status":"publish","type":"post","link":"https:\/\/www.intoscana.it\/it\/spike-lee-contro-il-razzismo-ricorda-il-suo-film-miracolo-a-santanna\/","title":{"rendered":"Spike Lee, nei giorni della protesta per la morte di George Floyd, parla agli italiani"},"content":{"rendered":"<p style=\"margin-bottom: 0cm;\">Esce sulla piattaforma Netflix, venerd\u00ec 12 giugno, il nuovo film del regista afroamericano <strong>Spike Lee,<\/strong> <em><strong>Da 5 Bloods \u2013 Come fratelli. <\/strong><\/em>E&#8217; la storia di quattro afroamericani, veterani della guerra in Vietnam, che tornano sui luoghi dove hanno combattuto per ritrovare i resti del loro caposquadra e un tesoro che hanno nascosto l\u00ec per molti anni. I quattro protagonisti si dovranno confrontare con i fantasmi del passato, con le forze della natura e con la pesante eredit\u00e0 del conflitto in quei luoghi.<\/p>\n<p style=\"margin-bottom: 0cm;\">E tornano, nel film di Spke Lee, le denunce sulle condizioni di vita dei soldati afroamericani che hanno preso parte ai conflitti bellici del loro paese, come gi\u00e0 era avvenuto in <em><strong>Miracolo a Sant&#8217;Anna,<\/strong><\/em> pellicola del 2008, che ripercorreva la strage di Sant&#8217;Anna di Stazzema perpetrata dai nazisti sulla popolazione locale. Un film che ha riportato alla luce una drammatica pagina della storia italiana, nella quale si sono incrociati i destini dei contadini toscani con quelli dei soldati di colore, arrivati da oltreoceano. Nel suo nuovo film Spike Lee mette l&#8217;accento su come la popolazione afroamericana, una volta tornata in patria dopo aver combattuto per il proprio paese, invece degli onori, ha trovato solo odio e discriminazione.<\/p>\n<p style=\"margin-bottom: 0cm;\">Intervistato gli scorsi giorni da Arianna Finos, per Repubblica.it, Spike Lee ha dichiarato: <em>\u201cgirare quel film in Italia \u00e8 stata una delle migliori esperienze della mia vita da regista. Girando nei veri luoghi di Sant&#8217;Anna di Stazzema, dove la strage era avvenuta, ci ha convito e coinvolto emovtiamente. Essere l\u00ec dove le persone sono state assassinate, ci ha fatto sentire il loro spirito e il loro sostegno. Ed \u00e8 stata una delle poche volte che ho potuto sperimentare una cosa simile\u201d. <\/em>(per guardare l&#8217;intervista <a title=\"https:\/\/video.repubblica.it\/spettacoli-e-cultura\/spike-lee-da-fa-la-cosa-giusta-a-floyd-la-storia-non-deve-piu-ripetersi\/361980\/362534?\" href=\"https:\/\/video.repubblica.it\/spettacoli-e-cultura\/spike-lee-da-fa-la-cosa-giusta-a-floyd-la-storia-non-deve-piu-ripetersi\/361980\/362534\"><strong>clicca qui<\/strong><\/a>).<\/p>\n<p style=\"margin-bottom: 0cm;\">Mai come in questi giorni il cinema di Spike Lee torna ad essere di grande attualit\u00e0, visto il dibattito, le forti proteste, le manifestazioni di piazza che si stanno tenendo in tutto il mondo, in seguito all&#8217;<strong>uccisione dell&#8217;afroamericano George Floyd<\/strong>, avvenuta lo scorso 25 maggio a Minneapolis a seguito delle violenze subite da parte delle forze di polizia. L&#8217;attualit\u00e0 ha riportato alla luce ci\u00f2 che non avrebbe pi\u00f9 dovuto accadere. Vicende di violenza e razzismo come quella al centro del film di Spike Lee, <em><strong>Fa la cosa giusta<\/strong><\/em>, dove si raccontava della morte per soffocamento, causata dalla polizia, dell&#8217;afroamericano Radio Raheem, personaggio immaginario ma ispirato alla vera storia del writer di colore Michael Stewart, venticinquenne picchiato fino ad essere ucciso nel 1983, da agenti della polizia newyorkese, solo per aver messo la propria firma su un muro della stazione della metro della First Avenue.<\/p>\n<p style=\"margin-bottom: 0cm;\">Il regista premio Oscar alla carriera nel 2015, autore di film che hanno fatto la storia del cinema, come <em>Lola Darling,<\/em> <em>Malcom X, Fa la cosa giusta, La 25\u00b0 ora, Inside Man<\/em>,&nbsp;<em>BlacKkKlansman<\/em>, solo per citarne alcuni, nella video-intervista lancia anche un messaggio agli italiani:<em> \u201cquello che voglio dire ai fratelli italiani \u00e8 che il razzismo esiste in tutto il mondo. Guardate cosa accade nelle vostre citt\u00e0, come sono trattati gli africani e cosa devono affontare: i razzismi non sono solo negli Stati Uniti\u201d<\/em>. Un vero appello ad unirsi alle proteste in corso in questi giorni, alle battaglie che il regista ha in qualche modo espresso, in diverse forme, in tutti i suoi film, affinch\u00e9 cessi ogni forma di discriminazione e violenza in generale e nei confronti delle persone di colore.<\/p>\n","protected":false},"excerpt":{"rendered":"<p>Nel suo nuovo film &#8216;Da 5 Bloods &#8211; Come fratelli&#8217;, il regista torna sul tema delle discriminazioni dei soldati afroamericani nei conflitti bellici Usa e dichiara: &#8220;girare a Sant&#8217;Anna di Stazzema \u00e8 stata una delle migliori esperienze della mia vita&#8221;<\/p>\n","protected":false},"author":492,"featured_media":145645,"comment_status":"open","ping_status":"open","sticky":false,"template":"","format":"standard","meta":{"_acf_changed":false,"footnotes":""},"categories":[493,11],"tags":[],"class_list":["post-145148","post","type-post","status-publish","format-standard","has-post-thumbnail","hentry","category-cultura","category-cinema"],"acf":[],"yoast_head":"<!-- This site is optimized with the Yoast SEO Premium plugin v24.2 (Yoast SEO v25.6) - https:\/\/yoast.com\/wordpress\/plugins\/seo\/ -->\n<title>Spike Lee, nei giorni della protesta per la morte di George Floyd, parla agli italiani - intoscana<\/title>\n<meta name=\"description\" content=\"Intervistato da Repubblica.it il regista afroamericano Spike Lee dichiara che aver girato in Toscana \u00e8 stata un delle pi\u00f9 belle esperienze della sua vita\" \/>\n<meta name=\"robots\" content=\"index, follow, max-snippet:-1, max-image-preview:large, max-video-preview:-1\" \/>\n<link rel=\"canonical\" href=\"https:\/\/www.intoscana.it\/it\/spike-lee-contro-il-razzismo-ricorda-il-suo-film-miracolo-a-santanna\/\" \/>\n<meta property=\"og:locale\" content=\"it_IT\" \/>\n<meta property=\"og:type\" content=\"article\" \/>\n<meta property=\"og:title\" content=\"Spike Lee, nei giorni della protesta per la morte di George Floyd, parla agli italiani\" \/>\n<meta property=\"og:description\" content=\"Intervistato da Repubblica.it il regista afroamericano Spike Lee dichiara che aver girato in Toscana \u00e8 stata un delle pi\u00f9 belle esperienze della sua vita\" \/>\n<meta property=\"og:url\" content=\"https:\/\/www.intoscana.it\/it\/spike-lee-contro-il-razzismo-ricorda-il-suo-film-miracolo-a-santanna\/\" \/>\n<meta property=\"og:site_name\" content=\"intoscana\" \/>\n<meta property=\"article:publisher\" content=\"https:\/\/www.facebook.com\/intoscana.it\" \/>\n<meta property=\"article:published_time\" content=\"2020-06-12T09:47:52+00:00\" \/>\n<meta property=\"article:modified_time\" content=\"2020-08-10T07:31:18+00:00\" \/>\n<meta property=\"og:image\" content=\"https:\/\/www.intoscana.it\/wp-content\/uploads\/da-5-bloods.jpg\" \/>\n\t<meta property=\"og:image:width\" content=\"1777\" \/>\n\t<meta property=\"og:image:height\" content=\"999\" \/>\n\t<meta property=\"og:image:type\" content=\"image\/jpeg\" \/>\n<meta name=\"author\" content=\"Elisabetta Vagaggini\" \/>\n<meta name=\"twitter:card\" content=\"summary_large_image\" \/>\n<meta name=\"twitter:creator\" content=\"@intoscana\" \/>\n<meta name=\"twitter:site\" content=\"@intoscana\" \/>\n<meta name=\"twitter:label1\" content=\"Written by\" \/>\n\t<meta name=\"twitter:data1\" content=\"Elisabetta Vagaggini\" \/>\n\t<meta name=\"twitter:label2\" content=\"Est. reading time\" \/>\n\t<meta name=\"twitter:data2\" content=\"3 minuti\" \/>\n<script type=\"application\/ld+json\" class=\"yoast-schema-graph\">{\"@context\":\"https:\/\/schema.org\",\"@graph\":[{\"@type\":\"WebPage\",\"@id\":\"https:\/\/www.intoscana.it\/it\/spike-lee-contro-il-razzismo-ricorda-il-suo-film-miracolo-a-santanna\/\",\"url\":\"https:\/\/www.intoscana.it\/it\/spike-lee-contro-il-razzismo-ricorda-il-suo-film-miracolo-a-santanna\/\",\"name\":\"Spike Lee, nei giorni della protesta per la morte di George Floyd, parla agli italiani - intoscana\",\"isPartOf\":{\"@id\":\"https:\/\/www.intoscana.it\/it\/#website\"},\"primaryImageOfPage\":{\"@id\":\"https:\/\/www.intoscana.it\/it\/spike-lee-contro-il-razzismo-ricorda-il-suo-film-miracolo-a-santanna\/#primaryimage\"},\"image\":{\"@id\":\"https:\/\/www.intoscana.it\/it\/spike-lee-contro-il-razzismo-ricorda-il-suo-film-miracolo-a-santanna\/#primaryimage\"},\"thumbnailUrl\":\"https:\/\/www.intoscana.it\/wp-content\/uploads\/da-5-bloods.jpg\",\"datePublished\":\"2020-06-12T09:47:52+00:00\",\"dateModified\":\"2020-08-10T07:31:18+00:00\",\"author\":{\"@id\":\"https:\/\/www.intoscana.it\/it\/#\/schema\/person\/20956e1a83baf96027b69e776f754e43\"},\"description\":\"Intervistato da Repubblica.it il regista afroamericano Spike Lee dichiara che aver girato in Toscana \u00e8 stata un delle pi\u00f9 belle esperienze della sua vita\",\"breadcrumb\":{\"@id\":\"https:\/\/www.intoscana.it\/it\/spike-lee-contro-il-razzismo-ricorda-il-suo-film-miracolo-a-santanna\/#breadcrumb\"},\"inLanguage\":\"it-IT\",\"potentialAction\":[{\"@type\":\"ReadAction\",\"target\":[\"https:\/\/www.intoscana.it\/it\/spike-lee-contro-il-razzismo-ricorda-il-suo-film-miracolo-a-santanna\/\"]}]},{\"@type\":\"ImageObject\",\"inLanguage\":\"it-IT\",\"@id\":\"https:\/\/www.intoscana.it\/it\/spike-lee-contro-il-razzismo-ricorda-il-suo-film-miracolo-a-santanna\/#primaryimage\",\"url\":\"https:\/\/www.intoscana.it\/wp-content\/uploads\/da-5-bloods.jpg\",\"contentUrl\":\"https:\/\/www.intoscana.it\/wp-content\/uploads\/da-5-bloods.jpg\",\"width\":1777,\"height\":999,\"caption\":\"Spike Lee\"},{\"@type\":\"BreadcrumbList\",\"@id\":\"https:\/\/www.intoscana.it\/it\/spike-lee-contro-il-razzismo-ricorda-il-suo-film-miracolo-a-santanna\/#breadcrumb\",\"itemListElement\":[{\"@type\":\"ListItem\",\"position\":1,\"name\":\"Home\",\"item\":\"https:\/\/www.intoscana.it\/it\/\"},{\"@type\":\"ListItem\",\"position\":2,\"name\":\"Spike Lee, nei giorni della protesta per la morte di George Floyd, parla agli italiani\"}]},{\"@type\":\"WebSite\",\"@id\":\"https:\/\/www.intoscana.it\/it\/#website\",\"url\":\"https:\/\/www.intoscana.it\/it\/\",\"name\":\"intoscana\",\"description\":\"\",\"potentialAction\":[{\"@type\":\"SearchAction\",\"target\":{\"@type\":\"EntryPoint\",\"urlTemplate\":\"https:\/\/www.intoscana.it\/it\/?s={search_term_string}\"},\"query-input\":{\"@type\":\"PropertyValueSpecification\",\"valueRequired\":true,\"valueName\":\"search_term_string\"}}],\"inLanguage\":\"it-IT\"},{\"@type\":\"Person\",\"@id\":\"https:\/\/www.intoscana.it\/it\/#\/schema\/person\/20956e1a83baf96027b69e776f754e43\",\"name\":\"Elisabetta Vagaggini\",\"url\":\"https:\/\/www.intoscana.it\/it\/author\/elisabetta-vagaggini\/\"}]}<\/script>\n<!-- \/ Yoast SEO Premium plugin. -->","yoast_head_json":{"title":"Spike Lee, nei giorni della protesta per la morte di George Floyd, parla agli italiani - intoscana","description":"Intervistato da Repubblica.it il regista afroamericano Spike Lee dichiara che aver girato in Toscana \u00e8 stata un delle pi\u00f9 belle esperienze della sua vita","robots":{"index":"index","follow":"follow","max-snippet":"max-snippet:-1","max-image-preview":"max-image-preview:large","max-video-preview":"max-video-preview:-1"},"canonical":"https:\/\/www.intoscana.it\/it\/spike-lee-contro-il-razzismo-ricorda-il-suo-film-miracolo-a-santanna\/","og_locale":"it_IT","og_type":"article","og_title":"Spike Lee, nei giorni della protesta per la morte di George Floyd, parla agli italiani","og_description":"Intervistato da Repubblica.it il regista afroamericano Spike Lee dichiara che aver girato in Toscana \u00e8 stata un delle pi\u00f9 belle esperienze della sua vita","og_url":"https:\/\/www.intoscana.it\/it\/spike-lee-contro-il-razzismo-ricorda-il-suo-film-miracolo-a-santanna\/","og_site_name":"intoscana","article_publisher":"https:\/\/www.facebook.com\/intoscana.it","article_published_time":"2020-06-12T09:47:52+00:00","article_modified_time":"2020-08-10T07:31:18+00:00","og_image":[{"width":1777,"height":999,"url":"https:\/\/www.intoscana.it\/wp-content\/uploads\/da-5-bloods.jpg","type":"image\/jpeg"}],"author":"Elisabetta Vagaggini","twitter_card":"summary_large_image","twitter_creator":"@intoscana","twitter_site":"@intoscana","twitter_misc":{"Written by":"Elisabetta Vagaggini","Est. reading time":"3 minuti"},"schema":{"@context":"https:\/\/schema.org","@graph":[{"@type":"WebPage","@id":"https:\/\/www.intoscana.it\/it\/spike-lee-contro-il-razzismo-ricorda-il-suo-film-miracolo-a-santanna\/","url":"https:\/\/www.intoscana.it\/it\/spike-lee-contro-il-razzismo-ricorda-il-suo-film-miracolo-a-santanna\/","name":"Spike Lee, nei giorni della protesta per la morte di George Floyd, parla agli italiani - intoscana","isPartOf":{"@id":"https:\/\/www.intoscana.it\/it\/#website"},"primaryImageOfPage":{"@id":"https:\/\/www.intoscana.it\/it\/spike-lee-contro-il-razzismo-ricorda-il-suo-film-miracolo-a-santanna\/#primaryimage"},"image":{"@id":"https:\/\/www.intoscana.it\/it\/spike-lee-contro-il-razzismo-ricorda-il-suo-film-miracolo-a-santanna\/#primaryimage"},"thumbnailUrl":"https:\/\/www.intoscana.it\/wp-content\/uploads\/da-5-bloods.jpg","datePublished":"2020-06-12T09:47:52+00:00","dateModified":"2020-08-10T07:31:18+00:00","author":{"@id":"https:\/\/www.intoscana.it\/it\/#\/schema\/person\/20956e1a83baf96027b69e776f754e43"},"description":"Intervistato da Repubblica.it il regista afroamericano Spike Lee dichiara che aver girato in Toscana \u00e8 stata un delle pi\u00f9 belle esperienze della sua vita","breadcrumb":{"@id":"https:\/\/www.intoscana.it\/it\/spike-lee-contro-il-razzismo-ricorda-il-suo-film-miracolo-a-santanna\/#breadcrumb"},"inLanguage":"it-IT","potentialAction":[{"@type":"ReadAction","target":["https:\/\/www.intoscana.it\/it\/spike-lee-contro-il-razzismo-ricorda-il-suo-film-miracolo-a-santanna\/"]}]},{"@type":"ImageObject","inLanguage":"it-IT","@id":"https:\/\/www.intoscana.it\/it\/spike-lee-contro-il-razzismo-ricorda-il-suo-film-miracolo-a-santanna\/#primaryimage","url":"https:\/\/www.intoscana.it\/wp-content\/uploads\/da-5-bloods.jpg","contentUrl":"https:\/\/www.intoscana.it\/wp-content\/uploads\/da-5-bloods.jpg","width":1777,"height":999,"caption":"Spike Lee"},{"@type":"BreadcrumbList","@id":"https:\/\/www.intoscana.it\/it\/spike-lee-contro-il-razzismo-ricorda-il-suo-film-miracolo-a-santanna\/#breadcrumb","itemListElement":[{"@type":"ListItem","position":1,"name":"Home","item":"https:\/\/www.intoscana.it\/it\/"},{"@type":"ListItem","position":2,"name":"Spike Lee, nei giorni della protesta per la morte di George Floyd, parla agli italiani"}]},{"@type":"WebSite","@id":"https:\/\/www.intoscana.it\/it\/#website","url":"https:\/\/www.intoscana.it\/it\/","name":"intoscana","description":"","potentialAction":[{"@type":"SearchAction","target":{"@type":"EntryPoint","urlTemplate":"https:\/\/www.intoscana.it\/it\/?s={search_term_string}"},"query-input":{"@type":"PropertyValueSpecification","valueRequired":true,"valueName":"search_term_string"}}],"inLanguage":"it-IT"},{"@type":"Person","@id":"https:\/\/www.intoscana.it\/it\/#\/schema\/person\/20956e1a83baf96027b69e776f754e43","name":"Elisabetta Vagaggini","url":"https:\/\/www.intoscana.it\/it\/author\/elisabetta-vagaggini\/"}]}},"_links":{"self":[{"href":"https:\/\/www.intoscana.it\/it\/wp-json\/wp\/v2\/posts\/145148","targetHints":{"allow":["GET"]}}],"collection":[{"href":"https:\/\/www.intoscana.it\/it\/wp-json\/wp\/v2\/posts"}],"about":[{"href":"https:\/\/www.intoscana.it\/it\/wp-json\/wp\/v2\/types\/post"}],"author":[{"embeddable":true,"href":"https:\/\/www.intoscana.it\/it\/wp-json\/wp\/v2\/users\/492"}],"replies":[{"embeddable":true,"href":"https:\/\/www.intoscana.it\/it\/wp-json\/wp\/v2\/comments?post=145148"}],"version-history":[{"count":0,"href":"https:\/\/www.intoscana.it\/it\/wp-json\/wp\/v2\/posts\/145148\/revisions"}],"wp:featuredmedia":[{"embeddable":true,"href":"https:\/\/www.intoscana.it\/it\/wp-json\/wp\/v2\/media\/145645"}],"wp:attachment":[{"href":"https:\/\/www.intoscana.it\/it\/wp-json\/wp\/v2\/media?parent=145148"}],"wp:term":[{"taxonomy":"category","embeddable":true,"href":"https:\/\/www.intoscana.it\/it\/wp-json\/wp\/v2\/categories?post=145148"},{"taxonomy":"post_tag","embeddable":true,"href":"https:\/\/www.intoscana.it\/it\/wp-json\/wp\/v2\/tags?post=145148"}],"curies":[{"name":"wp","href":"https:\/\/api.w.org\/{rel}","templated":true}]}}