{"id":145153,"date":"2020-06-10T14:25:53","date_gmt":"2020-06-10T12:25:53","guid":{"rendered":"https:\/\/www.intoscana.it\/coronavirus-in-toscana-3-nuovi-casi-1-decesso-e-91-guarigioni\/"},"modified":"2020-08-10T09:31:21","modified_gmt":"2020-08-10T07:31:21","slug":"coronavirus-10-giugno","status":"publish","type":"post","link":"https:\/\/www.intoscana.it\/it\/coronavirus-10-giugno\/","title":{"rendered":"Coronavirus in Toscana: 3 nuovi casi, 1 decesso e 91 guarigioni"},"content":{"rendered":"<div class=\"row\">\n<div id=\"column-1\" class=\"col-md-12 portlet-column portlet-column-only\">\n<section class=\"rt-subheader rt-subheader--news\">\n<div class=\"rt-subheader__wrapper\">\n<div class=\"rt-subheader__title-wrapper\">&nbsp;<\/div>\n<\/div>\n<\/section>\n<\/div>\n<\/div>\n<div class=\"row has-sidebar\">\n<div id=\"column-2\" class=\"col-md-12 col-lg-9 portlet-column portlet-column-first\">\n<div class=\"rt-page__content rt-page-content--left\">\n<div class=\"rt-page__content-text\">\n<p><strong>Sono 3 i casi di Coronavirus in Toscana in pi\u00f9 rispetto a ieri<\/strong>, per un totale di 10.148 dall&#8217;inizio dell&#8217;epidemia.&nbsp;I nuovi casi sono lo 0,03% in pi\u00f9 rispetto al totale del giorno precedente, mentre <strong>i&nbsp;guariti&nbsp;crescono del 1,1% e raggiungono quota&nbsp;8.531<\/strong>&nbsp;(l&#8217;84,1% dei casi totali). I&nbsp;<strong>tamponi eseguiti&nbsp;<\/strong>hanno raggiunto quota&nbsp;<strong>280.491<\/strong>, 3.399 in pi\u00f9 rispetto a ieri, quelli analizzati oggi sono 4.193. Gli attualmente positivi sono oggi 539, -14,2% rispetto a ieri.&nbsp;<strong>Si registra 1 nuovo decesso: un uomo di 72 anni<\/strong>.<br \/>Questi i dati &#8211; accertati alle ore 12 di oggi sulla base delle richieste della Protezione Civile Nazionale &#8211; relativi all&#8217;andamento dell&#8217;epidemia in regione.<\/p>\n<p><strong>Di seguito i casi di positivit\u00e0 sul territorio<\/strong>&nbsp;con la variazione rispetto a ieri; questi si riferiscono non alla provincia di residenza, ma a quella in cui \u00e8 stata fatta la diagnosi. Sono 3.487 i casi complessivi a&nbsp;oggi a Firenze (1 in pi\u00f9 rispetto a ieri), 569 a Prato (1 in pi\u00f9), 678 a Pistoia, 1.050 a Massa, 1.365 a Lucca (1 in pi\u00f9), 896 a Pisa, 557 a Livorno, 678 ad Arezzo, 441 a Siena, 427 a Grosseto. Due in pi\u00f9, quindi, i casi riscontrati oggi nell&#8217;Asl Centro, 1 nella Nord Ovest, 0 nella Sud est.<\/p>\n<p><strong>La Toscana si conferma al 10\u00b0 posto in Italia come numerosit\u00e0 di casi,<\/strong> con circa 272 casi per 100.000 abitanti (media italiana circa 390 x100.000, dato di ieri). Le province di notifica con il tasso pi\u00f9 alto sono Massa Carrara con 539 casi x100.000 abitanti, Lucca con 352, Firenze con 345, la pi\u00f9 bassa Siena con 165.<\/p>\n<p><strong>Si riducono ancora le persone ricoverate nei posti letto dedicati ai pazienti Covid<\/strong>, che oggi sono complessivamente 55,&nbsp;<strong>8 in meno di ieri&nbsp;<\/strong>(meno 12,7%) di cui 15 in terapia intensiva (2 in meno rispetto a ieri, meno 11,8%). \u00c8 il punto pi\u00f9 basso dal 9 marzo 2020 per le terapie intensive. \u00c8 il punto pi\u00f9 basso raggiunto dal 6 marzo 2020 per i ricoveri totali.<\/p>\n<p>&nbsp;<\/p>\n<p><img decoding=\"async\" alt=\"coronavirus 10 giugno\" style=\"width: 599px;\" title=\"coronavirus 10 giugno\" src=\"https:\/\/www.intoscana.it\/shared\/intoscana\/immagini\/schermata-2020-06-10-alle-14.15.43.png\" height=\"1159\" \/><\/p>\n<p>&nbsp;<\/p>\n<p><strong>Le persone complessivamente guarite salgono a 8.531 <\/strong>(pi\u00f9 91 rispetto a ieri, pi\u00f9 1,1%): 787 persone \u201cclinicamente guarite\u201d (pi\u00f9 18 rispetto a ieri, pi\u00f9 2,3%), divenute cio\u00e8 asintomatiche dopo aver presentato manifestazioni cliniche associate all&#8217;infezione e 7.744 (pi\u00f9 73 rispetto a ieri, pi\u00f9 1%) dichiarate guarite a tutti gli effetti, le cosiddette guarigioni virali, con doppio tampone negativo.<\/p>\n<p><strong>Si registra 1 nuovo decesso: 1 uomo di 72 anni.<\/strong> Relativamente alla provincia di notifica, la persona deceduta \u00e8 a Massa Carrara. Sono&nbsp;<strong>1.078 i deceduti dall&#8217;inizio dell&#8217;epidemia<\/strong>&nbsp;cosi ripartiti: 394 a Firenze, 48 a Prato, 80 a Pistoia, 162 a Massa Carrara, 136 a Lucca, 89 a Pisa, 61 a Livorno, 46 ad Arezzo, 31 a Siena, 23 a Grosseto, 8 persone sono decedute sul suolo toscano ma erano residenti fuori regione.<\/p>\n<p>Il tasso grezzo di mortalit\u00e0 toscano (numero di deceduti\/popolazione residente) per Covid-19 \u00e8 di 28,9 x100.000 residenti contro il 56,4 x100.000 della media italiana (11\u00b0 regione). Per quanto riguarda le province, il tasso di mortalit\u00e0 pi\u00f9 alto si riscontra a Massa Carrara (83,1 x100.000), Firenze (39,0 x100.000) e Lucca (35,1 x100.000), il pi\u00f9 basso a Grosseto (10,4 x100.000).<\/p>\n<p><strong>Infine complessivamente 484 persone sono in isolamento a casa, <\/strong>poich\u00e9 presentano sintomi lievi che non richiedono cure ospedaliere o risultano prive di sintomi (meno 81 rispetto a ieri, meno 14,3%). S<strong>ono&nbsp;3.458&nbsp;(meno 155 rispetto a ieri, meno 4,3%) le persone, anche loro isolate,&nbsp;in sorveglianza attiva<\/strong>, perch\u00e9 hanno avuto contatti con persone contagiate (Asl&nbsp;Centro 1.374, Nord Ovest 2.016, Sud Est 68).<\/p>\n<\/div>\n<\/div>\n<\/div>\n<\/div>\n","protected":false},"excerpt":{"rendered":"<p>I guariti&nbsp;crescono del 1,1% e raggiungono quota&nbsp;8.531&nbsp;(l&#8217;84,1% dei casi totali). Si ridicono i ricoverati: \u00e8 il punto pi\u00f9 basso raggiunto dal 6 marzo<\/p>\n","protected":false},"author":525,"featured_media":145649,"comment_status":"open","ping_status":"open","sticky":false,"template":"","format":"standard","meta":{"_acf_changed":false,"footnotes":""},"categories":[18],"tags":[],"class_list":["post-145153","post","type-post","status-publish","format-standard","has-post-thumbnail","hentry","category-salute"],"acf":[],"yoast_head":"<!-- This site is optimized with the Yoast SEO Premium plugin v24.2 (Yoast SEO v25.6) - https:\/\/yoast.com\/wordpress\/plugins\/seo\/ -->\n<title>Coronavirus in Toscana: 3 nuovi casi, 1 decesso e 91 guarigioni - intoscana<\/title>\n<meta name=\"robots\" content=\"index, follow, max-snippet:-1, max-image-preview:large, max-video-preview:-1\" \/>\n<link rel=\"canonical\" href=\"https:\/\/www.intoscana.it\/it\/coronavirus-10-giugno\/\" \/>\n<meta property=\"og:locale\" content=\"it_IT\" \/>\n<meta property=\"og:type\" content=\"article\" \/>\n<meta property=\"og:title\" content=\"Coronavirus in Toscana: 3 nuovi casi, 1 decesso e 91 guarigioni\" \/>\n<meta property=\"og:description\" content=\"I guariti&nbsp;crescono del 1,1% e raggiungono quota&nbsp;8.531&nbsp;(l&#039;84,1% dei casi totali). Si ridicono i ricoverati: \u00e8 il punto pi\u00f9 basso raggiunto dal 6 marzo\" \/>\n<meta property=\"og:url\" content=\"https:\/\/www.intoscana.it\/it\/coronavirus-10-giugno\/\" \/>\n<meta property=\"og:site_name\" content=\"intoscana\" \/>\n<meta property=\"article:publisher\" content=\"https:\/\/www.facebook.com\/intoscana.it\" \/>\n<meta property=\"article:published_time\" content=\"2020-06-10T12:25:53+00:00\" \/>\n<meta property=\"article:modified_time\" content=\"2020-08-10T07:31:21+00:00\" \/>\n<meta property=\"og:image\" content=\"https:\/\/www.intoscana.it\/wp-content\/uploads\/bambino-arcobaleno-finestra-1.jpg\" \/>\n\t<meta property=\"og:image:width\" content=\"1000\" \/>\n\t<meta property=\"og:image:height\" content=\"667\" \/>\n\t<meta property=\"og:image:type\" content=\"image\/jpeg\" \/>\n<meta name=\"author\" content=\"Redazione\" \/>\n<meta name=\"twitter:card\" content=\"summary_large_image\" \/>\n<meta name=\"twitter:creator\" content=\"@intoscana\" \/>\n<meta name=\"twitter:site\" content=\"@intoscana\" \/>\n<meta name=\"twitter:label1\" content=\"Written by\" \/>\n\t<meta name=\"twitter:data1\" content=\"Redazione\" \/>\n\t<meta name=\"twitter:label2\" content=\"Est. reading time\" \/>\n\t<meta name=\"twitter:data2\" content=\"3 minuti\" \/>\n<script type=\"application\/ld+json\" class=\"yoast-schema-graph\">{\"@context\":\"https:\/\/schema.org\",\"@graph\":[{\"@type\":\"WebPage\",\"@id\":\"https:\/\/www.intoscana.it\/it\/coronavirus-10-giugno\/\",\"url\":\"https:\/\/www.intoscana.it\/it\/coronavirus-10-giugno\/\",\"name\":\"Coronavirus in Toscana: 3 nuovi casi, 1 decesso e 91 guarigioni - intoscana\",\"isPartOf\":{\"@id\":\"https:\/\/www.intoscana.it\/it\/#website\"},\"primaryImageOfPage\":{\"@id\":\"https:\/\/www.intoscana.it\/it\/coronavirus-10-giugno\/#primaryimage\"},\"image\":{\"@id\":\"https:\/\/www.intoscana.it\/it\/coronavirus-10-giugno\/#primaryimage\"},\"thumbnailUrl\":\"https:\/\/www.intoscana.it\/wp-content\/uploads\/bambino-arcobaleno-finestra-1.jpg\",\"datePublished\":\"2020-06-10T12:25:53+00:00\",\"dateModified\":\"2020-08-10T07:31:21+00:00\",\"author\":{\"@id\":\"https:\/\/www.intoscana.it\/it\/#\/schema\/person\/9223810753230f20bd670fdd322661f8\"},\"breadcrumb\":{\"@id\":\"https:\/\/www.intoscana.it\/it\/coronavirus-10-giugno\/#breadcrumb\"},\"inLanguage\":\"it-IT\",\"potentialAction\":[{\"@type\":\"ReadAction\",\"target\":[\"https:\/\/www.intoscana.it\/it\/coronavirus-10-giugno\/\"]}]},{\"@type\":\"ImageObject\",\"inLanguage\":\"it-IT\",\"@id\":\"https:\/\/www.intoscana.it\/it\/coronavirus-10-giugno\/#primaryimage\",\"url\":\"https:\/\/www.intoscana.it\/wp-content\/uploads\/bambino-arcobaleno-finestra-1.jpg\",\"contentUrl\":\"https:\/\/www.intoscana.it\/wp-content\/uploads\/bambino-arcobaleno-finestra-1.jpg\",\"width\":1000,\"height\":667},{\"@type\":\"BreadcrumbList\",\"@id\":\"https:\/\/www.intoscana.it\/it\/coronavirus-10-giugno\/#breadcrumb\",\"itemListElement\":[{\"@type\":\"ListItem\",\"position\":1,\"name\":\"Home\",\"item\":\"https:\/\/www.intoscana.it\/it\/\"},{\"@type\":\"ListItem\",\"position\":2,\"name\":\"Coronavirus in Toscana: 3 nuovi casi, 1 decesso e 91 guarigioni\"}]},{\"@type\":\"WebSite\",\"@id\":\"https:\/\/www.intoscana.it\/it\/#website\",\"url\":\"https:\/\/www.intoscana.it\/it\/\",\"name\":\"intoscana\",\"description\":\"\",\"potentialAction\":[{\"@type\":\"SearchAction\",\"target\":{\"@type\":\"EntryPoint\",\"urlTemplate\":\"https:\/\/www.intoscana.it\/it\/?s={search_term_string}\"},\"query-input\":{\"@type\":\"PropertyValueSpecification\",\"valueRequired\":true,\"valueName\":\"search_term_string\"}}],\"inLanguage\":\"it-IT\"},{\"@type\":\"Person\",\"@id\":\"https:\/\/www.intoscana.it\/it\/#\/schema\/person\/9223810753230f20bd670fdd322661f8\",\"name\":\"Redazione\",\"url\":\"https:\/\/www.intoscana.it\/it\/author\/redazione\/\"}]}<\/script>\n<!-- \/ Yoast SEO Premium plugin. -->","yoast_head_json":{"title":"Coronavirus in Toscana: 3 nuovi casi, 1 decesso e 91 guarigioni - intoscana","robots":{"index":"index","follow":"follow","max-snippet":"max-snippet:-1","max-image-preview":"max-image-preview:large","max-video-preview":"max-video-preview:-1"},"canonical":"https:\/\/www.intoscana.it\/it\/coronavirus-10-giugno\/","og_locale":"it_IT","og_type":"article","og_title":"Coronavirus in Toscana: 3 nuovi casi, 1 decesso e 91 guarigioni","og_description":"I guariti&nbsp;crescono del 1,1% e raggiungono quota&nbsp;8.531&nbsp;(l'84,1% dei casi totali). Si ridicono i ricoverati: \u00e8 il punto pi\u00f9 basso raggiunto dal 6 marzo","og_url":"https:\/\/www.intoscana.it\/it\/coronavirus-10-giugno\/","og_site_name":"intoscana","article_publisher":"https:\/\/www.facebook.com\/intoscana.it","article_published_time":"2020-06-10T12:25:53+00:00","article_modified_time":"2020-08-10T07:31:21+00:00","og_image":[{"width":1000,"height":667,"url":"https:\/\/www.intoscana.it\/wp-content\/uploads\/bambino-arcobaleno-finestra-1.jpg","type":"image\/jpeg"}],"author":"Redazione","twitter_card":"summary_large_image","twitter_creator":"@intoscana","twitter_site":"@intoscana","twitter_misc":{"Written by":"Redazione","Est. reading time":"3 minuti"},"schema":{"@context":"https:\/\/schema.org","@graph":[{"@type":"WebPage","@id":"https:\/\/www.intoscana.it\/it\/coronavirus-10-giugno\/","url":"https:\/\/www.intoscana.it\/it\/coronavirus-10-giugno\/","name":"Coronavirus in Toscana: 3 nuovi casi, 1 decesso e 91 guarigioni - intoscana","isPartOf":{"@id":"https:\/\/www.intoscana.it\/it\/#website"},"primaryImageOfPage":{"@id":"https:\/\/www.intoscana.it\/it\/coronavirus-10-giugno\/#primaryimage"},"image":{"@id":"https:\/\/www.intoscana.it\/it\/coronavirus-10-giugno\/#primaryimage"},"thumbnailUrl":"https:\/\/www.intoscana.it\/wp-content\/uploads\/bambino-arcobaleno-finestra-1.jpg","datePublished":"2020-06-10T12:25:53+00:00","dateModified":"2020-08-10T07:31:21+00:00","author":{"@id":"https:\/\/www.intoscana.it\/it\/#\/schema\/person\/9223810753230f20bd670fdd322661f8"},"breadcrumb":{"@id":"https:\/\/www.intoscana.it\/it\/coronavirus-10-giugno\/#breadcrumb"},"inLanguage":"it-IT","potentialAction":[{"@type":"ReadAction","target":["https:\/\/www.intoscana.it\/it\/coronavirus-10-giugno\/"]}]},{"@type":"ImageObject","inLanguage":"it-IT","@id":"https:\/\/www.intoscana.it\/it\/coronavirus-10-giugno\/#primaryimage","url":"https:\/\/www.intoscana.it\/wp-content\/uploads\/bambino-arcobaleno-finestra-1.jpg","contentUrl":"https:\/\/www.intoscana.it\/wp-content\/uploads\/bambino-arcobaleno-finestra-1.jpg","width":1000,"height":667},{"@type":"BreadcrumbList","@id":"https:\/\/www.intoscana.it\/it\/coronavirus-10-giugno\/#breadcrumb","itemListElement":[{"@type":"ListItem","position":1,"name":"Home","item":"https:\/\/www.intoscana.it\/it\/"},{"@type":"ListItem","position":2,"name":"Coronavirus in Toscana: 3 nuovi casi, 1 decesso e 91 guarigioni"}]},{"@type":"WebSite","@id":"https:\/\/www.intoscana.it\/it\/#website","url":"https:\/\/www.intoscana.it\/it\/","name":"intoscana","description":"","potentialAction":[{"@type":"SearchAction","target":{"@type":"EntryPoint","urlTemplate":"https:\/\/www.intoscana.it\/it\/?s={search_term_string}"},"query-input":{"@type":"PropertyValueSpecification","valueRequired":true,"valueName":"search_term_string"}}],"inLanguage":"it-IT"},{"@type":"Person","@id":"https:\/\/www.intoscana.it\/it\/#\/schema\/person\/9223810753230f20bd670fdd322661f8","name":"Redazione","url":"https:\/\/www.intoscana.it\/it\/author\/redazione\/"}]}},"_links":{"self":[{"href":"https:\/\/www.intoscana.it\/it\/wp-json\/wp\/v2\/posts\/145153","targetHints":{"allow":["GET"]}}],"collection":[{"href":"https:\/\/www.intoscana.it\/it\/wp-json\/wp\/v2\/posts"}],"about":[{"href":"https:\/\/www.intoscana.it\/it\/wp-json\/wp\/v2\/types\/post"}],"author":[{"embeddable":true,"href":"https:\/\/www.intoscana.it\/it\/wp-json\/wp\/v2\/users\/525"}],"replies":[{"embeddable":true,"href":"https:\/\/www.intoscana.it\/it\/wp-json\/wp\/v2\/comments?post=145153"}],"version-history":[{"count":0,"href":"https:\/\/www.intoscana.it\/it\/wp-json\/wp\/v2\/posts\/145153\/revisions"}],"wp:featuredmedia":[{"embeddable":true,"href":"https:\/\/www.intoscana.it\/it\/wp-json\/wp\/v2\/media\/145649"}],"wp:attachment":[{"href":"https:\/\/www.intoscana.it\/it\/wp-json\/wp\/v2\/media?parent=145153"}],"wp:term":[{"taxonomy":"category","embeddable":true,"href":"https:\/\/www.intoscana.it\/it\/wp-json\/wp\/v2\/categories?post=145153"},{"taxonomy":"post_tag","embeddable":true,"href":"https:\/\/www.intoscana.it\/it\/wp-json\/wp\/v2\/tags?post=145153"}],"curies":[{"name":"wp","href":"https:\/\/api.w.org\/{rel}","templated":true}]}}