{"id":145165,"date":"2020-07-27T09:00:55","date_gmt":"2020-07-27T07:00:55","guid":{"rendered":"https:\/\/www.intoscana.it\/coronavirus-15-i-nuovi-casi-7-riconducibili-ad-un-cluster-nel-mugello\/"},"modified":"2020-08-10T09:31:26","modified_gmt":"2020-08-10T07:31:26","slug":"coronavirus-15-i-nuovi-casi","status":"publish","type":"post","link":"https:\/\/www.intoscana.it\/it\/coronavirus-15-i-nuovi-casi\/","title":{"rendered":"Coronavirus, 15 i nuovi casi: 7 riconducibili ad un cluster nel Mugello"},"content":{"rendered":"<p><strong>15 i casi in pi\u00f9 in Toscana e<\/strong><em> tutti identificati in corso di tracciamento<\/em><em>.<\/em> Di questi 15, <strong>sette sono riconducibili ad un cluster rilevato a Borgo San Lorenzo (FI)<\/strong> che ha fatto scattare l\u2019isolamento per 176 persone, individuati in qualit\u00e0 di contatti stretti del giovane educatore di un centro estivo poi risultato positivo al Covid.<br \/>Una situazione immeditamente presa in carico dall\u2019asl e dalle Usca e <strong>sotto controllo<\/strong> cos\u00ec come ha riferito l\u2019assessore regionale alla Sanit\u00e0, Stefania Saccardi.<\/p>\n<p>Oltre agli operatori dell\u2019Igiene ieri sono intervenute 4 Usca ed hanno visitato e tamponato tutti i bambini e gli educatori del centro estivo di cui fa parte un animatore risultato positivo.&nbsp;<br \/>Tra i bambini 1 positivo certo, dormiva in camera con l\u2019educatore positivo, ed 1 positivo a bassa carica quindi da confermare.<\/p>\n<p>\u201cI casi risultati positivi &#8211; <strong>prosegue Saccardi<\/strong> &#8211; sono legati nella maggior parte dei casi a eventi privati e non ai luoghi della movida, motivo che non ci esime dal richiamare ciascuno a tenere comportamenti responsabili e osservare le cautele previste dall\u2019emergenza sanitaria. Un\u2019attenzione particolare si richiede anche a chi rientra dai paesi per i quali sono previsti l\u2019isolamento fiduciario e la sorveglianza sanitaria\u201d.<\/p>\n<p>Intanto si \u00e8 appena concluso<strong> il primo week end della campagna \u201cMovida sicura\u201d<\/strong>: i 120 cittadini che si sono sottoposti volontariamente al test sierologico in piazza Santo Spirito nella notte tra sabato e domenica sono risultati tutti negativi: \u201cAbbiamo organizzato questa iniziativa proprio perch\u00e9 vogliamo intercettare soprattutto questa fascia di popolazione, fare prevenzione e sensibilizzare. L\u2019abbiamo fatto tramite i test come prima cosa ma anche e soprattutto ricordando tutte le cautele da adottare perch\u00e9 l\u2019attenzione verso il Coronavirus deve rimanere alta cos\u00ec come vanno mantenuti i comportamenti di cautela. Le regole anti Covid vanno rispettate ancora: usare la mascherina, mantenere il distanziamento e lavarsi spesso e bene le mani\u201d, ha commentato la Saccardi.<\/p>\n<p>L\u2019iniziativa anti Covid prevede i sierologici per tutti i giovani che ne faranno richiesta su base volontaria. Chi dovesse risultare positivo al Covid-19, dovr\u00e0 sottoporsi al tampone molecolare, ricever\u00e0 l\u2019invito a prendere appuntamento al numero verde della Regione 800.556.060, per verificare se l\u2019infezione \u00e8 in fase attiva. Sar\u00e0 anche possibile effettuare alcol test, sempre su richiesta degli interessati. In Santo Spirito era presente con materiale informativo anche il responsabile dell\u2019Alcologia di Careggi, Valentino Patussi.<\/p>\n<p>Intanto con i quindici casi emersi ieri, domenica 26 luglio, arrivano a 10.430 i casi di positivit\u00e0 al Coronavirus nella nostra regione. I guariti sono cresciuti dello 0,03% raggiungendo quota 8.944 (l\u201985,8% dei casi totali).<\/p>\n<p><strong>Non si sono registrati nuovi decessi nelle ultime 24 ore.<\/strong><\/p>\n<p>Il tasso grezzo di mortalit\u00e0 toscano (numero di deceduti\/popolazione residente) per Covid-19 \u00e8 di 30,3 x100.000 residenti contro il 58,2 x100.000 della media italiana (11\u00b0 regione). Per quanto riguarda le province, il tasso di mortalit\u00e0 pi\u00f9 alto si riscontra a Massa Carrara (88,8 x100.000), Firenze (41,1 x100.000) e Lucca (36,9 x100.000), il pi\u00f9 basso a Grosseto (10,8 x100.000).<\/p>\n","protected":false},"excerpt":{"rendered":"<p>170 persone si trovano adesso in isolamento dopo che l&#8217;educatore di un centro estivo \u00e8 risultato positivo. Saccardi: &#8216;Situazione sotto controllo&#8217;. Bene la prima serata della campagna &#8216;Movida sicura&#8217;<\/p>\n","protected":false},"author":525,"featured_media":145661,"comment_status":"open","ping_status":"open","sticky":false,"template":"","format":"standard","meta":{"_acf_changed":false,"footnotes":""},"categories":[18],"tags":[418],"class_list":["post-145165","post","type-post","status-publish","format-standard","has-post-thumbnail","hentry","category-salute","tag-covid-19"],"acf":[],"yoast_head":"<!-- This site is optimized with the Yoast SEO Premium plugin v24.2 (Yoast SEO v25.6) - https:\/\/yoast.com\/wordpress\/plugins\/seo\/ -->\n<title>Coronavirus, 15 i nuovi casi: 7 riconducibili ad un cluster nel Mugello - intoscana<\/title>\n<meta name=\"description\" content=\"Sono tutti negativi i 120 cittadini che si sono sottoposti volontariamente al test sierologico in piazza Santo Spirito\" \/>\n<meta name=\"robots\" content=\"index, follow, max-snippet:-1, max-image-preview:large, max-video-preview:-1\" \/>\n<link rel=\"canonical\" href=\"https:\/\/www.intoscana.it\/it\/coronavirus-15-i-nuovi-casi\/\" \/>\n<meta property=\"og:locale\" content=\"it_IT\" \/>\n<meta property=\"og:type\" content=\"article\" \/>\n<meta property=\"og:title\" content=\"Coronavirus, 15 i nuovi casi: 7 riconducibili ad un cluster nel Mugello\" \/>\n<meta property=\"og:description\" content=\"Sono tutti negativi i 120 cittadini che si sono sottoposti volontariamente al test sierologico in piazza Santo Spirito\" \/>\n<meta property=\"og:url\" content=\"https:\/\/www.intoscana.it\/it\/coronavirus-15-i-nuovi-casi\/\" \/>\n<meta property=\"og:site_name\" content=\"intoscana\" \/>\n<meta property=\"article:publisher\" content=\"https:\/\/www.facebook.com\/intoscana.it\" \/>\n<meta property=\"article:published_time\" content=\"2020-07-27T07:00:55+00:00\" \/>\n<meta property=\"article:modified_time\" content=\"2020-08-10T07:31:26+00:00\" \/>\n<meta property=\"og:image\" content=\"https:\/\/www.intoscana.it\/wp-content\/uploads\/coronavirus-riflesso-finestra-mascherina-2.jpg\" \/>\n\t<meta property=\"og:image:width\" content=\"1000\" \/>\n\t<meta property=\"og:image:height\" content=\"667\" \/>\n\t<meta property=\"og:image:type\" content=\"image\/jpeg\" \/>\n<meta name=\"author\" content=\"Redazione\" \/>\n<meta name=\"twitter:card\" content=\"summary_large_image\" \/>\n<meta name=\"twitter:creator\" content=\"@intoscana\" \/>\n<meta name=\"twitter:site\" content=\"@intoscana\" \/>\n<meta name=\"twitter:label1\" content=\"Written by\" \/>\n\t<meta name=\"twitter:data1\" content=\"Redazione\" \/>\n\t<meta name=\"twitter:label2\" content=\"Est. reading time\" \/>\n\t<meta name=\"twitter:data2\" content=\"2 minuti\" \/>\n<script type=\"application\/ld+json\" class=\"yoast-schema-graph\">{\"@context\":\"https:\/\/schema.org\",\"@graph\":[{\"@type\":\"WebPage\",\"@id\":\"https:\/\/www.intoscana.it\/it\/coronavirus-15-i-nuovi-casi\/\",\"url\":\"https:\/\/www.intoscana.it\/it\/coronavirus-15-i-nuovi-casi\/\",\"name\":\"Coronavirus, 15 i nuovi casi: 7 riconducibili ad un cluster nel Mugello - intoscana\",\"isPartOf\":{\"@id\":\"https:\/\/www.intoscana.it\/it\/#website\"},\"primaryImageOfPage\":{\"@id\":\"https:\/\/www.intoscana.it\/it\/coronavirus-15-i-nuovi-casi\/#primaryimage\"},\"image\":{\"@id\":\"https:\/\/www.intoscana.it\/it\/coronavirus-15-i-nuovi-casi\/#primaryimage\"},\"thumbnailUrl\":\"https:\/\/www.intoscana.it\/wp-content\/uploads\/coronavirus-riflesso-finestra-mascherina-2.jpg\",\"datePublished\":\"2020-07-27T07:00:55+00:00\",\"dateModified\":\"2020-08-10T07:31:26+00:00\",\"author\":{\"@id\":\"https:\/\/www.intoscana.it\/it\/#\/schema\/person\/9223810753230f20bd670fdd322661f8\"},\"description\":\"Sono tutti negativi i 120 cittadini che si sono sottoposti volontariamente al test sierologico in piazza Santo Spirito\",\"breadcrumb\":{\"@id\":\"https:\/\/www.intoscana.it\/it\/coronavirus-15-i-nuovi-casi\/#breadcrumb\"},\"inLanguage\":\"it-IT\",\"potentialAction\":[{\"@type\":\"ReadAction\",\"target\":[\"https:\/\/www.intoscana.it\/it\/coronavirus-15-i-nuovi-casi\/\"]}]},{\"@type\":\"ImageObject\",\"inLanguage\":\"it-IT\",\"@id\":\"https:\/\/www.intoscana.it\/it\/coronavirus-15-i-nuovi-casi\/#primaryimage\",\"url\":\"https:\/\/www.intoscana.it\/wp-content\/uploads\/coronavirus-riflesso-finestra-mascherina-2.jpg\",\"contentUrl\":\"https:\/\/www.intoscana.it\/wp-content\/uploads\/coronavirus-riflesso-finestra-mascherina-2.jpg\",\"width\":1000,\"height\":667},{\"@type\":\"BreadcrumbList\",\"@id\":\"https:\/\/www.intoscana.it\/it\/coronavirus-15-i-nuovi-casi\/#breadcrumb\",\"itemListElement\":[{\"@type\":\"ListItem\",\"position\":1,\"name\":\"Home\",\"item\":\"https:\/\/www.intoscana.it\/it\/\"},{\"@type\":\"ListItem\",\"position\":2,\"name\":\"Coronavirus, 15 i nuovi casi: 7 riconducibili ad un cluster nel Mugello\"}]},{\"@type\":\"WebSite\",\"@id\":\"https:\/\/www.intoscana.it\/it\/#website\",\"url\":\"https:\/\/www.intoscana.it\/it\/\",\"name\":\"intoscana\",\"description\":\"\",\"potentialAction\":[{\"@type\":\"SearchAction\",\"target\":{\"@type\":\"EntryPoint\",\"urlTemplate\":\"https:\/\/www.intoscana.it\/it\/?s={search_term_string}\"},\"query-input\":{\"@type\":\"PropertyValueSpecification\",\"valueRequired\":true,\"valueName\":\"search_term_string\"}}],\"inLanguage\":\"it-IT\"},{\"@type\":\"Person\",\"@id\":\"https:\/\/www.intoscana.it\/it\/#\/schema\/person\/9223810753230f20bd670fdd322661f8\",\"name\":\"Redazione\",\"url\":\"https:\/\/www.intoscana.it\/it\/author\/redazione\/\"}]}<\/script>\n<!-- \/ Yoast SEO Premium plugin. -->","yoast_head_json":{"title":"Coronavirus, 15 i nuovi casi: 7 riconducibili ad un cluster nel Mugello - intoscana","description":"Sono tutti negativi i 120 cittadini che si sono sottoposti volontariamente al test sierologico in piazza Santo Spirito","robots":{"index":"index","follow":"follow","max-snippet":"max-snippet:-1","max-image-preview":"max-image-preview:large","max-video-preview":"max-video-preview:-1"},"canonical":"https:\/\/www.intoscana.it\/it\/coronavirus-15-i-nuovi-casi\/","og_locale":"it_IT","og_type":"article","og_title":"Coronavirus, 15 i nuovi casi: 7 riconducibili ad un cluster nel Mugello","og_description":"Sono tutti negativi i 120 cittadini che si sono sottoposti volontariamente al test sierologico in piazza Santo Spirito","og_url":"https:\/\/www.intoscana.it\/it\/coronavirus-15-i-nuovi-casi\/","og_site_name":"intoscana","article_publisher":"https:\/\/www.facebook.com\/intoscana.it","article_published_time":"2020-07-27T07:00:55+00:00","article_modified_time":"2020-08-10T07:31:26+00:00","og_image":[{"width":1000,"height":667,"url":"https:\/\/www.intoscana.it\/wp-content\/uploads\/coronavirus-riflesso-finestra-mascherina-2.jpg","type":"image\/jpeg"}],"author":"Redazione","twitter_card":"summary_large_image","twitter_creator":"@intoscana","twitter_site":"@intoscana","twitter_misc":{"Written by":"Redazione","Est. reading time":"2 minuti"},"schema":{"@context":"https:\/\/schema.org","@graph":[{"@type":"WebPage","@id":"https:\/\/www.intoscana.it\/it\/coronavirus-15-i-nuovi-casi\/","url":"https:\/\/www.intoscana.it\/it\/coronavirus-15-i-nuovi-casi\/","name":"Coronavirus, 15 i nuovi casi: 7 riconducibili ad un cluster nel Mugello - intoscana","isPartOf":{"@id":"https:\/\/www.intoscana.it\/it\/#website"},"primaryImageOfPage":{"@id":"https:\/\/www.intoscana.it\/it\/coronavirus-15-i-nuovi-casi\/#primaryimage"},"image":{"@id":"https:\/\/www.intoscana.it\/it\/coronavirus-15-i-nuovi-casi\/#primaryimage"},"thumbnailUrl":"https:\/\/www.intoscana.it\/wp-content\/uploads\/coronavirus-riflesso-finestra-mascherina-2.jpg","datePublished":"2020-07-27T07:00:55+00:00","dateModified":"2020-08-10T07:31:26+00:00","author":{"@id":"https:\/\/www.intoscana.it\/it\/#\/schema\/person\/9223810753230f20bd670fdd322661f8"},"description":"Sono tutti negativi i 120 cittadini che si sono sottoposti volontariamente al test sierologico in piazza Santo Spirito","breadcrumb":{"@id":"https:\/\/www.intoscana.it\/it\/coronavirus-15-i-nuovi-casi\/#breadcrumb"},"inLanguage":"it-IT","potentialAction":[{"@type":"ReadAction","target":["https:\/\/www.intoscana.it\/it\/coronavirus-15-i-nuovi-casi\/"]}]},{"@type":"ImageObject","inLanguage":"it-IT","@id":"https:\/\/www.intoscana.it\/it\/coronavirus-15-i-nuovi-casi\/#primaryimage","url":"https:\/\/www.intoscana.it\/wp-content\/uploads\/coronavirus-riflesso-finestra-mascherina-2.jpg","contentUrl":"https:\/\/www.intoscana.it\/wp-content\/uploads\/coronavirus-riflesso-finestra-mascherina-2.jpg","width":1000,"height":667},{"@type":"BreadcrumbList","@id":"https:\/\/www.intoscana.it\/it\/coronavirus-15-i-nuovi-casi\/#breadcrumb","itemListElement":[{"@type":"ListItem","position":1,"name":"Home","item":"https:\/\/www.intoscana.it\/it\/"},{"@type":"ListItem","position":2,"name":"Coronavirus, 15 i nuovi casi: 7 riconducibili ad un cluster nel Mugello"}]},{"@type":"WebSite","@id":"https:\/\/www.intoscana.it\/it\/#website","url":"https:\/\/www.intoscana.it\/it\/","name":"intoscana","description":"","potentialAction":[{"@type":"SearchAction","target":{"@type":"EntryPoint","urlTemplate":"https:\/\/www.intoscana.it\/it\/?s={search_term_string}"},"query-input":{"@type":"PropertyValueSpecification","valueRequired":true,"valueName":"search_term_string"}}],"inLanguage":"it-IT"},{"@type":"Person","@id":"https:\/\/www.intoscana.it\/it\/#\/schema\/person\/9223810753230f20bd670fdd322661f8","name":"Redazione","url":"https:\/\/www.intoscana.it\/it\/author\/redazione\/"}]}},"_links":{"self":[{"href":"https:\/\/www.intoscana.it\/it\/wp-json\/wp\/v2\/posts\/145165","targetHints":{"allow":["GET"]}}],"collection":[{"href":"https:\/\/www.intoscana.it\/it\/wp-json\/wp\/v2\/posts"}],"about":[{"href":"https:\/\/www.intoscana.it\/it\/wp-json\/wp\/v2\/types\/post"}],"author":[{"embeddable":true,"href":"https:\/\/www.intoscana.it\/it\/wp-json\/wp\/v2\/users\/525"}],"replies":[{"embeddable":true,"href":"https:\/\/www.intoscana.it\/it\/wp-json\/wp\/v2\/comments?post=145165"}],"version-history":[{"count":0,"href":"https:\/\/www.intoscana.it\/it\/wp-json\/wp\/v2\/posts\/145165\/revisions"}],"wp:featuredmedia":[{"embeddable":true,"href":"https:\/\/www.intoscana.it\/it\/wp-json\/wp\/v2\/media\/145661"}],"wp:attachment":[{"href":"https:\/\/www.intoscana.it\/it\/wp-json\/wp\/v2\/media?parent=145165"}],"wp:term":[{"taxonomy":"category","embeddable":true,"href":"https:\/\/www.intoscana.it\/it\/wp-json\/wp\/v2\/categories?post=145165"},{"taxonomy":"post_tag","embeddable":true,"href":"https:\/\/www.intoscana.it\/it\/wp-json\/wp\/v2\/tags?post=145165"}],"curies":[{"name":"wp","href":"https:\/\/api.w.org\/{rel}","templated":true}]}}