{"id":145166,"date":"2020-07-27T12:42:58","date_gmt":"2020-07-27T10:42:58","guid":{"rendered":"https:\/\/www.intoscana.it\/coronavirus-sesto-giorno-senza-decessi-8-i-nuovi-casi\/"},"modified":"2020-08-10T09:31:26","modified_gmt":"2020-08-10T07:31:26","slug":"coronavirus-27-luglio","status":"publish","type":"post","link":"https:\/\/www.intoscana.it\/it\/coronavirus-27-luglio\/","title":{"rendered":"Coronavirus: sesto giorno senza decessi, 8 i nuovi casi"},"content":{"rendered":"<p><strong>Per il sesto giorno consecutivo, non si registrano nuovi decessi <\/strong>in Toscana legati al Covid.<\/p>\n<p>Nella nostra regione sono 10.438 i casi di positivit\u00e0 al Coronavirus, 8 in pi\u00f9 rispetto a ieri&nbsp;(6 identificati in corso di tracciamento e 2 da attivit\u00e0 di screening).&nbsp;<strong>Sei dei nuovi otto casi odierni sono riconducibili a persone rientrate dall\u2019estero.<\/strong> I nuovi casi sono lo 0,08% in pi\u00f9 rispetto al totale del giorno precedente. Stabili i guariti a quota 8.944 (l\u201985,7% dei casi totali). I tamponi eseguiti hanno raggiunto quota 411.665, 1.529 in pi\u00f9 rispetto a ieri. Gli attualmente positivi sono oggi 363, +2,3% rispetto a ieri.&nbsp;<\/p>\n<p>Questi i dati &#8211; accertati alle ore 12 di oggi sulla base delle richieste della Protezione Civile Nazionale &#8211; relativi all\u2019andamento dell\u2019epidemia in regione.<\/p>\n<p><strong>Di seguito i casi di positivit\u00e0 sul territorio&nbsp;con la variazione rispetto a ieri.<\/strong> Sono 3.261 i casi complessivi ad oggi a Firenze (2 in pi\u00f9 rispetto a ieri), 555 a Prato (1 in pi\u00f9), 755 a Pistoia, 1.056 a Massa, 1.380 a Lucca (3 in pi\u00f9), 946 a Pisa, 484 a Livorno, 693 ad Arezzo (2 in pi\u00f9), 429 a Siena, 408 a Grosseto. Sono 471 i casi positivi notificati in Toscana, ma residenti in altre regioni. 3 in pi\u00f9 quindi i casi riscontrati oggi nell\u2019Asl Centro, 3 nella Nord Ovest, 2 nella Sud est.<\/p>\n<p>La Toscana si conferma al<strong> 10\u00b0 posto in Italia come numerosit\u00e0 di casi<\/strong> (comprensivi di residenti e non residenti), con circa 280 casi per 100.000 abitanti (media italiana circa 408 x100.000, dato di ieri). Le province di notifica con il tasso pi\u00f9 alto sono Massa Carrara con 542 casi x100.000 abitanti, Lucca con 356, Firenze con 322, la pi\u00f9 bassa Livorno con 145.<\/p>\n<p>Complessivamente,&nbsp;350 persone sono in isolamento a casa, poich\u00e9 presentano sintomi lievi che non richiedono cure ospedaliere o risultano prive di sintomi (8 in pi\u00f9 rispetto a ieri, pi\u00f9 2,3%). Sono&nbsp;1.105&nbsp;(pi\u00f9 44 rispetto a ieri, pi\u00f9 4,1%) le persone, anche loro isolate,&nbsp;in sorveglianza attiva, perch\u00e9 hanno avuto contatti con persone contagiate (Asl Centro 757, Nord Ovest 257, Sud Est 91).<\/p>\n<p>Le persone ricoverate nei posti letto dedicati ai pazienti Covid oggi sono complessivamente 13&nbsp;(stabili rispetto a ieri), nessuno in terapia intensiva (stabili rispetto a ieri).<\/p>\n<p>Le persone complessivamente guarite sono 8.944 (stabili rispetto a ieri): 139 persone \u201cclinicamente guarite\u201d (meno 2 rispetto a ieri, meno 1,4%), divenute cio\u00e8 asintomatiche dopo aver presentato manifestazioni cliniche associate all\u2019infezione e 8.805 (pi\u00f9 2 rispetto a ieri, pi\u00f9 0,02%) dichiarate guarite a tutti gli effetti, le cosiddette guarigioni virali, con doppio tampone negativo.<\/p>\n<p>Oggi non si registrano nuovi decessi. Restano quindi&nbsp;1.131 i deceduti dall\u2019inizio dell\u2019epidemia&nbsp;cosi ripartiti: 416 a Firenze, 52 a Prato, 81 a Pistoia, 173 a Massa Carrara, 143 a Lucca, 90 a Pisa, 61 a Livorno, 50 ad Arezzo, 33 a Siena, 24 a Grosseto, 8 persone sono decedute sul suolo toscano ma erano residenti fuori regione.<\/p>\n<p>Il tasso grezzo di mortalit\u00e0 toscano (numero di deceduti\/popolazione residente) per Covid-19 \u00e8 di 30,3 x100.000 residenti contro il 58,2 x100.000 della media italiana (11\u00b0 regione). Per quanto riguarda le province, il tasso di mortalit\u00e0 pi\u00f9 alto si riscontra a Massa Carrara (88,8 x100.000), Firenze (41,1 x100.000) e Lucca (36,9 x100.000), il pi\u00f9 basso a Grosseto (10,8 x100.000).<\/p>\n","protected":false},"excerpt":{"rendered":"<p>Individuati sei casi&nbsp;riconducibili a persone rientrate dall\u2019estero.&nbsp;Gli attualmente positivi sono oggi 363, +2,3% rispetto a ieri<\/p>\n","protected":false},"author":525,"featured_media":145662,"comment_status":"open","ping_status":"open","sticky":false,"template":"","format":"standard","meta":{"_acf_changed":false,"footnotes":""},"categories":[18],"tags":[418],"class_list":["post-145166","post","type-post","status-publish","format-standard","has-post-thumbnail","hentry","category-salute","tag-covid-19"],"acf":[],"yoast_head":"<!-- This site is optimized with the Yoast SEO Premium plugin v24.2 (Yoast SEO v25.6) - https:\/\/yoast.com\/wordpress\/plugins\/seo\/ -->\n<title>Coronavirus: sesto giorno senza decessi, 8 i nuovi casi - intoscana<\/title>\n<meta name=\"description\" content=\"Coronavirus, dal bollettino odierno \u00e8 emerso che sei dei nuovi otto casi sono riconducibili a persone rientrate dall\u2019estero\" \/>\n<meta name=\"robots\" content=\"index, follow, max-snippet:-1, max-image-preview:large, max-video-preview:-1\" \/>\n<link rel=\"canonical\" href=\"https:\/\/www.intoscana.it\/it\/coronavirus-27-luglio\/\" \/>\n<meta property=\"og:locale\" content=\"it_IT\" \/>\n<meta property=\"og:type\" content=\"article\" \/>\n<meta property=\"og:title\" content=\"Coronavirus: sesto giorno senza decessi, 8 i nuovi casi\" \/>\n<meta property=\"og:description\" content=\"Coronavirus, dal bollettino odierno \u00e8 emerso che sei dei nuovi otto casi sono riconducibili a persone rientrate dall\u2019estero\" \/>\n<meta property=\"og:url\" content=\"https:\/\/www.intoscana.it\/it\/coronavirus-27-luglio\/\" \/>\n<meta property=\"og:site_name\" content=\"intoscana\" \/>\n<meta property=\"article:publisher\" content=\"https:\/\/www.facebook.com\/intoscana.it\" \/>\n<meta property=\"article:published_time\" content=\"2020-07-27T10:42:58+00:00\" \/>\n<meta property=\"article:modified_time\" content=\"2020-08-10T07:31:26+00:00\" \/>\n<meta property=\"og:image\" content=\"https:\/\/www.intoscana.it\/wp-content\/uploads\/test-sierologico-covid-3.jpg\" \/>\n\t<meta property=\"og:image:width\" content=\"1000\" \/>\n\t<meta property=\"og:image:height\" content=\"667\" \/>\n\t<meta property=\"og:image:type\" content=\"image\/jpeg\" \/>\n<meta name=\"author\" content=\"Redazione\" \/>\n<meta name=\"twitter:card\" content=\"summary_large_image\" \/>\n<meta name=\"twitter:creator\" content=\"@intoscana\" \/>\n<meta name=\"twitter:site\" content=\"@intoscana\" \/>\n<meta name=\"twitter:label1\" content=\"Written by\" \/>\n\t<meta name=\"twitter:data1\" content=\"Redazione\" \/>\n\t<meta name=\"twitter:label2\" content=\"Est. reading time\" \/>\n\t<meta name=\"twitter:data2\" content=\"2 minuti\" \/>\n<script type=\"application\/ld+json\" class=\"yoast-schema-graph\">{\"@context\":\"https:\/\/schema.org\",\"@graph\":[{\"@type\":\"WebPage\",\"@id\":\"https:\/\/www.intoscana.it\/it\/coronavirus-27-luglio\/\",\"url\":\"https:\/\/www.intoscana.it\/it\/coronavirus-27-luglio\/\",\"name\":\"Coronavirus: sesto giorno senza decessi, 8 i nuovi casi - intoscana\",\"isPartOf\":{\"@id\":\"https:\/\/www.intoscana.it\/it\/#website\"},\"primaryImageOfPage\":{\"@id\":\"https:\/\/www.intoscana.it\/it\/coronavirus-27-luglio\/#primaryimage\"},\"image\":{\"@id\":\"https:\/\/www.intoscana.it\/it\/coronavirus-27-luglio\/#primaryimage\"},\"thumbnailUrl\":\"https:\/\/www.intoscana.it\/wp-content\/uploads\/test-sierologico-covid-3.jpg\",\"datePublished\":\"2020-07-27T10:42:58+00:00\",\"dateModified\":\"2020-08-10T07:31:26+00:00\",\"author\":{\"@id\":\"https:\/\/www.intoscana.it\/it\/#\/schema\/person\/9223810753230f20bd670fdd322661f8\"},\"description\":\"Coronavirus, dal bollettino odierno \u00e8 emerso che sei dei nuovi otto casi sono riconducibili a persone rientrate dall\u2019estero\",\"breadcrumb\":{\"@id\":\"https:\/\/www.intoscana.it\/it\/coronavirus-27-luglio\/#breadcrumb\"},\"inLanguage\":\"it-IT\",\"potentialAction\":[{\"@type\":\"ReadAction\",\"target\":[\"https:\/\/www.intoscana.it\/it\/coronavirus-27-luglio\/\"]}]},{\"@type\":\"ImageObject\",\"inLanguage\":\"it-IT\",\"@id\":\"https:\/\/www.intoscana.it\/it\/coronavirus-27-luglio\/#primaryimage\",\"url\":\"https:\/\/www.intoscana.it\/wp-content\/uploads\/test-sierologico-covid-3.jpg\",\"contentUrl\":\"https:\/\/www.intoscana.it\/wp-content\/uploads\/test-sierologico-covid-3.jpg\",\"width\":1000,\"height\":667},{\"@type\":\"BreadcrumbList\",\"@id\":\"https:\/\/www.intoscana.it\/it\/coronavirus-27-luglio\/#breadcrumb\",\"itemListElement\":[{\"@type\":\"ListItem\",\"position\":1,\"name\":\"Home\",\"item\":\"https:\/\/www.intoscana.it\/it\/\"},{\"@type\":\"ListItem\",\"position\":2,\"name\":\"Coronavirus: sesto giorno senza decessi, 8 i nuovi casi\"}]},{\"@type\":\"WebSite\",\"@id\":\"https:\/\/www.intoscana.it\/it\/#website\",\"url\":\"https:\/\/www.intoscana.it\/it\/\",\"name\":\"intoscana\",\"description\":\"\",\"potentialAction\":[{\"@type\":\"SearchAction\",\"target\":{\"@type\":\"EntryPoint\",\"urlTemplate\":\"https:\/\/www.intoscana.it\/it\/?s={search_term_string}\"},\"query-input\":{\"@type\":\"PropertyValueSpecification\",\"valueRequired\":true,\"valueName\":\"search_term_string\"}}],\"inLanguage\":\"it-IT\"},{\"@type\":\"Person\",\"@id\":\"https:\/\/www.intoscana.it\/it\/#\/schema\/person\/9223810753230f20bd670fdd322661f8\",\"name\":\"Redazione\",\"url\":\"https:\/\/www.intoscana.it\/it\/author\/redazione\/\"}]}<\/script>\n<!-- \/ Yoast SEO Premium plugin. -->","yoast_head_json":{"title":"Coronavirus: sesto giorno senza decessi, 8 i nuovi casi - intoscana","description":"Coronavirus, dal bollettino odierno \u00e8 emerso che sei dei nuovi otto casi sono riconducibili a persone rientrate dall\u2019estero","robots":{"index":"index","follow":"follow","max-snippet":"max-snippet:-1","max-image-preview":"max-image-preview:large","max-video-preview":"max-video-preview:-1"},"canonical":"https:\/\/www.intoscana.it\/it\/coronavirus-27-luglio\/","og_locale":"it_IT","og_type":"article","og_title":"Coronavirus: sesto giorno senza decessi, 8 i nuovi casi","og_description":"Coronavirus, dal bollettino odierno \u00e8 emerso che sei dei nuovi otto casi sono riconducibili a persone rientrate dall\u2019estero","og_url":"https:\/\/www.intoscana.it\/it\/coronavirus-27-luglio\/","og_site_name":"intoscana","article_publisher":"https:\/\/www.facebook.com\/intoscana.it","article_published_time":"2020-07-27T10:42:58+00:00","article_modified_time":"2020-08-10T07:31:26+00:00","og_image":[{"width":1000,"height":667,"url":"https:\/\/www.intoscana.it\/wp-content\/uploads\/test-sierologico-covid-3.jpg","type":"image\/jpeg"}],"author":"Redazione","twitter_card":"summary_large_image","twitter_creator":"@intoscana","twitter_site":"@intoscana","twitter_misc":{"Written by":"Redazione","Est. reading time":"2 minuti"},"schema":{"@context":"https:\/\/schema.org","@graph":[{"@type":"WebPage","@id":"https:\/\/www.intoscana.it\/it\/coronavirus-27-luglio\/","url":"https:\/\/www.intoscana.it\/it\/coronavirus-27-luglio\/","name":"Coronavirus: sesto giorno senza decessi, 8 i nuovi casi - intoscana","isPartOf":{"@id":"https:\/\/www.intoscana.it\/it\/#website"},"primaryImageOfPage":{"@id":"https:\/\/www.intoscana.it\/it\/coronavirus-27-luglio\/#primaryimage"},"image":{"@id":"https:\/\/www.intoscana.it\/it\/coronavirus-27-luglio\/#primaryimage"},"thumbnailUrl":"https:\/\/www.intoscana.it\/wp-content\/uploads\/test-sierologico-covid-3.jpg","datePublished":"2020-07-27T10:42:58+00:00","dateModified":"2020-08-10T07:31:26+00:00","author":{"@id":"https:\/\/www.intoscana.it\/it\/#\/schema\/person\/9223810753230f20bd670fdd322661f8"},"description":"Coronavirus, dal bollettino odierno \u00e8 emerso che sei dei nuovi otto casi sono riconducibili a persone rientrate dall\u2019estero","breadcrumb":{"@id":"https:\/\/www.intoscana.it\/it\/coronavirus-27-luglio\/#breadcrumb"},"inLanguage":"it-IT","potentialAction":[{"@type":"ReadAction","target":["https:\/\/www.intoscana.it\/it\/coronavirus-27-luglio\/"]}]},{"@type":"ImageObject","inLanguage":"it-IT","@id":"https:\/\/www.intoscana.it\/it\/coronavirus-27-luglio\/#primaryimage","url":"https:\/\/www.intoscana.it\/wp-content\/uploads\/test-sierologico-covid-3.jpg","contentUrl":"https:\/\/www.intoscana.it\/wp-content\/uploads\/test-sierologico-covid-3.jpg","width":1000,"height":667},{"@type":"BreadcrumbList","@id":"https:\/\/www.intoscana.it\/it\/coronavirus-27-luglio\/#breadcrumb","itemListElement":[{"@type":"ListItem","position":1,"name":"Home","item":"https:\/\/www.intoscana.it\/it\/"},{"@type":"ListItem","position":2,"name":"Coronavirus: sesto giorno senza decessi, 8 i nuovi casi"}]},{"@type":"WebSite","@id":"https:\/\/www.intoscana.it\/it\/#website","url":"https:\/\/www.intoscana.it\/it\/","name":"intoscana","description":"","potentialAction":[{"@type":"SearchAction","target":{"@type":"EntryPoint","urlTemplate":"https:\/\/www.intoscana.it\/it\/?s={search_term_string}"},"query-input":{"@type":"PropertyValueSpecification","valueRequired":true,"valueName":"search_term_string"}}],"inLanguage":"it-IT"},{"@type":"Person","@id":"https:\/\/www.intoscana.it\/it\/#\/schema\/person\/9223810753230f20bd670fdd322661f8","name":"Redazione","url":"https:\/\/www.intoscana.it\/it\/author\/redazione\/"}]}},"_links":{"self":[{"href":"https:\/\/www.intoscana.it\/it\/wp-json\/wp\/v2\/posts\/145166","targetHints":{"allow":["GET"]}}],"collection":[{"href":"https:\/\/www.intoscana.it\/it\/wp-json\/wp\/v2\/posts"}],"about":[{"href":"https:\/\/www.intoscana.it\/it\/wp-json\/wp\/v2\/types\/post"}],"author":[{"embeddable":true,"href":"https:\/\/www.intoscana.it\/it\/wp-json\/wp\/v2\/users\/525"}],"replies":[{"embeddable":true,"href":"https:\/\/www.intoscana.it\/it\/wp-json\/wp\/v2\/comments?post=145166"}],"version-history":[{"count":0,"href":"https:\/\/www.intoscana.it\/it\/wp-json\/wp\/v2\/posts\/145166\/revisions"}],"wp:featuredmedia":[{"embeddable":true,"href":"https:\/\/www.intoscana.it\/it\/wp-json\/wp\/v2\/media\/145662"}],"wp:attachment":[{"href":"https:\/\/www.intoscana.it\/it\/wp-json\/wp\/v2\/media?parent=145166"}],"wp:term":[{"taxonomy":"category","embeddable":true,"href":"https:\/\/www.intoscana.it\/it\/wp-json\/wp\/v2\/categories?post=145166"},{"taxonomy":"post_tag","embeddable":true,"href":"https:\/\/www.intoscana.it\/it\/wp-json\/wp\/v2\/tags?post=145166"}],"curies":[{"name":"wp","href":"https:\/\/api.w.org\/{rel}","templated":true}]}}