{"id":145168,"date":"2020-07-21T12:58:12","date_gmt":"2020-07-21T10:58:12","guid":{"rendered":"https:\/\/www.intoscana.it\/coronavirus-in-toscana-9-nuovi-casi-e-un-decesso-i-guariti-sono-8-927\/"},"modified":"2020-08-10T09:31:28","modified_gmt":"2020-08-10T07:31:28","slug":"covid-21-luglio","status":"publish","type":"post","link":"https:\/\/www.intoscana.it\/it\/covid-21-luglio\/","title":{"rendered":"Coronavirus in Toscana, 9 nuovi casi e un decesso. I guariti sono 8.927"},"content":{"rendered":"<p><strong>In Toscana sono 10.384 i casi di positivit\u00e0 al Coronavirus, 9 in pi\u00f9 rispetto a ieri.<\/strong> I nuovi casi sono lo 0,09% in pi\u00f9 rispetto al totale del giorno precedente. I guariti crescono dello 0,07% e raggiungono quota 8.927 (l\u201986% dei casi totali). I tamponi eseguiti hanno raggiunto quota 395.061, 3.063 in pi\u00f9 rispetto a ieri. Gli attualmente positivi sono oggi 326, +0,6% rispetto a ieri. Oggi si registra 1 nuovo decesso: una donna di 81 anni.<\/p>\n<p>Questi i dati &#8211; accertati alle ore 12 di oggi sulla base delle richieste della Protezione Civile Nazionale &#8211; relativi all\u2019andamento dell\u2019epidemia in regione.<\/p>\n<p>Si ricorda che a partire dal 24 giugno 2020, il Ministero della Salute ha modificato il sistema di rilevazione dei dati sulla diffusione del Covid-19. I casi positivi non sono pi\u00f9 indicati secondo la provincia di notifica bens\u00ec in base alla provincia di residenza o domicilio.<\/p>\n<p><strong>Di seguito i casi di positivit\u00e0 sul territorio con la variazione rispetto a ieri.<\/strong> Sono 3.239 i casi complessivi ad oggi a Firenze (3 in pi\u00f9 rispetto a ieri), 549 a Prato, 749 a Pistoia, 1.056 a Massa, 1.371 a Lucca (4 in pi\u00f9), 943 a Pisa (1 in pi\u00f9), 482 a Livorno, 690 ad Arezzo (1 in pi\u00f9), 429 a Siena, 405 a Grosseto. Sono 471 i casi positivi notificati in Toscana, ma residenti in altre regioni. Tre in pi\u00f9 quindi i casi riscontrati oggi nell\u2019Asl Centro, 5 nella Nord Ovest, 1 nella Sud est.<\/p>\n<p><strong>La Toscana si conferma al decimo posto in Italia come numerosit\u00e0 di casi (comprensivi di residenti e non residenti), con circa 278 casi per 100.000 abitanti (media italiana circa 405 x100.000, dato di ieri).<\/strong> Le province di notifica con il tasso pi\u00f9 alto sono Massa Carrara con 542 casi x100.000 abitanti, Lucca con 353, Firenze con 320, la pi\u00f9 bassa Livorno con 144.<\/p>\n<p><strong>Complessivamente, 314 persone sono in isolamento a casa, poich\u00e9 presentano sintomi lievi che non richiedono cure ospedaliere o risultano prive di sintomi (stabili rispetto a ieri).<\/strong> Sono 774 (pi\u00f9 12 rispetto a ieri, pi\u00f9 1,6%) le persone, anche loro isolate, in sorveglianza attiva perch\u00e9 hanno avuto contatti con persone contagiate (Asl Centro 484, Nord Ovest 242, Sud Est 48).<\/p>\n<p><strong>Le persone ricoverate nei posti letto dedicati ai pazienti Covid oggi sono complessivamente 12<\/strong> (2 in pi\u00f9 rispetto a ieri, pi\u00f9 20%), di cui 1 in terapia intensiva (1 in pi\u00f9 rispetto a ieri).<\/p>\n<p><strong>Le persone complessivamente guarite sono 8.927 (6 in pi\u00f9 rispetto a ieri, pi\u00f9 0,07%):<\/strong> 143 persone \u201cclinicamente guarite\u201d (meno 6 rispetto a ieri, meno 4%), divenute cio\u00e8 asintomatiche dopo aver presentato manifestazioni cliniche associate all\u2019infezione e 8.784 (pi\u00f9 12 rispetto a ieri, pi\u00f9 0,14%) dichiarate guarite a tutti gli effetti, le cosiddette guarigioni virali, con doppio tampone negativo.<\/p>\n<p><strong>Oggi si registra 1 nuovo decesso: una donna di 81 anni.<\/strong> Relativamente alla provincia di notifica, la persona deceduta \u00e8 a Firenze. Sono 1.131 i deceduti dall\u2019inizio dell\u2019epidemia cosi ripartiti: 416 a Firenze, 52 a Prato, 81 a Pistoia, 173 a Massa Carrara, 143 a Lucca, 90 a Pisa, 61 a Livorno, 50 ad Arezzo, 33 a Siena, 24 a Grosseto, 8 persone sono decedute sul suolo toscano ma erano residenti fuori regione.<\/p>\n<p>Il tasso grezzo di mortalit\u00e0 toscano (numero di deceduti\/popolazione residente) per Covid-19 \u00e8 di 30,3 x100.000 residenti contro il 58,1 x100.000 della media italiana (11\u00b0 regione). Per quanto riguarda le province, il tasso di mortalit\u00e0 pi\u00f9 alto si riscontra a Massa Carrara (88,8 x100.000), Firenze (41,1 x100.000) e Lucca (36,9 x100.000), il pi\u00f9 basso a Grosseto (10,8 x100.000).<\/p>\n","protected":false},"excerpt":{"rendered":"<p>Dall\u2019inizio dell\u2019epidemia i tamponi eseguiti hanno raggiunto quota 395.061 (3.063 in pi\u00f9 rispetto a ieri). Sono 12 le persone ricoverate nei posti letto dedicati ai pazienti Covid<\/p>\n","protected":false},"author":525,"featured_media":145664,"comment_status":"open","ping_status":"open","sticky":false,"template":"","format":"standard","meta":{"_acf_changed":false,"footnotes":""},"categories":[18],"tags":[418,153],"class_list":["post-145168","post","type-post","status-publish","format-standard","has-post-thumbnail","hentry","category-salute","tag-covid-19","tag-toscana"],"acf":[],"yoast_head":"<!-- This site is optimized with the Yoast SEO Premium plugin v24.2 (Yoast SEO v25.6) - https:\/\/yoast.com\/wordpress\/plugins\/seo\/ -->\n<title>Coronavirus in Toscana, 9 nuovi casi e un decesso. I guariti sono 8.927 - intoscana<\/title>\n<meta name=\"description\" content=\"Dall\u2019inizio dell\u2019epidemia i tamponi eseguiti sono 395.061 (3.063 in pi\u00f9 rispetto a ieri); 12 le persone ricoverate nei posti letto dedicati ai pazienti Covid\" \/>\n<meta name=\"robots\" content=\"index, follow, max-snippet:-1, max-image-preview:large, max-video-preview:-1\" \/>\n<link rel=\"canonical\" href=\"https:\/\/www.intoscana.it\/it\/covid-21-luglio\/\" \/>\n<meta property=\"og:locale\" content=\"it_IT\" \/>\n<meta property=\"og:type\" content=\"article\" \/>\n<meta property=\"og:title\" content=\"Coronavirus in Toscana, 9 nuovi casi e un decesso. I guariti sono 8.927\" \/>\n<meta property=\"og:description\" content=\"Dall\u2019inizio dell\u2019epidemia i tamponi eseguiti sono 395.061 (3.063 in pi\u00f9 rispetto a ieri); 12 le persone ricoverate nei posti letto dedicati ai pazienti Covid\" \/>\n<meta property=\"og:url\" content=\"https:\/\/www.intoscana.it\/it\/covid-21-luglio\/\" \/>\n<meta property=\"og:site_name\" content=\"intoscana\" \/>\n<meta property=\"article:publisher\" content=\"https:\/\/www.facebook.com\/intoscana.it\" \/>\n<meta property=\"article:published_time\" content=\"2020-07-21T10:58:12+00:00\" \/>\n<meta property=\"article:modified_time\" content=\"2020-08-10T07:31:28+00:00\" \/>\n<meta property=\"og:image\" content=\"https:\/\/www.intoscana.it\/wp-content\/uploads\/covid-felicita-1.jpg\" \/>\n\t<meta property=\"og:image:width\" content=\"1000\" \/>\n\t<meta property=\"og:image:height\" content=\"667\" \/>\n\t<meta property=\"og:image:type\" content=\"image\/jpeg\" \/>\n<meta name=\"author\" content=\"Redazione\" \/>\n<meta name=\"twitter:card\" content=\"summary_large_image\" \/>\n<meta name=\"twitter:creator\" content=\"@intoscana\" \/>\n<meta name=\"twitter:site\" content=\"@intoscana\" \/>\n<meta name=\"twitter:label1\" content=\"Written by\" \/>\n\t<meta name=\"twitter:data1\" content=\"Redazione\" \/>\n\t<meta name=\"twitter:label2\" content=\"Est. reading time\" \/>\n\t<meta name=\"twitter:data2\" content=\"3 minuti\" \/>\n<script type=\"application\/ld+json\" class=\"yoast-schema-graph\">{\"@context\":\"https:\/\/schema.org\",\"@graph\":[{\"@type\":\"WebPage\",\"@id\":\"https:\/\/www.intoscana.it\/it\/covid-21-luglio\/\",\"url\":\"https:\/\/www.intoscana.it\/it\/covid-21-luglio\/\",\"name\":\"Coronavirus in Toscana, 9 nuovi casi e un decesso. I guariti sono 8.927 - intoscana\",\"isPartOf\":{\"@id\":\"https:\/\/www.intoscana.it\/it\/#website\"},\"primaryImageOfPage\":{\"@id\":\"https:\/\/www.intoscana.it\/it\/covid-21-luglio\/#primaryimage\"},\"image\":{\"@id\":\"https:\/\/www.intoscana.it\/it\/covid-21-luglio\/#primaryimage\"},\"thumbnailUrl\":\"https:\/\/www.intoscana.it\/wp-content\/uploads\/covid-felicita-1.jpg\",\"datePublished\":\"2020-07-21T10:58:12+00:00\",\"dateModified\":\"2020-08-10T07:31:28+00:00\",\"author\":{\"@id\":\"https:\/\/www.intoscana.it\/it\/#\/schema\/person\/9223810753230f20bd670fdd322661f8\"},\"description\":\"Dall\u2019inizio dell\u2019epidemia i tamponi eseguiti sono 395.061 (3.063 in pi\u00f9 rispetto a ieri); 12 le persone ricoverate nei posti letto dedicati ai pazienti Covid\",\"breadcrumb\":{\"@id\":\"https:\/\/www.intoscana.it\/it\/covid-21-luglio\/#breadcrumb\"},\"inLanguage\":\"it-IT\",\"potentialAction\":[{\"@type\":\"ReadAction\",\"target\":[\"https:\/\/www.intoscana.it\/it\/covid-21-luglio\/\"]}]},{\"@type\":\"ImageObject\",\"inLanguage\":\"it-IT\",\"@id\":\"https:\/\/www.intoscana.it\/it\/covid-21-luglio\/#primaryimage\",\"url\":\"https:\/\/www.intoscana.it\/wp-content\/uploads\/covid-felicita-1.jpg\",\"contentUrl\":\"https:\/\/www.intoscana.it\/wp-content\/uploads\/covid-felicita-1.jpg\",\"width\":1000,\"height\":667},{\"@type\":\"BreadcrumbList\",\"@id\":\"https:\/\/www.intoscana.it\/it\/covid-21-luglio\/#breadcrumb\",\"itemListElement\":[{\"@type\":\"ListItem\",\"position\":1,\"name\":\"Home\",\"item\":\"https:\/\/www.intoscana.it\/it\/\"},{\"@type\":\"ListItem\",\"position\":2,\"name\":\"Coronavirus in Toscana, 9 nuovi casi e un decesso. I guariti sono 8.927\"}]},{\"@type\":\"WebSite\",\"@id\":\"https:\/\/www.intoscana.it\/it\/#website\",\"url\":\"https:\/\/www.intoscana.it\/it\/\",\"name\":\"intoscana\",\"description\":\"\",\"potentialAction\":[{\"@type\":\"SearchAction\",\"target\":{\"@type\":\"EntryPoint\",\"urlTemplate\":\"https:\/\/www.intoscana.it\/it\/?s={search_term_string}\"},\"query-input\":{\"@type\":\"PropertyValueSpecification\",\"valueRequired\":true,\"valueName\":\"search_term_string\"}}],\"inLanguage\":\"it-IT\"},{\"@type\":\"Person\",\"@id\":\"https:\/\/www.intoscana.it\/it\/#\/schema\/person\/9223810753230f20bd670fdd322661f8\",\"name\":\"Redazione\",\"url\":\"https:\/\/www.intoscana.it\/it\/author\/redazione\/\"}]}<\/script>\n<!-- \/ Yoast SEO Premium plugin. -->","yoast_head_json":{"title":"Coronavirus in Toscana, 9 nuovi casi e un decesso. I guariti sono 8.927 - intoscana","description":"Dall\u2019inizio dell\u2019epidemia i tamponi eseguiti sono 395.061 (3.063 in pi\u00f9 rispetto a ieri); 12 le persone ricoverate nei posti letto dedicati ai pazienti Covid","robots":{"index":"index","follow":"follow","max-snippet":"max-snippet:-1","max-image-preview":"max-image-preview:large","max-video-preview":"max-video-preview:-1"},"canonical":"https:\/\/www.intoscana.it\/it\/covid-21-luglio\/","og_locale":"it_IT","og_type":"article","og_title":"Coronavirus in Toscana, 9 nuovi casi e un decesso. I guariti sono 8.927","og_description":"Dall\u2019inizio dell\u2019epidemia i tamponi eseguiti sono 395.061 (3.063 in pi\u00f9 rispetto a ieri); 12 le persone ricoverate nei posti letto dedicati ai pazienti Covid","og_url":"https:\/\/www.intoscana.it\/it\/covid-21-luglio\/","og_site_name":"intoscana","article_publisher":"https:\/\/www.facebook.com\/intoscana.it","article_published_time":"2020-07-21T10:58:12+00:00","article_modified_time":"2020-08-10T07:31:28+00:00","og_image":[{"width":1000,"height":667,"url":"https:\/\/www.intoscana.it\/wp-content\/uploads\/covid-felicita-1.jpg","type":"image\/jpeg"}],"author":"Redazione","twitter_card":"summary_large_image","twitter_creator":"@intoscana","twitter_site":"@intoscana","twitter_misc":{"Written by":"Redazione","Est. reading time":"3 minuti"},"schema":{"@context":"https:\/\/schema.org","@graph":[{"@type":"WebPage","@id":"https:\/\/www.intoscana.it\/it\/covid-21-luglio\/","url":"https:\/\/www.intoscana.it\/it\/covid-21-luglio\/","name":"Coronavirus in Toscana, 9 nuovi casi e un decesso. I guariti sono 8.927 - intoscana","isPartOf":{"@id":"https:\/\/www.intoscana.it\/it\/#website"},"primaryImageOfPage":{"@id":"https:\/\/www.intoscana.it\/it\/covid-21-luglio\/#primaryimage"},"image":{"@id":"https:\/\/www.intoscana.it\/it\/covid-21-luglio\/#primaryimage"},"thumbnailUrl":"https:\/\/www.intoscana.it\/wp-content\/uploads\/covid-felicita-1.jpg","datePublished":"2020-07-21T10:58:12+00:00","dateModified":"2020-08-10T07:31:28+00:00","author":{"@id":"https:\/\/www.intoscana.it\/it\/#\/schema\/person\/9223810753230f20bd670fdd322661f8"},"description":"Dall\u2019inizio dell\u2019epidemia i tamponi eseguiti sono 395.061 (3.063 in pi\u00f9 rispetto a ieri); 12 le persone ricoverate nei posti letto dedicati ai pazienti Covid","breadcrumb":{"@id":"https:\/\/www.intoscana.it\/it\/covid-21-luglio\/#breadcrumb"},"inLanguage":"it-IT","potentialAction":[{"@type":"ReadAction","target":["https:\/\/www.intoscana.it\/it\/covid-21-luglio\/"]}]},{"@type":"ImageObject","inLanguage":"it-IT","@id":"https:\/\/www.intoscana.it\/it\/covid-21-luglio\/#primaryimage","url":"https:\/\/www.intoscana.it\/wp-content\/uploads\/covid-felicita-1.jpg","contentUrl":"https:\/\/www.intoscana.it\/wp-content\/uploads\/covid-felicita-1.jpg","width":1000,"height":667},{"@type":"BreadcrumbList","@id":"https:\/\/www.intoscana.it\/it\/covid-21-luglio\/#breadcrumb","itemListElement":[{"@type":"ListItem","position":1,"name":"Home","item":"https:\/\/www.intoscana.it\/it\/"},{"@type":"ListItem","position":2,"name":"Coronavirus in Toscana, 9 nuovi casi e un decesso. I guariti sono 8.927"}]},{"@type":"WebSite","@id":"https:\/\/www.intoscana.it\/it\/#website","url":"https:\/\/www.intoscana.it\/it\/","name":"intoscana","description":"","potentialAction":[{"@type":"SearchAction","target":{"@type":"EntryPoint","urlTemplate":"https:\/\/www.intoscana.it\/it\/?s={search_term_string}"},"query-input":{"@type":"PropertyValueSpecification","valueRequired":true,"valueName":"search_term_string"}}],"inLanguage":"it-IT"},{"@type":"Person","@id":"https:\/\/www.intoscana.it\/it\/#\/schema\/person\/9223810753230f20bd670fdd322661f8","name":"Redazione","url":"https:\/\/www.intoscana.it\/it\/author\/redazione\/"}]}},"_links":{"self":[{"href":"https:\/\/www.intoscana.it\/it\/wp-json\/wp\/v2\/posts\/145168","targetHints":{"allow":["GET"]}}],"collection":[{"href":"https:\/\/www.intoscana.it\/it\/wp-json\/wp\/v2\/posts"}],"about":[{"href":"https:\/\/www.intoscana.it\/it\/wp-json\/wp\/v2\/types\/post"}],"author":[{"embeddable":true,"href":"https:\/\/www.intoscana.it\/it\/wp-json\/wp\/v2\/users\/525"}],"replies":[{"embeddable":true,"href":"https:\/\/www.intoscana.it\/it\/wp-json\/wp\/v2\/comments?post=145168"}],"version-history":[{"count":0,"href":"https:\/\/www.intoscana.it\/it\/wp-json\/wp\/v2\/posts\/145168\/revisions"}],"wp:featuredmedia":[{"embeddable":true,"href":"https:\/\/www.intoscana.it\/it\/wp-json\/wp\/v2\/media\/145664"}],"wp:attachment":[{"href":"https:\/\/www.intoscana.it\/it\/wp-json\/wp\/v2\/media?parent=145168"}],"wp:term":[{"taxonomy":"category","embeddable":true,"href":"https:\/\/www.intoscana.it\/it\/wp-json\/wp\/v2\/categories?post=145168"},{"taxonomy":"post_tag","embeddable":true,"href":"https:\/\/www.intoscana.it\/it\/wp-json\/wp\/v2\/tags?post=145168"}],"curies":[{"name":"wp","href":"https:\/\/api.w.org\/{rel}","templated":true}]}}