{"id":145171,"date":"2020-07-20T16:16:38","date_gmt":"2020-07-20T14:16:38","guid":{"rendered":"https:\/\/www.intoscana.it\/coronavirus-in-toscana-un-nuovo-caso-una-guarigione-e-un-decesso\/"},"modified":"2020-08-10T09:31:31","modified_gmt":"2020-08-10T07:31:31","slug":"coronavirus-dati-20-luglio-2020","status":"publish","type":"post","link":"https:\/\/www.intoscana.it\/it\/coronavirus-dati-20-luglio-2020\/","title":{"rendered":"Coronavirus in Toscana: un nuovo caso, una guarigione e un decesso"},"content":{"rendered":"<p>Un nuovo caso, a Livorno, un guarito e <strong>un decesso, un uomo di 78 anni in provincia di Firenze<\/strong>. Sono i numeri del bollettino quotidiano sull\u2019andamento dell\u2019epidemia Covid-19 in Toscana, dove dall\u2019inizio dell\u2019emergenza sanitaria i cittadini risultati complessivamente positivi al coronavirus hanno raggiunto con oggi quota 10.375. Le persone al momento ancora malate sono 324 (-0,3 per cento rispetto a ieri), i guariti complessivi diventano 8.921, l\u201986 per cento dei totali.<\/p>\n<p><strong>In diminuzione il numero dei ricoverati: solo dieci,<\/strong> due in meno rispetto a ventiquattro ore prima (meno 16,7 per cento) e nessuno anche oggi in terapia intensiva. In 314 sono in isolamento a casa, perch\u00e9 presentano sintomi lievi che non richiedono cure ospedaliere o perch\u00e9 risultano prive di sintomi (1 in pi\u00f9 rispetto a ieri, pi\u00f9 0,32%).<\/p>\n<p>A partire dal 24 giugno scorso, il Ministero della Salute ha modificato il sistema di rilevazione dei dati sulla diffusione del Covid-19. I casi positivi non sono pi\u00f9 indicati secondo la provincia di notifica bens\u00ec in base alla provincia di residenza o domicilio. La ripartizione odierna vede dunque <strong>3.236 casi complessivi a Firenze<\/strong>, 549 a Prato, 749 a Pistoia, 1.056 a Massa Carrara, 1.367 a Lucca, 942 a Pisa, 482 a Livorno (1 in pi\u00f9), 689 ad Arezzo, 429 a Siena, 405 a Grosseto. Sono 471 i casi positivi notificati in Toscana, ma di residenti in altre regioni.<\/p>\n<p><strong>La Toscana si conferma al decimo posto in Italia come numerosit\u00e0 di casi<\/strong> (comprensivi di residenti e non residenti), con circa 278 casi per 100 mila abitanti (media italiana circa 405 per 100 mila, dato di ieri). Le province di notifica con il tasso pi\u00f9 alto sono Massa Carrara con 542 casi per centomila abitanti, Lucca con 352, Firenze con 320, mentre la pi\u00f9 bassa \u00e8 Livorno con 144.<\/p>\n<p><strong>Sono 762<\/strong> (meno 5 rispetto a ieri, meno 0,7%) <strong>le persone non positive ma in sorveglianza attiva<\/strong> perch\u00e9 hanno avuto contatti con persone contagiate (Asl Centro 472, Nord Ovest 241, Sud Est 49).<\/p>\n<p>Delle <strong>8.921 persone guarite dall\u2019avvio dell\u2019epidemia<\/strong> (1 in pi\u00f9 rispetto a ieri, pi\u00f9 0,01%), 149 sono \u201cclinicamente guarite\u201d (stabili rispetto a ieri), divenute cio\u00e8 asintomatiche dopo aver presentato manifestazioni cliniche associate all\u2019infezione, e 8.772 (pi\u00f9 1 rispetto a ieri, pi\u00f9 0,01%) dichiarate guarite a tutti gli effetti, le cosiddette guarigioni virali, con doppio tampone negativo.<\/p>\n<p>Dei <strong>1.130 deceduti fino ad oggi<\/strong> 415 interessano la provincia di Firenze, 52 Prato, 81 Pistoia, 173 Massa Carrara, 143 Lucca, 90 Pisa, 61 Livorno, 50 Arezzo, 33 Siena e 24 Grosseto. Otto persone sono decedute sul suolo toscano ma erano residenti fuori regione.<\/p>\n<p>Il tasso grezzo di mortalit\u00e0 toscano (numero di deceduti\/popolazione residente) per Covid-19 \u00e8 di <strong>30,3 per 100 mla residenti contro il 58,1 ogni 100 mila della media italiana.<\/strong> La Toscana si conferma undicesima. Per quanto riguarda le province, il tasso di mortalit\u00e0 pi\u00f9 alto si riscontra a Massa Carrara (88,8 ogni 100 mila abitanti), Firenze (41) e Lucca (36,9), il pi\u00f9 basso a Grosseto (10,<a href=\"http:\/\/www.ars.toscana.it\/covid198\" target=\"_blank\" rel=\"noopener noreferrer\" saferedirecturl=\"https:\/\/www.google.com\/url?q=http:\/\/www.ars.toscana.it\/covid198&amp;source=gmail&amp;ust=1595341361046000&amp;usg=AFQjCNGk5g7e1zlfekuFf_lgtQcGI6hMfw\" class=\"broken_link\">www.ars.toscana.it\/<wbr \/>covid198<\/a>).<\/p>\n","protected":false},"excerpt":{"rendered":"<p>Questi i dati accertati alle ore 12 di luned\u00ec 20 luglio sulla base delle richieste della Protezione Civile Nazionale. I test e seguiti, quelli con tampone, raggiungono il numero di 391.998, 1.322 in pi\u00f9 rispetto a ieri<\/p>\n","protected":false},"author":525,"featured_media":145667,"comment_status":"open","ping_status":"open","sticky":false,"template":"","format":"standard","meta":{"_acf_changed":false,"footnotes":""},"categories":[18],"tags":[],"class_list":["post-145171","post","type-post","status-publish","format-standard","has-post-thumbnail","hentry","category-salute"],"acf":[],"yoast_head":"<!-- This site is optimized with the Yoast SEO Premium plugin v24.2 (Yoast SEO v25.6) - https:\/\/yoast.com\/wordpress\/plugins\/seo\/ -->\n<title>Coronavirus in Toscana: un nuovo caso, una guarigione e un decesso - intoscana<\/title>\n<meta name=\"robots\" content=\"index, follow, max-snippet:-1, max-image-preview:large, max-video-preview:-1\" \/>\n<link rel=\"canonical\" href=\"https:\/\/www.intoscana.it\/it\/coronavirus-dati-20-luglio-2020\/\" \/>\n<meta property=\"og:locale\" content=\"it_IT\" \/>\n<meta property=\"og:type\" content=\"article\" \/>\n<meta property=\"og:title\" content=\"Coronavirus in Toscana: un nuovo caso, una guarigione e un decesso\" \/>\n<meta property=\"og:description\" content=\"Questi i dati accertati alle ore 12 di luned\u00ec 20 luglio sulla base delle richieste della Protezione Civile Nazionale. I test e seguiti, quelli con tampone, raggiungono il numero di 391.998, 1.322 in pi\u00f9 rispetto a ieri\" \/>\n<meta property=\"og:url\" content=\"https:\/\/www.intoscana.it\/it\/coronavirus-dati-20-luglio-2020\/\" \/>\n<meta property=\"og:site_name\" content=\"intoscana\" \/>\n<meta property=\"article:publisher\" content=\"https:\/\/www.facebook.com\/intoscana.it\" \/>\n<meta property=\"article:published_time\" content=\"2020-07-20T14:16:38+00:00\" \/>\n<meta property=\"article:modified_time\" content=\"2020-08-10T07:31:31+00:00\" \/>\n<meta property=\"og:image\" content=\"https:\/\/www.intoscana.it\/wp-content\/uploads\/shutterstock_1632557005-7.jpg\" \/>\n\t<meta property=\"og:image:width\" content=\"2000\" \/>\n\t<meta property=\"og:image:height\" content=\"1333\" \/>\n\t<meta property=\"og:image:type\" content=\"image\/jpeg\" \/>\n<meta name=\"author\" content=\"Redazione\" \/>\n<meta name=\"twitter:card\" content=\"summary_large_image\" \/>\n<meta name=\"twitter:creator\" content=\"@intoscana\" \/>\n<meta name=\"twitter:site\" content=\"@intoscana\" \/>\n<meta name=\"twitter:label1\" content=\"Written by\" \/>\n\t<meta name=\"twitter:data1\" content=\"Redazione\" \/>\n\t<meta name=\"twitter:label2\" content=\"Est. reading time\" \/>\n\t<meta name=\"twitter:data2\" content=\"2 minuti\" \/>\n<script type=\"application\/ld+json\" class=\"yoast-schema-graph\">{\"@context\":\"https:\/\/schema.org\",\"@graph\":[{\"@type\":\"WebPage\",\"@id\":\"https:\/\/www.intoscana.it\/it\/coronavirus-dati-20-luglio-2020\/\",\"url\":\"https:\/\/www.intoscana.it\/it\/coronavirus-dati-20-luglio-2020\/\",\"name\":\"Coronavirus in Toscana: un nuovo caso, una guarigione e un decesso - intoscana\",\"isPartOf\":{\"@id\":\"https:\/\/www.intoscana.it\/it\/#website\"},\"primaryImageOfPage\":{\"@id\":\"https:\/\/www.intoscana.it\/it\/coronavirus-dati-20-luglio-2020\/#primaryimage\"},\"image\":{\"@id\":\"https:\/\/www.intoscana.it\/it\/coronavirus-dati-20-luglio-2020\/#primaryimage\"},\"thumbnailUrl\":\"https:\/\/www.intoscana.it\/wp-content\/uploads\/shutterstock_1632557005-7.jpg\",\"datePublished\":\"2020-07-20T14:16:38+00:00\",\"dateModified\":\"2020-08-10T07:31:31+00:00\",\"author\":{\"@id\":\"https:\/\/www.intoscana.it\/it\/#\/schema\/person\/9223810753230f20bd670fdd322661f8\"},\"breadcrumb\":{\"@id\":\"https:\/\/www.intoscana.it\/it\/coronavirus-dati-20-luglio-2020\/#breadcrumb\"},\"inLanguage\":\"it-IT\",\"potentialAction\":[{\"@type\":\"ReadAction\",\"target\":[\"https:\/\/www.intoscana.it\/it\/coronavirus-dati-20-luglio-2020\/\"]}]},{\"@type\":\"ImageObject\",\"inLanguage\":\"it-IT\",\"@id\":\"https:\/\/www.intoscana.it\/it\/coronavirus-dati-20-luglio-2020\/#primaryimage\",\"url\":\"https:\/\/www.intoscana.it\/wp-content\/uploads\/shutterstock_1632557005-7.jpg\",\"contentUrl\":\"https:\/\/www.intoscana.it\/wp-content\/uploads\/shutterstock_1632557005-7.jpg\",\"width\":2000,\"height\":1333},{\"@type\":\"BreadcrumbList\",\"@id\":\"https:\/\/www.intoscana.it\/it\/coronavirus-dati-20-luglio-2020\/#breadcrumb\",\"itemListElement\":[{\"@type\":\"ListItem\",\"position\":1,\"name\":\"Home\",\"item\":\"https:\/\/www.intoscana.it\/it\/\"},{\"@type\":\"ListItem\",\"position\":2,\"name\":\"Coronavirus in Toscana: un nuovo caso, una guarigione e un decesso\"}]},{\"@type\":\"WebSite\",\"@id\":\"https:\/\/www.intoscana.it\/it\/#website\",\"url\":\"https:\/\/www.intoscana.it\/it\/\",\"name\":\"intoscana\",\"description\":\"\",\"potentialAction\":[{\"@type\":\"SearchAction\",\"target\":{\"@type\":\"EntryPoint\",\"urlTemplate\":\"https:\/\/www.intoscana.it\/it\/?s={search_term_string}\"},\"query-input\":{\"@type\":\"PropertyValueSpecification\",\"valueRequired\":true,\"valueName\":\"search_term_string\"}}],\"inLanguage\":\"it-IT\"},{\"@type\":\"Person\",\"@id\":\"https:\/\/www.intoscana.it\/it\/#\/schema\/person\/9223810753230f20bd670fdd322661f8\",\"name\":\"Redazione\",\"url\":\"https:\/\/www.intoscana.it\/it\/author\/redazione\/\"}]}<\/script>\n<!-- \/ Yoast SEO Premium plugin. -->","yoast_head_json":{"title":"Coronavirus in Toscana: un nuovo caso, una guarigione e un decesso - intoscana","robots":{"index":"index","follow":"follow","max-snippet":"max-snippet:-1","max-image-preview":"max-image-preview:large","max-video-preview":"max-video-preview:-1"},"canonical":"https:\/\/www.intoscana.it\/it\/coronavirus-dati-20-luglio-2020\/","og_locale":"it_IT","og_type":"article","og_title":"Coronavirus in Toscana: un nuovo caso, una guarigione e un decesso","og_description":"Questi i dati accertati alle ore 12 di luned\u00ec 20 luglio sulla base delle richieste della Protezione Civile Nazionale. I test e seguiti, quelli con tampone, raggiungono il numero di 391.998, 1.322 in pi\u00f9 rispetto a ieri","og_url":"https:\/\/www.intoscana.it\/it\/coronavirus-dati-20-luglio-2020\/","og_site_name":"intoscana","article_publisher":"https:\/\/www.facebook.com\/intoscana.it","article_published_time":"2020-07-20T14:16:38+00:00","article_modified_time":"2020-08-10T07:31:31+00:00","og_image":[{"width":2000,"height":1333,"url":"https:\/\/www.intoscana.it\/wp-content\/uploads\/shutterstock_1632557005-7.jpg","type":"image\/jpeg"}],"author":"Redazione","twitter_card":"summary_large_image","twitter_creator":"@intoscana","twitter_site":"@intoscana","twitter_misc":{"Written by":"Redazione","Est. reading time":"2 minuti"},"schema":{"@context":"https:\/\/schema.org","@graph":[{"@type":"WebPage","@id":"https:\/\/www.intoscana.it\/it\/coronavirus-dati-20-luglio-2020\/","url":"https:\/\/www.intoscana.it\/it\/coronavirus-dati-20-luglio-2020\/","name":"Coronavirus in Toscana: un nuovo caso, una guarigione e un decesso - intoscana","isPartOf":{"@id":"https:\/\/www.intoscana.it\/it\/#website"},"primaryImageOfPage":{"@id":"https:\/\/www.intoscana.it\/it\/coronavirus-dati-20-luglio-2020\/#primaryimage"},"image":{"@id":"https:\/\/www.intoscana.it\/it\/coronavirus-dati-20-luglio-2020\/#primaryimage"},"thumbnailUrl":"https:\/\/www.intoscana.it\/wp-content\/uploads\/shutterstock_1632557005-7.jpg","datePublished":"2020-07-20T14:16:38+00:00","dateModified":"2020-08-10T07:31:31+00:00","author":{"@id":"https:\/\/www.intoscana.it\/it\/#\/schema\/person\/9223810753230f20bd670fdd322661f8"},"breadcrumb":{"@id":"https:\/\/www.intoscana.it\/it\/coronavirus-dati-20-luglio-2020\/#breadcrumb"},"inLanguage":"it-IT","potentialAction":[{"@type":"ReadAction","target":["https:\/\/www.intoscana.it\/it\/coronavirus-dati-20-luglio-2020\/"]}]},{"@type":"ImageObject","inLanguage":"it-IT","@id":"https:\/\/www.intoscana.it\/it\/coronavirus-dati-20-luglio-2020\/#primaryimage","url":"https:\/\/www.intoscana.it\/wp-content\/uploads\/shutterstock_1632557005-7.jpg","contentUrl":"https:\/\/www.intoscana.it\/wp-content\/uploads\/shutterstock_1632557005-7.jpg","width":2000,"height":1333},{"@type":"BreadcrumbList","@id":"https:\/\/www.intoscana.it\/it\/coronavirus-dati-20-luglio-2020\/#breadcrumb","itemListElement":[{"@type":"ListItem","position":1,"name":"Home","item":"https:\/\/www.intoscana.it\/it\/"},{"@type":"ListItem","position":2,"name":"Coronavirus in Toscana: un nuovo caso, una guarigione e un decesso"}]},{"@type":"WebSite","@id":"https:\/\/www.intoscana.it\/it\/#website","url":"https:\/\/www.intoscana.it\/it\/","name":"intoscana","description":"","potentialAction":[{"@type":"SearchAction","target":{"@type":"EntryPoint","urlTemplate":"https:\/\/www.intoscana.it\/it\/?s={search_term_string}"},"query-input":{"@type":"PropertyValueSpecification","valueRequired":true,"valueName":"search_term_string"}}],"inLanguage":"it-IT"},{"@type":"Person","@id":"https:\/\/www.intoscana.it\/it\/#\/schema\/person\/9223810753230f20bd670fdd322661f8","name":"Redazione","url":"https:\/\/www.intoscana.it\/it\/author\/redazione\/"}]}},"_links":{"self":[{"href":"https:\/\/www.intoscana.it\/it\/wp-json\/wp\/v2\/posts\/145171","targetHints":{"allow":["GET"]}}],"collection":[{"href":"https:\/\/www.intoscana.it\/it\/wp-json\/wp\/v2\/posts"}],"about":[{"href":"https:\/\/www.intoscana.it\/it\/wp-json\/wp\/v2\/types\/post"}],"author":[{"embeddable":true,"href":"https:\/\/www.intoscana.it\/it\/wp-json\/wp\/v2\/users\/525"}],"replies":[{"embeddable":true,"href":"https:\/\/www.intoscana.it\/it\/wp-json\/wp\/v2\/comments?post=145171"}],"version-history":[{"count":0,"href":"https:\/\/www.intoscana.it\/it\/wp-json\/wp\/v2\/posts\/145171\/revisions"}],"wp:featuredmedia":[{"embeddable":true,"href":"https:\/\/www.intoscana.it\/it\/wp-json\/wp\/v2\/media\/145667"}],"wp:attachment":[{"href":"https:\/\/www.intoscana.it\/it\/wp-json\/wp\/v2\/media?parent=145171"}],"wp:term":[{"taxonomy":"category","embeddable":true,"href":"https:\/\/www.intoscana.it\/it\/wp-json\/wp\/v2\/categories?post=145171"},{"taxonomy":"post_tag","embeddable":true,"href":"https:\/\/www.intoscana.it\/it\/wp-json\/wp\/v2\/tags?post=145171"}],"curies":[{"name":"wp","href":"https:\/\/api.w.org\/{rel}","templated":true}]}}