{"id":145173,"date":"2020-07-22T14:06:00","date_gmt":"2020-07-22T12:06:00","guid":{"rendered":"https:\/\/www.intoscana.it\/coronavirus-6-nuovi-casi-zero-decessi-zero-guarigioni\/"},"modified":"2020-08-10T09:31:33","modified_gmt":"2020-08-10T07:31:33","slug":"coronavirus-dati-22-luglio-2020","status":"publish","type":"post","link":"https:\/\/www.intoscana.it\/it\/coronavirus-dati-22-luglio-2020\/","title":{"rendered":"Coronavirus: 6 nuovi casi, zero decessi, zero guarigioni"},"content":{"rendered":"<p><strong>In Toscana sono 10.390 i casi di positivit\u00e0 al Coronavirus, 6 in pi\u00f9 rispetto a ieri<\/strong>. I nuovi casi sono lo 0,06% in pi\u00f9 rispetto al totale del giorno precedente. Stabili i guariti a quota 8.927 (l\u201985,9% dei casi totali). I&nbsp;<strong>tamponi eseguiti<\/strong>&nbsp;hanno raggiunto quota&nbsp;<strong>398.693<\/strong>, 3.632 in pi\u00f9 rispetto a ieri. Gli attualmente positivi sono oggi 332, +1,8% rispetto a ieri.&nbsp;<strong>Oggi non si registrano nuovi decessi<\/strong>.<\/p>\n<p><strong>Di seguito i casi di positivit\u00e0 sul territorio<\/strong>&nbsp;con la variazione rispetto a ieri. Sono 3.242 i casi complessivi a oggi a Firenze (3 in pi\u00f9 rispetto a ieri), 551 a Prato (2 in pi\u00f9), 749 a Pistoia, 1.056 a Massa, 1.371 a Lucca, 944 a Pisa (1 in pi\u00f9), 482 a Livorno, 690 ad Arezzo, 429 a Siena, 405 a Grosseto. Sono 471 i casi positivi notificati in Toscana, ma residenti in altre regioni. 5 in pi\u00f9 quindi i casi riscontrati oggi nell\u2019Asl Centro, 1 nella Nord Ovest, 0 nella Sud est.<\/p>\n<p><strong>La Toscana si conferma al 10\u00b0 posto in Italia come numerosit\u00e0 di casi<\/strong> (comprensivi di residenti e non residenti), con circa 279 casi per 100.000 abitanti (media italiana circa 405 x100.000, dato di ieri). Le province di notifica con il tasso pi\u00f9 alto sono Massa Carrara con 542 casi x100.000 abitanti, Lucca con 353, Firenze con 321, la pi\u00f9 bassa Livorno con 144.<\/p>\n<p>Complessivamente,&nbsp;<strong>319 persone sono in isolamento a casa<\/strong>, poich\u00e9 presentano sintomi lievi che non richiedono cure ospedaliere o risultano prive di sintomi (5 in pi\u00f9 rispetto a ieri, pi\u00f9 1,6%). Sono&nbsp;<strong>775<\/strong>&nbsp;(pi\u00f9 1 rispetto a ieri, pi\u00f9 0,1%) le persone, anche loro&nbsp;isolate,<strong>&nbsp;in sorveglianza attiva<\/strong>, perch\u00e9 hanno avuto contatti con persone contagiate (Asl Centro 486, Nord Ovest 242, Sud Est 47).<\/p>\n<p><strong>Le persone ricoverate nei posti letto dedicati ai pazienti Covid&nbsp;oggi sono complessivamente 13<\/strong>&nbsp;(1 in pi\u00f9 rispetto a ieri, pi\u00f9 8,3%), di cui 1 in terapia intensiva (stabili rispetto a ieri).<\/p>\n<p><strong>Le persone complessivamente guarite sono 8.927<\/strong> (stabili rispetto a ieri): 143 persone \u201cclinicamente guarite\u201d (stabili rispetto a ieri), divenute cio\u00e8 asintomatiche dopo aver presentato manifestazioni cliniche associate all\u2019infezione e 8.784 (stabili rispetto a ieri) dichiarate guarite a tutti gli effetti, le cosiddette guarigioni virali, con doppio tampone negativo.<\/p>\n<p>Oggi non si registrano nuovi decessi. Restano quindi <strong>1.131 i deceduti dall\u2019inizio dell\u2019epidemia<\/strong>&nbsp;cosi ripartiti: 416 a Firenze, 52 a Prato, 81 a Pistoia, 173 a Massa Carrara, 143 a Lucca, 90 a Pisa, 61 a Livorno, 50 ad Arezzo, 33 a Siena, 24 a Grosseto, 8 persone sono decedute sul suolo toscano, ma erano residenti fuori regione.<\/p>\n<p><strong>Il tasso grezzo di mortalit\u00e0 toscano<\/strong> (numero di deceduti\/popolazione residente) <strong>per Covid-19 \u00e8 di 30,3 x100.000<\/strong> residenti contro il 58,1 x100.000 della media italiana (11\u00b0 regione). Per quanto riguarda le province, il tasso di mortalit\u00e0 pi\u00f9 alto si riscontra a Massa Carrara (88,8 x100.000), Firenze (41,1 x100.000) e Lucca (36,9 x100.000), il pi\u00f9 basso a Grosseto (10,8 x100.000).<\/p>\n<p>&nbsp;<\/p>\n","protected":false},"excerpt":{"rendered":"<p>La Toscana si conferma al 10\u00b0 posto in Italia come numerosit\u00e0 di casi<\/p>\n","protected":false},"author":525,"featured_media":145669,"comment_status":"open","ping_status":"open","sticky":false,"template":"","format":"standard","meta":{"_acf_changed":false,"footnotes":""},"categories":[18],"tags":[],"class_list":["post-145173","post","type-post","status-publish","format-standard","has-post-thumbnail","hentry","category-salute"],"acf":[],"yoast_head":"<!-- This site is optimized with the Yoast SEO Premium plugin v24.2 (Yoast SEO v25.6) - https:\/\/yoast.com\/wordpress\/plugins\/seo\/ -->\n<title>Coronavirus: 6 nuovi casi, zero decessi, zero guarigioni - intoscana<\/title>\n<meta name=\"robots\" content=\"index, follow, max-snippet:-1, max-image-preview:large, max-video-preview:-1\" \/>\n<link rel=\"canonical\" href=\"https:\/\/www.intoscana.it\/it\/coronavirus-dati-22-luglio-2020\/\" \/>\n<meta property=\"og:locale\" content=\"it_IT\" \/>\n<meta property=\"og:type\" content=\"article\" \/>\n<meta property=\"og:title\" content=\"Coronavirus: 6 nuovi casi, zero decessi, zero guarigioni\" \/>\n<meta property=\"og:description\" content=\"La Toscana si conferma al 10\u00b0 posto in Italia come numerosit\u00e0 di casi\" \/>\n<meta property=\"og:url\" content=\"https:\/\/www.intoscana.it\/it\/coronavirus-dati-22-luglio-2020\/\" \/>\n<meta property=\"og:site_name\" content=\"intoscana\" \/>\n<meta property=\"article:publisher\" content=\"https:\/\/www.facebook.com\/intoscana.it\" \/>\n<meta property=\"article:published_time\" content=\"2020-07-22T12:06:00+00:00\" \/>\n<meta property=\"article:modified_time\" content=\"2020-08-10T07:31:33+00:00\" \/>\n<meta property=\"og:image\" content=\"https:\/\/www.intoscana.it\/wp-content\/uploads\/shutterstock_1682465650-5.jpg\" \/>\n\t<meta property=\"og:image:width\" content=\"2000\" \/>\n\t<meta property=\"og:image:height\" content=\"1333\" \/>\n\t<meta property=\"og:image:type\" content=\"image\/jpeg\" \/>\n<meta name=\"author\" content=\"Redazione\" \/>\n<meta name=\"twitter:card\" content=\"summary_large_image\" \/>\n<meta name=\"twitter:creator\" content=\"@intoscana\" \/>\n<meta name=\"twitter:site\" content=\"@intoscana\" \/>\n<meta name=\"twitter:label1\" content=\"Written by\" \/>\n\t<meta name=\"twitter:data1\" content=\"Redazione\" \/>\n\t<meta name=\"twitter:label2\" content=\"Est. reading time\" \/>\n\t<meta name=\"twitter:data2\" content=\"2 minuti\" \/>\n<script type=\"application\/ld+json\" class=\"yoast-schema-graph\">{\"@context\":\"https:\/\/schema.org\",\"@graph\":[{\"@type\":\"WebPage\",\"@id\":\"https:\/\/www.intoscana.it\/it\/coronavirus-dati-22-luglio-2020\/\",\"url\":\"https:\/\/www.intoscana.it\/it\/coronavirus-dati-22-luglio-2020\/\",\"name\":\"Coronavirus: 6 nuovi casi, zero decessi, zero guarigioni - intoscana\",\"isPartOf\":{\"@id\":\"https:\/\/www.intoscana.it\/it\/#website\"},\"primaryImageOfPage\":{\"@id\":\"https:\/\/www.intoscana.it\/it\/coronavirus-dati-22-luglio-2020\/#primaryimage\"},\"image\":{\"@id\":\"https:\/\/www.intoscana.it\/it\/coronavirus-dati-22-luglio-2020\/#primaryimage\"},\"thumbnailUrl\":\"https:\/\/www.intoscana.it\/wp-content\/uploads\/shutterstock_1682465650-5.jpg\",\"datePublished\":\"2020-07-22T12:06:00+00:00\",\"dateModified\":\"2020-08-10T07:31:33+00:00\",\"author\":{\"@id\":\"https:\/\/www.intoscana.it\/it\/#\/schema\/person\/9223810753230f20bd670fdd322661f8\"},\"breadcrumb\":{\"@id\":\"https:\/\/www.intoscana.it\/it\/coronavirus-dati-22-luglio-2020\/#breadcrumb\"},\"inLanguage\":\"it-IT\",\"potentialAction\":[{\"@type\":\"ReadAction\",\"target\":[\"https:\/\/www.intoscana.it\/it\/coronavirus-dati-22-luglio-2020\/\"]}]},{\"@type\":\"ImageObject\",\"inLanguage\":\"it-IT\",\"@id\":\"https:\/\/www.intoscana.it\/it\/coronavirus-dati-22-luglio-2020\/#primaryimage\",\"url\":\"https:\/\/www.intoscana.it\/wp-content\/uploads\/shutterstock_1682465650-5.jpg\",\"contentUrl\":\"https:\/\/www.intoscana.it\/wp-content\/uploads\/shutterstock_1682465650-5.jpg\",\"width\":2000,\"height\":1333,\"caption\":\"Coronavirus: 6 nuovi casi, zero decessi, zero guarigioni\"},{\"@type\":\"BreadcrumbList\",\"@id\":\"https:\/\/www.intoscana.it\/it\/coronavirus-dati-22-luglio-2020\/#breadcrumb\",\"itemListElement\":[{\"@type\":\"ListItem\",\"position\":1,\"name\":\"Home\",\"item\":\"https:\/\/www.intoscana.it\/it\/\"},{\"@type\":\"ListItem\",\"position\":2,\"name\":\"Coronavirus: 6 nuovi casi, zero decessi, zero guarigioni\"}]},{\"@type\":\"WebSite\",\"@id\":\"https:\/\/www.intoscana.it\/it\/#website\",\"url\":\"https:\/\/www.intoscana.it\/it\/\",\"name\":\"intoscana\",\"description\":\"\",\"potentialAction\":[{\"@type\":\"SearchAction\",\"target\":{\"@type\":\"EntryPoint\",\"urlTemplate\":\"https:\/\/www.intoscana.it\/it\/?s={search_term_string}\"},\"query-input\":{\"@type\":\"PropertyValueSpecification\",\"valueRequired\":true,\"valueName\":\"search_term_string\"}}],\"inLanguage\":\"it-IT\"},{\"@type\":\"Person\",\"@id\":\"https:\/\/www.intoscana.it\/it\/#\/schema\/person\/9223810753230f20bd670fdd322661f8\",\"name\":\"Redazione\",\"url\":\"https:\/\/www.intoscana.it\/it\/author\/redazione\/\"}]}<\/script>\n<!-- \/ Yoast SEO Premium plugin. -->","yoast_head_json":{"title":"Coronavirus: 6 nuovi casi, zero decessi, zero guarigioni - intoscana","robots":{"index":"index","follow":"follow","max-snippet":"max-snippet:-1","max-image-preview":"max-image-preview:large","max-video-preview":"max-video-preview:-1"},"canonical":"https:\/\/www.intoscana.it\/it\/coronavirus-dati-22-luglio-2020\/","og_locale":"it_IT","og_type":"article","og_title":"Coronavirus: 6 nuovi casi, zero decessi, zero guarigioni","og_description":"La Toscana si conferma al 10\u00b0 posto in Italia come numerosit\u00e0 di casi","og_url":"https:\/\/www.intoscana.it\/it\/coronavirus-dati-22-luglio-2020\/","og_site_name":"intoscana","article_publisher":"https:\/\/www.facebook.com\/intoscana.it","article_published_time":"2020-07-22T12:06:00+00:00","article_modified_time":"2020-08-10T07:31:33+00:00","og_image":[{"width":2000,"height":1333,"url":"https:\/\/www.intoscana.it\/wp-content\/uploads\/shutterstock_1682465650-5.jpg","type":"image\/jpeg"}],"author":"Redazione","twitter_card":"summary_large_image","twitter_creator":"@intoscana","twitter_site":"@intoscana","twitter_misc":{"Written by":"Redazione","Est. reading time":"2 minuti"},"schema":{"@context":"https:\/\/schema.org","@graph":[{"@type":"WebPage","@id":"https:\/\/www.intoscana.it\/it\/coronavirus-dati-22-luglio-2020\/","url":"https:\/\/www.intoscana.it\/it\/coronavirus-dati-22-luglio-2020\/","name":"Coronavirus: 6 nuovi casi, zero decessi, zero guarigioni - intoscana","isPartOf":{"@id":"https:\/\/www.intoscana.it\/it\/#website"},"primaryImageOfPage":{"@id":"https:\/\/www.intoscana.it\/it\/coronavirus-dati-22-luglio-2020\/#primaryimage"},"image":{"@id":"https:\/\/www.intoscana.it\/it\/coronavirus-dati-22-luglio-2020\/#primaryimage"},"thumbnailUrl":"https:\/\/www.intoscana.it\/wp-content\/uploads\/shutterstock_1682465650-5.jpg","datePublished":"2020-07-22T12:06:00+00:00","dateModified":"2020-08-10T07:31:33+00:00","author":{"@id":"https:\/\/www.intoscana.it\/it\/#\/schema\/person\/9223810753230f20bd670fdd322661f8"},"breadcrumb":{"@id":"https:\/\/www.intoscana.it\/it\/coronavirus-dati-22-luglio-2020\/#breadcrumb"},"inLanguage":"it-IT","potentialAction":[{"@type":"ReadAction","target":["https:\/\/www.intoscana.it\/it\/coronavirus-dati-22-luglio-2020\/"]}]},{"@type":"ImageObject","inLanguage":"it-IT","@id":"https:\/\/www.intoscana.it\/it\/coronavirus-dati-22-luglio-2020\/#primaryimage","url":"https:\/\/www.intoscana.it\/wp-content\/uploads\/shutterstock_1682465650-5.jpg","contentUrl":"https:\/\/www.intoscana.it\/wp-content\/uploads\/shutterstock_1682465650-5.jpg","width":2000,"height":1333,"caption":"Coronavirus: 6 nuovi casi, zero decessi, zero guarigioni"},{"@type":"BreadcrumbList","@id":"https:\/\/www.intoscana.it\/it\/coronavirus-dati-22-luglio-2020\/#breadcrumb","itemListElement":[{"@type":"ListItem","position":1,"name":"Home","item":"https:\/\/www.intoscana.it\/it\/"},{"@type":"ListItem","position":2,"name":"Coronavirus: 6 nuovi casi, zero decessi, zero guarigioni"}]},{"@type":"WebSite","@id":"https:\/\/www.intoscana.it\/it\/#website","url":"https:\/\/www.intoscana.it\/it\/","name":"intoscana","description":"","potentialAction":[{"@type":"SearchAction","target":{"@type":"EntryPoint","urlTemplate":"https:\/\/www.intoscana.it\/it\/?s={search_term_string}"},"query-input":{"@type":"PropertyValueSpecification","valueRequired":true,"valueName":"search_term_string"}}],"inLanguage":"it-IT"},{"@type":"Person","@id":"https:\/\/www.intoscana.it\/it\/#\/schema\/person\/9223810753230f20bd670fdd322661f8","name":"Redazione","url":"https:\/\/www.intoscana.it\/it\/author\/redazione\/"}]}},"_links":{"self":[{"href":"https:\/\/www.intoscana.it\/it\/wp-json\/wp\/v2\/posts\/145173","targetHints":{"allow":["GET"]}}],"collection":[{"href":"https:\/\/www.intoscana.it\/it\/wp-json\/wp\/v2\/posts"}],"about":[{"href":"https:\/\/www.intoscana.it\/it\/wp-json\/wp\/v2\/types\/post"}],"author":[{"embeddable":true,"href":"https:\/\/www.intoscana.it\/it\/wp-json\/wp\/v2\/users\/525"}],"replies":[{"embeddable":true,"href":"https:\/\/www.intoscana.it\/it\/wp-json\/wp\/v2\/comments?post=145173"}],"version-history":[{"count":0,"href":"https:\/\/www.intoscana.it\/it\/wp-json\/wp\/v2\/posts\/145173\/revisions"}],"wp:featuredmedia":[{"embeddable":true,"href":"https:\/\/www.intoscana.it\/it\/wp-json\/wp\/v2\/media\/145669"}],"wp:attachment":[{"href":"https:\/\/www.intoscana.it\/it\/wp-json\/wp\/v2\/media?parent=145173"}],"wp:term":[{"taxonomy":"category","embeddable":true,"href":"https:\/\/www.intoscana.it\/it\/wp-json\/wp\/v2\/categories?post=145173"},{"taxonomy":"post_tag","embeddable":true,"href":"https:\/\/www.intoscana.it\/it\/wp-json\/wp\/v2\/tags?post=145173"}],"curies":[{"name":"wp","href":"https:\/\/api.w.org\/{rel}","templated":true}]}}