{"id":145177,"date":"2020-07-15T14:21:04","date_gmt":"2020-07-15T12:21:04","guid":{"rendered":"https:\/\/www.intoscana.it\/coronavirus-8-nuovi-casi-2-decessi-4-guariti-in-piu-rispetto-a-ieri\/"},"modified":"2020-08-10T09:31:36","modified_gmt":"2020-08-10T07:31:36","slug":"coronavirus-dati-15-luglio-2020","status":"publish","type":"post","link":"https:\/\/www.intoscana.it\/it\/coronavirus-dati-15-luglio-2020\/","title":{"rendered":"Coronavirus: 8 nuovi casi, 2 decessi, 4 guariti in pi\u00f9 rispetto a ieri"},"content":{"rendered":"<p>In Toscana sono <strong>10.338 i casi di positivit\u00e0 al Coronavirus, 8 in pi\u00f9 rispetto a ieri.<\/strong> I nuovi casi sono lo 0,08% in pi\u00f9 rispetto al totale del giorno precedente. I guariti crescono dello 0,04% e raggiungono quota 8.898 (l\u201986,1% dei casi totali). I test eseguiti hanno raggiunto quota 379.196, 3.451 in pi\u00f9 rispetto a ieri. Gli attualmente positivi sono oggi 313, +0,6% rispetto a ieri. Oggi si registrano <strong>2 decessi: 2 uomini, con un&#8217;et\u00e0 media di 74 anni.<\/strong><\/p>\n<p>Questi i dati &#8211; accertati alle ore 12 di oggi sulla base delle richieste della Protezione Civile Nazionale &#8211; relativi all\u2019andamento dell\u2019epidemia in regione. <strong>Cinque dei nuovi otto casi odierni sono riconducibili a persone rientrate dall\u2019estero. &nbsp;<\/strong><\/p>\n<p>Di seguito i casi di positivit\u00e0 sul territorio con la variazione rispetto a ieri. Sono <strong>3.223 i casi complessivi ad oggi a Firenze<\/strong> (1 in pi\u00f9 rispetto a ieri), 546 a Prato (2 in pi\u00f9), 749 a Pistoia, 1.054 a Massa-Carrara (2 in pi\u00f9), 1.365 a Lucca, 936 a Pisa (3 in pi\u00f9), 479 a Livorno, 682 ad Arezzo, 429 a Siena, 404 a Grosseto. Sono 471 i casi positivi notificati in Toscana, ma residenti in altre regioni. Tre in pi\u00f9, quindi, i casi riscontrati oggi nell\u2019Asl Centro, 5 nella Nord Ovest, 0 nella Sud Est.<\/p>\n<p><strong>La Toscana si conferma al 10\u00b0 posto in Italia come numerosit\u00e0 di casi<\/strong> (comprensivi di residenti e non residenti), con circa 277 casi per 100.000 abitanti (media italiana circa 403 x100.000, dato di ieri). Le province di notifica con il tasso pi\u00f9 alto sono Massa Carrara con 541 casi x100.000 abitanti, Lucca con 352, Firenze con 319, la pi\u00f9 bassa Livorno con 143.<\/p>\n<p>Complessivamente, <strong>301 persone sono in isolamento a casa,<\/strong> poich\u00e9 presentano sintomi lievi che non richiedono cure ospedaliere, o risultano prive di sintomi (stabili rispetto a ieri).<\/p>\n<p>Sono 717 (pi\u00f9 18 rispetto a ieri, pi\u00f9 2,6%) le persone, anch\u2019esse isolate, in sorveglianza attiva perch\u00e9 hanno avuto contatti con persone contagiate (ASL Centro 468, Nord Ovest 182, Sud Est 67).<br \/>Le persone ricoverate nei posti letto dedicati ai pazienti COVID oggi sono complessivamente 12, (2 in pi\u00f9 rispetto a ieri, pi\u00f9 20%), di cui 3 in terapia intensiva (1 in pi\u00f9 rispetto a ieri, pi\u00f9 50%).<\/p>\n<p><strong>Le persone complessivamente guarite sono 8.898<\/strong> (4 in pi\u00f9 rispetto a ieri, pi\u00f9 0,04%): 163 persone \u201cclinicamente guarite\u201d (pi\u00f9 2 rispetto a ieri, pi\u00f9 1,2%), divenute cio\u00e8 asintomatiche dopo aver presentato manifestazioni cliniche associate all\u2019infezione e 8.735 (pi\u00f9 2 rispetto a ieri, pi\u00f9 0,02%) dichiarate guarite a tutti gli effetti, le cosiddette guarigioni virali, con doppio tampone negativo.<\/p>\n<p>Due <strong>i decessi che si registrano oggi: 2 uomini, con un&#8217;et\u00e0 media di 74 anni.<\/strong> Relativamente alla provincia di notifica,<strong> le persone decedute sono: 1 a Firenze, 1 a Lucca.&nbsp;<\/strong>Sono 1.127 i deceduti dall\u2019inizio dell\u2019epidemia cosi ripartiti: 414 a Firenze, 52 a Prato, 81 a Pistoia, 172 a Massa Carrara, 143 a Lucca, 90 a Pisa, 61 a Livorno, 49 ad Arezzo, 33 a Siena, 24 a Grosseto, 8 persone sono decedute sul suolo toscano ma erano residenti fuori regione.<\/p>\n<p><strong>Il tasso grezzo di mortalit\u00e0 toscano<\/strong> (numero di deceduti\/popolazione residente) per Covid-19 \u00e8 di <strong>30,2 x100.000 residenti contro il 58,0 x100.000 della media italiana<\/strong> (11\u00b0 regione). Per quanto riguarda le province, il tasso di mortalit\u00e0 pi\u00f9 alto si riscontra a Massa Carrara (88,3 x100.000), Firenze (40,9 x100.000) e Lucca (36,9 x100.000), il pi\u00f9 basso a Grosseto (10,8 x100.000).<\/p>\n<p>&nbsp;<\/p>\n","protected":false},"excerpt":{"rendered":"<p>Cinque dei nuovi casi odierni riconducibili a persone rientrate dall\u2019estero. Le persone complessivamente guarite sono 8.898<\/p>\n","protected":false},"author":525,"featured_media":145673,"comment_status":"open","ping_status":"open","sticky":false,"template":"","format":"standard","meta":{"_acf_changed":false,"footnotes":""},"categories":[18],"tags":[],"class_list":["post-145177","post","type-post","status-publish","format-standard","has-post-thumbnail","hentry","category-salute"],"acf":[],"yoast_head":"<!-- This site is optimized with the Yoast SEO Premium plugin v24.2 (Yoast SEO v25.6) - https:\/\/yoast.com\/wordpress\/plugins\/seo\/ -->\n<title>Coronavirus: 8 nuovi casi, 2 decessi, 4 guariti in pi\u00f9 rispetto a ieri - intoscana<\/title>\n<meta name=\"robots\" content=\"index, follow, max-snippet:-1, max-image-preview:large, max-video-preview:-1\" \/>\n<link rel=\"canonical\" href=\"https:\/\/www.intoscana.it\/it\/coronavirus-dati-15-luglio-2020\/\" \/>\n<meta property=\"og:locale\" content=\"it_IT\" \/>\n<meta property=\"og:type\" content=\"article\" \/>\n<meta property=\"og:title\" content=\"Coronavirus: 8 nuovi casi, 2 decessi, 4 guariti in pi\u00f9 rispetto a ieri\" \/>\n<meta property=\"og:description\" content=\"Cinque dei nuovi casi odierni riconducibili a persone rientrate dall\u2019estero. Le persone complessivamente guarite sono 8.898\" \/>\n<meta property=\"og:url\" content=\"https:\/\/www.intoscana.it\/it\/coronavirus-dati-15-luglio-2020\/\" \/>\n<meta property=\"og:site_name\" content=\"intoscana\" \/>\n<meta property=\"article:publisher\" content=\"https:\/\/www.facebook.com\/intoscana.it\" \/>\n<meta property=\"article:published_time\" content=\"2020-07-15T12:21:04+00:00\" \/>\n<meta property=\"article:modified_time\" content=\"2020-08-10T07:31:36+00:00\" \/>\n<meta property=\"og:image\" content=\"https:\/\/www.intoscana.it\/wp-content\/uploads\/test-sierologico-covid-4.jpg\" \/>\n\t<meta property=\"og:image:width\" content=\"1000\" \/>\n\t<meta property=\"og:image:height\" content=\"667\" \/>\n\t<meta property=\"og:image:type\" content=\"image\/jpeg\" \/>\n<meta name=\"author\" content=\"Redazione\" \/>\n<meta name=\"twitter:card\" content=\"summary_large_image\" \/>\n<meta name=\"twitter:creator\" content=\"@intoscana\" \/>\n<meta name=\"twitter:site\" content=\"@intoscana\" \/>\n<meta name=\"twitter:label1\" content=\"Written by\" \/>\n\t<meta name=\"twitter:data1\" content=\"Redazione\" \/>\n\t<meta name=\"twitter:label2\" content=\"Est. reading time\" \/>\n\t<meta name=\"twitter:data2\" content=\"2 minuti\" \/>\n<script type=\"application\/ld+json\" class=\"yoast-schema-graph\">{\"@context\":\"https:\/\/schema.org\",\"@graph\":[{\"@type\":\"WebPage\",\"@id\":\"https:\/\/www.intoscana.it\/it\/coronavirus-dati-15-luglio-2020\/\",\"url\":\"https:\/\/www.intoscana.it\/it\/coronavirus-dati-15-luglio-2020\/\",\"name\":\"Coronavirus: 8 nuovi casi, 2 decessi, 4 guariti in pi\u00f9 rispetto a ieri - intoscana\",\"isPartOf\":{\"@id\":\"https:\/\/www.intoscana.it\/it\/#website\"},\"primaryImageOfPage\":{\"@id\":\"https:\/\/www.intoscana.it\/it\/coronavirus-dati-15-luglio-2020\/#primaryimage\"},\"image\":{\"@id\":\"https:\/\/www.intoscana.it\/it\/coronavirus-dati-15-luglio-2020\/#primaryimage\"},\"thumbnailUrl\":\"https:\/\/www.intoscana.it\/wp-content\/uploads\/test-sierologico-covid-4.jpg\",\"datePublished\":\"2020-07-15T12:21:04+00:00\",\"dateModified\":\"2020-08-10T07:31:36+00:00\",\"author\":{\"@id\":\"https:\/\/www.intoscana.it\/it\/#\/schema\/person\/9223810753230f20bd670fdd322661f8\"},\"breadcrumb\":{\"@id\":\"https:\/\/www.intoscana.it\/it\/coronavirus-dati-15-luglio-2020\/#breadcrumb\"},\"inLanguage\":\"it-IT\",\"potentialAction\":[{\"@type\":\"ReadAction\",\"target\":[\"https:\/\/www.intoscana.it\/it\/coronavirus-dati-15-luglio-2020\/\"]}]},{\"@type\":\"ImageObject\",\"inLanguage\":\"it-IT\",\"@id\":\"https:\/\/www.intoscana.it\/it\/coronavirus-dati-15-luglio-2020\/#primaryimage\",\"url\":\"https:\/\/www.intoscana.it\/wp-content\/uploads\/test-sierologico-covid-4.jpg\",\"contentUrl\":\"https:\/\/www.intoscana.it\/wp-content\/uploads\/test-sierologico-covid-4.jpg\",\"width\":1000,\"height\":667,\"caption\":\"Coronavirus\"},{\"@type\":\"BreadcrumbList\",\"@id\":\"https:\/\/www.intoscana.it\/it\/coronavirus-dati-15-luglio-2020\/#breadcrumb\",\"itemListElement\":[{\"@type\":\"ListItem\",\"position\":1,\"name\":\"Home\",\"item\":\"https:\/\/www.intoscana.it\/it\/\"},{\"@type\":\"ListItem\",\"position\":2,\"name\":\"Coronavirus: 8 nuovi casi, 2 decessi, 4 guariti in pi\u00f9 rispetto a ieri\"}]},{\"@type\":\"WebSite\",\"@id\":\"https:\/\/www.intoscana.it\/it\/#website\",\"url\":\"https:\/\/www.intoscana.it\/it\/\",\"name\":\"intoscana\",\"description\":\"\",\"potentialAction\":[{\"@type\":\"SearchAction\",\"target\":{\"@type\":\"EntryPoint\",\"urlTemplate\":\"https:\/\/www.intoscana.it\/it\/?s={search_term_string}\"},\"query-input\":{\"@type\":\"PropertyValueSpecification\",\"valueRequired\":true,\"valueName\":\"search_term_string\"}}],\"inLanguage\":\"it-IT\"},{\"@type\":\"Person\",\"@id\":\"https:\/\/www.intoscana.it\/it\/#\/schema\/person\/9223810753230f20bd670fdd322661f8\",\"name\":\"Redazione\",\"url\":\"https:\/\/www.intoscana.it\/it\/author\/redazione\/\"}]}<\/script>\n<!-- \/ Yoast SEO Premium plugin. -->","yoast_head_json":{"title":"Coronavirus: 8 nuovi casi, 2 decessi, 4 guariti in pi\u00f9 rispetto a ieri - intoscana","robots":{"index":"index","follow":"follow","max-snippet":"max-snippet:-1","max-image-preview":"max-image-preview:large","max-video-preview":"max-video-preview:-1"},"canonical":"https:\/\/www.intoscana.it\/it\/coronavirus-dati-15-luglio-2020\/","og_locale":"it_IT","og_type":"article","og_title":"Coronavirus: 8 nuovi casi, 2 decessi, 4 guariti in pi\u00f9 rispetto a ieri","og_description":"Cinque dei nuovi casi odierni riconducibili a persone rientrate dall\u2019estero. Le persone complessivamente guarite sono 8.898","og_url":"https:\/\/www.intoscana.it\/it\/coronavirus-dati-15-luglio-2020\/","og_site_name":"intoscana","article_publisher":"https:\/\/www.facebook.com\/intoscana.it","article_published_time":"2020-07-15T12:21:04+00:00","article_modified_time":"2020-08-10T07:31:36+00:00","og_image":[{"width":1000,"height":667,"url":"https:\/\/www.intoscana.it\/wp-content\/uploads\/test-sierologico-covid-4.jpg","type":"image\/jpeg"}],"author":"Redazione","twitter_card":"summary_large_image","twitter_creator":"@intoscana","twitter_site":"@intoscana","twitter_misc":{"Written by":"Redazione","Est. reading time":"2 minuti"},"schema":{"@context":"https:\/\/schema.org","@graph":[{"@type":"WebPage","@id":"https:\/\/www.intoscana.it\/it\/coronavirus-dati-15-luglio-2020\/","url":"https:\/\/www.intoscana.it\/it\/coronavirus-dati-15-luglio-2020\/","name":"Coronavirus: 8 nuovi casi, 2 decessi, 4 guariti in pi\u00f9 rispetto a ieri - intoscana","isPartOf":{"@id":"https:\/\/www.intoscana.it\/it\/#website"},"primaryImageOfPage":{"@id":"https:\/\/www.intoscana.it\/it\/coronavirus-dati-15-luglio-2020\/#primaryimage"},"image":{"@id":"https:\/\/www.intoscana.it\/it\/coronavirus-dati-15-luglio-2020\/#primaryimage"},"thumbnailUrl":"https:\/\/www.intoscana.it\/wp-content\/uploads\/test-sierologico-covid-4.jpg","datePublished":"2020-07-15T12:21:04+00:00","dateModified":"2020-08-10T07:31:36+00:00","author":{"@id":"https:\/\/www.intoscana.it\/it\/#\/schema\/person\/9223810753230f20bd670fdd322661f8"},"breadcrumb":{"@id":"https:\/\/www.intoscana.it\/it\/coronavirus-dati-15-luglio-2020\/#breadcrumb"},"inLanguage":"it-IT","potentialAction":[{"@type":"ReadAction","target":["https:\/\/www.intoscana.it\/it\/coronavirus-dati-15-luglio-2020\/"]}]},{"@type":"ImageObject","inLanguage":"it-IT","@id":"https:\/\/www.intoscana.it\/it\/coronavirus-dati-15-luglio-2020\/#primaryimage","url":"https:\/\/www.intoscana.it\/wp-content\/uploads\/test-sierologico-covid-4.jpg","contentUrl":"https:\/\/www.intoscana.it\/wp-content\/uploads\/test-sierologico-covid-4.jpg","width":1000,"height":667,"caption":"Coronavirus"},{"@type":"BreadcrumbList","@id":"https:\/\/www.intoscana.it\/it\/coronavirus-dati-15-luglio-2020\/#breadcrumb","itemListElement":[{"@type":"ListItem","position":1,"name":"Home","item":"https:\/\/www.intoscana.it\/it\/"},{"@type":"ListItem","position":2,"name":"Coronavirus: 8 nuovi casi, 2 decessi, 4 guariti in pi\u00f9 rispetto a ieri"}]},{"@type":"WebSite","@id":"https:\/\/www.intoscana.it\/it\/#website","url":"https:\/\/www.intoscana.it\/it\/","name":"intoscana","description":"","potentialAction":[{"@type":"SearchAction","target":{"@type":"EntryPoint","urlTemplate":"https:\/\/www.intoscana.it\/it\/?s={search_term_string}"},"query-input":{"@type":"PropertyValueSpecification","valueRequired":true,"valueName":"search_term_string"}}],"inLanguage":"it-IT"},{"@type":"Person","@id":"https:\/\/www.intoscana.it\/it\/#\/schema\/person\/9223810753230f20bd670fdd322661f8","name":"Redazione","url":"https:\/\/www.intoscana.it\/it\/author\/redazione\/"}]}},"_links":{"self":[{"href":"https:\/\/www.intoscana.it\/it\/wp-json\/wp\/v2\/posts\/145177","targetHints":{"allow":["GET"]}}],"collection":[{"href":"https:\/\/www.intoscana.it\/it\/wp-json\/wp\/v2\/posts"}],"about":[{"href":"https:\/\/www.intoscana.it\/it\/wp-json\/wp\/v2\/types\/post"}],"author":[{"embeddable":true,"href":"https:\/\/www.intoscana.it\/it\/wp-json\/wp\/v2\/users\/525"}],"replies":[{"embeddable":true,"href":"https:\/\/www.intoscana.it\/it\/wp-json\/wp\/v2\/comments?post=145177"}],"version-history":[{"count":0,"href":"https:\/\/www.intoscana.it\/it\/wp-json\/wp\/v2\/posts\/145177\/revisions"}],"wp:featuredmedia":[{"embeddable":true,"href":"https:\/\/www.intoscana.it\/it\/wp-json\/wp\/v2\/media\/145673"}],"wp:attachment":[{"href":"https:\/\/www.intoscana.it\/it\/wp-json\/wp\/v2\/media?parent=145177"}],"wp:term":[{"taxonomy":"category","embeddable":true,"href":"https:\/\/www.intoscana.it\/it\/wp-json\/wp\/v2\/categories?post=145177"},{"taxonomy":"post_tag","embeddable":true,"href":"https:\/\/www.intoscana.it\/it\/wp-json\/wp\/v2\/tags?post=145177"}],"curies":[{"name":"wp","href":"https:\/\/api.w.org\/{rel}","templated":true}]}}