{"id":145178,"date":"2020-07-11T15:24:27","date_gmt":"2020-07-11T13:24:27","guid":{"rendered":"https:\/\/www.intoscana.it\/coronavirus-in-toscana-5-nuovi-casi-1-decesso-4-guarigioni\/"},"modified":"2020-08-10T09:31:37","modified_gmt":"2020-08-10T07:31:37","slug":"coronavirus-dati-11-luglio-2020","status":"publish","type":"post","link":"https:\/\/www.intoscana.it\/it\/coronavirus-dati-11-luglio-2020\/","title":{"rendered":"Coronavirus in Toscana: 5 nuovi casi, 1 decesso, 4 guarigioni"},"content":{"rendered":"<p><strong>In Toscana sono 10.321 i casi di positivit\u00e0 al Coronavirus, 5 in pi\u00f9 rispetto a ieri<\/strong>. I nuovi casi sono lo 0,05% in pi\u00f9 rispetto al totale del giorno precedente. I guariti crescono dello 0,05% e raggiungono quota 8.869 (l\u201985,9% dei casi totali).<strong> I tamponi eseguiti<\/strong> hanno raggiunto quota <strong>368.488<\/strong>, 2.470 in pi\u00f9 rispetto a ieri. Gli attualmente positivi sono oggi 330, stabili rispetto a ieri. <strong>Si registra 1 nuovo decesso: un uomo di 71 anni<\/strong>.<\/p>\n<p>Di seguito i casi di positivit\u00e0 sul territorio con la variazione rispetto a ieri.<strong> Sono 3.221 i casi complessivi ad oggi a Firenze (3 in pi\u00f9 rispetto a ieri),<\/strong> 542 a Prato (1 in pi\u00f9), 749 a Pistoia, 1.052 a Massa, 1.362 a Lucca, 932 a Pisa, 479 a Livorno, 682 ad Arezzo (1 in pi\u00f9), 429 a Siena, 402 a Grosseto. Sono 471 i casi positivi notificati in Toscana, ma residenti in altre regioni. 4 in pi\u00f9 quindi i casi riscontrati oggi nell\u2019Asl Centro, 0 nella Nord Ovest, 1 nella Sud Est.<\/p>\n<p><strong>La Toscana si conferma al 10\u00b0 posto in Italia come numerosit\u00e0 di casi<\/strong> (comprensivi di residenti e non residenti), con circa 277 casi per 100.000 abitanti (media italiana circa 402 x100.000, dato di ieri). Le province di notifica con il tasso pi\u00f9 alto sono Massa-Carrara con 540 casi x100.000 abitanti, Lucca con 351, Firenze con 318, la pi\u00f9 bassa Livorno con 143.<\/p>\n<p>Complessivamente, <strong>320 persone sono in isolamento a casa<\/strong>, poich\u00e9 presentano sintomi lievi che non richiedono cure ospedaliere, o risultano prive di sintomi&nbsp; (pi\u00f9 1 rispetto a ieri, pi\u00f9 0,3%).<br \/>Sono <strong>779 <\/strong>(meno 83 rispetto a ieri, meno 9,6%) le persone, anch\u2019esse isolate, <strong>in sorveglianza attiva<\/strong> perch\u00e9 hanno avuto contatti con persone contagiate (ASL Centro 447, Nord Ovest 254, Sud Est 78).<br \/><strong>Le persone ricoverate nei posti letto dedicati ai pazienti COVID oggi sono complessivamente 10<\/strong>, 1 in meno rispetto a ieri (meno 9,1%), di cui 3 in terapia intensiva (1 in pi\u00f9 rispetto a ieri). \u00c8 il punto pi\u00f9 basso raggiunto dal 2 marzo 2020 per i ricoveri totali.<\/p>\n<p><strong>Le persone complessivamente guarite salgono a 8.869<\/strong> (pi\u00f9 4 rispetto a ieri, pi\u00f9 0,05%): 166 persone \u201cclinicamente guarite\u201d (meno 2 rispetto a ieri, meno 1,2%), divenute cio\u00e8 asintomatiche dopo aver presentato manifestazioni cliniche associate all\u2019infezione e 8.703 (pi\u00f9 6 rispetto a ieri, pi\u00f9 0,1%) dichiarate guarite a tutti gli effetti, le cosiddette guarigioni virali, con doppio tampone negativo.<\/p>\n<p><strong>Oggi si registra 1 nuovo decesso: un uomo di 71 anni.<\/strong> Relativamente alla provincia di notifica, la persona deceduta \u00e8 a Pisa.<\/p>\n<p>Sono <strong>1.122 i deceduti dall\u2019inizio dell\u2019epidemia<\/strong> cosi ripartiti: 411 a Firenze, 52 a Prato, 81 a Pistoia, 171 a Massa Carrara, 142 a Lucca, 90 a Pisa, 61 a Livorno, 49 ad Arezzo, 33 a Siena, 24 a Grosseto, 8 persone sono decedute sul suolo toscano ma erano residenti fuori regione.<\/p>\n<p><strong>Il tasso grezzo di mortalit\u00e0 toscano<\/strong> (numero di deceduti\/popolazione residente)<strong> per Covid-19 \u00e8 di 30,1 x100.000 residenti contro il 57,9 x100.000 della media italiana<\/strong> (11\u00b0 regione). Per quanto riguarda le province, il tasso di mortalit\u00e0 pi\u00f9 alto si riscontra a Massa Carrara (87,7 x100.000), Firenze (40,6 x100.000) e Lucca (36,6 x100.000), il pi\u00f9 basso a Grosseto (10,8 x100.000).<\/p>\n","protected":false},"excerpt":{"rendered":"<p>Questi i dati accertati alle ore 12 dell&#8217;11 luglio sulla base delle richieste della Protezione Civile Nazionale e relativi all\u2019andamento dell\u2019epidemia di Covid19<\/p>\n","protected":false},"author":525,"featured_media":145674,"comment_status":"open","ping_status":"open","sticky":false,"template":"","format":"standard","meta":{"_acf_changed":false,"footnotes":""},"categories":[18],"tags":[],"class_list":["post-145178","post","type-post","status-publish","format-standard","has-post-thumbnail","hentry","category-salute"],"acf":[],"yoast_head":"<!-- This site is optimized with the Yoast SEO Premium plugin v24.2 (Yoast SEO v25.6) - https:\/\/yoast.com\/wordpress\/plugins\/seo\/ -->\n<title>Coronavirus in Toscana: 5 nuovi casi, 1 decesso, 4 guarigioni - intoscana<\/title>\n<meta name=\"robots\" content=\"index, follow, max-snippet:-1, max-image-preview:large, max-video-preview:-1\" \/>\n<link rel=\"canonical\" href=\"https:\/\/www.intoscana.it\/it\/coronavirus-dati-11-luglio-2020\/\" \/>\n<meta property=\"og:locale\" content=\"it_IT\" \/>\n<meta property=\"og:type\" content=\"article\" \/>\n<meta property=\"og:title\" content=\"Coronavirus in Toscana: 5 nuovi casi, 1 decesso, 4 guarigioni\" \/>\n<meta property=\"og:description\" content=\"Questi i dati accertati alle ore 12 dell&#039;11 luglio sulla base delle richieste della Protezione Civile Nazionale e relativi all\u2019andamento dell\u2019epidemia di Covid19\" \/>\n<meta property=\"og:url\" content=\"https:\/\/www.intoscana.it\/it\/coronavirus-dati-11-luglio-2020\/\" \/>\n<meta property=\"og:site_name\" content=\"intoscana\" \/>\n<meta property=\"article:publisher\" content=\"https:\/\/www.facebook.com\/intoscana.it\" \/>\n<meta property=\"article:published_time\" content=\"2020-07-11T13:24:27+00:00\" \/>\n<meta property=\"article:modified_time\" content=\"2020-08-10T07:31:37+00:00\" \/>\n<meta property=\"og:image\" content=\"https:\/\/www.intoscana.it\/wp-content\/uploads\/bambini-arcobaleno-covid-3.jpg\" \/>\n\t<meta property=\"og:image:width\" content=\"1000\" \/>\n\t<meta property=\"og:image:height\" content=\"667\" \/>\n\t<meta property=\"og:image:type\" content=\"image\/jpeg\" \/>\n<meta name=\"author\" content=\"Redazione\" \/>\n<meta name=\"twitter:card\" content=\"summary_large_image\" \/>\n<meta name=\"twitter:creator\" content=\"@intoscana\" \/>\n<meta name=\"twitter:site\" content=\"@intoscana\" \/>\n<meta name=\"twitter:label1\" content=\"Written by\" \/>\n\t<meta name=\"twitter:data1\" content=\"Redazione\" \/>\n\t<meta name=\"twitter:label2\" content=\"Est. reading time\" \/>\n\t<meta name=\"twitter:data2\" content=\"2 minuti\" \/>\n<script type=\"application\/ld+json\" class=\"yoast-schema-graph\">{\"@context\":\"https:\/\/schema.org\",\"@graph\":[{\"@type\":\"WebPage\",\"@id\":\"https:\/\/www.intoscana.it\/it\/coronavirus-dati-11-luglio-2020\/\",\"url\":\"https:\/\/www.intoscana.it\/it\/coronavirus-dati-11-luglio-2020\/\",\"name\":\"Coronavirus in Toscana: 5 nuovi casi, 1 decesso, 4 guarigioni - intoscana\",\"isPartOf\":{\"@id\":\"https:\/\/www.intoscana.it\/it\/#website\"},\"primaryImageOfPage\":{\"@id\":\"https:\/\/www.intoscana.it\/it\/coronavirus-dati-11-luglio-2020\/#primaryimage\"},\"image\":{\"@id\":\"https:\/\/www.intoscana.it\/it\/coronavirus-dati-11-luglio-2020\/#primaryimage\"},\"thumbnailUrl\":\"https:\/\/www.intoscana.it\/wp-content\/uploads\/bambini-arcobaleno-covid-3.jpg\",\"datePublished\":\"2020-07-11T13:24:27+00:00\",\"dateModified\":\"2020-08-10T07:31:37+00:00\",\"author\":{\"@id\":\"https:\/\/www.intoscana.it\/it\/#\/schema\/person\/9223810753230f20bd670fdd322661f8\"},\"breadcrumb\":{\"@id\":\"https:\/\/www.intoscana.it\/it\/coronavirus-dati-11-luglio-2020\/#breadcrumb\"},\"inLanguage\":\"it-IT\",\"potentialAction\":[{\"@type\":\"ReadAction\",\"target\":[\"https:\/\/www.intoscana.it\/it\/coronavirus-dati-11-luglio-2020\/\"]}]},{\"@type\":\"ImageObject\",\"inLanguage\":\"it-IT\",\"@id\":\"https:\/\/www.intoscana.it\/it\/coronavirus-dati-11-luglio-2020\/#primaryimage\",\"url\":\"https:\/\/www.intoscana.it\/wp-content\/uploads\/bambini-arcobaleno-covid-3.jpg\",\"contentUrl\":\"https:\/\/www.intoscana.it\/wp-content\/uploads\/bambini-arcobaleno-covid-3.jpg\",\"width\":1000,\"height\":667,\"caption\":\"Coronavirus: 5 nuovi casi, 1 decesso, 4 guarigioni\"},{\"@type\":\"BreadcrumbList\",\"@id\":\"https:\/\/www.intoscana.it\/it\/coronavirus-dati-11-luglio-2020\/#breadcrumb\",\"itemListElement\":[{\"@type\":\"ListItem\",\"position\":1,\"name\":\"Home\",\"item\":\"https:\/\/www.intoscana.it\/it\/\"},{\"@type\":\"ListItem\",\"position\":2,\"name\":\"Coronavirus in Toscana: 5 nuovi casi, 1 decesso, 4 guarigioni\"}]},{\"@type\":\"WebSite\",\"@id\":\"https:\/\/www.intoscana.it\/it\/#website\",\"url\":\"https:\/\/www.intoscana.it\/it\/\",\"name\":\"intoscana\",\"description\":\"\",\"potentialAction\":[{\"@type\":\"SearchAction\",\"target\":{\"@type\":\"EntryPoint\",\"urlTemplate\":\"https:\/\/www.intoscana.it\/it\/?s={search_term_string}\"},\"query-input\":{\"@type\":\"PropertyValueSpecification\",\"valueRequired\":true,\"valueName\":\"search_term_string\"}}],\"inLanguage\":\"it-IT\"},{\"@type\":\"Person\",\"@id\":\"https:\/\/www.intoscana.it\/it\/#\/schema\/person\/9223810753230f20bd670fdd322661f8\",\"name\":\"Redazione\",\"url\":\"https:\/\/www.intoscana.it\/it\/author\/redazione\/\"}]}<\/script>\n<!-- \/ Yoast SEO Premium plugin. -->","yoast_head_json":{"title":"Coronavirus in Toscana: 5 nuovi casi, 1 decesso, 4 guarigioni - intoscana","robots":{"index":"index","follow":"follow","max-snippet":"max-snippet:-1","max-image-preview":"max-image-preview:large","max-video-preview":"max-video-preview:-1"},"canonical":"https:\/\/www.intoscana.it\/it\/coronavirus-dati-11-luglio-2020\/","og_locale":"it_IT","og_type":"article","og_title":"Coronavirus in Toscana: 5 nuovi casi, 1 decesso, 4 guarigioni","og_description":"Questi i dati accertati alle ore 12 dell'11 luglio sulla base delle richieste della Protezione Civile Nazionale e relativi all\u2019andamento dell\u2019epidemia di Covid19","og_url":"https:\/\/www.intoscana.it\/it\/coronavirus-dati-11-luglio-2020\/","og_site_name":"intoscana","article_publisher":"https:\/\/www.facebook.com\/intoscana.it","article_published_time":"2020-07-11T13:24:27+00:00","article_modified_time":"2020-08-10T07:31:37+00:00","og_image":[{"width":1000,"height":667,"url":"https:\/\/www.intoscana.it\/wp-content\/uploads\/bambini-arcobaleno-covid-3.jpg","type":"image\/jpeg"}],"author":"Redazione","twitter_card":"summary_large_image","twitter_creator":"@intoscana","twitter_site":"@intoscana","twitter_misc":{"Written by":"Redazione","Est. reading time":"2 minuti"},"schema":{"@context":"https:\/\/schema.org","@graph":[{"@type":"WebPage","@id":"https:\/\/www.intoscana.it\/it\/coronavirus-dati-11-luglio-2020\/","url":"https:\/\/www.intoscana.it\/it\/coronavirus-dati-11-luglio-2020\/","name":"Coronavirus in Toscana: 5 nuovi casi, 1 decesso, 4 guarigioni - intoscana","isPartOf":{"@id":"https:\/\/www.intoscana.it\/it\/#website"},"primaryImageOfPage":{"@id":"https:\/\/www.intoscana.it\/it\/coronavirus-dati-11-luglio-2020\/#primaryimage"},"image":{"@id":"https:\/\/www.intoscana.it\/it\/coronavirus-dati-11-luglio-2020\/#primaryimage"},"thumbnailUrl":"https:\/\/www.intoscana.it\/wp-content\/uploads\/bambini-arcobaleno-covid-3.jpg","datePublished":"2020-07-11T13:24:27+00:00","dateModified":"2020-08-10T07:31:37+00:00","author":{"@id":"https:\/\/www.intoscana.it\/it\/#\/schema\/person\/9223810753230f20bd670fdd322661f8"},"breadcrumb":{"@id":"https:\/\/www.intoscana.it\/it\/coronavirus-dati-11-luglio-2020\/#breadcrumb"},"inLanguage":"it-IT","potentialAction":[{"@type":"ReadAction","target":["https:\/\/www.intoscana.it\/it\/coronavirus-dati-11-luglio-2020\/"]}]},{"@type":"ImageObject","inLanguage":"it-IT","@id":"https:\/\/www.intoscana.it\/it\/coronavirus-dati-11-luglio-2020\/#primaryimage","url":"https:\/\/www.intoscana.it\/wp-content\/uploads\/bambini-arcobaleno-covid-3.jpg","contentUrl":"https:\/\/www.intoscana.it\/wp-content\/uploads\/bambini-arcobaleno-covid-3.jpg","width":1000,"height":667,"caption":"Coronavirus: 5 nuovi casi, 1 decesso, 4 guarigioni"},{"@type":"BreadcrumbList","@id":"https:\/\/www.intoscana.it\/it\/coronavirus-dati-11-luglio-2020\/#breadcrumb","itemListElement":[{"@type":"ListItem","position":1,"name":"Home","item":"https:\/\/www.intoscana.it\/it\/"},{"@type":"ListItem","position":2,"name":"Coronavirus in Toscana: 5 nuovi casi, 1 decesso, 4 guarigioni"}]},{"@type":"WebSite","@id":"https:\/\/www.intoscana.it\/it\/#website","url":"https:\/\/www.intoscana.it\/it\/","name":"intoscana","description":"","potentialAction":[{"@type":"SearchAction","target":{"@type":"EntryPoint","urlTemplate":"https:\/\/www.intoscana.it\/it\/?s={search_term_string}"},"query-input":{"@type":"PropertyValueSpecification","valueRequired":true,"valueName":"search_term_string"}}],"inLanguage":"it-IT"},{"@type":"Person","@id":"https:\/\/www.intoscana.it\/it\/#\/schema\/person\/9223810753230f20bd670fdd322661f8","name":"Redazione","url":"https:\/\/www.intoscana.it\/it\/author\/redazione\/"}]}},"_links":{"self":[{"href":"https:\/\/www.intoscana.it\/it\/wp-json\/wp\/v2\/posts\/145178","targetHints":{"allow":["GET"]}}],"collection":[{"href":"https:\/\/www.intoscana.it\/it\/wp-json\/wp\/v2\/posts"}],"about":[{"href":"https:\/\/www.intoscana.it\/it\/wp-json\/wp\/v2\/types\/post"}],"author":[{"embeddable":true,"href":"https:\/\/www.intoscana.it\/it\/wp-json\/wp\/v2\/users\/525"}],"replies":[{"embeddable":true,"href":"https:\/\/www.intoscana.it\/it\/wp-json\/wp\/v2\/comments?post=145178"}],"version-history":[{"count":0,"href":"https:\/\/www.intoscana.it\/it\/wp-json\/wp\/v2\/posts\/145178\/revisions"}],"wp:featuredmedia":[{"embeddable":true,"href":"https:\/\/www.intoscana.it\/it\/wp-json\/wp\/v2\/media\/145674"}],"wp:attachment":[{"href":"https:\/\/www.intoscana.it\/it\/wp-json\/wp\/v2\/media?parent=145178"}],"wp:term":[{"taxonomy":"category","embeddable":true,"href":"https:\/\/www.intoscana.it\/it\/wp-json\/wp\/v2\/categories?post=145178"},{"taxonomy":"post_tag","embeddable":true,"href":"https:\/\/www.intoscana.it\/it\/wp-json\/wp\/v2\/tags?post=145178"}],"curies":[{"name":"wp","href":"https:\/\/api.w.org\/{rel}","templated":true}]}}