{"id":145183,"date":"2020-07-16T11:56:51","date_gmt":"2020-07-16T09:56:51","guid":{"rendered":"https:\/\/www.intoscana.it\/universita-di-siena-un-progetto-per-le-donne-vittime-di-violenza\/"},"modified":"2020-07-30T09:36:15","modified_gmt":"2020-07-30T07:36:15","slug":"universita-di-siena-un-progetto-per-le-donne-vittime-di-violenza","status":"publish","type":"post","link":"https:\/\/www.intoscana.it\/it\/universita-di-siena-un-progetto-per-le-donne-vittime-di-violenza\/","title":{"rendered":"Universit\u00e0 di Siena, un progetto per le donne vittime di violenza"},"content":{"rendered":"<p>Un progetto per aiutare <strong>le donne vittime di violenza di genere ad inserirsi nel mondo del lavoro.<\/strong><\/p>\n<p>L\u2019idea \u00e8 del professor <strong>Antonio Giordano<\/strong>, docente del dipartimento di Biotecnologie mediche <strong>dell&#8217;Universit\u00e0 di Siena<\/strong> e direttore dello Sbarro Institute for Cancer Research and Molecular Medicine della Temple University Philadelphia, e della <strong>criminologa Antonella Formicola,<\/strong> esperta in violenza di genere e femminicidio.<\/p>\n<p>Si chiama <strong>&#8220;Free and indipendent woman&#8221;<\/strong> e alla base c\u2019\u00e8 l\u2019idea di pensare al lavoro come strumento per recuperare la dignit\u00e0 che la violenza subita ha cercato di rubare a queste donne. Un obiettivo che si intende perseguire attraverso <strong>corsi di formazione gratuiti offerti dalle realt\u00e0 imprenditoriali del territorio.<\/strong><\/p>\n<p>La violenza di genere \u00e8 una piaga sociale tristemente in aumento. Anche il lockdown ha evidenziato come siano sempre di pi\u00f9 <strong>le donne maltrattate e vittime soprattutto tra le mura domestiche<\/strong>. La convivenza forzata, la situazione generale, lo stravolgimento delle abitudini hanno acuito la problematica portando ad un <strong>incremento di richieste di aiuto pervenute ai numeri dedicate.<\/strong><\/p>\n<p><strong>Secondo i dati raccolti dalla Polizia criminale sulla violenza di genere a maggio, i\u00a0maltrattamenti\u00a0risultano in numero maggiore<\/strong> rispetto all&#8217;analogo periodo dell\u2019anno precedente, tra gennaio e maggio 2020 anche la percentuale di donne vittime di violenze sessuali \u00e8 incrementata passando <strong>dal 93% di gennaio 2020 al 96% di maggio.<\/strong> Una percentuale che nello stesso mese del 2019 si attestava intorno all&#8217;89%. Percentuali altissime, troppo alte, che scattano una fotografia drammatica della situazione.<\/p>\n<p>Per questo sono fondamentali progetti come quello dell\u2019universit\u00e0 di Siena: &#8220;Considero questo progetto \u00a0&#8211; <strong>ha dichiarato il professore Giordano<\/strong> \u00a0&#8211; <strong>una priorit\u00e0 morale, civile ma anche di educazione sentimentale<\/strong> e di consapevole espressione dei sentimenti&#8221;.<\/p>\n<p>&#8220;Le donne vittime di violenza \u2013 ha aggiunto la dottoressa Formicola \u2013 vengono private della loro autostima e quindi aiutarle nell&#8217;inserimento lavorativo \u00e8 fondamentale per spronarle a recuperare la loro identit\u00e0. Aiutarle a realizzare i propri sogni \u00e8 importante. Hanno bisogno di sicurezze e soprattutto di poter continuare a credere che una volta uscite dal tunnel buio della violenza fuori c&#8217;\u00e8 ancora un mondo pronto ad <strong>accoglierle ed aiutarle a raggiungere i loro traguardi&#8221;.<\/strong><\/p>\n","protected":false},"excerpt":{"rendered":"<p>Si chiama &#8220;Free and indipendent woman&#8221;, \u00e8 promosso dal professor Antonio Giordano, e intende aiutare le vittime attraverso il reinserimento nel mondo del lavoro<\/p>\n","protected":false},"author":525,"featured_media":145713,"comment_status":"open","ping_status":"open","sticky":false,"template":"","format":"standard","meta":{"_acf_changed":false,"footnotes":""},"categories":[475,12],"tags":[411],"class_list":["post-145183","post","type-post","status-publish","format-standard","has-post-thumbnail","hentry","category-innovazione","category-universita","tag-donne"],"acf":[],"yoast_head":"<!-- This site is optimized with the Yoast SEO Premium plugin v24.2 (Yoast SEO v25.6) - https:\/\/yoast.com\/wordpress\/plugins\/seo\/ -->\n<title>Universit\u00e0 di Siena, un progetto per le donne vittime di violenza - intoscana<\/title>\n<meta name=\"description\" content=\"Previsti corsi di formazione gratuiti offerti dalle aziende presenti sul territorio\" \/>\n<meta name=\"robots\" content=\"index, follow, max-snippet:-1, max-image-preview:large, max-video-preview:-1\" \/>\n<link rel=\"canonical\" href=\"https:\/\/www.intoscana.it\/it\/universita-di-siena-un-progetto-per-le-donne-vittime-di-violenza\/\" \/>\n<meta property=\"og:locale\" content=\"it_IT\" \/>\n<meta property=\"og:type\" content=\"article\" \/>\n<meta property=\"og:title\" content=\"Universit\u00e0 di Siena, un progetto per le donne vittime di violenza\" \/>\n<meta property=\"og:description\" content=\"Previsti corsi di formazione gratuiti offerti dalle aziende presenti sul territorio\" \/>\n<meta property=\"og:url\" content=\"https:\/\/www.intoscana.it\/it\/universita-di-siena-un-progetto-per-le-donne-vittime-di-violenza\/\" \/>\n<meta property=\"og:site_name\" content=\"intoscana\" \/>\n<meta property=\"article:publisher\" content=\"https:\/\/www.facebook.com\/intoscana.it\" \/>\n<meta property=\"article:published_time\" content=\"2020-07-16T09:56:51+00:00\" \/>\n<meta property=\"article:modified_time\" content=\"2020-07-30T07:36:15+00:00\" \/>\n<meta property=\"og:image\" content=\"https:\/\/www.intoscana.it\/wp-content\/uploads\/shutterstock_1501308344-1.jpg\" \/>\n\t<meta property=\"og:image:width\" content=\"2000\" \/>\n\t<meta property=\"og:image:height\" content=\"1333\" \/>\n\t<meta property=\"og:image:type\" content=\"image\/jpeg\" \/>\n<meta name=\"author\" content=\"Redazione\" \/>\n<meta name=\"twitter:card\" content=\"summary_large_image\" \/>\n<meta name=\"twitter:creator\" content=\"@intoscana\" \/>\n<meta name=\"twitter:site\" content=\"@intoscana\" \/>\n<meta name=\"twitter:label1\" content=\"Written by\" \/>\n\t<meta name=\"twitter:data1\" content=\"Redazione\" \/>\n\t<meta name=\"twitter:label2\" content=\"Est. reading time\" \/>\n\t<meta name=\"twitter:data2\" content=\"2 minuti\" \/>\n<script type=\"application\/ld+json\" class=\"yoast-schema-graph\">{\"@context\":\"https:\/\/schema.org\",\"@graph\":[{\"@type\":\"WebPage\",\"@id\":\"https:\/\/www.intoscana.it\/it\/universita-di-siena-un-progetto-per-le-donne-vittime-di-violenza\/\",\"url\":\"https:\/\/www.intoscana.it\/it\/universita-di-siena-un-progetto-per-le-donne-vittime-di-violenza\/\",\"name\":\"Universit\u00e0 di Siena, un progetto per le donne vittime di violenza - intoscana\",\"isPartOf\":{\"@id\":\"https:\/\/www.intoscana.it\/it\/#website\"},\"primaryImageOfPage\":{\"@id\":\"https:\/\/www.intoscana.it\/it\/universita-di-siena-un-progetto-per-le-donne-vittime-di-violenza\/#primaryimage\"},\"image\":{\"@id\":\"https:\/\/www.intoscana.it\/it\/universita-di-siena-un-progetto-per-le-donne-vittime-di-violenza\/#primaryimage\"},\"thumbnailUrl\":\"https:\/\/www.intoscana.it\/wp-content\/uploads\/shutterstock_1501308344-1.jpg\",\"datePublished\":\"2020-07-16T09:56:51+00:00\",\"dateModified\":\"2020-07-30T07:36:15+00:00\",\"author\":{\"@id\":\"https:\/\/www.intoscana.it\/it\/#\/schema\/person\/9223810753230f20bd670fdd322661f8\"},\"description\":\"Previsti corsi di formazione gratuiti offerti dalle aziende presenti sul territorio\",\"breadcrumb\":{\"@id\":\"https:\/\/www.intoscana.it\/it\/universita-di-siena-un-progetto-per-le-donne-vittime-di-violenza\/#breadcrumb\"},\"inLanguage\":\"it-IT\",\"potentialAction\":[{\"@type\":\"ReadAction\",\"target\":[\"https:\/\/www.intoscana.it\/it\/universita-di-siena-un-progetto-per-le-donne-vittime-di-violenza\/\"]}]},{\"@type\":\"ImageObject\",\"inLanguage\":\"it-IT\",\"@id\":\"https:\/\/www.intoscana.it\/it\/universita-di-siena-un-progetto-per-le-donne-vittime-di-violenza\/#primaryimage\",\"url\":\"https:\/\/www.intoscana.it\/wp-content\/uploads\/shutterstock_1501308344-1.jpg\",\"contentUrl\":\"https:\/\/www.intoscana.it\/wp-content\/uploads\/shutterstock_1501308344-1.jpg\",\"width\":2000,\"height\":1333},{\"@type\":\"BreadcrumbList\",\"@id\":\"https:\/\/www.intoscana.it\/it\/universita-di-siena-un-progetto-per-le-donne-vittime-di-violenza\/#breadcrumb\",\"itemListElement\":[{\"@type\":\"ListItem\",\"position\":1,\"name\":\"Home\",\"item\":\"https:\/\/www.intoscana.it\/it\/\"},{\"@type\":\"ListItem\",\"position\":2,\"name\":\"Universit\u00e0 di Siena, un progetto per le donne vittime di violenza\"}]},{\"@type\":\"WebSite\",\"@id\":\"https:\/\/www.intoscana.it\/it\/#website\",\"url\":\"https:\/\/www.intoscana.it\/it\/\",\"name\":\"intoscana\",\"description\":\"\",\"potentialAction\":[{\"@type\":\"SearchAction\",\"target\":{\"@type\":\"EntryPoint\",\"urlTemplate\":\"https:\/\/www.intoscana.it\/it\/?s={search_term_string}\"},\"query-input\":{\"@type\":\"PropertyValueSpecification\",\"valueRequired\":true,\"valueName\":\"search_term_string\"}}],\"inLanguage\":\"it-IT\"},{\"@type\":\"Person\",\"@id\":\"https:\/\/www.intoscana.it\/it\/#\/schema\/person\/9223810753230f20bd670fdd322661f8\",\"name\":\"Redazione\",\"url\":\"https:\/\/www.intoscana.it\/it\/author\/redazione\/\"}]}<\/script>\n<!-- \/ Yoast SEO Premium plugin. -->","yoast_head_json":{"title":"Universit\u00e0 di Siena, un progetto per le donne vittime di violenza - intoscana","description":"Previsti corsi di formazione gratuiti offerti dalle aziende presenti sul territorio","robots":{"index":"index","follow":"follow","max-snippet":"max-snippet:-1","max-image-preview":"max-image-preview:large","max-video-preview":"max-video-preview:-1"},"canonical":"https:\/\/www.intoscana.it\/it\/universita-di-siena-un-progetto-per-le-donne-vittime-di-violenza\/","og_locale":"it_IT","og_type":"article","og_title":"Universit\u00e0 di Siena, un progetto per le donne vittime di violenza","og_description":"Previsti corsi di formazione gratuiti offerti dalle aziende presenti sul territorio","og_url":"https:\/\/www.intoscana.it\/it\/universita-di-siena-un-progetto-per-le-donne-vittime-di-violenza\/","og_site_name":"intoscana","article_publisher":"https:\/\/www.facebook.com\/intoscana.it","article_published_time":"2020-07-16T09:56:51+00:00","article_modified_time":"2020-07-30T07:36:15+00:00","og_image":[{"width":2000,"height":1333,"url":"https:\/\/www.intoscana.it\/wp-content\/uploads\/shutterstock_1501308344-1.jpg","type":"image\/jpeg"}],"author":"Redazione","twitter_card":"summary_large_image","twitter_creator":"@intoscana","twitter_site":"@intoscana","twitter_misc":{"Written by":"Redazione","Est. reading time":"2 minuti"},"schema":{"@context":"https:\/\/schema.org","@graph":[{"@type":"WebPage","@id":"https:\/\/www.intoscana.it\/it\/universita-di-siena-un-progetto-per-le-donne-vittime-di-violenza\/","url":"https:\/\/www.intoscana.it\/it\/universita-di-siena-un-progetto-per-le-donne-vittime-di-violenza\/","name":"Universit\u00e0 di Siena, un progetto per le donne vittime di violenza - intoscana","isPartOf":{"@id":"https:\/\/www.intoscana.it\/it\/#website"},"primaryImageOfPage":{"@id":"https:\/\/www.intoscana.it\/it\/universita-di-siena-un-progetto-per-le-donne-vittime-di-violenza\/#primaryimage"},"image":{"@id":"https:\/\/www.intoscana.it\/it\/universita-di-siena-un-progetto-per-le-donne-vittime-di-violenza\/#primaryimage"},"thumbnailUrl":"https:\/\/www.intoscana.it\/wp-content\/uploads\/shutterstock_1501308344-1.jpg","datePublished":"2020-07-16T09:56:51+00:00","dateModified":"2020-07-30T07:36:15+00:00","author":{"@id":"https:\/\/www.intoscana.it\/it\/#\/schema\/person\/9223810753230f20bd670fdd322661f8"},"description":"Previsti corsi di formazione gratuiti offerti dalle aziende presenti sul territorio","breadcrumb":{"@id":"https:\/\/www.intoscana.it\/it\/universita-di-siena-un-progetto-per-le-donne-vittime-di-violenza\/#breadcrumb"},"inLanguage":"it-IT","potentialAction":[{"@type":"ReadAction","target":["https:\/\/www.intoscana.it\/it\/universita-di-siena-un-progetto-per-le-donne-vittime-di-violenza\/"]}]},{"@type":"ImageObject","inLanguage":"it-IT","@id":"https:\/\/www.intoscana.it\/it\/universita-di-siena-un-progetto-per-le-donne-vittime-di-violenza\/#primaryimage","url":"https:\/\/www.intoscana.it\/wp-content\/uploads\/shutterstock_1501308344-1.jpg","contentUrl":"https:\/\/www.intoscana.it\/wp-content\/uploads\/shutterstock_1501308344-1.jpg","width":2000,"height":1333},{"@type":"BreadcrumbList","@id":"https:\/\/www.intoscana.it\/it\/universita-di-siena-un-progetto-per-le-donne-vittime-di-violenza\/#breadcrumb","itemListElement":[{"@type":"ListItem","position":1,"name":"Home","item":"https:\/\/www.intoscana.it\/it\/"},{"@type":"ListItem","position":2,"name":"Universit\u00e0 di Siena, un progetto per le donne vittime di violenza"}]},{"@type":"WebSite","@id":"https:\/\/www.intoscana.it\/it\/#website","url":"https:\/\/www.intoscana.it\/it\/","name":"intoscana","description":"","potentialAction":[{"@type":"SearchAction","target":{"@type":"EntryPoint","urlTemplate":"https:\/\/www.intoscana.it\/it\/?s={search_term_string}"},"query-input":{"@type":"PropertyValueSpecification","valueRequired":true,"valueName":"search_term_string"}}],"inLanguage":"it-IT"},{"@type":"Person","@id":"https:\/\/www.intoscana.it\/it\/#\/schema\/person\/9223810753230f20bd670fdd322661f8","name":"Redazione","url":"https:\/\/www.intoscana.it\/it\/author\/redazione\/"}]}},"_links":{"self":[{"href":"https:\/\/www.intoscana.it\/it\/wp-json\/wp\/v2\/posts\/145183","targetHints":{"allow":["GET"]}}],"collection":[{"href":"https:\/\/www.intoscana.it\/it\/wp-json\/wp\/v2\/posts"}],"about":[{"href":"https:\/\/www.intoscana.it\/it\/wp-json\/wp\/v2\/types\/post"}],"author":[{"embeddable":true,"href":"https:\/\/www.intoscana.it\/it\/wp-json\/wp\/v2\/users\/525"}],"replies":[{"embeddable":true,"href":"https:\/\/www.intoscana.it\/it\/wp-json\/wp\/v2\/comments?post=145183"}],"version-history":[{"count":0,"href":"https:\/\/www.intoscana.it\/it\/wp-json\/wp\/v2\/posts\/145183\/revisions"}],"wp:featuredmedia":[{"embeddable":true,"href":"https:\/\/www.intoscana.it\/it\/wp-json\/wp\/v2\/media\/145713"}],"wp:attachment":[{"href":"https:\/\/www.intoscana.it\/it\/wp-json\/wp\/v2\/media?parent=145183"}],"wp:term":[{"taxonomy":"category","embeddable":true,"href":"https:\/\/www.intoscana.it\/it\/wp-json\/wp\/v2\/categories?post=145183"},{"taxonomy":"post_tag","embeddable":true,"href":"https:\/\/www.intoscana.it\/it\/wp-json\/wp\/v2\/tags?post=145183"}],"curies":[{"name":"wp","href":"https:\/\/api.w.org\/{rel}","templated":true}]}}