{"id":145184,"date":"2020-07-14T10:05:07","date_gmt":"2020-07-14T08:05:07","guid":{"rendered":"https:\/\/www.intoscana.it\/coronavirus-donate-al-meyer-1000-mascherine-con-super-eroi\/"},"modified":"2020-08-10T09:31:44","modified_gmt":"2020-08-10T07:31:44","slug":"mascherine-meyer","status":"publish","type":"post","link":"https:\/\/www.intoscana.it\/it\/mascherine-meyer\/","title":{"rendered":"Coronavirus: donate al Meyer 1000 mascherine con super-eroi\u00a0"},"content":{"rendered":"<p><strong>Mille mascherine con i personaggi pi\u00f9 amati dai bambini<\/strong> sono state donate all&#8217;Azienda ospedaliero universitaria Meyer di Firenze, per rendere pi\u00f9 gioiosa la convalescenza dei piccoli pazienti ricoverati nella struttura. <\/p>\n<p>&#8220;\u00c8 <strong>un altro grande esempio di generosit\u00e0 e sensibilit\u00e0 del nostro territorio verso le persone pi\u00f9 fragili<\/strong> e che ogni giorno lottano contro la sofferenza inflitta dalla malattia. In questo caso, la donazione \u00e8 stata messa al servizio dei pi\u00f9 piccoli, di quei bambini che, nonostante la degenza, potranno distrarsi un po&#8217;, giocando con i loro beniamini, protagonisti di tante avventure straordinarie, che alimentano la loro fantasia e immaginazione&#8221;, <strong>ha detto l&#8217;assessore al diritto alla salute, Stefania Saccardi,<\/strong> nel ringraziare <strong>l&#8217;imprenditore Massimiliano Parri, titolare di Stamperia fiorentina,<\/strong> azienda del distretto tessile pratese, e<strong> l&#8217;illustratore fumettista Niccol\u00f2 Storai,<\/strong> per avere messo al servizio dei piccoli degenti la loro professionalit\u00e0 e competenza, in modo del tutto altruistico. <\/p>\n<p>&#8220;\u00c8 un progetto a cui teniamo molto &#8211; ha dichiarato l&#8217;imprenditore Parri&nbsp; &#8211; <strong>la sofferenza dei bambini ci spezza il cuore e se possiamo essere in qualche modo di aiuto, ci fa davvero molto piacere.<\/strong> La nostra azienda \u00e8 nel settore tessile dal 1962. In seguito all&#8217;emergenza Covid abbiamo riconvertito la produzione, realizzando dispositivi sanitari protettivi. Abbiamo gi\u00e0 effettuato altre donazioni. Questa volta, grazie all&#8217;incontro con Niccol\u00f2, ci siamo spinti oltre. Abbiamo cos\u00ec studiato qualcosa che fosse pi\u00f9 innovativo e adatto ai bambini&#8221;. &#8220;Ho accettato immediatamente, perch\u00e9 ritengo che si debba restituire qualcosa agli altri, soprattutto se si ha la fortuna di fare il mestiere che piace &#8211; aggiunge Storai &#8211; credo che ciascuno di noi debba aiutare, per quello che pu\u00f2, la ricerca e strutture come il Meyer. Pi\u00f9 siamo, pi\u00f9 importanti saranno i risultati, che potremo realizzare&#8221;. <\/p>\n","protected":false},"excerpt":{"rendered":"<p>Sono state realizzate dall&#8217;azienda tessile Stamperia Fiorentina con i disegni dell&#8217;illustratore Niccol\u00f2 Storai<\/p>\n","protected":false},"author":525,"featured_media":145680,"comment_status":"open","ping_status":"open","sticky":false,"template":"","format":"standard","meta":{"_acf_changed":false,"footnotes":""},"categories":[18],"tags":[],"class_list":["post-145184","post","type-post","status-publish","format-standard","has-post-thumbnail","hentry","category-salute"],"acf":[],"yoast_head":"<!-- This site is optimized with the Yoast SEO Premium plugin v24.2 (Yoast SEO v25.6) - https:\/\/yoast.com\/wordpress\/plugins\/seo\/ -->\n<title>Coronavirus: donate al Meyer 1000 mascherine con super-eroi\u00a0 - intoscana<\/title>\n<meta name=\"robots\" content=\"index, follow, max-snippet:-1, max-image-preview:large, max-video-preview:-1\" \/>\n<link rel=\"canonical\" href=\"https:\/\/www.intoscana.it\/it\/mascherine-meyer\/\" \/>\n<meta property=\"og:locale\" content=\"it_IT\" \/>\n<meta property=\"og:type\" content=\"article\" \/>\n<meta property=\"og:title\" content=\"Coronavirus: donate al Meyer 1000 mascherine con super-eroi\u00a0\" \/>\n<meta property=\"og:description\" content=\"Sono state realizzate dall&#039;azienda tessile Stamperia Fiorentina con i disegni dell&#039;illustratore Niccol\u00f2 Storai\" \/>\n<meta property=\"og:url\" content=\"https:\/\/www.intoscana.it\/it\/mascherine-meyer\/\" \/>\n<meta property=\"og:site_name\" content=\"intoscana\" \/>\n<meta property=\"article:publisher\" content=\"https:\/\/www.facebook.com\/intoscana.it\" \/>\n<meta property=\"article:published_time\" content=\"2020-07-14T08:05:07+00:00\" \/>\n<meta property=\"article:modified_time\" content=\"2020-08-10T07:31:44+00:00\" \/>\n<meta property=\"og:image\" content=\"https:\/\/www.intoscana.it\/wp-content\/uploads\/img_6251.jpg\" \/>\n\t<meta property=\"og:image:width\" content=\"960\" \/>\n\t<meta property=\"og:image:height\" content=\"720\" \/>\n\t<meta property=\"og:image:type\" content=\"image\/jpeg\" \/>\n<meta name=\"author\" content=\"Redazione\" \/>\n<meta name=\"twitter:card\" content=\"summary_large_image\" \/>\n<meta name=\"twitter:creator\" content=\"@intoscana\" \/>\n<meta name=\"twitter:site\" content=\"@intoscana\" \/>\n<meta name=\"twitter:label1\" content=\"Written by\" \/>\n\t<meta name=\"twitter:data1\" content=\"Redazione\" \/>\n\t<meta name=\"twitter:label2\" content=\"Est. reading time\" \/>\n\t<meta name=\"twitter:data2\" content=\"1 minuto\" \/>\n<script type=\"application\/ld+json\" class=\"yoast-schema-graph\">{\"@context\":\"https:\/\/schema.org\",\"@graph\":[{\"@type\":\"WebPage\",\"@id\":\"https:\/\/www.intoscana.it\/it\/mascherine-meyer\/\",\"url\":\"https:\/\/www.intoscana.it\/it\/mascherine-meyer\/\",\"name\":\"Coronavirus: donate al Meyer 1000 mascherine con super-eroi\u00a0 - intoscana\",\"isPartOf\":{\"@id\":\"https:\/\/www.intoscana.it\/it\/#website\"},\"primaryImageOfPage\":{\"@id\":\"https:\/\/www.intoscana.it\/it\/mascherine-meyer\/#primaryimage\"},\"image\":{\"@id\":\"https:\/\/www.intoscana.it\/it\/mascherine-meyer\/#primaryimage\"},\"thumbnailUrl\":\"https:\/\/www.intoscana.it\/wp-content\/uploads\/img_6251.jpg\",\"datePublished\":\"2020-07-14T08:05:07+00:00\",\"dateModified\":\"2020-08-10T07:31:44+00:00\",\"author\":{\"@id\":\"https:\/\/www.intoscana.it\/it\/#\/schema\/person\/9223810753230f20bd670fdd322661f8\"},\"breadcrumb\":{\"@id\":\"https:\/\/www.intoscana.it\/it\/mascherine-meyer\/#breadcrumb\"},\"inLanguage\":\"it-IT\",\"potentialAction\":[{\"@type\":\"ReadAction\",\"target\":[\"https:\/\/www.intoscana.it\/it\/mascherine-meyer\/\"]}]},{\"@type\":\"ImageObject\",\"inLanguage\":\"it-IT\",\"@id\":\"https:\/\/www.intoscana.it\/it\/mascherine-meyer\/#primaryimage\",\"url\":\"https:\/\/www.intoscana.it\/wp-content\/uploads\/img_6251.jpg\",\"contentUrl\":\"https:\/\/www.intoscana.it\/wp-content\/uploads\/img_6251.jpg\",\"width\":960,\"height\":720,\"caption\":\"Coronavirus: donate al Meyer 1000 mascherine con super-eroi\u00a0\"},{\"@type\":\"BreadcrumbList\",\"@id\":\"https:\/\/www.intoscana.it\/it\/mascherine-meyer\/#breadcrumb\",\"itemListElement\":[{\"@type\":\"ListItem\",\"position\":1,\"name\":\"Home\",\"item\":\"https:\/\/www.intoscana.it\/it\/\"},{\"@type\":\"ListItem\",\"position\":2,\"name\":\"Coronavirus: donate al Meyer 1000 mascherine con super-eroi\u00a0\"}]},{\"@type\":\"WebSite\",\"@id\":\"https:\/\/www.intoscana.it\/it\/#website\",\"url\":\"https:\/\/www.intoscana.it\/it\/\",\"name\":\"intoscana\",\"description\":\"\",\"potentialAction\":[{\"@type\":\"SearchAction\",\"target\":{\"@type\":\"EntryPoint\",\"urlTemplate\":\"https:\/\/www.intoscana.it\/it\/?s={search_term_string}\"},\"query-input\":{\"@type\":\"PropertyValueSpecification\",\"valueRequired\":true,\"valueName\":\"search_term_string\"}}],\"inLanguage\":\"it-IT\"},{\"@type\":\"Person\",\"@id\":\"https:\/\/www.intoscana.it\/it\/#\/schema\/person\/9223810753230f20bd670fdd322661f8\",\"name\":\"Redazione\",\"url\":\"https:\/\/www.intoscana.it\/it\/author\/redazione\/\"}]}<\/script>\n<!-- \/ Yoast SEO Premium plugin. -->","yoast_head_json":{"title":"Coronavirus: donate al Meyer 1000 mascherine con super-eroi\u00a0 - intoscana","robots":{"index":"index","follow":"follow","max-snippet":"max-snippet:-1","max-image-preview":"max-image-preview:large","max-video-preview":"max-video-preview:-1"},"canonical":"https:\/\/www.intoscana.it\/it\/mascherine-meyer\/","og_locale":"it_IT","og_type":"article","og_title":"Coronavirus: donate al Meyer 1000 mascherine con super-eroi\u00a0","og_description":"Sono state realizzate dall'azienda tessile Stamperia Fiorentina con i disegni dell'illustratore Niccol\u00f2 Storai","og_url":"https:\/\/www.intoscana.it\/it\/mascherine-meyer\/","og_site_name":"intoscana","article_publisher":"https:\/\/www.facebook.com\/intoscana.it","article_published_time":"2020-07-14T08:05:07+00:00","article_modified_time":"2020-08-10T07:31:44+00:00","og_image":[{"width":960,"height":720,"url":"https:\/\/www.intoscana.it\/wp-content\/uploads\/img_6251.jpg","type":"image\/jpeg"}],"author":"Redazione","twitter_card":"summary_large_image","twitter_creator":"@intoscana","twitter_site":"@intoscana","twitter_misc":{"Written by":"Redazione","Est. reading time":"1 minuto"},"schema":{"@context":"https:\/\/schema.org","@graph":[{"@type":"WebPage","@id":"https:\/\/www.intoscana.it\/it\/mascherine-meyer\/","url":"https:\/\/www.intoscana.it\/it\/mascherine-meyer\/","name":"Coronavirus: donate al Meyer 1000 mascherine con super-eroi\u00a0 - intoscana","isPartOf":{"@id":"https:\/\/www.intoscana.it\/it\/#website"},"primaryImageOfPage":{"@id":"https:\/\/www.intoscana.it\/it\/mascherine-meyer\/#primaryimage"},"image":{"@id":"https:\/\/www.intoscana.it\/it\/mascherine-meyer\/#primaryimage"},"thumbnailUrl":"https:\/\/www.intoscana.it\/wp-content\/uploads\/img_6251.jpg","datePublished":"2020-07-14T08:05:07+00:00","dateModified":"2020-08-10T07:31:44+00:00","author":{"@id":"https:\/\/www.intoscana.it\/it\/#\/schema\/person\/9223810753230f20bd670fdd322661f8"},"breadcrumb":{"@id":"https:\/\/www.intoscana.it\/it\/mascherine-meyer\/#breadcrumb"},"inLanguage":"it-IT","potentialAction":[{"@type":"ReadAction","target":["https:\/\/www.intoscana.it\/it\/mascherine-meyer\/"]}]},{"@type":"ImageObject","inLanguage":"it-IT","@id":"https:\/\/www.intoscana.it\/it\/mascherine-meyer\/#primaryimage","url":"https:\/\/www.intoscana.it\/wp-content\/uploads\/img_6251.jpg","contentUrl":"https:\/\/www.intoscana.it\/wp-content\/uploads\/img_6251.jpg","width":960,"height":720,"caption":"Coronavirus: donate al Meyer 1000 mascherine con super-eroi\u00a0"},{"@type":"BreadcrumbList","@id":"https:\/\/www.intoscana.it\/it\/mascherine-meyer\/#breadcrumb","itemListElement":[{"@type":"ListItem","position":1,"name":"Home","item":"https:\/\/www.intoscana.it\/it\/"},{"@type":"ListItem","position":2,"name":"Coronavirus: donate al Meyer 1000 mascherine con super-eroi\u00a0"}]},{"@type":"WebSite","@id":"https:\/\/www.intoscana.it\/it\/#website","url":"https:\/\/www.intoscana.it\/it\/","name":"intoscana","description":"","potentialAction":[{"@type":"SearchAction","target":{"@type":"EntryPoint","urlTemplate":"https:\/\/www.intoscana.it\/it\/?s={search_term_string}"},"query-input":{"@type":"PropertyValueSpecification","valueRequired":true,"valueName":"search_term_string"}}],"inLanguage":"it-IT"},{"@type":"Person","@id":"https:\/\/www.intoscana.it\/it\/#\/schema\/person\/9223810753230f20bd670fdd322661f8","name":"Redazione","url":"https:\/\/www.intoscana.it\/it\/author\/redazione\/"}]}},"_links":{"self":[{"href":"https:\/\/www.intoscana.it\/it\/wp-json\/wp\/v2\/posts\/145184","targetHints":{"allow":["GET"]}}],"collection":[{"href":"https:\/\/www.intoscana.it\/it\/wp-json\/wp\/v2\/posts"}],"about":[{"href":"https:\/\/www.intoscana.it\/it\/wp-json\/wp\/v2\/types\/post"}],"author":[{"embeddable":true,"href":"https:\/\/www.intoscana.it\/it\/wp-json\/wp\/v2\/users\/525"}],"replies":[{"embeddable":true,"href":"https:\/\/www.intoscana.it\/it\/wp-json\/wp\/v2\/comments?post=145184"}],"version-history":[{"count":0,"href":"https:\/\/www.intoscana.it\/it\/wp-json\/wp\/v2\/posts\/145184\/revisions"}],"wp:featuredmedia":[{"embeddable":true,"href":"https:\/\/www.intoscana.it\/it\/wp-json\/wp\/v2\/media\/145680"}],"wp:attachment":[{"href":"https:\/\/www.intoscana.it\/it\/wp-json\/wp\/v2\/media?parent=145184"}],"wp:term":[{"taxonomy":"category","embeddable":true,"href":"https:\/\/www.intoscana.it\/it\/wp-json\/wp\/v2\/categories?post=145184"},{"taxonomy":"post_tag","embeddable":true,"href":"https:\/\/www.intoscana.it\/it\/wp-json\/wp\/v2\/tags?post=145184"}],"curies":[{"name":"wp","href":"https:\/\/api.w.org\/{rel}","templated":true}]}}