{"id":145185,"date":"2020-07-01T13:24:28","date_gmt":"2020-07-01T11:24:28","guid":{"rendered":"https:\/\/www.intoscana.it\/coronavirus-in-toscana-4-nuovi-casi-2-decessi-8-guarigioni\/"},"modified":"2020-08-10T09:31:44","modified_gmt":"2020-08-10T07:31:44","slug":"coronavirus-dati-del-1-luglio-2020","status":"publish","type":"post","link":"https:\/\/www.intoscana.it\/it\/coronavirus-dati-del-1-luglio-2020\/","title":{"rendered":"Coronavirus in Toscana: 4 nuovi casi, 2 decessi, 8 guarigioni"},"content":{"rendered":"<p><strong>In Toscana sono 10.254 i casi di positivit\u00e0 al Coronavirus, 4 in pi\u00f9 rispetto a ieri<\/strong>. I nuovi casi sono lo 0,04% in pi\u00f9 rispetto al totale del giorno precedente. I <strong>guariti <\/strong>crescono dello 0,1% e raggiungono quota <strong>8.825<\/strong> (l\u201986,1% dei casi totali). I <strong>tamponi eseguiti<\/strong> hanno raggiunto quota <strong>341.165<\/strong>, 4.055 in pi\u00f9 rispetto a ieri. Gli attualmente positivi sono oggi 323, -1,8% rispetto a ieri. <strong>Si registrano 2 nuovi decessi: 1 uomo e 1 donna, con un\u2019et\u00e0 media di 73 anni<\/strong>.<\/p>\n<p><strong>Questi i dati &#8211; accertati alle ore 12 di mercoled\u00ec primo luglio 2020<\/strong> sulla base delle richieste della Protezione Civile Nazionale &#8211; relativi all\u2019andamento dell\u2019epidemia in regione.<\/p>\n<p>Si ricorda che a partire dal 24 giugno 2020, <strong>il Ministero della Salute ha modificato il sistema di rilevazione dei dati sulla diffusione del Covid-19.<\/strong> I casi positivi non sono pi\u00f9 indicati secondo la provincia di notifica, bens\u00ec in base alla provincia di residenza o domicilio.<\/p>\n<p><strong>Di seguito i casi di positivit\u00e0 sul territorio<\/strong> con la variazione rispetto a ieri. Sono 3.192 i casi complessivi a oggi a Firenze, 534 a Prato (2 in pi\u00f9), 747 a Pistoia, 1.051 a Massa, 1.351 a Lucca, 930 a Pisa, 477 a Livorno, 676 ad Arezzo, 429 a Siena (2 in pi\u00f9), 396 a Grosseto. Sono 471 i casi positivi notificati in Toscana, ma residenti in altre regioni. Due in pi\u00f9, quindi, i casi riscontrati oggi nell\u2019Asl Centro, 0 nella Nord Ovest, 2 nella Sud est.<\/p>\n<p><strong>La Toscana si conferma al 10\u00b0 posto in Italia come numerosit\u00e0 di casi<\/strong> (comprensivi di residenti e non residenti), con circa 275 casi per 100.000 abitanti (media italiana circa 399 x100.000, dato di ieri). Le province di notifica con il tasso pi\u00f9 alto sono Massa Carrara con 539 casi x100.000 abitanti, Lucca con 348, Firenze con 316, la pi\u00f9 bassa Livorno con 142.<\/p>\n<p>Complessivamente, <strong>305 persone sono in isolamento a casa<\/strong>, poich\u00e9 presentano sintomi lievi che non richiedono cure ospedaliere o risultano prive di sintomi (meno 1 rispetto a ieri, meno 0,3%). Sono <strong>1.874<\/strong> (meno 151 rispetto a ieri, meno 7,5%) le persone, anche loro isolate, <strong>in sorveglianza attiva<\/strong>,<strong>&nbsp;<\/strong>perch\u00e9 hanno avuto contatti con persone contagiate (Asl Centro 513, Nord Ovest 1.313, Sud Est 48).<\/p>\n<p><strong>Le persone ricoverate nei posti letto dedicati ai pazienti Covid oggi sono complessivamente 18<\/strong>, 5 in meno di ieri (meno 21,7%), di cui 5 in terapia intensiva (1 in meno rispetto a ieri, meno 16,7%). \u00c8 il punto pi\u00f9 basso dal 5 marzo 2020 per le terapie intensive. \u00c8 <strong>il punto pi\u00f9 basso raggiunto dal 4 marzo 2020 per i ricoveri totali.<\/strong><\/p>\n<p><strong>Le persone complessivamente guarite salgono a 8.825<\/strong> (pi\u00f9 8 rispetto a ieri, pi\u00f9 0,1%): 261 persone \u201cclinicamente guarite\u201d (meno 5 rispetto a ieri, meno 1,9%), divenute cio\u00e8 asintomatiche dopo aver presentato manifestazioni cliniche associate all\u2019infezione e 8.564 (pi\u00f9 13 rispetto a ieri, pi\u00f9 0,2%) dichiarate guarite a tutti gli effetti, le cosiddette guarigioni virali, con doppio tampone negativo.<\/p>\n<p>Si registrano 2 nuovi decessi: 1 uomo e 1 donna, con un\u2019et\u00e0 media di 73 anni. Relativamente alla provincia di notifica, le persone decedute sono entrambe a Massa Carrara. Sono <strong>1.106 i deceduti dall\u2019inizio dell\u2019epidemia<\/strong> cosi ripartiti: 405 a Firenze, 51 a Prato, 81 a Pistoia, 166 a Massa Carrara, 141 a Lucca, 89 a Pisa, 61 a Livorno, 47 ad Arezzo, 33 a Siena, 24 a Grosseto, 8 persone sono decewww.ars.toscana.it\/covid19dute sul suolo toscano ma erano residenti fuori regione.<\/p>\n<p>Il tasso grezzo di mortalit\u00e0 toscano (numero di deceduti\/popolazione residente) per Covid-19 \u00e8 di 29,7 x100.000 residenti contro il 57,6 x100.000 della media italiana (11\u00b0 regione). Per quanto riguarda le province, il tasso di mortalit\u00e0 pi\u00f9 alto si riscontra a Massa Carrara (85,2 x100.000), Firenze (40,0 x100.000) e Lucca (36,4 x100.000), il pi\u00f9 basso a Grosseto (10,8 x100.000).<\/p>\n","protected":false},"excerpt":{"rendered":"<p>Dall&#8217;inizio dell&#8217;epidemia, 10.254 casi, 1.106 decessi, 8.825 guariti, 341.165 tamponi eseguiti<\/p>\n","protected":false},"author":525,"featured_media":145681,"comment_status":"open","ping_status":"open","sticky":false,"template":"","format":"standard","meta":{"_acf_changed":false,"footnotes":""},"categories":[18],"tags":[],"class_list":["post-145185","post","type-post","status-publish","format-standard","has-post-thumbnail","hentry","category-salute"],"acf":[],"yoast_head":"<!-- This site is optimized with the Yoast SEO Premium plugin v24.2 (Yoast SEO v25.6) - https:\/\/yoast.com\/wordpress\/plugins\/seo\/ -->\n<title>Coronavirus in Toscana: 4 nuovi casi, 2 decessi, 8 guarigioni - intoscana<\/title>\n<meta name=\"robots\" content=\"index, follow, max-snippet:-1, max-image-preview:large, max-video-preview:-1\" \/>\n<link rel=\"canonical\" href=\"https:\/\/www.intoscana.it\/it\/coronavirus-dati-del-1-luglio-2020\/\" \/>\n<meta property=\"og:locale\" content=\"it_IT\" \/>\n<meta property=\"og:type\" content=\"article\" \/>\n<meta property=\"og:title\" content=\"Coronavirus in Toscana: 4 nuovi casi, 2 decessi, 8 guarigioni\" \/>\n<meta property=\"og:description\" content=\"Dall&#039;inizio dell&#039;epidemia, 10.254 casi, 1.106 decessi, 8.825 guariti, 341.165 tamponi eseguiti\" \/>\n<meta property=\"og:url\" content=\"https:\/\/www.intoscana.it\/it\/coronavirus-dati-del-1-luglio-2020\/\" \/>\n<meta property=\"og:site_name\" content=\"intoscana\" \/>\n<meta property=\"article:publisher\" content=\"https:\/\/www.facebook.com\/intoscana.it\" \/>\n<meta property=\"article:published_time\" content=\"2020-07-01T11:24:28+00:00\" \/>\n<meta property=\"article:modified_time\" content=\"2020-08-10T07:31:44+00:00\" \/>\n<meta property=\"og:image\" content=\"https:\/\/www.intoscana.it\/wp-content\/uploads\/mare_mascherina.jpeg\" \/>\n\t<meta property=\"og:image:width\" content=\"2000\" \/>\n\t<meta property=\"og:image:height\" content=\"1142\" \/>\n\t<meta property=\"og:image:type\" content=\"image\/jpeg\" \/>\n<meta name=\"author\" content=\"Redazione\" \/>\n<meta name=\"twitter:card\" content=\"summary_large_image\" \/>\n<meta name=\"twitter:creator\" content=\"@intoscana\" \/>\n<meta name=\"twitter:site\" content=\"@intoscana\" \/>\n<meta name=\"twitter:label1\" content=\"Written by\" \/>\n\t<meta name=\"twitter:data1\" content=\"Redazione\" \/>\n\t<meta name=\"twitter:label2\" content=\"Est. reading time\" \/>\n\t<meta name=\"twitter:data2\" content=\"3 minuti\" \/>\n<script type=\"application\/ld+json\" class=\"yoast-schema-graph\">{\"@context\":\"https:\/\/schema.org\",\"@graph\":[{\"@type\":\"WebPage\",\"@id\":\"https:\/\/www.intoscana.it\/it\/coronavirus-dati-del-1-luglio-2020\/\",\"url\":\"https:\/\/www.intoscana.it\/it\/coronavirus-dati-del-1-luglio-2020\/\",\"name\":\"Coronavirus in Toscana: 4 nuovi casi, 2 decessi, 8 guarigioni - intoscana\",\"isPartOf\":{\"@id\":\"https:\/\/www.intoscana.it\/it\/#website\"},\"primaryImageOfPage\":{\"@id\":\"https:\/\/www.intoscana.it\/it\/coronavirus-dati-del-1-luglio-2020\/#primaryimage\"},\"image\":{\"@id\":\"https:\/\/www.intoscana.it\/it\/coronavirus-dati-del-1-luglio-2020\/#primaryimage\"},\"thumbnailUrl\":\"https:\/\/www.intoscana.it\/wp-content\/uploads\/mare_mascherina.jpeg\",\"datePublished\":\"2020-07-01T11:24:28+00:00\",\"dateModified\":\"2020-08-10T07:31:44+00:00\",\"author\":{\"@id\":\"https:\/\/www.intoscana.it\/it\/#\/schema\/person\/9223810753230f20bd670fdd322661f8\"},\"breadcrumb\":{\"@id\":\"https:\/\/www.intoscana.it\/it\/coronavirus-dati-del-1-luglio-2020\/#breadcrumb\"},\"inLanguage\":\"it-IT\",\"potentialAction\":[{\"@type\":\"ReadAction\",\"target\":[\"https:\/\/www.intoscana.it\/it\/coronavirus-dati-del-1-luglio-2020\/\"]}]},{\"@type\":\"ImageObject\",\"inLanguage\":\"it-IT\",\"@id\":\"https:\/\/www.intoscana.it\/it\/coronavirus-dati-del-1-luglio-2020\/#primaryimage\",\"url\":\"https:\/\/www.intoscana.it\/wp-content\/uploads\/mare_mascherina.jpeg\",\"contentUrl\":\"https:\/\/www.intoscana.it\/wp-content\/uploads\/mare_mascherina.jpeg\",\"width\":2000,\"height\":1142,\"caption\":\"Coronavirus: 4 nuovi casi, 2 decessi, 8 guarigioni\"},{\"@type\":\"BreadcrumbList\",\"@id\":\"https:\/\/www.intoscana.it\/it\/coronavirus-dati-del-1-luglio-2020\/#breadcrumb\",\"itemListElement\":[{\"@type\":\"ListItem\",\"position\":1,\"name\":\"Home\",\"item\":\"https:\/\/www.intoscana.it\/it\/\"},{\"@type\":\"ListItem\",\"position\":2,\"name\":\"Coronavirus in Toscana: 4 nuovi casi, 2 decessi, 8 guarigioni\"}]},{\"@type\":\"WebSite\",\"@id\":\"https:\/\/www.intoscana.it\/it\/#website\",\"url\":\"https:\/\/www.intoscana.it\/it\/\",\"name\":\"intoscana\",\"description\":\"\",\"potentialAction\":[{\"@type\":\"SearchAction\",\"target\":{\"@type\":\"EntryPoint\",\"urlTemplate\":\"https:\/\/www.intoscana.it\/it\/?s={search_term_string}\"},\"query-input\":{\"@type\":\"PropertyValueSpecification\",\"valueRequired\":true,\"valueName\":\"search_term_string\"}}],\"inLanguage\":\"it-IT\"},{\"@type\":\"Person\",\"@id\":\"https:\/\/www.intoscana.it\/it\/#\/schema\/person\/9223810753230f20bd670fdd322661f8\",\"name\":\"Redazione\",\"url\":\"https:\/\/www.intoscana.it\/it\/author\/redazione\/\"}]}<\/script>\n<!-- \/ Yoast SEO Premium plugin. -->","yoast_head_json":{"title":"Coronavirus in Toscana: 4 nuovi casi, 2 decessi, 8 guarigioni - intoscana","robots":{"index":"index","follow":"follow","max-snippet":"max-snippet:-1","max-image-preview":"max-image-preview:large","max-video-preview":"max-video-preview:-1"},"canonical":"https:\/\/www.intoscana.it\/it\/coronavirus-dati-del-1-luglio-2020\/","og_locale":"it_IT","og_type":"article","og_title":"Coronavirus in Toscana: 4 nuovi casi, 2 decessi, 8 guarigioni","og_description":"Dall'inizio dell'epidemia, 10.254 casi, 1.106 decessi, 8.825 guariti, 341.165 tamponi eseguiti","og_url":"https:\/\/www.intoscana.it\/it\/coronavirus-dati-del-1-luglio-2020\/","og_site_name":"intoscana","article_publisher":"https:\/\/www.facebook.com\/intoscana.it","article_published_time":"2020-07-01T11:24:28+00:00","article_modified_time":"2020-08-10T07:31:44+00:00","og_image":[{"width":2000,"height":1142,"url":"https:\/\/www.intoscana.it\/wp-content\/uploads\/mare_mascherina.jpeg","type":"image\/jpeg"}],"author":"Redazione","twitter_card":"summary_large_image","twitter_creator":"@intoscana","twitter_site":"@intoscana","twitter_misc":{"Written by":"Redazione","Est. reading time":"3 minuti"},"schema":{"@context":"https:\/\/schema.org","@graph":[{"@type":"WebPage","@id":"https:\/\/www.intoscana.it\/it\/coronavirus-dati-del-1-luglio-2020\/","url":"https:\/\/www.intoscana.it\/it\/coronavirus-dati-del-1-luglio-2020\/","name":"Coronavirus in Toscana: 4 nuovi casi, 2 decessi, 8 guarigioni - intoscana","isPartOf":{"@id":"https:\/\/www.intoscana.it\/it\/#website"},"primaryImageOfPage":{"@id":"https:\/\/www.intoscana.it\/it\/coronavirus-dati-del-1-luglio-2020\/#primaryimage"},"image":{"@id":"https:\/\/www.intoscana.it\/it\/coronavirus-dati-del-1-luglio-2020\/#primaryimage"},"thumbnailUrl":"https:\/\/www.intoscana.it\/wp-content\/uploads\/mare_mascherina.jpeg","datePublished":"2020-07-01T11:24:28+00:00","dateModified":"2020-08-10T07:31:44+00:00","author":{"@id":"https:\/\/www.intoscana.it\/it\/#\/schema\/person\/9223810753230f20bd670fdd322661f8"},"breadcrumb":{"@id":"https:\/\/www.intoscana.it\/it\/coronavirus-dati-del-1-luglio-2020\/#breadcrumb"},"inLanguage":"it-IT","potentialAction":[{"@type":"ReadAction","target":["https:\/\/www.intoscana.it\/it\/coronavirus-dati-del-1-luglio-2020\/"]}]},{"@type":"ImageObject","inLanguage":"it-IT","@id":"https:\/\/www.intoscana.it\/it\/coronavirus-dati-del-1-luglio-2020\/#primaryimage","url":"https:\/\/www.intoscana.it\/wp-content\/uploads\/mare_mascherina.jpeg","contentUrl":"https:\/\/www.intoscana.it\/wp-content\/uploads\/mare_mascherina.jpeg","width":2000,"height":1142,"caption":"Coronavirus: 4 nuovi casi, 2 decessi, 8 guarigioni"},{"@type":"BreadcrumbList","@id":"https:\/\/www.intoscana.it\/it\/coronavirus-dati-del-1-luglio-2020\/#breadcrumb","itemListElement":[{"@type":"ListItem","position":1,"name":"Home","item":"https:\/\/www.intoscana.it\/it\/"},{"@type":"ListItem","position":2,"name":"Coronavirus in Toscana: 4 nuovi casi, 2 decessi, 8 guarigioni"}]},{"@type":"WebSite","@id":"https:\/\/www.intoscana.it\/it\/#website","url":"https:\/\/www.intoscana.it\/it\/","name":"intoscana","description":"","potentialAction":[{"@type":"SearchAction","target":{"@type":"EntryPoint","urlTemplate":"https:\/\/www.intoscana.it\/it\/?s={search_term_string}"},"query-input":{"@type":"PropertyValueSpecification","valueRequired":true,"valueName":"search_term_string"}}],"inLanguage":"it-IT"},{"@type":"Person","@id":"https:\/\/www.intoscana.it\/it\/#\/schema\/person\/9223810753230f20bd670fdd322661f8","name":"Redazione","url":"https:\/\/www.intoscana.it\/it\/author\/redazione\/"}]}},"_links":{"self":[{"href":"https:\/\/www.intoscana.it\/it\/wp-json\/wp\/v2\/posts\/145185","targetHints":{"allow":["GET"]}}],"collection":[{"href":"https:\/\/www.intoscana.it\/it\/wp-json\/wp\/v2\/posts"}],"about":[{"href":"https:\/\/www.intoscana.it\/it\/wp-json\/wp\/v2\/types\/post"}],"author":[{"embeddable":true,"href":"https:\/\/www.intoscana.it\/it\/wp-json\/wp\/v2\/users\/525"}],"replies":[{"embeddable":true,"href":"https:\/\/www.intoscana.it\/it\/wp-json\/wp\/v2\/comments?post=145185"}],"version-history":[{"count":0,"href":"https:\/\/www.intoscana.it\/it\/wp-json\/wp\/v2\/posts\/145185\/revisions"}],"wp:featuredmedia":[{"embeddable":true,"href":"https:\/\/www.intoscana.it\/it\/wp-json\/wp\/v2\/media\/145681"}],"wp:attachment":[{"href":"https:\/\/www.intoscana.it\/it\/wp-json\/wp\/v2\/media?parent=145185"}],"wp:term":[{"taxonomy":"category","embeddable":true,"href":"https:\/\/www.intoscana.it\/it\/wp-json\/wp\/v2\/categories?post=145185"},{"taxonomy":"post_tag","embeddable":true,"href":"https:\/\/www.intoscana.it\/it\/wp-json\/wp\/v2\/tags?post=145185"}],"curies":[{"name":"wp","href":"https:\/\/api.w.org\/{rel}","templated":true}]}}