{"id":145186,"date":"2020-07-04T14:52:26","date_gmt":"2020-07-04T12:52:26","guid":{"rendered":"https:\/\/www.intoscana.it\/coronavirus-in-toscana-9-nuovi-casi-2-decessi-e-6-guariti\/"},"modified":"2020-08-10T09:31:45","modified_gmt":"2020-08-10T07:31:45","slug":"coronavirus-4-luglio","status":"publish","type":"post","link":"https:\/\/www.intoscana.it\/it\/coronavirus-4-luglio\/","title":{"rendered":"Coronavirus in Toscana: 9 nuovi casi, 2 decessi e 6 guariti"},"content":{"rendered":"<div class=\"row\">\n<div id=\"column-1\" class=\"col-md-12 portlet-column portlet-column-only\">\n<section class=\"rt-subheader rt-subheader--news\">\n<div class=\"rt-subheader__wrapper\">\n<div class=\"rt-subheader__title-wrapper\"><strong>In Toscana sono 10.276 i casi di positivit\u00e0 al Coronavirus, 9 in pi\u00f9 rispetto a ieri.<\/strong> I nuovi casi sono lo 0,1% in pi\u00f9 rispetto al totale del giorno precedente. <strong>I guariti crescono dello 0,1% e raggiungono quota 8.838<\/strong> (l\u201986% dei casi totali). I test eseguiti hanno raggiunto quota 349.745, 2.618 in pi\u00f9 rispetto a ieri. Gli attualmente positivi sono oggi 324, +0,3% rispetto a ieri. <strong>Si registrano 2 nuovi decessi: 1 uomo e 1 donna, con un\u2019et\u00e0 media di 78 anni.<\/strong><\/div>\n<\/div>\n<\/section>\n<\/div>\n<\/div>\n<div class=\"row has-sidebar\">\n<div id=\"column-2\" class=\"col-md-12 col-lg-9 portlet-column portlet-column-first\">\n<div class=\"rt-page__content rt-page-content--left\">\n<div class=\"rt-page__content-text\">\n<p>Questi i dati &#8211; accertati alle ore 12 di oggi sulla base delle richieste della Protezione Civile Nazionale &#8211; relativi all\u2019andamento dell\u2019epidemia in Toscana.<br \/>Si ricorda che a partire dal 24 giugno il ministero della Salute ha modificato il sistema di rilevazione dei dati sulla diffusione del Covid-19. I casi positivi non sono pi\u00f9 indicati secondo la provincia di notifica bens\u00ec in base alla provincia di residenza o domicilio.<\/p>\n<p><strong>Di seguito i casi di positivit\u00e0 sul territorio con la variazione rispetto a ieri.<\/strong><br \/>Sono 3.200 i casi complessivi ad oggi a Firenze (1 in pi\u00f9 rispetto a ieri), 534 a Prato, 748 a Pistoia, 1.052 a Massa (1 in pi\u00f9), 1.351 a Lucca, 932 a Pisa, 479 a Livorno (1 in pi\u00f9), 680 ad Arezzo (3 in pi\u00f9), 429 a Siena, 400 a Grosseto (3 in pi\u00f9). Uno in pi\u00f9 quindi i casi riscontrati oggi nell\u2019Asl Centro, 2 nella Nord Ovest, 6 nella Sud est.<br \/>Sono 471 i casi positivi notificati in Toscana, ma residenti in altre regioni.<\/p>\n<p><strong>La Toscana si conferma al 10\u00b0 posto in Italia come numerosit\u00e0 di casi<\/strong> (comprensivi di residenti e non residenti), con circa 276 casi per 100.000 abitanti (media italiana circa 400 per 100.000, dato di ieri).<br \/>Le province di notifica con il tasso pi\u00f9 alto sono Massa Carrara con 540 casi per 100 mila abitanti, Lucca con 348, Firenze con 316, la pi\u00f9 bassa Livorno con 143.&nbsp;<\/p>\n<p><strong>Complessivamente, 311 persone sono in isolamento a casa,<\/strong> poich\u00e9 presentano sintomi lievi che non richiedono cure ospedaliere, o risultano prive di sintomi &nbsp;(pi\u00f9 4 rispetto a ieri, pi\u00f9 1,3%).&nbsp;<br \/>Sono 1.233 (meno 276 rispetto a ieri, meno 18,3%) le persone, anch\u2019esse isolate, in sorveglianza attiva perch\u00e9 hanno avuto contatti con persone contagiate (Asl Centro 435, Nord Ovest 736, Sud Est 62).&nbsp;<br \/>Le persone ricoverate nei posti letto dedicati ai pazienti Covid oggi sono complessivamente 13, 3 in meno di ieri (meno 18,8%), di cui 2 in terapia intensiva (1 in meno rispetto a ieri, meno 33,3%). \u00c8 il punto pi\u00f9 basso dal 3 marzo 2020 per le terapie intensive e i ricoveri totali.<\/p>\n<p><strong>Le persone complessivamente guarite salgono a 8.838 (pi\u00f9 6 rispetto a ieri, pi\u00f9 0,1%):<\/strong> 224 persone \u201cclinicamente guarite\u201d (meno 4 rispetto a ieri, meno 1,8%), divenute cio\u00e8 asintomatiche dopo aver presentato manifestazioni cliniche associate all\u2019infezione e 8.614 (pi\u00f9 10 rispetto a ieri, pi\u00f9 0,1%) dichiarate guarite a tutti gli effetti, le cosiddette guarigioni virali, con doppio tampone negativo.<br \/><strong>I 2 nuovi decessi registrati sono un uomo e una donna, con un\u2019et\u00e0 media di 78 anni<\/strong>.&nbsp;<br \/>Relativamente alla provincia di notifica, le persone decedute sono una a Massa Carrara e una ad Arezzo.&nbsp;<br \/>Sono 1.114 i deceduti dall\u2019inizio dell\u2019epidemia cosi ripartiti: 407 a Firenze, 52 a Prato, 81 a Pistoia, 170 a Massa Carrara, 141 a Lucca, 89 a Pisa, 61 a Livorno, 48 ad Arezzo, 33 a Siena, 24 a Grosseto; 8 persone sono decedute sul suolo toscano ma erano residenti fuori regione.<br \/>Il tasso grezzo di mortalit\u00e0 toscano (numero di deceduti\/popolazione residente) per Covid-19 \u00e8 di 29,9 per 100 mila residenti contro il 57,7 per 100 mila della media italiana (11\u00b0 regione). Per quanto riguarda le province, il tasso di mortalit\u00e0 pi\u00f9 alto si riscontra a Massa Carrara (87,2 per 100 mila), Firenze (40,2) e Lucca (36,4); il pi\u00f9 basso a Grosseto (10,8).<\/p>\n<\/div>\n<\/div>\n<\/div>\n<\/div>\n","protected":false},"excerpt":{"rendered":"<p>Le persone complessivamente guarite salgono a 8.838, mentre&nbsp;311 persone sono in isolamento a casa, poich\u00e9 presentano hanno sintomi lievi che non richiedono cure ospedaliere, o risultano prive di sintomi<\/p>\n","protected":false},"author":525,"featured_media":145682,"comment_status":"open","ping_status":"open","sticky":false,"template":"","format":"standard","meta":{"_acf_changed":false,"footnotes":""},"categories":[18],"tags":[],"class_list":["post-145186","post","type-post","status-publish","format-standard","has-post-thumbnail","hentry","category-salute"],"acf":[],"yoast_head":"<!-- This site is optimized with the Yoast SEO Premium plugin v24.2 (Yoast SEO v25.6) - https:\/\/yoast.com\/wordpress\/plugins\/seo\/ -->\n<title>Coronavirus in Toscana: 9 nuovi casi, 2 decessi e 6 guariti - intoscana<\/title>\n<meta name=\"robots\" content=\"index, follow, max-snippet:-1, max-image-preview:large, max-video-preview:-1\" \/>\n<link rel=\"canonical\" href=\"https:\/\/www.intoscana.it\/it\/coronavirus-4-luglio\/\" \/>\n<meta property=\"og:locale\" content=\"it_IT\" \/>\n<meta property=\"og:type\" content=\"article\" \/>\n<meta property=\"og:title\" content=\"Coronavirus in Toscana: 9 nuovi casi, 2 decessi e 6 guariti\" \/>\n<meta property=\"og:description\" content=\"Le persone complessivamente guarite salgono a 8.838, mentre&nbsp;311 persone sono in isolamento a casa, poich\u00e9 presentano hanno sintomi lievi che non richiedono cure ospedaliere, o risultano prive di sintomi\" \/>\n<meta property=\"og:url\" content=\"https:\/\/www.intoscana.it\/it\/coronavirus-4-luglio\/\" \/>\n<meta property=\"og:site_name\" content=\"intoscana\" \/>\n<meta property=\"article:publisher\" content=\"https:\/\/www.facebook.com\/intoscana.it\" \/>\n<meta property=\"article:published_time\" content=\"2020-07-04T12:52:26+00:00\" \/>\n<meta property=\"article:modified_time\" content=\"2020-08-10T07:31:45+00:00\" \/>\n<meta property=\"og:image\" content=\"https:\/\/www.intoscana.it\/wp-content\/uploads\/shutterstock_1622495458-4.jpg\" \/>\n\t<meta property=\"og:image:width\" content=\"2000\" \/>\n\t<meta property=\"og:image:height\" content=\"1333\" \/>\n\t<meta property=\"og:image:type\" content=\"image\/jpeg\" \/>\n<meta name=\"author\" content=\"Redazione\" \/>\n<meta name=\"twitter:card\" content=\"summary_large_image\" \/>\n<meta name=\"twitter:creator\" content=\"@intoscana\" \/>\n<meta name=\"twitter:site\" content=\"@intoscana\" \/>\n<meta name=\"twitter:label1\" content=\"Written by\" \/>\n\t<meta name=\"twitter:data1\" content=\"Redazione\" \/>\n\t<meta name=\"twitter:label2\" content=\"Est. reading time\" \/>\n\t<meta name=\"twitter:data2\" content=\"3 minuti\" \/>\n<script type=\"application\/ld+json\" class=\"yoast-schema-graph\">{\"@context\":\"https:\/\/schema.org\",\"@graph\":[{\"@type\":\"WebPage\",\"@id\":\"https:\/\/www.intoscana.it\/it\/coronavirus-4-luglio\/\",\"url\":\"https:\/\/www.intoscana.it\/it\/coronavirus-4-luglio\/\",\"name\":\"Coronavirus in Toscana: 9 nuovi casi, 2 decessi e 6 guariti - intoscana\",\"isPartOf\":{\"@id\":\"https:\/\/www.intoscana.it\/it\/#website\"},\"primaryImageOfPage\":{\"@id\":\"https:\/\/www.intoscana.it\/it\/coronavirus-4-luglio\/#primaryimage\"},\"image\":{\"@id\":\"https:\/\/www.intoscana.it\/it\/coronavirus-4-luglio\/#primaryimage\"},\"thumbnailUrl\":\"https:\/\/www.intoscana.it\/wp-content\/uploads\/shutterstock_1622495458-4.jpg\",\"datePublished\":\"2020-07-04T12:52:26+00:00\",\"dateModified\":\"2020-08-10T07:31:45+00:00\",\"author\":{\"@id\":\"https:\/\/www.intoscana.it\/it\/#\/schema\/person\/9223810753230f20bd670fdd322661f8\"},\"breadcrumb\":{\"@id\":\"https:\/\/www.intoscana.it\/it\/coronavirus-4-luglio\/#breadcrumb\"},\"inLanguage\":\"it-IT\",\"potentialAction\":[{\"@type\":\"ReadAction\",\"target\":[\"https:\/\/www.intoscana.it\/it\/coronavirus-4-luglio\/\"]}]},{\"@type\":\"ImageObject\",\"inLanguage\":\"it-IT\",\"@id\":\"https:\/\/www.intoscana.it\/it\/coronavirus-4-luglio\/#primaryimage\",\"url\":\"https:\/\/www.intoscana.it\/wp-content\/uploads\/shutterstock_1622495458-4.jpg\",\"contentUrl\":\"https:\/\/www.intoscana.it\/wp-content\/uploads\/shutterstock_1622495458-4.jpg\",\"width\":2000,\"height\":1333},{\"@type\":\"BreadcrumbList\",\"@id\":\"https:\/\/www.intoscana.it\/it\/coronavirus-4-luglio\/#breadcrumb\",\"itemListElement\":[{\"@type\":\"ListItem\",\"position\":1,\"name\":\"Home\",\"item\":\"https:\/\/www.intoscana.it\/it\/\"},{\"@type\":\"ListItem\",\"position\":2,\"name\":\"Coronavirus in Toscana: 9 nuovi casi, 2 decessi e 6 guariti\"}]},{\"@type\":\"WebSite\",\"@id\":\"https:\/\/www.intoscana.it\/it\/#website\",\"url\":\"https:\/\/www.intoscana.it\/it\/\",\"name\":\"intoscana\",\"description\":\"\",\"potentialAction\":[{\"@type\":\"SearchAction\",\"target\":{\"@type\":\"EntryPoint\",\"urlTemplate\":\"https:\/\/www.intoscana.it\/it\/?s={search_term_string}\"},\"query-input\":{\"@type\":\"PropertyValueSpecification\",\"valueRequired\":true,\"valueName\":\"search_term_string\"}}],\"inLanguage\":\"it-IT\"},{\"@type\":\"Person\",\"@id\":\"https:\/\/www.intoscana.it\/it\/#\/schema\/person\/9223810753230f20bd670fdd322661f8\",\"name\":\"Redazione\",\"url\":\"https:\/\/www.intoscana.it\/it\/author\/redazione\/\"}]}<\/script>\n<!-- \/ Yoast SEO Premium plugin. -->","yoast_head_json":{"title":"Coronavirus in Toscana: 9 nuovi casi, 2 decessi e 6 guariti - intoscana","robots":{"index":"index","follow":"follow","max-snippet":"max-snippet:-1","max-image-preview":"max-image-preview:large","max-video-preview":"max-video-preview:-1"},"canonical":"https:\/\/www.intoscana.it\/it\/coronavirus-4-luglio\/","og_locale":"it_IT","og_type":"article","og_title":"Coronavirus in Toscana: 9 nuovi casi, 2 decessi e 6 guariti","og_description":"Le persone complessivamente guarite salgono a 8.838, mentre&nbsp;311 persone sono in isolamento a casa, poich\u00e9 presentano hanno sintomi lievi che non richiedono cure ospedaliere, o risultano prive di sintomi","og_url":"https:\/\/www.intoscana.it\/it\/coronavirus-4-luglio\/","og_site_name":"intoscana","article_publisher":"https:\/\/www.facebook.com\/intoscana.it","article_published_time":"2020-07-04T12:52:26+00:00","article_modified_time":"2020-08-10T07:31:45+00:00","og_image":[{"width":2000,"height":1333,"url":"https:\/\/www.intoscana.it\/wp-content\/uploads\/shutterstock_1622495458-4.jpg","type":"image\/jpeg"}],"author":"Redazione","twitter_card":"summary_large_image","twitter_creator":"@intoscana","twitter_site":"@intoscana","twitter_misc":{"Written by":"Redazione","Est. reading time":"3 minuti"},"schema":{"@context":"https:\/\/schema.org","@graph":[{"@type":"WebPage","@id":"https:\/\/www.intoscana.it\/it\/coronavirus-4-luglio\/","url":"https:\/\/www.intoscana.it\/it\/coronavirus-4-luglio\/","name":"Coronavirus in Toscana: 9 nuovi casi, 2 decessi e 6 guariti - intoscana","isPartOf":{"@id":"https:\/\/www.intoscana.it\/it\/#website"},"primaryImageOfPage":{"@id":"https:\/\/www.intoscana.it\/it\/coronavirus-4-luglio\/#primaryimage"},"image":{"@id":"https:\/\/www.intoscana.it\/it\/coronavirus-4-luglio\/#primaryimage"},"thumbnailUrl":"https:\/\/www.intoscana.it\/wp-content\/uploads\/shutterstock_1622495458-4.jpg","datePublished":"2020-07-04T12:52:26+00:00","dateModified":"2020-08-10T07:31:45+00:00","author":{"@id":"https:\/\/www.intoscana.it\/it\/#\/schema\/person\/9223810753230f20bd670fdd322661f8"},"breadcrumb":{"@id":"https:\/\/www.intoscana.it\/it\/coronavirus-4-luglio\/#breadcrumb"},"inLanguage":"it-IT","potentialAction":[{"@type":"ReadAction","target":["https:\/\/www.intoscana.it\/it\/coronavirus-4-luglio\/"]}]},{"@type":"ImageObject","inLanguage":"it-IT","@id":"https:\/\/www.intoscana.it\/it\/coronavirus-4-luglio\/#primaryimage","url":"https:\/\/www.intoscana.it\/wp-content\/uploads\/shutterstock_1622495458-4.jpg","contentUrl":"https:\/\/www.intoscana.it\/wp-content\/uploads\/shutterstock_1622495458-4.jpg","width":2000,"height":1333},{"@type":"BreadcrumbList","@id":"https:\/\/www.intoscana.it\/it\/coronavirus-4-luglio\/#breadcrumb","itemListElement":[{"@type":"ListItem","position":1,"name":"Home","item":"https:\/\/www.intoscana.it\/it\/"},{"@type":"ListItem","position":2,"name":"Coronavirus in Toscana: 9 nuovi casi, 2 decessi e 6 guariti"}]},{"@type":"WebSite","@id":"https:\/\/www.intoscana.it\/it\/#website","url":"https:\/\/www.intoscana.it\/it\/","name":"intoscana","description":"","potentialAction":[{"@type":"SearchAction","target":{"@type":"EntryPoint","urlTemplate":"https:\/\/www.intoscana.it\/it\/?s={search_term_string}"},"query-input":{"@type":"PropertyValueSpecification","valueRequired":true,"valueName":"search_term_string"}}],"inLanguage":"it-IT"},{"@type":"Person","@id":"https:\/\/www.intoscana.it\/it\/#\/schema\/person\/9223810753230f20bd670fdd322661f8","name":"Redazione","url":"https:\/\/www.intoscana.it\/it\/author\/redazione\/"}]}},"_links":{"self":[{"href":"https:\/\/www.intoscana.it\/it\/wp-json\/wp\/v2\/posts\/145186","targetHints":{"allow":["GET"]}}],"collection":[{"href":"https:\/\/www.intoscana.it\/it\/wp-json\/wp\/v2\/posts"}],"about":[{"href":"https:\/\/www.intoscana.it\/it\/wp-json\/wp\/v2\/types\/post"}],"author":[{"embeddable":true,"href":"https:\/\/www.intoscana.it\/it\/wp-json\/wp\/v2\/users\/525"}],"replies":[{"embeddable":true,"href":"https:\/\/www.intoscana.it\/it\/wp-json\/wp\/v2\/comments?post=145186"}],"version-history":[{"count":0,"href":"https:\/\/www.intoscana.it\/it\/wp-json\/wp\/v2\/posts\/145186\/revisions"}],"wp:featuredmedia":[{"embeddable":true,"href":"https:\/\/www.intoscana.it\/it\/wp-json\/wp\/v2\/media\/145682"}],"wp:attachment":[{"href":"https:\/\/www.intoscana.it\/it\/wp-json\/wp\/v2\/media?parent=145186"}],"wp:term":[{"taxonomy":"category","embeddable":true,"href":"https:\/\/www.intoscana.it\/it\/wp-json\/wp\/v2\/categories?post=145186"},{"taxonomy":"post_tag","embeddable":true,"href":"https:\/\/www.intoscana.it\/it\/wp-json\/wp\/v2\/tags?post=145186"}],"curies":[{"name":"wp","href":"https:\/\/api.w.org\/{rel}","templated":true}]}}